{"id":73054,"date":"2025-06-24T18:44:29","date_gmt":"2025-06-24T21:44:29","guid":{"rendered":"https:\/\/noticiasribeiraopreto.com.br\/index.php\/2025\/06\/24\/mulher-que-abandonou-marreco-com-gripe-aviaria-na-unesp-e-localizada\/"},"modified":"2025-06-24T18:44:29","modified_gmt":"2025-06-24T21:44:29","slug":"mulher-que-abandonou-marreco-com-gripe-aviaria-na-unesp-e-localizada","status":"publish","type":"post","link":"https:\/\/noticiasribeiraopreto.com.br\/index.php\/2025\/06\/24\/mulher-que-abandonou-marreco-com-gripe-aviaria-na-unesp-e-localizada\/","title":{"rendered":"Mulher que abandonou marreco com gripe avi\u00e1ria na Unesp \u00e9 localizada"},"content":{"rendered":"<p> <br \/>\n<\/p>\n<div>\n<p>A <strong>Prefeitura de Jaboticabal<\/strong>, cidade na <strong>regi\u00e3o de Ribeir\u00e3o Preto<\/strong>, informou nesta ter\u00e7a-feira (24), que localizou a mulher que abandonou o marreco diagnosticado com <strong>gripe avi\u00e1ria<\/strong>, no campus da <strong>Unesp (Universidade Estadual Paulista \u201cJ\u00falio de Mesquita Filho\u201d)<\/strong> do munic\u00edpio.<\/p>\n<p>De acordo com a <strong>Secretaria Municipal de Sa\u00fade<\/strong>, o animal foi abandonado no dia <strong>16 de junho<\/strong> nas depend\u00eancias da Faculdade de Ci\u00eancias Agr\u00e1rias e Veterin\u00e1rias. <mark style=\"background-color:#fcb900\" class=\"has-inline-color\">O Marreco foi atendido por m\u00e9dicos veterin\u00e1rios da institui\u00e7\u00e3o, contudo, n\u00e3o sobreviveu.<\/mark><\/p>\n<p>Em nota encaminhada \u00e0 <strong>EPTV<\/strong>, a Administra\u00e7\u00e3o disse que as autoridades de sa\u00fade <strong>estiveram na resid\u00eancia da mulher<\/strong> e \u201cj\u00e1 iniciaram os protocolos sanit\u00e1rios, conforme orienta\u00e7\u00f5es do Minist\u00e9rio da Sa\u00fade\u201d.<\/p>\n<figure class=\"wp-block-pullquote\">\n<blockquote>\n<p>A Vigil\u00e2ncia segue monitorando a situa\u00e7\u00e3o e investigando se outras pessoas tiveram contato direto com o animal, para que todas as medidas preventivas sejam adotadas<\/p>\n<\/blockquote>\n<\/figure>\n<p>A equipe de sa\u00fade encaminhou as amostras ao <strong>Instituto Adolfo Lutz<\/strong>, que confirmou a presen\u00e7a do v\u00edrus <strong>H5N1<\/strong>. Ap\u00f3s o ocorrido, a <strong>Prefeitura <\/strong>da cidade montou um <strong>comit\u00ea de crise<\/strong> deu in\u00edcio \u00e0s a\u00e7\u00f5es de controle e monitoramento da doen\u00e7a, com objetivo de prevenir riscos \u00e0 popula\u00e7\u00e3o e \u00e0 fauna.<\/p>\n<h2 class=\"wp-block-heading\"><strong>O caso<\/strong><\/h2>\n<p><strong>C\u00e2meras de seguran\u00e7a<\/strong>\u00a0flagraram o momento em que a mulher chega ao hospital veterin\u00e1rio, conversa com alguns funcion\u00e1rios e na sequ\u00eancia sai do local.<\/p>\n<p>Segundo o diretor da <strong>Unesp<\/strong>, Humberto Tonhati, o marreco estava dentro de uma sacola pl\u00e1stica e ficou em uma rotat\u00f3ria pr\u00f3xima ao hospital logo ap\u00f3s o atendimento.<\/p>\n<p>Outra mulher resgatou o animal e levou novamente para a institui\u00e7\u00e3o.\u00a0<strong><mark style=\"background-color:#fcb900\" class=\"has-inline-color\">Ela est\u00e1 sendo monitorada e n\u00e3o corre risco.<\/mark><\/strong><\/p>\n<h3 class=\"wp-block-heading\"><strong>Gripe Avi\u00e1ria no Brasil<\/strong><\/h3>\n<p>Na \u00faltima quarta-feira (18), o\u00a0<strong>Brasil\u00a0<\/strong>se declarou\u00a0<strong>livre da gripe avi\u00e1ria<\/strong>, depois de ter ficado por 28 dias sem registrar novos casos em granjas, segundo o\u00a0<strong><a href=\"https:\/\/www.gov.br\/agricultura\/pt-br\">Minist\u00e9rio da Agricultura e Pecu\u00e1ria<\/a><\/strong>.<\/p>\n<p>O prazo passou a contar em 22 de maio, ap\u00f3s a desinfec\u00e7\u00e3o da granja de Montenegro-RS, local do primeiro e \u00fanico foco de gripe avi\u00e1ria em aves comerciais no Brasil. Vale lembrar que o Brasil nunca teve registro de caso da doen\u00e7a em humanos.<\/p>\n<hr class=\"wp-block-separator has-alpha-channel-opacity\"\/>\n<p>SAIBA MAIS<\/p>\n<p>Caso Larissa: Suspeita de envenenar nora em Ribeir\u00e3o tem d\u00edvida de R$ 320 mil, diz defesa<\/p>\n<h2 class=\"wp-block-heading\"><strong>FIQUE ON<\/strong><\/h2>\n<p>Quer ficar por dentro de tudo que acontece em Ribeir\u00e3o Preto e regi\u00e3o? Ent\u00e3o siga os perfis do\u202facidade on\u202fno\u202f<a href=\"https:\/\/www.instagram.com\/acidadeonribeirao\" target=\"_blank\" rel=\"noreferrer noopener\">Instagram<\/a>\u202fe no\u202f<a href=\"https:\/\/www.facebook.com\/acidadeonribeirao\/\" target=\"_blank\" rel=\"noreferrer noopener\">Facebook<\/a>.<\/p>\n<p>Al\u00e9m disso, voc\u00ea pode receber as principais not\u00edcias diretamente no WhatsApp. Para isso, basta\u00a0<a href=\"https:\/\/chat.whatsapp.com\/BjKQZ9oJwlz8VVT50NuePq\" target=\"_blank\" rel=\"noreferrer noopener\">entrar no grupo clicando aqui<\/a>.<\/p>\n<p>Por fim, se quiser fazer uma den\u00fancia ou sugerir uma reportagem sobre Ribeir\u00e3o Preto e regi\u00e3o, envie uma mensagem pelo WhatsApp: (16) 99117-7802.<\/p>\n<p>VEJA TAMB\u00c9M<\/p>\n<p>Por que Murilo Huff pediu a guarda do filho?<\/p>\n<p><!-- CONTENT END 1 -->\n<\/div>\n<p><script async src=\"\/\/www.instagram.com\/embed.js\"><\/script><br \/>\n<br \/><br \/>\n<br \/><a href=\"https:\/\/www.acidadeon.com\/ribeiraopreto\/cotidiano\/mulher-que-abandonou-marreco-com-gripe-aviaria-na-unesp-e-localizada\/\">Source link <\/a><\/p>\n","protected":false},"excerpt":{"rendered":"<p>A Prefeitura de Jaboticabal, cidade na regi\u00e3o de Ribeir\u00e3o Preto, informou nesta ter\u00e7a-feira (24), que localizou a mulher que abandonou o marreco diagnosticado com gripe&#8230;<\/p>\n","protected":false},"author":1,"featured_media":73000,"comment_status":"open","ping_status":"open","sticky":false,"template":"","format":"standard","meta":{"advanced_seo_description":"","jetpack_seo_html_title":"","jetpack_seo_noindex":false,"jetpack_post_was_ever_published":false,"_jetpack_newsletter_access":"","_jetpack_dont_email_post_to_subs":false,"_jetpack_newsletter_tier_id":0,"_jetpack_memberships_contains_paywalled_content":false,"_jetpack_memberships_contains_paid_content":false,"footnotes":"","jetpack_publicize_message":"","jetpack_publicize_feature_enabled":true,"jetpack_social_post_already_shared":true,"jetpack_social_options":{"image_generator_settings":{"template":"highway","default_image_id":0,"font":"","enabled":false},"version":2}},"categories":[11],"tags":[],"class_list":["post-73054","post","type-post","status-publish","format-standard","has-post-thumbnail","hentry","category-noticias-de-ribeirao-preto-sp-e-regiao-ismael-colosi"],"jetpack_publicize_connections":[],"jetpack_featured_media_url":"https:\/\/i0.wp.com\/noticiasribeiraopreto.com.br\/wp-content\/uploads\/2025\/06\/Copia-de-Copia-de-Copia-de-TAMANHO-EXATO-PARA-FOTOS-NO-SISTEMA-NOVO-2025-06-23T204646.225_2025-06-23_23-46-55.webp.webp?fit=1200%2C675&ssl=1","jetpack-related-posts":[{"id":72999,"url":"https:\/\/noticiasribeiraopreto.com.br\/index.php\/2025\/06\/23\/autoridades-tentam-encontrar-mulher-que-abandonou-marreco-com-gripe-aviaria-na-unesp\/","url_meta":{"origin":73054,"position":0},"title":"Autoridades tentam encontrar mulher que abandonou marreco com gripe avi\u00e1ria na Unesp","author":"noticiasribeiraopreto.com.br","date":"23 de June de 2025","format":false,"excerpt":"Ap\u00f3s a Prefeitura de Jaboticabal confirmar um caso de gripe avi\u00e1ria, autoridades do munic\u00edpio na regi\u00e3o de Ribeir\u00e3o tentam identificar a mulher que abandonou o marreco que morreu e estava com a doen\u00e7a no campus da Unesp. De acordo com a Secretaria Municipal de Sa\u00fade, o animal foi abandonado no\u2026","rel":"","context":"In &quot;Not\u00edcias de Ribeir\u00e3o Preto-SP e Regi\u00e3o&quot;","block_context":{"text":"Not\u00edcias de Ribeir\u00e3o Preto-SP e Regi\u00e3o","link":"https:\/\/noticiasribeiraopreto.com.br\/index.php\/category\/noticias-de-ribeirao-preto-sp-e-regiao-ismael-colosi\/"},"img":{"alt_text":"","src":"https:\/\/i0.wp.com\/noticiasribeiraopreto.com.br\/wp-content\/uploads\/2025\/06\/Copia-de-Copia-de-Copia-de-TAMANHO-EXATO-PARA-FOTOS-NO-SISTEMA-NOVO-2025-06-23T204646.225_2025-06-23_23-46-55.webp.webp?fit=1200%2C675&ssl=1&resize=350%2C200","width":350,"height":200,"srcset":"https:\/\/i0.wp.com\/noticiasribeiraopreto.com.br\/wp-content\/uploads\/2025\/06\/Copia-de-Copia-de-Copia-de-TAMANHO-EXATO-PARA-FOTOS-NO-SISTEMA-NOVO-2025-06-23T204646.225_2025-06-23_23-46-55.webp.webp?fit=1200%2C675&ssl=1&resize=350%2C200 1x, https:\/\/i0.wp.com\/noticiasribeiraopreto.com.br\/wp-content\/uploads\/2025\/06\/Copia-de-Copia-de-Copia-de-TAMANHO-EXATO-PARA-FOTOS-NO-SISTEMA-NOVO-2025-06-23T204646.225_2025-06-23_23-46-55.webp.webp?fit=1200%2C675&ssl=1&resize=525%2C300 1.5x, https:\/\/i0.wp.com\/noticiasribeiraopreto.com.br\/wp-content\/uploads\/2025\/06\/Copia-de-Copia-de-Copia-de-TAMANHO-EXATO-PARA-FOTOS-NO-SISTEMA-NOVO-2025-06-23T204646.225_2025-06-23_23-46-55.webp.webp?fit=1200%2C675&ssl=1&resize=700%2C400 2x, https:\/\/i0.wp.com\/noticiasribeiraopreto.com.br\/wp-content\/uploads\/2025\/06\/Copia-de-Copia-de-Copia-de-TAMANHO-EXATO-PARA-FOTOS-NO-SISTEMA-NOVO-2025-06-23T204646.225_2025-06-23_23-46-55.webp.webp?fit=1200%2C675&ssl=1&resize=1050%2C600 3x"},"classes":[]},{"id":72975,"url":"https:\/\/noticiasribeiraopreto.com.br\/index.php\/2025\/06\/23\/cidade-na-regiao-de-ribeirao-preto-confirma-caso-de-gripe-aviaria\/","url_meta":{"origin":73054,"position":1},"title":"Cidade na regi\u00e3o de Ribeir\u00e3o Preto confirma caso de gripe avi\u00e1ria","author":"noticiasribeiraopreto.com.br","date":"23 de June de 2025","format":false,"excerpt":"A Prefeitura de Jaboticabal cofirmou nesta segunda-feira (23) um caso de gripe avi\u00e1ria (Influenza Avi\u00e1ria H5N1) no munic\u00edpio, a 50 quil\u00f4metros de Ribeir\u00e3o Preto. Segundo a Administra\u00e7\u00e3o, o caso foi identificado em um marreco da esp\u00e9cie cabocla. A ave foi levada no \u00faltimo dia 16 de junho, por uma mulher\u2026","rel":"","context":"In &quot;Not\u00edcias de Ribeir\u00e3o Preto-SP e Regi\u00e3o&quot;","block_context":{"text":"Not\u00edcias de Ribeir\u00e3o Preto-SP e Regi\u00e3o","link":"https:\/\/noticiasribeiraopreto.com.br\/index.php\/category\/noticias-de-ribeirao-preto-sp-e-regiao-ismael-colosi\/"},"img":{"alt_text":"","src":"https:\/\/i0.wp.com\/noticiasribeiraopreto.com.br\/wp-content\/uploads\/2025\/06\/unesp-jab_2024-09-04_16-14-53_png_2024-09-04_16-14-54.webp.webp?fit=982%2C619&ssl=1&resize=350%2C200","width":350,"height":200,"srcset":"https:\/\/i0.wp.com\/noticiasribeiraopreto.com.br\/wp-content\/uploads\/2025\/06\/unesp-jab_2024-09-04_16-14-53_png_2024-09-04_16-14-54.webp.webp?fit=982%2C619&ssl=1&resize=350%2C200 1x, https:\/\/i0.wp.com\/noticiasribeiraopreto.com.br\/wp-content\/uploads\/2025\/06\/unesp-jab_2024-09-04_16-14-53_png_2024-09-04_16-14-54.webp.webp?fit=982%2C619&ssl=1&resize=525%2C300 1.5x, https:\/\/i0.wp.com\/noticiasribeiraopreto.com.br\/wp-content\/uploads\/2025\/06\/unesp-jab_2024-09-04_16-14-53_png_2024-09-04_16-14-54.webp.webp?fit=982%2C619&ssl=1&resize=700%2C400 2x"},"classes":[]},{"id":74516,"url":"https:\/\/noticiasribeiraopreto.com.br\/index.php\/2025\/07\/24\/regiao-de-ribeirao-preto-registra-novo-caso-de-gripe-aviaria\/","url_meta":{"origin":73054,"position":2},"title":"Regi\u00e3o de Ribeir\u00e3o Preto registra novo caso de gripe avi\u00e1ria","author":"noticiasribeiraopreto.com.br","date":"24 de July de 2025","format":false,"excerpt":"Um novo caso de gripe avi\u00e1ria foi registrado na regi\u00e3o de Ribeir\u00e3o Preto, nesta quarta-feira (23). A Secretaria de Agricultura e Abastecimento (SAA) do Estado de S\u00e3o Paulo confirmou a doen\u00e7a por meio de exames em duas galinhas que estavam em uma propriedade particular no munic\u00edpio de Monte Azul Paulista,\u2026","rel":"","context":"In &quot;Not\u00edcias de Ribeir\u00e3o Preto-SP e Regi\u00e3o&quot;","block_context":{"text":"Not\u00edcias de Ribeir\u00e3o Preto-SP e Regi\u00e3o","link":"https:\/\/noticiasribeiraopreto.com.br\/index.php\/category\/noticias-de-ribeirao-preto-sp-e-regiao-ismael-colosi\/"},"img":{"alt_text":"","src":"https:\/\/i0.wp.com\/noticiasribeiraopreto.com.br\/wp-content\/uploads\/2025\/07\/galinha_2025-07-24_11-52-07.webp.webp?fit=1200%2C839&ssl=1&resize=350%2C200","width":350,"height":200,"srcset":"https:\/\/i0.wp.com\/noticiasribeiraopreto.com.br\/wp-content\/uploads\/2025\/07\/galinha_2025-07-24_11-52-07.webp.webp?fit=1200%2C839&ssl=1&resize=350%2C200 1x, https:\/\/i0.wp.com\/noticiasribeiraopreto.com.br\/wp-content\/uploads\/2025\/07\/galinha_2025-07-24_11-52-07.webp.webp?fit=1200%2C839&ssl=1&resize=525%2C300 1.5x, https:\/\/i0.wp.com\/noticiasribeiraopreto.com.br\/wp-content\/uploads\/2025\/07\/galinha_2025-07-24_11-52-07.webp.webp?fit=1200%2C839&ssl=1&resize=700%2C400 2x, https:\/\/i0.wp.com\/noticiasribeiraopreto.com.br\/wp-content\/uploads\/2025\/07\/galinha_2025-07-24_11-52-07.webp.webp?fit=1200%2C839&ssl=1&resize=1050%2C600 3x"},"classes":[]},{"id":70280,"url":"https:\/\/noticiasribeiraopreto.com.br\/index.php\/2025\/05\/24\/homem-mata-a-mulher-e-a-propria-filha-na-regiao-de-ribeirao-preto\/","url_meta":{"origin":73054,"position":3},"title":"Homem mata a mulher e a pr\u00f3pria filha na regi\u00e3o de Ribeir\u00e3o Preto","author":"noticiasribeiraopreto.com.br","date":"24 de May de 2025","format":false,"excerpt":"Um homem de 37 anos matou a mulher a pr\u00f3pria filha de 5 anos na noite da \u00faltima sexta-feira (23) no distrito de Cruz das Posses, em Sert\u00e3ozinho, na regi\u00e3o de Ribeir\u00e3o Preto. O acusado atingiu as v\u00edtimas com golpes de faca. O caso aconteceu na casa da fam\u00edlia, que\u2026","rel":"","context":"In &quot;Not\u00edcias de Ribeir\u00e3o Preto-SP e Regi\u00e3o&quot;","block_context":{"text":"Not\u00edcias de Ribeir\u00e3o Preto-SP e Regi\u00e3o","link":"https:\/\/noticiasribeiraopreto.com.br\/index.php\/category\/noticias-de-ribeirao-preto-sp-e-regiao-ismael-colosi\/"},"img":{"alt_text":"","src":"https:\/\/i0.wp.com\/noticiasribeiraopreto.com.br\/wp-content\/uploads\/2025\/05\/delegacia-sertaozinho_2025-05-24_13-10-41.webp.webp?fit=975%2C551&ssl=1&resize=350%2C200","width":350,"height":200,"srcset":"https:\/\/i0.wp.com\/noticiasribeiraopreto.com.br\/wp-content\/uploads\/2025\/05\/delegacia-sertaozinho_2025-05-24_13-10-41.webp.webp?fit=975%2C551&ssl=1&resize=350%2C200 1x, https:\/\/i0.wp.com\/noticiasribeiraopreto.com.br\/wp-content\/uploads\/2025\/05\/delegacia-sertaozinho_2025-05-24_13-10-41.webp.webp?fit=975%2C551&ssl=1&resize=525%2C300 1.5x, https:\/\/i0.wp.com\/noticiasribeiraopreto.com.br\/wp-content\/uploads\/2025\/05\/delegacia-sertaozinho_2025-05-24_13-10-41.webp.webp?fit=975%2C551&ssl=1&resize=700%2C400 2x"},"classes":[]},{"id":70239,"url":"https:\/\/noticiasribeiraopreto.com.br\/index.php\/2025\/05\/24\/gripe-aviaria-pode-chegar-ao-interior-de-sp-infectologista-explica-o-cenario\/","url_meta":{"origin":73054,"position":4},"title":"Gripe avi\u00e1ria pode chegar ao interior de SP? Infectologista explica o cen\u00e1rio","author":"noticiasribeiraopreto.com.br","date":"24 de May de 2025","format":false,"excerpt":"A confirma\u00e7\u00e3o do primeiro caso humano de gripe avi\u00e1ria no Brasil e o registro do primeiro foco em uma granja comercial no Rio Grande do Sul colocaram o interior de S\u00e3o Paulo em estado de aten\u00e7\u00e3o para a poss\u00edvel chegada da infec\u00e7\u00e3o. Mas existe, de fato, a possibilidade de a\u2026","rel":"","context":"In &quot;Not\u00edcias de Ribeir\u00e3o Preto-SP e Regi\u00e3o&quot;","block_context":{"text":"Not\u00edcias de Ribeir\u00e3o Preto-SP e Regi\u00e3o","link":"https:\/\/noticiasribeiraopreto.com.br\/index.php\/category\/noticias-de-ribeirao-preto-sp-e-regiao-ismael-colosi\/"},"img":{"alt_text":"","src":"https:\/\/i0.wp.com\/noticiasribeiraopreto.com.br\/wp-content\/uploads\/2025\/05\/Copia-de-Copia-de-Copia-de-TAMANHO-EXATO-PARA-FOTOS-NO-SISTEMA-NOVO-90_2025-05-23_18-12-46.webp.webp?fit=1200%2C675&ssl=1&resize=350%2C200","width":350,"height":200,"srcset":"https:\/\/i0.wp.com\/noticiasribeiraopreto.com.br\/wp-content\/uploads\/2025\/05\/Copia-de-Copia-de-Copia-de-TAMANHO-EXATO-PARA-FOTOS-NO-SISTEMA-NOVO-90_2025-05-23_18-12-46.webp.webp?fit=1200%2C675&ssl=1&resize=350%2C200 1x, https:\/\/i0.wp.com\/noticiasribeiraopreto.com.br\/wp-content\/uploads\/2025\/05\/Copia-de-Copia-de-Copia-de-TAMANHO-EXATO-PARA-FOTOS-NO-SISTEMA-NOVO-90_2025-05-23_18-12-46.webp.webp?fit=1200%2C675&ssl=1&resize=525%2C300 1.5x, https:\/\/i0.wp.com\/noticiasribeiraopreto.com.br\/wp-content\/uploads\/2025\/05\/Copia-de-Copia-de-Copia-de-TAMANHO-EXATO-PARA-FOTOS-NO-SISTEMA-NOVO-90_2025-05-23_18-12-46.webp.webp?fit=1200%2C675&ssl=1&resize=700%2C400 2x, https:\/\/i0.wp.com\/noticiasribeiraopreto.com.br\/wp-content\/uploads\/2025\/05\/Copia-de-Copia-de-Copia-de-TAMANHO-EXATO-PARA-FOTOS-NO-SISTEMA-NOVO-90_2025-05-23_18-12-46.webp.webp?fit=1200%2C675&ssl=1&resize=1050%2C600 3x"},"classes":[]},{"id":70278,"url":"https:\/\/noticiasribeiraopreto.com.br\/index.php\/2025\/05\/24\/caminhonete-e-furtada-na-zona-sul-de-ribeirao-preto\/","url_meta":{"origin":73054,"position":5},"title":"Caminhonete \u00e9 furtada na zona Sul de Ribeir\u00e3o Preto","author":"noticiasribeiraopreto.com.br","date":"24 de May de 2025","format":false,"excerpt":"Uma caminhonete Toyota\/Hilux foi furtada no Jardim Nova Alian\u00e7a, na zona Sul de Ribeir\u00e3o Preto. Segundo o BO (boletim de ocorr\u00eancia), o crime aconteceu na tarde da \u00faltima sexta-feira (24). De acordo com o relato, o dono da caminhonete disse que deixou o ve\u00edculo estacionado na rua Marcos Markarian, por\u2026","rel":"","context":"In &quot;Not\u00edcias de Ribeir\u00e3o Preto-SP e Regi\u00e3o&quot;","block_context":{"text":"Not\u00edcias de Ribeir\u00e3o Preto-SP e Regi\u00e3o","link":"https:\/\/noticiasribeiraopreto.com.br\/index.php\/category\/noticias-de-ribeirao-preto-sp-e-regiao-ismael-colosi\/"},"img":{"alt_text":"","src":"https:\/\/i0.wp.com\/noticiasribeiraopreto.com.br\/wp-content\/uploads\/2025\/05\/cpj_1024x576_04082020121137.jpg?fit=1024%2C575&ssl=1&resize=350%2C200","width":350,"height":200,"srcset":"https:\/\/i0.wp.com\/noticiasribeiraopreto.com.br\/wp-content\/uploads\/2025\/05\/cpj_1024x576_04082020121137.jpg?fit=1024%2C575&ssl=1&resize=350%2C200 1x, https:\/\/i0.wp.com\/noticiasribeiraopreto.com.br\/wp-content\/uploads\/2025\/05\/cpj_1024x576_04082020121137.jpg?fit=1024%2C575&ssl=1&resize=525%2C300 1.5x, https:\/\/i0.wp.com\/noticiasribeiraopreto.com.br\/wp-content\/uploads\/2025\/05\/cpj_1024x576_04082020121137.jpg?fit=1024%2C575&ssl=1&resize=700%2C400 2x"},"classes":[]}],"jetpack_sharing_enabled":true,"jetpack_shortlink":"https:\/\/wp.me\/peQAOb-j0i","_links":{"self":[{"href":"https:\/\/noticiasribeiraopreto.com.br\/index.php\/wp-json\/wp\/v2\/posts\/73054","targetHints":{"allow":["GET"]}}],"collection":[{"href":"https:\/\/noticiasribeiraopreto.com.br\/index.php\/wp-json\/wp\/v2\/posts"}],"about":[{"href":"https:\/\/noticiasribeiraopreto.com.br\/index.php\/wp-json\/wp\/v2\/types\/post"}],"author":[{"embeddable":true,"href":"https:\/\/noticiasribeiraopreto.com.br\/index.php\/wp-json\/wp\/v2\/users\/1"}],"replies":[{"embeddable":true,"href":"https:\/\/noticiasribeiraopreto.com.br\/index.php\/wp-json\/wp\/v2\/comments?post=73054"}],"version-history":[{"count":0,"href":"https:\/\/noticiasribeiraopreto.com.br\/index.php\/wp-json\/wp\/v2\/posts\/73054\/revisions"}],"wp:featuredmedia":[{"embeddable":true,"href":"https:\/\/noticiasribeiraopreto.com.br\/index.php\/wp-json\/wp\/v2\/media\/73000"}],"wp:attachment":[{"href":"https:\/\/noticiasribeiraopreto.com.br\/index.php\/wp-json\/wp\/v2\/media?parent=73054"}],"wp:term":[{"taxonomy":"category","embeddable":true,"href":"https:\/\/noticiasribeiraopreto.com.br\/index.php\/wp-json\/wp\/v2\/categories?post=73054"},{"taxonomy":"post_tag","embeddable":true,"href":"https:\/\/noticiasribeiraopreto.com.br\/index.php\/wp-json\/wp\/v2\/tags?post=73054"}],"curies":[{"name":"wp","href":"https:\/\/api.w.org\/{rel}","templated":true}]}}