{"id":73057,"date":"2025-06-24T18:55:22","date_gmt":"2025-06-24T21:55:22","guid":{"rendered":"https:\/\/noticiasribeiraopreto.com.br\/index.php\/2025\/06\/24\/inss-vai-devolver-valores-a-aposentados-apos-esquema-de-fraude-veja-quando\/"},"modified":"2025-06-24T18:55:22","modified_gmt":"2025-06-24T21:55:22","slug":"inss-vai-devolver-valores-a-aposentados-apos-esquema-de-fraude-veja-quando","status":"publish","type":"post","link":"https:\/\/noticiasribeiraopreto.com.br\/index.php\/2025\/06\/24\/inss-vai-devolver-valores-a-aposentados-apos-esquema-de-fraude-veja-quando\/","title":{"rendered":"INSS vai devolver valores a aposentados ap\u00f3s esquema de fraude; veja quando"},"content":{"rendered":"<p> <br \/>\n<\/p>\n<div>\n<p>O Instituto Nacional do Seguro Social (INSS) <strong>pretende iniciar em julho a devolu\u00e7\u00e3o de valores que descontou indevidamente de aposentadorias e pens\u00f5es<\/strong>. O presidente do \u00f3rg\u00e3o, Gilberto Waller, confirmou a informa\u00e7\u00e3o nesta ter\u00e7a-feira (24), durante uma audi\u00eancia de concilia\u00e7\u00e3o no Supremo Tribunal Federal (STF).<\/p>\n<p>O ministro Dias Toffoli convocou a reuni\u00e3o para cobrar esclarecimentos do governo sobre o cronograma de pagamentos e as provid\u00eancias adotadas ap\u00f3s as irregularidades. Participaram do encontro representantes da Advocacia-Geral da Uni\u00e3o, do Minist\u00e9rio P\u00fablico Federal, da Defensoria P\u00fablica da Uni\u00e3o e do pr\u00f3prio INSS.<\/p>\n<p>Gilberto Waller informou que o INSS deve come\u00e7ar os pagamentos em <strong>24 de julho<\/strong>, com lotes a cada 15 dias. O primeiro lote inclui cerca de <strong>1,5 milh\u00e3o de benefici\u00e1rios<\/strong>. O \u00f3rg\u00e3o prev\u00ea liberar o segundo lote em <strong>9 de agosto<\/strong> e o terceiro em <strong>24 de agosto<\/strong>.<\/p>\n<p>Em abril, a <strong>Pol\u00edcia Federal revelou um esquema de fraudes que desviou dinheiro de aposentadorias e pens\u00f5es<\/strong>. Segundo as investiga\u00e7\u00f5es, associa\u00e7\u00f5es de presta\u00e7\u00e3o de servi\u00e7os cadastraram aposentados sem consentimento, com uso de assinaturas falsas, para descontar mensalidades dos benef\u00edcios pagos pelo INSS.<\/p>\n<p>A Pol\u00edcia Federal estima que o preju\u00edzo tenha alcan\u00e7ado <strong>R$ 6,3 bilh\u00f5es<\/strong> entre <strong>2019 e 2024<\/strong>.<\/p>\n<hr class=\"wp-block-separator has-alpha-channel-opacity\"\/>\n<p>SAIBA MAIS<\/p>\n<p>Ribeir\u00e3o Preto abre 72 vagas para cursos gratuitos de qualifica\u00e7\u00e3o nas f\u00e9rias; Veja como se inscrever<\/p>\n<h4 class=\"wp-block-heading\"><strong>FIQUE ON<\/strong><\/h4>\n<p>Quer ficar por dentro de tudo que acontece em Ribeir\u00e3o Preto e regi\u00e3o? Ent\u00e3o siga os perfis do\u202facidade on\u202fno\u202f<a href=\"https:\/\/www.instagram.com\/acidadeonribeirao\" target=\"_blank\" rel=\"noreferrer noopener\">Instagram<\/a>\u202fe no\u202f<a href=\"https:\/\/www.facebook.com\/acidadeonribeirao\/\" target=\"_blank\" rel=\"noreferrer noopener\">Facebook<\/a>.<\/p>\n<p>Al\u00e9m disso, voc\u00ea pode receber as principais not\u00edcias diretamente no WhatsApp. Para isso, basta\u00a0<a href=\"https:\/\/chat.whatsapp.com\/BjKQZ9oJwlz8VVT50NuePq\" target=\"_blank\" rel=\"noreferrer noopener\">entrar no grupo clicando aqui<\/a>.<\/p>\n<p>Por fim, se quiser fazer uma den\u00fancia ou sugerir uma reportagem sobre Ribeir\u00e3o Preto e regi\u00e3o, envie uma mensagem pelo WhatsApp: (16) 99117-7802.<\/p>\n<p>VEJA TAMB\u00c9M<\/p>\n<p>Quando lan\u00e7am as miniaturas da F1 do McDonald\u2019s?<\/p>\n<p><!-- CONTENT END 1 -->\n<\/div>\n<p><script async src=\"\/\/www.instagram.com\/embed.js\"><\/script><br \/>\n<br \/><br \/>\n<br \/><a href=\"https:\/\/www.acidadeon.com\/ribeiraopreto\/economia\/inss-vai-devolver-valores-a-aposentados-apos-esquema-de-fraude-veja-quando\/\">Source link <\/a><\/p>\n","protected":false},"excerpt":{"rendered":"<p>O Instituto Nacional do Seguro Social (INSS) pretende iniciar em julho a devolu\u00e7\u00e3o de valores que descontou indevidamente de aposentadorias e pens\u00f5es. O presidente do&#8230;<\/p>\n","protected":false},"author":1,"featured_media":73058,"comment_status":"open","ping_status":"open","sticky":false,"template":"","format":"standard","meta":{"advanced_seo_description":"","jetpack_seo_html_title":"","jetpack_seo_noindex":false,"jetpack_post_was_ever_published":false,"_jetpack_newsletter_access":"","_jetpack_dont_email_post_to_subs":false,"_jetpack_newsletter_tier_id":0,"_jetpack_memberships_contains_paywalled_content":false,"_jetpack_memberships_contains_paid_content":false,"footnotes":"","jetpack_publicize_message":"","jetpack_publicize_feature_enabled":true,"jetpack_social_post_already_shared":true,"jetpack_social_options":{"image_generator_settings":{"template":"highway","default_image_id":0,"font":"","enabled":false},"version":2}},"categories":[11],"tags":[],"class_list":["post-73057","post","type-post","status-publish","format-standard","has-post-thumbnail","hentry","category-noticias-de-ribeirao-preto-sp-e-regiao-ismael-colosi"],"jetpack_publicize_connections":[],"jetpack_featured_media_url":"https:\/\/i0.wp.com\/noticiasribeiraopreto.com.br\/wp-content\/uploads\/2025\/06\/aposentadoria-13-salario.webp.webp?fit=1163%2C693&ssl=1","jetpack-related-posts":[{"id":73826,"url":"https:\/\/noticiasribeiraopreto.com.br\/index.php\/2025\/07\/10\/reembolso-de-desconto-ilegal-do-inss-comeca-dia-24\/","url_meta":{"origin":73057,"position":0},"title":"Reembolso de desconto ilegal do INSS come\u00e7a dia 24","author":"noticiasribeiraopreto.com.br","date":"10 de July de 2025","format":false,"excerpt":"A partir desta sexta-feira (11), os aposentados e pensionistas do Instituto Nacional do Seguro Social (INSS) v\u00edtimas dos descontos ilegais de mensalidades associativas poder\u00e3o aderir ao\u00a0acordo de ressarcimento\u00a0proposto pelo governo federal. Homologado pelo Supremo Tribunal Federal (STF), o plano de restitui\u00e7\u00e3o dos valores deduzidos sem a autoriza\u00e7\u00e3o dos segurados do\u2026","rel":"","context":"In &quot;Not\u00edcias de Ribeir\u00e3o Preto-SP e Regi\u00e3o&quot;","block_context":{"text":"Not\u00edcias de Ribeir\u00e3o Preto-SP e Regi\u00e3o","link":"https:\/\/noticiasribeiraopreto.com.br\/index.php\/category\/noticias-de-ribeirao-preto-sp-e-regiao-ismael-colosi\/"},"img":{"alt_text":"","src":"https:\/\/i0.wp.com\/noticiasribeiraopreto.com.br\/wp-content\/uploads\/2025\/07\/Como-consultar-beneficio-por-incapacidade-INSS.jpg?fit=1200%2C729&ssl=1&resize=350%2C200","width":350,"height":200,"srcset":"https:\/\/i0.wp.com\/noticiasribeiraopreto.com.br\/wp-content\/uploads\/2025\/07\/Como-consultar-beneficio-por-incapacidade-INSS.jpg?fit=1200%2C729&ssl=1&resize=350%2C200 1x, https:\/\/i0.wp.com\/noticiasribeiraopreto.com.br\/wp-content\/uploads\/2025\/07\/Como-consultar-beneficio-por-incapacidade-INSS.jpg?fit=1200%2C729&ssl=1&resize=525%2C300 1.5x, https:\/\/i0.wp.com\/noticiasribeiraopreto.com.br\/wp-content\/uploads\/2025\/07\/Como-consultar-beneficio-por-incapacidade-INSS.jpg?fit=1200%2C729&ssl=1&resize=700%2C400 2x, https:\/\/i0.wp.com\/noticiasribeiraopreto.com.br\/wp-content\/uploads\/2025\/07\/Como-consultar-beneficio-por-incapacidade-INSS.jpg?fit=1200%2C729&ssl=1&resize=1050%2C600 3x"},"classes":[]},{"id":72703,"url":"https:\/\/noticiasribeiraopreto.com.br\/index.php\/2025\/06\/20\/jornal-da-franca-descontos-indevidos-veja-como-aposentados-e-pensionistas-deverao-ser-ressarcidos\/","url_meta":{"origin":73057,"position":1},"title":"Jornal da Franca &#8211; Descontos indevidos: veja como aposentados e pensionistas dever\u00e3o ser ressarcidos","author":"noticiasribeiraopreto.com.br","date":"20 de June de 2025","format":false,"excerpt":"compartilhar no whatsapp compartilhar no telegram compartilhar no facebook compartilhar no linkedin O atendimento para averiguar se teve descontos irregulares \u00e9 feito pelo aplicativo Meu INSS, site do INSS, Central 135 e nos Correios. O Governo Federal, por meio da Advocacia-Geral da Uni\u00e3o (AGU) e do Instituto Nacional do Seguro\u2026","rel":"","context":"In &quot;Not\u00edcias de Franca-SP&quot;","block_context":{"text":"Not\u00edcias de Franca-SP","link":"https:\/\/noticiasribeiraopreto.com.br\/index.php\/category\/noticias-de-ribeirao-preto-sp-e-regiao-ismael-colosi\/noticias-franca-sp\/"},"img":{"alt_text":"","src":"https:\/\/i0.wp.com\/noticiasribeiraopreto.com.br\/wp-content\/uploads\/2025\/06\/inss-contribuicao-shutterstock-1.jpg?fit=1200%2C675&ssl=1&resize=350%2C200","width":350,"height":200,"srcset":"https:\/\/i0.wp.com\/noticiasribeiraopreto.com.br\/wp-content\/uploads\/2025\/06\/inss-contribuicao-shutterstock-1.jpg?fit=1200%2C675&ssl=1&resize=350%2C200 1x, https:\/\/i0.wp.com\/noticiasribeiraopreto.com.br\/wp-content\/uploads\/2025\/06\/inss-contribuicao-shutterstock-1.jpg?fit=1200%2C675&ssl=1&resize=525%2C300 1.5x, https:\/\/i0.wp.com\/noticiasribeiraopreto.com.br\/wp-content\/uploads\/2025\/06\/inss-contribuicao-shutterstock-1.jpg?fit=1200%2C675&ssl=1&resize=700%2C400 2x, https:\/\/i0.wp.com\/noticiasribeiraopreto.com.br\/wp-content\/uploads\/2025\/06\/inss-contribuicao-shutterstock-1.jpg?fit=1200%2C675&ssl=1&resize=1050%2C600 3x"},"classes":[]},{"id":69433,"url":"https:\/\/noticiasribeiraopreto.com.br\/index.php\/2025\/05\/06\/ressarcimento-para-aposentados-pode-envolver-o-tesouro\/","url_meta":{"origin":73057,"position":2},"title":"Ressarcimento para aposentados pode envolver o Tesouro\u00a0","author":"noticiasribeiraopreto.com.br","date":"6 de May de 2025","format":false,"excerpt":"6 de maio de 2025 09:305 de maio de 2025 23:047 Compartilhar0 O novo presidente do Instituto Nacional do Seguro Social (INSS), Gilberto Waller J\u00fanior, afirmou, nesta segunda-feira, 5 de maio, que o governo ir\u00e1 cobrar ressarcimento dos conglomerados de empresas envolvidos nos descontos indevidos em aposentadorias e pens\u00f5es. \u201cVamos\u2026","rel":"","context":"In &quot;Not\u00edcias de Ribeir\u00e3o Preto-SP e Regi\u00e3o&quot;","block_context":{"text":"Not\u00edcias de Ribeir\u00e3o Preto-SP e Regi\u00e3o","link":"https:\/\/noticiasribeiraopreto.com.br\/index.php\/category\/noticias-de-ribeirao-preto-sp-e-regiao-ismael-colosi\/"},"img":{"alt_text":"","src":"https:\/\/i0.wp.com\/noticiasribeiraopreto.com.br\/wp-content\/uploads\/2025\/05\/FraudeINSS-CGU-Divulgacao.jpg?fit=1170%2C700&ssl=1&resize=350%2C200","width":350,"height":200,"srcset":"https:\/\/i0.wp.com\/noticiasribeiraopreto.com.br\/wp-content\/uploads\/2025\/05\/FraudeINSS-CGU-Divulgacao.jpg?fit=1170%2C700&ssl=1&resize=350%2C200 1x, https:\/\/i0.wp.com\/noticiasribeiraopreto.com.br\/wp-content\/uploads\/2025\/05\/FraudeINSS-CGU-Divulgacao.jpg?fit=1170%2C700&ssl=1&resize=525%2C300 1.5x, https:\/\/i0.wp.com\/noticiasribeiraopreto.com.br\/wp-content\/uploads\/2025\/05\/FraudeINSS-CGU-Divulgacao.jpg?fit=1170%2C700&ssl=1&resize=700%2C400 2x, https:\/\/i0.wp.com\/noticiasribeiraopreto.com.br\/wp-content\/uploads\/2025\/05\/FraudeINSS-CGU-Divulgacao.jpg?fit=1170%2C700&ssl=1&resize=1050%2C600 3x"},"classes":[]},{"id":73847,"url":"https:\/\/noticiasribeiraopreto.com.br\/index.php\/2025\/07\/10\/inss-inicia-reembolso-de-desconto-indevido-no-dia-24-veja-como-solicitar\/","url_meta":{"origin":73057,"position":3},"title":"INSS inicia reembolso de desconto indevido no dia 24; veja como solicitar","author":"noticiasribeiraopreto.com.br","date":"10 de July de 2025","format":false,"excerpt":"O INSS abre nesta sexta-feira (11) o per\u00edodo de ades\u00e3o ao acordo de reembolso para aposentados e pensionistas que sofreram descontos associativos n\u00e3o autorizados nos benef\u00edcios. Quem tem direito ao reembolso? T\u00eam direito ao valor os benefici\u00e1rios que sofreram descontos n\u00e3o autorizados entre mar\u00e7o de 2020 e mar\u00e7o de 2025.\u2026","rel":"","context":"In &quot;Not\u00edcias de Ribeir\u00e3o Preto-SP e Regi\u00e3o&quot;","block_context":{"text":"Not\u00edcias de Ribeir\u00e3o Preto-SP e Regi\u00e3o","link":"https:\/\/noticiasribeiraopreto.com.br\/index.php\/category\/noticias-de-ribeirao-preto-sp-e-regiao-ismael-colosi\/"},"img":{"alt_text":"","src":"https:\/\/i0.wp.com\/noticiasribeiraopreto.com.br\/wp-content\/uploads\/2025\/06\/aposentadoria-13-salario.webp.webp?fit=1163%2C693&ssl=1&resize=350%2C200","width":350,"height":200,"srcset":"https:\/\/i0.wp.com\/noticiasribeiraopreto.com.br\/wp-content\/uploads\/2025\/06\/aposentadoria-13-salario.webp.webp?fit=1163%2C693&ssl=1&resize=350%2C200 1x, https:\/\/i0.wp.com\/noticiasribeiraopreto.com.br\/wp-content\/uploads\/2025\/06\/aposentadoria-13-salario.webp.webp?fit=1163%2C693&ssl=1&resize=525%2C300 1.5x, https:\/\/i0.wp.com\/noticiasribeiraopreto.com.br\/wp-content\/uploads\/2025\/06\/aposentadoria-13-salario.webp.webp?fit=1163%2C693&ssl=1&resize=700%2C400 2x, https:\/\/i0.wp.com\/noticiasribeiraopreto.com.br\/wp-content\/uploads\/2025\/06\/aposentadoria-13-salario.webp.webp?fit=1163%2C693&ssl=1&resize=1050%2C600 3x"},"classes":[]},{"id":69895,"url":"https:\/\/noticiasribeiraopreto.com.br\/index.php\/2025\/05\/10\/inss-devolvera-r-2927-mi-ate-junho\/","url_meta":{"origin":73057,"position":4},"title":"INSS devolver\u00e1 R$ 292,7 mi at\u00e9 junho \u00a0","author":"noticiasribeiraopreto.com.br","date":"10 de May de 2025","format":false,"excerpt":"10 de maio de 2025 10:309 de maio de 2025 22:588 Compartilhar0 O Instituto Nacional do Seguro Social (INSS) anunciou que, a partir do pr\u00f3ximo dia 26 de maio, vai come\u00e7ar a restituir cerca de R$ 292,7 milh\u00f5es a aposentados e pensionistas lesados por descontos n\u00e3o autorizados de mensalidades associativas.\u00a0\u2026","rel":"","context":"In &quot;Not\u00edcias de Ribeir\u00e3o Preto-SP e Regi\u00e3o&quot;","block_context":{"text":"Not\u00edcias de Ribeir\u00e3o Preto-SP e Regi\u00e3o","link":"https:\/\/noticiasribeiraopreto.com.br\/index.php\/category\/noticias-de-ribeirao-preto-sp-e-regiao-ismael-colosi\/"},"img":{"alt_text":"","src":"https:\/\/i0.wp.com\/noticiasribeiraopreto.com.br\/wp-content\/uploads\/2025\/05\/FraudeINSS-Rafa-Neddermeyer-Ag.Br_.jpg?fit=1170%2C700&ssl=1&resize=350%2C200","width":350,"height":200,"srcset":"https:\/\/i0.wp.com\/noticiasribeiraopreto.com.br\/wp-content\/uploads\/2025\/05\/FraudeINSS-Rafa-Neddermeyer-Ag.Br_.jpg?fit=1170%2C700&ssl=1&resize=350%2C200 1x, https:\/\/i0.wp.com\/noticiasribeiraopreto.com.br\/wp-content\/uploads\/2025\/05\/FraudeINSS-Rafa-Neddermeyer-Ag.Br_.jpg?fit=1170%2C700&ssl=1&resize=525%2C300 1.5x, https:\/\/i0.wp.com\/noticiasribeiraopreto.com.br\/wp-content\/uploads\/2025\/05\/FraudeINSS-Rafa-Neddermeyer-Ag.Br_.jpg?fit=1170%2C700&ssl=1&resize=700%2C400 2x, https:\/\/i0.wp.com\/noticiasribeiraopreto.com.br\/wp-content\/uploads\/2025\/05\/FraudeINSS-Rafa-Neddermeyer-Ag.Br_.jpg?fit=1170%2C700&ssl=1&resize=1050%2C600 3x"},"classes":[]},{"id":74594,"url":"https:\/\/noticiasribeiraopreto.com.br\/index.php\/2025\/07\/25\/reembolso-do-inss-atinge-400-mil-idosos-no-1o-dia\/","url_meta":{"origin":73057,"position":5},"title":"Reembolso do INSS atinge 400 mil idosos no 1\u00ba dia","author":"noticiasribeiraopreto.com.br","date":"25 de July de 2025","format":false,"excerpt":"25 de julho de 2025 09:370 Compartilhar0 O governo federal iniciou nesta quinta-feira, 24 de julho, os dep\u00f3sitos para benefici\u00e1rios que formalizaram a ades\u00e3o ao acordo de ressarcimento a aposentados e pensionistas que sofreram descontos indevidos no INSS. Os pagamentos s\u00e3o feitos na mesma conta em que o benef\u00edcio do\u2026","rel":"","context":"In &quot;Not\u00edcias de Ribeir\u00e3o Preto-SP e Regi\u00e3o&quot;","block_context":{"text":"Not\u00edcias de Ribeir\u00e3o Preto-SP e Regi\u00e3o","link":"https:\/\/noticiasribeiraopreto.com.br\/index.php\/category\/noticias-de-ribeirao-preto-sp-e-regiao-ismael-colosi\/"},"img":{"alt_text":"","src":"https:\/\/i0.wp.com\/noticiasribeiraopreto.com.br\/wp-content\/uploads\/2025\/07\/FraudeINSS-Joedson-Alves-Ag.Br_-2.jpg?fit=1170%2C700&ssl=1&resize=350%2C200","width":350,"height":200,"srcset":"https:\/\/i0.wp.com\/noticiasribeiraopreto.com.br\/wp-content\/uploads\/2025\/07\/FraudeINSS-Joedson-Alves-Ag.Br_-2.jpg?fit=1170%2C700&ssl=1&resize=350%2C200 1x, https:\/\/i0.wp.com\/noticiasribeiraopreto.com.br\/wp-content\/uploads\/2025\/07\/FraudeINSS-Joedson-Alves-Ag.Br_-2.jpg?fit=1170%2C700&ssl=1&resize=525%2C300 1.5x, https:\/\/i0.wp.com\/noticiasribeiraopreto.com.br\/wp-content\/uploads\/2025\/07\/FraudeINSS-Joedson-Alves-Ag.Br_-2.jpg?fit=1170%2C700&ssl=1&resize=700%2C400 2x, https:\/\/i0.wp.com\/noticiasribeiraopreto.com.br\/wp-content\/uploads\/2025\/07\/FraudeINSS-Joedson-Alves-Ag.Br_-2.jpg?fit=1170%2C700&ssl=1&resize=1050%2C600 3x"},"classes":[]}],"jetpack_sharing_enabled":true,"jetpack_shortlink":"https:\/\/wp.me\/peQAOb-j0l","_links":{"self":[{"href":"https:\/\/noticiasribeiraopreto.com.br\/index.php\/wp-json\/wp\/v2\/posts\/73057","targetHints":{"allow":["GET"]}}],"collection":[{"href":"https:\/\/noticiasribeiraopreto.com.br\/index.php\/wp-json\/wp\/v2\/posts"}],"about":[{"href":"https:\/\/noticiasribeiraopreto.com.br\/index.php\/wp-json\/wp\/v2\/types\/post"}],"author":[{"embeddable":true,"href":"https:\/\/noticiasribeiraopreto.com.br\/index.php\/wp-json\/wp\/v2\/users\/1"}],"replies":[{"embeddable":true,"href":"https:\/\/noticiasribeiraopreto.com.br\/index.php\/wp-json\/wp\/v2\/comments?post=73057"}],"version-history":[{"count":0,"href":"https:\/\/noticiasribeiraopreto.com.br\/index.php\/wp-json\/wp\/v2\/posts\/73057\/revisions"}],"wp:featuredmedia":[{"embeddable":true,"href":"https:\/\/noticiasribeiraopreto.com.br\/index.php\/wp-json\/wp\/v2\/media\/73058"}],"wp:attachment":[{"href":"https:\/\/noticiasribeiraopreto.com.br\/index.php\/wp-json\/wp\/v2\/media?parent=73057"}],"wp:term":[{"taxonomy":"category","embeddable":true,"href":"https:\/\/noticiasribeiraopreto.com.br\/index.php\/wp-json\/wp\/v2\/categories?post=73057"},{"taxonomy":"post_tag","embeddable":true,"href":"https:\/\/noticiasribeiraopreto.com.br\/index.php\/wp-json\/wp\/v2\/tags?post=73057"}],"curies":[{"name":"wp","href":"https:\/\/api.w.org\/{rel}","templated":true}]}}