{"id":73059,"date":"2025-06-24T19:02:17","date_gmt":"2025-06-24T22:02:17","guid":{"rendered":"https:\/\/noticiasribeiraopreto.com.br\/index.php\/2025\/06\/24\/hc-e-faepa-estao-com-vagas-abertas-em-ribeirao-preto-veja-como-participar\/"},"modified":"2025-06-24T19:02:17","modified_gmt":"2025-06-24T22:02:17","slug":"hc-e-faepa-estao-com-vagas-abertas-em-ribeirao-preto-veja-como-participar","status":"publish","type":"post","link":"https:\/\/noticiasribeiraopreto.com.br\/index.php\/2025\/06\/24\/hc-e-faepa-estao-com-vagas-abertas-em-ribeirao-preto-veja-como-participar\/","title":{"rendered":"HC e Faepa est\u00e3o com vagas abertas em Ribeir\u00e3o Preto; Veja como participar"},"content":{"rendered":"<p> <br \/>\n<\/p>\n<div data-td-block-uid=\"tdi_95\">\n<div class=\"tdb-block-inner td-fix-index\">\n<p>O <strong>HC (Hospital das Cl\u00ednicas)<\/strong> e a <strong>Faepa (Funda\u00e7\u00e3o de Apoio ao Ensino, Pesquisa e Assist\u00eancia do Hospital das Cl\u00ednicas)<\/strong> est\u00e3o com vagas dispon\u00edveis em <strong>Ribeir\u00e3o Preto<\/strong>.<\/p>\n<p>As oportunidades est\u00e3o dispon\u00edveis em <strong>concursos p\u00fablicos<\/strong> para diferentes fun\u00e7\u00f5es no HC e em um <strong>processo seletivo<\/strong> da Faepa \u2013 veja abaixo.<\/p>\n<h2 class=\"wp-block-heading\"><strong>Hospital das Cl\u00ednicas de Ribeir\u00e3o Preto<\/strong><\/h2>\n<p>O <strong>HC (Hospital das Cl\u00ednicas) de Ribeir\u00e3o Preto<\/strong> est\u00e1 com inscri\u00e7\u00f5es abertas para diferentes cargos em <strong>oito concursos p\u00fablicos<\/strong>.<\/p>\n<p>As inscri\u00e7\u00f5es devem ser realizadas de <strong>forma on-line (<a href=\"https:\/\/site.hcrp.usp.br\/\" target=\"_blank\" rel=\"noreferrer noopener\">clique aqui para acessar<\/a>)<\/strong>. A taxa de inscri\u00e7\u00e3o \u00e9 de R$ 122,17. Veja as oportunidades:<\/p>\n<ul class=\"wp-block-list\">\n<li>M\u00e9dico I \u2013 Cirurgia Pedi\u00e1trica: <strong>inscri\u00e7\u00f5es at\u00e9 27 de junho<\/strong><\/li>\n<li>M\u00e9dico I \u2013 Cirurgia Tor\u00e1cica: <strong>inscri\u00e7\u00f5es at\u00e9 27 de junho<\/strong><\/li>\n<li>M\u00e9dico I \u2013 Fisiatra: <strong>inscri\u00e7\u00f5es at\u00e9 27 de junho<\/strong><\/li>\n<li>M\u00e9dico I \u2013 Ginecologia E Obstetr\u00edcia \u2013 Gesta\u00e7\u00e3o de Alto Risco: <strong>inscri\u00e7\u00f5es at\u00e9 27 de junho<\/strong><\/li>\n<li>Atas (Fonoaudi\u00f3logo) \u2013 Disfagia, Voz, Linguagem e Motricidade Orofacial para atuar na Unidade De Emerg\u00eancia: <strong>inscri\u00e7\u00f5es at\u00e9 9 de julho<\/strong><\/li>\n<li>M\u00e9dico I \u2013 Reumatologia: <strong>inscri\u00e7\u00f5es at\u00e9 11 de julho<\/strong><\/li>\n<li>M\u00e9dico I \u2013 Infectologia Pedi\u00e1trica:<strong> inscri\u00e7\u00f5es at\u00e9 11 de julho<\/strong><\/li>\n<li>M\u00e9dico I \u2013 \u00c1rea De Doen\u00e7as Infecciosas e Tropicais:<strong> inscri\u00e7\u00f5es at\u00e9 11 de julho<\/strong><\/li>\n<\/ul>\n<h2 class=\"wp-block-heading\"><strong>Faepa<\/strong><\/h2>\n<p>A <strong>Faepa <\/strong>est\u00e1 com um processo seletivo para o <em>cargo de Fonoaudi\u00f3logo<\/em> para o Hospital Estadual de Ribeir\u00e3o Preto.<\/p>\n<p>As inscri\u00e7\u00f5es devem ser <strong>realizadas pela internet (<a href=\"https:\/\/extranetapex.hcrp.usp.br\/apex\/r\/hc\/area-do-candidato\/home\" target=\"_blank\" rel=\"noreferrer noopener\">clique aqui<\/a>)<\/strong> at\u00e9 o dia 27 de junho de 2025. A taxa de inscri\u00e7\u00e3o custa R$ 120. <strong>O sal\u00e1rio para o cargo \u00e9 de R$ 4.097,29.<\/strong><\/p>\n<hr class=\"wp-block-separator has-alpha-channel-opacity\"\/>\n<p>SAIBA MAIS<\/p>\n<p>Ribeir\u00e3o Preto abre 72 vagas para cursos gratuitos de qualifica\u00e7\u00e3o nas f\u00e9rias; Veja como se inscrever<\/p>\n<h4 class=\"wp-block-heading\"><strong>FIQUE ON<\/strong><\/h4>\n<p>Quer ficar por dentro de tudo que acontece em Ribeir\u00e3o Preto e regi\u00e3o? Ent\u00e3o siga os perfis do\u202facidade on\u202fno\u202f<a href=\"https:\/\/www.instagram.com\/acidadeonribeirao\" target=\"_blank\" rel=\"noreferrer noopener\">Instagram<\/a>\u202fe no\u202f<a href=\"https:\/\/www.facebook.com\/acidadeonribeirao\/\" target=\"_blank\" rel=\"noreferrer noopener\">Facebook<\/a>.<\/p>\n<p>Al\u00e9m disso, voc\u00ea pode receber as principais not\u00edcias diretamente no WhatsApp. Para isso, basta\u00a0<a href=\"https:\/\/chat.whatsapp.com\/BjKQZ9oJwlz8VVT50NuePq\" target=\"_blank\" rel=\"noreferrer noopener\">entrar no grupo clicando aqui<\/a>.<\/p>\n<p>Por fim, se quiser fazer uma den\u00fancia ou sugerir uma reportagem sobre Ribeir\u00e3o Preto e regi\u00e3o, envie uma mensagem pelo WhatsApp: (16) 99117-7802.<\/p>\n<p>VEJA TAMB\u00c9M<\/p>\n<p>Quando lan\u00e7am as miniaturas da F1 do McDonald\u2019s?<\/p>\n<p><!-- CONTENT END 1 -->\n<\/div>\n<\/div>\n<p><script async src=\"\/\/www.instagram.com\/embed.js\"><\/script><br \/>\n<br \/><br \/>\n<br \/><a href=\"https:\/\/www.acidadeon.com\/ribeiraopreto\/economia\/hc-e-faepa-estao-com-vagas-abertas-em-ribeirao-preto-veja-como-participar\/\">Source link <\/a><\/p>\n","protected":false},"excerpt":{"rendered":"<p>O HC (Hospital das Cl\u00ednicas) e a Faepa (Funda\u00e7\u00e3o de Apoio ao Ensino, Pesquisa e Assist\u00eancia do Hospital das Cl\u00ednicas) est\u00e3o com vagas dispon\u00edveis em&#8230;<\/p>\n","protected":false},"author":1,"featured_media":73060,"comment_status":"open","ping_status":"open","sticky":false,"template":"","format":"standard","meta":{"advanced_seo_description":"","jetpack_seo_html_title":"","jetpack_seo_noindex":false,"jetpack_post_was_ever_published":false,"_jetpack_newsletter_access":"","_jetpack_dont_email_post_to_subs":false,"_jetpack_newsletter_tier_id":0,"_jetpack_memberships_contains_paywalled_content":false,"_jetpack_memberships_contains_paid_content":false,"footnotes":"","jetpack_publicize_message":"","jetpack_publicize_feature_enabled":true,"jetpack_social_post_already_shared":true,"jetpack_social_options":{"image_generator_settings":{"template":"highway","default_image_id":0,"font":"","enabled":false},"version":2}},"categories":[11],"tags":[],"class_list":["post-73059","post","type-post","status-publish","format-standard","has-post-thumbnail","hentry","category-noticias-de-ribeirao-preto-sp-e-regiao-ismael-colosi"],"jetpack_publicize_connections":[],"jetpack_featured_media_url":"https:\/\/i0.wp.com\/noticiasribeiraopreto.com.br\/wp-content\/uploads\/2025\/06\/Copia-de-Copia-de-Copia-de-TAMANHO-EXATO-PARA-FOTOS-NO-SISTEMA-NOVO-44_2024-09-24_19-57-50_png_2024-09-24_19-57-50.webp.webp?fit=1200%2C675&ssl=1","jetpack-related-posts":[{"id":40128,"url":"https:\/\/noticiasribeiraopreto.com.br\/index.php\/2024\/03\/01\/veja-as-vagas-abertas-no-concurso-publico-do-hc-de-ribeirao-preto\/","url_meta":{"origin":73059,"position":0},"title":"Veja as vagas abertas no concurso p\u00fablico do HC de Ribeir\u00e3o Preto","author":"noticiasribeiraopreto.com.br","date":"1 de March de 2024","format":false,"excerpt":"O Hospital das Cl\u00ednicas de Ribeir\u00e3o Preto conta com 10 vagas dispon\u00edveis em concurso p\u00fablico para o cargo de m\u00e9dico I para diversas especialidades. Os sal\u00e1rios para o cargo s\u00e3o de R$ 5.694,17, al\u00e9m de aux\u00edlio alimenta\u00e7\u00e3o de R$ 360, para carga hor\u00e1ria de 20 horas semanais. As inscri\u00e7\u00f5es devem\u2026","rel":"","context":"In &quot;Not\u00edcias de Ribeir\u00e3o Preto-SP e Regi\u00e3o&quot;","block_context":{"text":"Not\u00edcias de Ribeir\u00e3o Preto-SP e Regi\u00e3o","link":"https:\/\/noticiasribeiraopreto.com.br\/index.php\/category\/noticias-de-ribeirao-preto-sp-e-regiao-ismael-colosi\/"},"img":{"alt_text":"","src":"https:\/\/i0.wp.com\/noticiasribeiraopreto.com.br\/wp-content\/uploads\/2024\/03\/concurso-publico-14-1068x713-1.jpg?fit=1068%2C713&ssl=1&resize=350%2C200","width":350,"height":200,"srcset":"https:\/\/i0.wp.com\/noticiasribeiraopreto.com.br\/wp-content\/uploads\/2024\/03\/concurso-publico-14-1068x713-1.jpg?fit=1068%2C713&ssl=1&resize=350%2C200 1x, https:\/\/i0.wp.com\/noticiasribeiraopreto.com.br\/wp-content\/uploads\/2024\/03\/concurso-publico-14-1068x713-1.jpg?fit=1068%2C713&ssl=1&resize=525%2C300 1.5x, https:\/\/i0.wp.com\/noticiasribeiraopreto.com.br\/wp-content\/uploads\/2024\/03\/concurso-publico-14-1068x713-1.jpg?fit=1068%2C713&ssl=1&resize=700%2C400 2x, https:\/\/i0.wp.com\/noticiasribeiraopreto.com.br\/wp-content\/uploads\/2024\/03\/concurso-publico-14-1068x713-1.jpg?fit=1068%2C713&ssl=1&resize=1050%2C600 3x"},"classes":[]},{"id":66357,"url":"https:\/\/noticiasribeiraopreto.com.br\/index.php\/2025\/03\/31\/hc-ribeirao-preto-tem-concurso-publico-com-salarios-de-r-5-mil-veja-como-participar\/","url_meta":{"origin":73059,"position":1},"title":"HC Ribeir\u00e3o Preto tem concurso p\u00fablico com sal\u00e1rios de R$ 5 mil; Veja como participar","author":"noticiasribeiraopreto.com.br","date":"31 de March de 2025","format":false,"excerpt":"O HC-RP (Hospital das Cl\u00ednicas de Ribeir\u00e3o Preto) publicou nesta segunda-feira (31) edital de concurso p\u00fablico para o cargo de M\u00e9dico I \u2013 ambulat\u00f3rio de pediatria da Unidade de Emerg\u00eancia. Os sal\u00e1rios para o cargo s\u00e3o de R$ 5.695,18. As inscri\u00e7\u00f5es devem ser realizadas pela internet (clique aqui) no per\u00edodo\u2026","rel":"","context":"In &quot;Not\u00edcias de Ribeir\u00e3o Preto-SP e Regi\u00e3o&quot;","block_context":{"text":"Not\u00edcias de Ribeir\u00e3o Preto-SP e Regi\u00e3o","link":"https:\/\/noticiasribeiraopreto.com.br\/index.php\/category\/noticias-de-ribeirao-preto-sp-e-regiao-ismael-colosi\/"},"img":{"alt_text":"","src":"https:\/\/i0.wp.com\/noticiasribeiraopreto.com.br\/wp-content\/uploads\/2024\/05\/AnyConv.com__concurso-publico-5.webp.webp?fit=1200%2C800&ssl=1&resize=350%2C200","width":350,"height":200,"srcset":"https:\/\/i0.wp.com\/noticiasribeiraopreto.com.br\/wp-content\/uploads\/2024\/05\/AnyConv.com__concurso-publico-5.webp.webp?fit=1200%2C800&ssl=1&resize=350%2C200 1x, https:\/\/i0.wp.com\/noticiasribeiraopreto.com.br\/wp-content\/uploads\/2024\/05\/AnyConv.com__concurso-publico-5.webp.webp?fit=1200%2C800&ssl=1&resize=525%2C300 1.5x, https:\/\/i0.wp.com\/noticiasribeiraopreto.com.br\/wp-content\/uploads\/2024\/05\/AnyConv.com__concurso-publico-5.webp.webp?fit=1200%2C800&ssl=1&resize=700%2C400 2x, https:\/\/i0.wp.com\/noticiasribeiraopreto.com.br\/wp-content\/uploads\/2024\/05\/AnyConv.com__concurso-publico-5.webp.webp?fit=1200%2C800&ssl=1&resize=1050%2C600 3x"},"classes":[]},{"id":84996,"url":"https:\/\/noticiasribeiraopreto.com.br\/index.php\/2026\/04\/19\/veja-quatro-processos-seletivos-da-faepa-com-vagas-abertas-em-ribeirao-preto\/","url_meta":{"origin":73059,"position":2},"title":"Veja quatro processos seletivos da Faepa com vagas abertas em Ribeir\u00e3o Preto","author":"noticiasribeiraopreto.com.br","date":"19 de April de 2026","format":false,"excerpt":"Ler o resumo da not\u00edcia A Faepa (Funda\u00e7\u00e3o de Apoio ao Ensino, Pesquisa e Assist\u00eancia do Hospital das Cl\u00ednicas) abriu quatro processos seletivos em Ribeir\u00e3o Preto. As vagas s\u00e3o divulgadas nos editais 115\/2026, 116\/2026, 117\/2026 e 118\/2026. Os interessados podem consultar as oportunidades e se inscrever pelos canais oficiais da\u2026","rel":"","context":"In &quot;Not\u00edcias de Ribeir\u00e3o Preto-SP e Regi\u00e3o&quot;","block_context":{"text":"Not\u00edcias de Ribeir\u00e3o Preto-SP e Regi\u00e3o","link":"https:\/\/noticiasribeiraopreto.com.br\/index.php\/category\/noticias-de-ribeirao-preto-sp-e-regiao-ismael-colosi\/"},"img":{"alt_text":"","src":"https:\/\/i0.wp.com\/noticiasribeiraopreto.com.br\/wp-content\/uploads\/2026\/04\/entrevista-de-emprego.jpg?fit=1200%2C800&ssl=1&resize=350%2C200","width":350,"height":200,"srcset":"https:\/\/i0.wp.com\/noticiasribeiraopreto.com.br\/wp-content\/uploads\/2026\/04\/entrevista-de-emprego.jpg?fit=1200%2C800&ssl=1&resize=350%2C200 1x, https:\/\/i0.wp.com\/noticiasribeiraopreto.com.br\/wp-content\/uploads\/2026\/04\/entrevista-de-emprego.jpg?fit=1200%2C800&ssl=1&resize=525%2C300 1.5x, https:\/\/i0.wp.com\/noticiasribeiraopreto.com.br\/wp-content\/uploads\/2026\/04\/entrevista-de-emprego.jpg?fit=1200%2C800&ssl=1&resize=700%2C400 2x, https:\/\/i0.wp.com\/noticiasribeiraopreto.com.br\/wp-content\/uploads\/2026\/04\/entrevista-de-emprego.jpg?fit=1200%2C800&ssl=1&resize=1050%2C600 3x"},"classes":[]},{"id":84211,"url":"https:\/\/noticiasribeiraopreto.com.br\/index.php\/2026\/04\/04\/veja-os-concursos-publicos-com-inscricoes-abertas-no-hc-ribeirao-preto\/","url_meta":{"origin":73059,"position":3},"title":"Veja os concursos p\u00fablicos com inscri\u00e7\u00f5es abertas no HC Ribeir\u00e3o Preto","author":"noticiasribeiraopreto.com.br","date":"4 de April de 2026","format":false,"excerpt":"Ler o resumo da not\u00edcia Veja os concursos p\u00fablicos com inscri\u00e7\u00f5es abertas no HC Ribeir\u00e3o Preto O HC-RP (Hospital das Cl\u00ednicas de Ribeir\u00e3o Preto) est\u00e1 com inscri\u00e7\u00f5es abertas em tr\u00eas editais de concurso p\u00fablico. As vagas s\u00e3o para o cargo de M\u00e9dico I em diferentes especialidades. Confira: Veja as vagas\u2026","rel":"","context":"In &quot;Not\u00edcias de Ribeir\u00e3o Preto-SP e Regi\u00e3o&quot;","block_context":{"text":"Not\u00edcias de Ribeir\u00e3o Preto-SP e Regi\u00e3o","link":"https:\/\/noticiasribeiraopreto.com.br\/index.php\/category\/noticias-de-ribeirao-preto-sp-e-regiao-ismael-colosi\/"},"img":{"alt_text":"","src":"https:\/\/i0.wp.com\/noticiasribeiraopreto.com.br\/wp-content\/uploads\/2026\/04\/Copia-de-Copia-de-TAMANHO-EXATO-PARA-FOTOS-NO-SISTEMA-NOVO_2024-07-10_14-29-47_jpg_2024-07-10_14-29-47-1068x601-4.webp.webp?fit=1068%2C601&ssl=1&resize=350%2C200","width":350,"height":200,"srcset":"https:\/\/i0.wp.com\/noticiasribeiraopreto.com.br\/wp-content\/uploads\/2026\/04\/Copia-de-Copia-de-TAMANHO-EXATO-PARA-FOTOS-NO-SISTEMA-NOVO_2024-07-10_14-29-47_jpg_2024-07-10_14-29-47-1068x601-4.webp.webp?fit=1068%2C601&ssl=1&resize=350%2C200 1x, https:\/\/i0.wp.com\/noticiasribeiraopreto.com.br\/wp-content\/uploads\/2026\/04\/Copia-de-Copia-de-TAMANHO-EXATO-PARA-FOTOS-NO-SISTEMA-NOVO_2024-07-10_14-29-47_jpg_2024-07-10_14-29-47-1068x601-4.webp.webp?fit=1068%2C601&ssl=1&resize=525%2C300 1.5x, https:\/\/i0.wp.com\/noticiasribeiraopreto.com.br\/wp-content\/uploads\/2026\/04\/Copia-de-Copia-de-TAMANHO-EXATO-PARA-FOTOS-NO-SISTEMA-NOVO_2024-07-10_14-29-47_jpg_2024-07-10_14-29-47-1068x601-4.webp.webp?fit=1068%2C601&ssl=1&resize=700%2C400 2x, https:\/\/i0.wp.com\/noticiasribeiraopreto.com.br\/wp-content\/uploads\/2026\/04\/Copia-de-Copia-de-TAMANHO-EXATO-PARA-FOTOS-NO-SISTEMA-NOVO_2024-07-10_14-29-47_jpg_2024-07-10_14-29-47-1068x601-4.webp.webp?fit=1068%2C601&ssl=1&resize=1050%2C600 3x"},"classes":[]},{"id":74575,"url":"https:\/\/noticiasribeiraopreto.com.br\/index.php\/2025\/07\/24\/faepa-tem-processo-seletivo-com-vagas-em-ribeirao-preto-veja-como-participar\/","url_meta":{"origin":73059,"position":4},"title":"Faepa tem processo seletivo com vagas em Ribeir\u00e3o Preto; Veja como participar","author":"noticiasribeiraopreto.com.br","date":"24 de July de 2025","format":false,"excerpt":"A Faepa (Funda\u00e7\u00e3o de Apoio ao Ensino, Pesquisa e Assist\u00eancia do Hospital das Cl\u00ednicas) est\u00e1 com as inscri\u00e7\u00f5es abertas para processo seletivo em Ribeir\u00e3o Preto. Os sal\u00e1rios variam entre R$ 2.350,06 e R$ 8.000,27. As inscri\u00e7\u00f5es devem ser realizadas no site da Faepa (clique aqui) at\u00e9 14h do dia 25\u2026","rel":"","context":"In &quot;Not\u00edcias de Ribeir\u00e3o Preto-SP e Regi\u00e3o&quot;","block_context":{"text":"Not\u00edcias de Ribeir\u00e3o Preto-SP e Regi\u00e3o","link":"https:\/\/noticiasribeiraopreto.com.br\/index.php\/category\/noticias-de-ribeirao-preto-sp-e-regiao-ismael-colosi\/"},"img":{"alt_text":"","src":"https:\/\/i0.wp.com\/noticiasribeiraopreto.com.br\/wp-content\/uploads\/2025\/07\/Copia-de-Copia-de-TAMANHO-EXATO-PARA-FOTOS-NO-SISTEMA-NOVO_2024-07-10_14-29-47_jpg_2024-07-10_14-29-47.webp.webp?fit=1200%2C675&ssl=1&resize=350%2C200","width":350,"height":200,"srcset":"https:\/\/i0.wp.com\/noticiasribeiraopreto.com.br\/wp-content\/uploads\/2025\/07\/Copia-de-Copia-de-TAMANHO-EXATO-PARA-FOTOS-NO-SISTEMA-NOVO_2024-07-10_14-29-47_jpg_2024-07-10_14-29-47.webp.webp?fit=1200%2C675&ssl=1&resize=350%2C200 1x, https:\/\/i0.wp.com\/noticiasribeiraopreto.com.br\/wp-content\/uploads\/2025\/07\/Copia-de-Copia-de-TAMANHO-EXATO-PARA-FOTOS-NO-SISTEMA-NOVO_2024-07-10_14-29-47_jpg_2024-07-10_14-29-47.webp.webp?fit=1200%2C675&ssl=1&resize=525%2C300 1.5x, https:\/\/i0.wp.com\/noticiasribeiraopreto.com.br\/wp-content\/uploads\/2025\/07\/Copia-de-Copia-de-TAMANHO-EXATO-PARA-FOTOS-NO-SISTEMA-NOVO_2024-07-10_14-29-47_jpg_2024-07-10_14-29-47.webp.webp?fit=1200%2C675&ssl=1&resize=700%2C400 2x, https:\/\/i0.wp.com\/noticiasribeiraopreto.com.br\/wp-content\/uploads\/2025\/07\/Copia-de-Copia-de-TAMANHO-EXATO-PARA-FOTOS-NO-SISTEMA-NOVO_2024-07-10_14-29-47_jpg_2024-07-10_14-29-47.webp.webp?fit=1200%2C675&ssl=1&resize=1050%2C600 3x"},"classes":[]},{"id":65072,"url":"https:\/\/noticiasribeiraopreto.com.br\/index.php\/2025\/03\/15\/hemocentro-e-faepa-contam-com-vagas-de-emprego-em-ribeirao-preto\/","url_meta":{"origin":73059,"position":5},"title":"Hemocentro e Faepa contam com vagas de emprego em Ribeir\u00e3o Preto","author":"noticiasribeiraopreto.com.br","date":"15 de March de 2025","format":false,"excerpt":"A Funda\u00e7\u00e3o Hemocentro de Ribeir\u00e3o Preto e a Faepa (Funda\u00e7\u00e3o de Apoio ao Ensino, Pesquisa e Assist\u00eancia do Hospital das Cl\u00ednicas de Ribeir\u00e3o Preto) contam com tr\u00eas vagas de emprego. Os sal\u00e1rios variam entre R$ 4 mil e R$ 5,1 mil. Confira: Hemocentro Ribeir\u00e3o Preto O Hemocentro conta com uma\u2026","rel":"","context":"In &quot;Not\u00edcias de Ribeir\u00e3o Preto-SP e Regi\u00e3o&quot;","block_context":{"text":"Not\u00edcias de Ribeir\u00e3o Preto-SP e Regi\u00e3o","link":"https:\/\/noticiasribeiraopreto.com.br\/index.php\/category\/noticias-de-ribeirao-preto-sp-e-regiao-ismael-colosi\/"},"img":{"alt_text":"","src":"https:\/\/i0.wp.com\/noticiasribeiraopreto.com.br\/wp-content\/uploads\/2025\/03\/Capturar-1.jpg?fit=950%2C628&ssl=1&resize=350%2C200","width":350,"height":200,"srcset":"https:\/\/i0.wp.com\/noticiasribeiraopreto.com.br\/wp-content\/uploads\/2025\/03\/Capturar-1.jpg?fit=950%2C628&ssl=1&resize=350%2C200 1x, https:\/\/i0.wp.com\/noticiasribeiraopreto.com.br\/wp-content\/uploads\/2025\/03\/Capturar-1.jpg?fit=950%2C628&ssl=1&resize=525%2C300 1.5x, https:\/\/i0.wp.com\/noticiasribeiraopreto.com.br\/wp-content\/uploads\/2025\/03\/Capturar-1.jpg?fit=950%2C628&ssl=1&resize=700%2C400 2x"},"classes":[]}],"jetpack_sharing_enabled":true,"jetpack_shortlink":"https:\/\/wp.me\/peQAOb-j0n","_links":{"self":[{"href":"https:\/\/noticiasribeiraopreto.com.br\/index.php\/wp-json\/wp\/v2\/posts\/73059","targetHints":{"allow":["GET"]}}],"collection":[{"href":"https:\/\/noticiasribeiraopreto.com.br\/index.php\/wp-json\/wp\/v2\/posts"}],"about":[{"href":"https:\/\/noticiasribeiraopreto.com.br\/index.php\/wp-json\/wp\/v2\/types\/post"}],"author":[{"embeddable":true,"href":"https:\/\/noticiasribeiraopreto.com.br\/index.php\/wp-json\/wp\/v2\/users\/1"}],"replies":[{"embeddable":true,"href":"https:\/\/noticiasribeiraopreto.com.br\/index.php\/wp-json\/wp\/v2\/comments?post=73059"}],"version-history":[{"count":0,"href":"https:\/\/noticiasribeiraopreto.com.br\/index.php\/wp-json\/wp\/v2\/posts\/73059\/revisions"}],"wp:featuredmedia":[{"embeddable":true,"href":"https:\/\/noticiasribeiraopreto.com.br\/index.php\/wp-json\/wp\/v2\/media\/73060"}],"wp:attachment":[{"href":"https:\/\/noticiasribeiraopreto.com.br\/index.php\/wp-json\/wp\/v2\/media?parent=73059"}],"wp:term":[{"taxonomy":"category","embeddable":true,"href":"https:\/\/noticiasribeiraopreto.com.br\/index.php\/wp-json\/wp\/v2\/categories?post=73059"},{"taxonomy":"post_tag","embeddable":true,"href":"https:\/\/noticiasribeiraopreto.com.br\/index.php\/wp-json\/wp\/v2\/tags?post=73059"}],"curies":[{"name":"wp","href":"https:\/\/api.w.org\/{rel}","templated":true}]}}