{"id":73061,"date":"2025-06-24T19:10:27","date_gmt":"2025-06-24T22:10:27","guid":{"rendered":"https:\/\/noticiasribeiraopreto.com.br\/index.php\/2025\/06\/24\/gusttavo-lima-chega-a-ribeirao-preto-com-o-projeto-embaixador-classic-ainda-ha-ingressos\/"},"modified":"2025-06-24T19:10:27","modified_gmt":"2025-06-24T22:10:27","slug":"gusttavo-lima-chega-a-ribeirao-preto-com-o-projeto-embaixador-classic-ainda-ha-ingressos","status":"publish","type":"post","link":"https:\/\/noticiasribeiraopreto.com.br\/index.php\/2025\/06\/24\/gusttavo-lima-chega-a-ribeirao-preto-com-o-projeto-embaixador-classic-ainda-ha-ingressos\/","title":{"rendered":"Gusttavo Lima chega a Ribeir\u00e3o Preto com o projeto Embaixador Classic; ainda h\u00e1 ingressos"},"content":{"rendered":"<p> <br \/>\n<\/p>\n<div data-td-block-uid=\"tdi_95\">\n<div class=\"tdb-block-inner td-fix-index\">\n<p>O cantor <strong>Gusttavo Lima se apresenta neste s\u00e1bado (28)<\/strong>, a partir das 17h, no <strong>Est\u00e1dio Santa Cruz<\/strong>, em <strong>Ribeir\u00e3o Preto.<\/strong> O show faz parte do projeto <strong>Embaixador Classic<\/strong>, que traz o artista acompanhado de uma orquestra ao vivo.<\/p>\n<p><strong>Ainda h\u00e1 ingressos dispon\u00edveis<\/strong>; os valores variam conforme o setor escolhido, com e sem open bar, e podem ser adquiridos no site \u2013 <a href=\"https:\/\/baladapp.com.br\/pt-BR\/eventos\/embaixador-classic-ribeirao-preto\/6481\">clique aqui.<\/a><\/p>\n<h4 class=\"wp-block-heading\"><strong>Confira os pre\u00e7os e setores:<\/strong><\/h4>\n<p><strong>Arena Classic (sem open bar)<\/strong><br \/>\u2013 Inteira: R$ 180 + taxas<br \/>\u2013 Meia solid\u00e1ria (1\u202fkg de alimento): R$ 90 + taxas<\/p>\n<p><strong>Frontstage Embaixador (open bar)<\/strong><br \/>\u2013 Inteira: R$ 660 + taxas<br \/>\u2013 Meia solid\u00e1ria (1\u202fkg de alimento): R$ 330 + taxas<\/p>\n<p><strong>Camarote Premium (open bar)<\/strong><br \/>\u2013 Inteira: R$ 960 + taxas<br \/>\u2013 Meia solid\u00e1ria (1\u202fkg de alimento): R$ 480 + taxas<\/p>\n<p><strong>Cadeiras avulsas<\/strong><br \/>\u2013 Inteira: R$ 200 + taxas<br \/>\u2013 Meia solid\u00e1ria (1\u202fkg de alimento): R$ 100 + taxas<\/p>\n<p><strong>Lounges (\u00e0 escolha no mapa)<\/strong><br \/>\u2013 Lounges padr\u00e3o &amp; Front VIP: a partir de R$ 10.000 cada<\/p>\n<p><strong>Camarotes<\/strong><br \/>\u2013 Bar do Zeca Pagodinho: R$ 180 + taxas (inteira)<br \/>\u2013 Hard Rock: R$ 150 + taxas (inteira)<\/p>\n<h4 class=\"wp-block-heading\"><strong>Veja o mapa:<\/strong><\/h4>\n<div class=\"wp-block-image\">\n<figure class=\"aligncenter size-large\"><img data-recalc-dims=\"1\" fetchpriority=\"high\" decoding=\"async\" width=\"1024\" height=\"574\" src=\"https:\/\/i0.wp.com\/cdn.media-acidadeon.com.br\/ribeiraopreto\/wp-content\/uploads\/sites\/3\/2025\/06\/image_2025-06-24_19-14-11-1024x574.webp?resize=1024%2C574&#038;ssl=1\" alt=\"\" class=\"wp-image-120707\" srcset=\"https:\/\/cdn.media-acidadeon.com.br\/ribeiraopreto\/wp-content\/uploads\/sites\/3\/2025\/06\/image_2025-06-24_19-14-11-1024x574.webp 1024w, https:\/\/cdn.media-acidadeon.com.br\/ribeiraopreto\/wp-content\/uploads\/sites\/3\/2025\/06\/image_2025-06-24_19-14-11-300x168.webp 300w, https:\/\/cdn.media-acidadeon.com.br\/ribeiraopreto\/wp-content\/uploads\/sites\/3\/2025\/06\/image_2025-06-24_19-14-11-768x431.webp 768w, https:\/\/cdn.media-acidadeon.com.br\/ribeiraopreto\/wp-content\/uploads\/sites\/3\/2025\/06\/image_2025-06-24_19-14-11-696x390.webp 696w, https:\/\/cdn.media-acidadeon.com.br\/ribeiraopreto\/wp-content\/uploads\/sites\/3\/2025\/06\/image_2025-06-24_19-14-11-1068x599.webp 1068w, https:\/\/cdn.media-acidadeon.com.br\/ribeiraopreto\/wp-content\/uploads\/sites\/3\/2025\/06\/image_2025-06-24_19-14-11.webp 1138w\" sizes=\"(max-width: 1024px) 100vw, 1024px\"\/><figcaption class=\"wp-element-caption\">Reprodu\u00e7\u00e3o<\/figcaption><\/figure>\n<\/div>\n<hr class=\"wp-block-separator has-alpha-channel-opacity\"\/>\n<p>SAIBA MAIS<\/p>\n<p>Ladr\u00f5es roubam at\u00e9 roupas de homem em situa\u00e7\u00e3o de rua em Ribeir\u00e3o Preto<\/p>\n<h2 class=\"wp-block-heading\"><strong>FIQUE ON<\/strong><\/h2>\n<p>Quer ficar por dentro de tudo que acontece em Ribeir\u00e3o Preto e regi\u00e3o? Ent\u00e3o siga os perfis do\u202facidade on\u202fno\u202f<a href=\"https:\/\/www.instagram.com\/acidadeonribeirao\" target=\"_blank\" rel=\"noreferrer noopener\">Instagram<\/a>\u202fe no\u202f<a href=\"https:\/\/www.facebook.com\/acidadeonribeirao\/\" target=\"_blank\" rel=\"noreferrer noopener\">Facebook<\/a>.<\/p>\n<p>Al\u00e9m disso, voc\u00ea pode receber as principais not\u00edcias diretamente no WhatsApp. Para isso, basta\u00a0<a href=\"https:\/\/chat.whatsapp.com\/BjKQZ9oJwlz8VVT50NuePq\" target=\"_blank\" rel=\"noreferrer noopener\">entrar no grupo clicando aqui<\/a>.<\/p>\n<p>Por fim, se quiser fazer uma den\u00fancia ou sugerir uma reportagem sobre Ribeir\u00e3o Preto e regi\u00e3o, envie uma mensagem pelo WhatsApp: (16) 99117-7802.<\/p>\n<p>VEJA TAMB\u00c9M<\/p>\n<p>N\u00famero de deputados vai aumentar no Brasil?<\/p>\n<p><!-- CONTENT END 1 -->\n<\/div>\n<\/div>\n<p><script async src=\"\/\/www.instagram.com\/embed.js\"><\/script><br \/>\n<br \/><br \/>\n<br \/><a href=\"https:\/\/www.acidadeon.com\/ribeiraopreto\/lazer-e-cultura\/gusttavo-lima-chega-a-ribeirao-preto-com-o-projeto-embaixador-classic-ainda-ha-ingressos\/\">Source link <\/a><\/p>\n","protected":false},"excerpt":{"rendered":"<p>O cantor Gusttavo Lima se apresenta neste s\u00e1bado (28), a partir das 17h, no Est\u00e1dio Santa Cruz, em Ribeir\u00e3o Preto. O show faz parte do&#8230;<\/p>\n","protected":false},"author":1,"featured_media":73062,"comment_status":"open","ping_status":"open","sticky":false,"template":"","format":"standard","meta":{"advanced_seo_description":"","jetpack_seo_html_title":"","jetpack_seo_noindex":false,"jetpack_post_was_ever_published":false,"_jetpack_newsletter_access":"","_jetpack_dont_email_post_to_subs":false,"_jetpack_newsletter_tier_id":0,"_jetpack_memberships_contains_paywalled_content":false,"_jetpack_memberships_contains_paid_content":false,"footnotes":"","jetpack_publicize_message":"","jetpack_publicize_feature_enabled":true,"jetpack_social_post_already_shared":true,"jetpack_social_options":{"image_generator_settings":{"template":"highway","default_image_id":0,"font":"","enabled":false},"version":2}},"categories":[11],"tags":[],"class_list":["post-73061","post","type-post","status-publish","format-standard","has-post-thumbnail","hentry","category-noticias-de-ribeirao-preto-sp-e-regiao-ismael-colosi"],"jetpack_publicize_connections":[],"jetpack_featured_media_url":"https:\/\/i0.wp.com\/noticiasribeiraopreto.com.br\/wp-content\/uploads\/2025\/06\/IMG_9753-scaled-1_2025-01-21_15-41-41_jpg_2025-01-21_15-41-42.webp.webp?fit=2560%2C1708&ssl=1","jetpack-related-posts":[{"id":64706,"url":"https:\/\/noticiasribeiraopreto.com.br\/index.php\/2025\/03\/11\/gusttavo-lima-em-ribeirao-ingressos-ja-estao-a-venda-e-precos-variam-de-r-70-a-r-10-mil\/","url_meta":{"origin":73061,"position":0},"title":"Gusttavo Lima em Ribeir\u00e3o: Ingressos j\u00e1 est\u00e3o \u00e0 venda e pre\u00e7os variam de R$ 70 a R$ 10 mil","author":"noticiasribeiraopreto.com.br","date":"11 de March de 2025","format":false,"excerpt":"O cantor Gusttavo Lima se apresenta em Ribeir\u00e3o Preto no dia 28 de junho. Os ingressos come\u00e7aram a ser vendidos nesta ter\u00e7a-feira (11) e os pre\u00e7os variam de R$ 70 a R$ 10 mil. O projeto, denominado \u2018O Embaixador Classic\u2019, vai acontecer no Parque Permanente de Exposi\u00e7\u00f5es. Ao todo, s\u00e3o\u2026","rel":"","context":"In &quot;Not\u00edcias de Ribeir\u00e3o Preto-SP e Regi\u00e3o&quot;","block_context":{"text":"Not\u00edcias de Ribeir\u00e3o Preto-SP e Regi\u00e3o","link":"https:\/\/noticiasribeiraopreto.com.br\/index.php\/category\/noticias-de-ribeirao-preto-sp-e-regiao-ismael-colosi\/"},"img":{"alt_text":"","src":"https:\/\/i0.wp.com\/noticiasribeiraopreto.com.br\/wp-content\/uploads\/2025\/01\/IMG_9753-scaled-1_2025-01-21_15-41-41_jpg_2025-01-21_15-41-42.webp.webp?fit=1200%2C801&ssl=1&resize=350%2C200","width":350,"height":200,"srcset":"https:\/\/i0.wp.com\/noticiasribeiraopreto.com.br\/wp-content\/uploads\/2025\/01\/IMG_9753-scaled-1_2025-01-21_15-41-41_jpg_2025-01-21_15-41-42.webp.webp?fit=1200%2C801&ssl=1&resize=350%2C200 1x, https:\/\/i0.wp.com\/noticiasribeiraopreto.com.br\/wp-content\/uploads\/2025\/01\/IMG_9753-scaled-1_2025-01-21_15-41-41_jpg_2025-01-21_15-41-42.webp.webp?fit=1200%2C801&ssl=1&resize=525%2C300 1.5x, https:\/\/i0.wp.com\/noticiasribeiraopreto.com.br\/wp-content\/uploads\/2025\/01\/IMG_9753-scaled-1_2025-01-21_15-41-41_jpg_2025-01-21_15-41-42.webp.webp?fit=1200%2C801&ssl=1&resize=700%2C400 2x, https:\/\/i0.wp.com\/noticiasribeiraopreto.com.br\/wp-content\/uploads\/2025\/01\/IMG_9753-scaled-1_2025-01-21_15-41-41_jpg_2025-01-21_15-41-42.webp.webp?fit=1200%2C801&ssl=1&resize=1050%2C600 3x"},"classes":[]},{"id":74388,"url":"https:\/\/noticiasribeiraopreto.com.br\/index.php\/2025\/07\/21\/jorge-e-mateus-em-ribeirao-ingressos-ja-estao-a-venda-e-precos-variam-de-r-80-a-r-12-mil\/","url_meta":{"origin":73061,"position":1},"title":"Jorge e Mateus em Ribeir\u00e3o: Ingressos j\u00e1 est\u00e3o \u00e0 venda e pre\u00e7os variam de R$ 80 a R$ 1,2 mil","author":"noticiasribeiraopreto.com.br","date":"21 de July de 2025","format":false,"excerpt":"A dupla Jorge e Mateus se apresenta em Ribeir\u00e3o Preto no dia 20 de dezembro de 2025, no Est\u00e1dio Santa Cruz. O show faz parte da turn\u00ea comemorativa de 20 anos de carreira. A venda de ingressos come\u00e7ou nesta segunda-feira (21) e os pre\u00e7os variam entre R$ 80 e R$\u2026","rel":"","context":"In &quot;Not\u00edcias de Ribeir\u00e3o Preto-SP e Regi\u00e3o&quot;","block_context":{"text":"Not\u00edcias de Ribeir\u00e3o Preto-SP e Regi\u00e3o","link":"https:\/\/noticiasribeiraopreto.com.br\/index.php\/category\/noticias-de-ribeirao-preto-sp-e-regiao-ismael-colosi\/"},"img":{"alt_text":"","src":"https:\/\/i0.wp.com\/noticiasribeiraopreto.com.br\/wp-content\/uploads\/2025\/07\/WhatsApp-Image-2025-06-05-at-12.22.44_2025-06-05_15-45-13.webp.webp?fit=1200%2C801&ssl=1&resize=350%2C200","width":350,"height":200,"srcset":"https:\/\/i0.wp.com\/noticiasribeiraopreto.com.br\/wp-content\/uploads\/2025\/07\/WhatsApp-Image-2025-06-05-at-12.22.44_2025-06-05_15-45-13.webp.webp?fit=1200%2C801&ssl=1&resize=350%2C200 1x, https:\/\/i0.wp.com\/noticiasribeiraopreto.com.br\/wp-content\/uploads\/2025\/07\/WhatsApp-Image-2025-06-05-at-12.22.44_2025-06-05_15-45-13.webp.webp?fit=1200%2C801&ssl=1&resize=525%2C300 1.5x, https:\/\/i0.wp.com\/noticiasribeiraopreto.com.br\/wp-content\/uploads\/2025\/07\/WhatsApp-Image-2025-06-05-at-12.22.44_2025-06-05_15-45-13.webp.webp?fit=1200%2C801&ssl=1&resize=700%2C400 2x, https:\/\/i0.wp.com\/noticiasribeiraopreto.com.br\/wp-content\/uploads\/2025\/07\/WhatsApp-Image-2025-06-05-at-12.22.44_2025-06-05_15-45-13.webp.webp?fit=1200%2C801&ssl=1&resize=1050%2C600 3x"},"classes":[]},{"id":40514,"url":"https:\/\/noticiasribeiraopreto.com.br\/index.php\/2024\/03\/04\/veja-como-comprar-ingresso-solidario-para-o-ribeirao-rodeo-music\/","url_meta":{"origin":73061,"position":2},"title":"Veja como comprar ingresso solid\u00e1rio para o Ribeir\u00e3o Rodeo Music","author":"noticiasribeiraopreto.com.br","date":"4 de March de 2024","format":false,"excerpt":"Para quem optar por comprar o ingresso para o Ribeir\u00e3o Rodeo Music com desconto, a op\u00e7\u00e3o oferecida pela organiza\u00e7\u00e3o do evento \u00e9 o ingresso solid\u00e1rio. O valor da entrada solid\u00e1ria \u00e9 v\u00e1lido para os setores: arena e camarote Black Lounge Ballantine\u2019s (n\u00e3o open bar), por\u00e9m, \u00e9 necess\u00e1rio que seja entregue\u2026","rel":"","context":"In &quot;Not\u00edcias de Ribeir\u00e3o Preto-SP e Regi\u00e3o&quot;","block_context":{"text":"Not\u00edcias de Ribeir\u00e3o Preto-SP e Regi\u00e3o","link":"https:\/\/noticiasribeiraopreto.com.br\/index.php\/category\/noticias-de-ribeirao-preto-sp-e-regiao-ismael-colosi\/"},"img":{"alt_text":"","src":"https:\/\/i0.wp.com\/noticiasribeiraopreto.com.br\/wp-content\/uploads\/2024\/03\/Copia-de-Copia-de-TAMANHO-EXATO-PARA-FOTOS-NO-SISTEMA-NOVO-25.jpg?fit=1200%2C675&ssl=1&resize=350%2C200","width":350,"height":200,"srcset":"https:\/\/i0.wp.com\/noticiasribeiraopreto.com.br\/wp-content\/uploads\/2024\/03\/Copia-de-Copia-de-TAMANHO-EXATO-PARA-FOTOS-NO-SISTEMA-NOVO-25.jpg?fit=1200%2C675&ssl=1&resize=350%2C200 1x, https:\/\/i0.wp.com\/noticiasribeiraopreto.com.br\/wp-content\/uploads\/2024\/03\/Copia-de-Copia-de-TAMANHO-EXATO-PARA-FOTOS-NO-SISTEMA-NOVO-25.jpg?fit=1200%2C675&ssl=1&resize=525%2C300 1.5x, https:\/\/i0.wp.com\/noticiasribeiraopreto.com.br\/wp-content\/uploads\/2024\/03\/Copia-de-Copia-de-TAMANHO-EXATO-PARA-FOTOS-NO-SISTEMA-NOVO-25.jpg?fit=1200%2C675&ssl=1&resize=700%2C400 2x, https:\/\/i0.wp.com\/noticiasribeiraopreto.com.br\/wp-content\/uploads\/2024\/03\/Copia-de-Copia-de-TAMANHO-EXATO-PARA-FOTOS-NO-SISTEMA-NOVO-25.jpg?fit=1200%2C675&ssl=1&resize=1050%2C600 3x"},"classes":[]},{"id":51656,"url":"https:\/\/noticiasribeiraopreto.com.br\/index.php\/2024\/05\/28\/gusttavo-lima-se-apresenta-na-regiao-de-ribeirao-preto-ingressos-estao-disponiveis\/","url_meta":{"origin":73061,"position":3},"title":"Gusttavo Lima se apresenta na regi\u00e3o de Ribeir\u00e3o Preto; Ingressos est\u00e3o dispon\u00edveis","author":"noticiasribeiraopreto.com.br","date":"28 de May de 2024","format":false,"excerpt":"Os ingressos para o show do cantor Gusttavo Lima em Pontal, cidade a aproximadamente 38 quil\u00f4metros de Ribeir\u00e3o Preto, ainda est\u00e3o dispon\u00edveis. A apresenta\u00e7\u00e3o acontece no dia 06 de junho, a partir das 21h, durante o Pontal Rodeo Music. O evento segue at\u00e9 o dia 8 de junho e ter\u00e1\u2026","rel":"","context":"In &quot;Not\u00edcias de Ribeir\u00e3o Preto-SP e Regi\u00e3o&quot;","block_context":{"text":"Not\u00edcias de Ribeir\u00e3o Preto-SP e Regi\u00e3o","link":"https:\/\/noticiasribeiraopreto.com.br\/index.php\/category\/noticias-de-ribeirao-preto-sp-e-regiao-ismael-colosi\/"},"img":{"alt_text":"","src":"https:\/\/i0.wp.com\/noticiasribeiraopreto.com.br\/wp-content\/uploads\/2024\/04\/AnyConv.com__GL_III-e1714330490605.webp.webp?fit=900%2C692&ssl=1&resize=350%2C200","width":350,"height":200,"srcset":"https:\/\/i0.wp.com\/noticiasribeiraopreto.com.br\/wp-content\/uploads\/2024\/04\/AnyConv.com__GL_III-e1714330490605.webp.webp?fit=900%2C692&ssl=1&resize=350%2C200 1x, https:\/\/i0.wp.com\/noticiasribeiraopreto.com.br\/wp-content\/uploads\/2024\/04\/AnyConv.com__GL_III-e1714330490605.webp.webp?fit=900%2C692&ssl=1&resize=525%2C300 1.5x, https:\/\/i0.wp.com\/noticiasribeiraopreto.com.br\/wp-content\/uploads\/2024\/04\/AnyConv.com__GL_III-e1714330490605.webp.webp?fit=900%2C692&ssl=1&resize=700%2C400 2x"},"classes":[]},{"id":49441,"url":"https:\/\/noticiasribeiraopreto.com.br\/index.php\/2024\/05\/10\/gusttavo-lima-faz-show-na-regiao-de-ribeirao-preto-veja-como-comprar-ingressos\/","url_meta":{"origin":73061,"position":4},"title":"Gusttavo Lima faz show na regi\u00e3o de Ribeir\u00e3o Preto; Veja como comprar ingressos","author":"noticiasribeiraopreto.com.br","date":"10 de May de 2024","format":false,"excerpt":"O cantor Gusttavo Lima se apresenta em Pontal, cidade a cerca de 38 quil\u00f4metros de Ribeir\u00e3o Preto, no dia 06 de junho, a partir das 21h. A apresenta\u00e7\u00e3o faz parte do Pontal Rodeo Music, que acontece entre os dias 06 e 08 de junho, no Parque Permanente de Exposi\u00e7\u00f5es Isaura\u2026","rel":"","context":"In &quot;Not\u00edcias de Ribeir\u00e3o Preto-SP e Regi\u00e3o&quot;","block_context":{"text":"Not\u00edcias de Ribeir\u00e3o Preto-SP e Regi\u00e3o","link":"https:\/\/noticiasribeiraopreto.com.br\/index.php\/category\/noticias-de-ribeirao-preto-sp-e-regiao-ismael-colosi\/"},"img":{"alt_text":"","src":"https:\/\/i0.wp.com\/noticiasribeiraopreto.com.br\/wp-content\/uploads\/2024\/05\/InShot_20230728_093159520-scaled.jpg?fit=1200%2C800&ssl=1&resize=350%2C200","width":350,"height":200,"srcset":"https:\/\/i0.wp.com\/noticiasribeiraopreto.com.br\/wp-content\/uploads\/2024\/05\/InShot_20230728_093159520-scaled.jpg?fit=1200%2C800&ssl=1&resize=350%2C200 1x, https:\/\/i0.wp.com\/noticiasribeiraopreto.com.br\/wp-content\/uploads\/2024\/05\/InShot_20230728_093159520-scaled.jpg?fit=1200%2C800&ssl=1&resize=525%2C300 1.5x, https:\/\/i0.wp.com\/noticiasribeiraopreto.com.br\/wp-content\/uploads\/2024\/05\/InShot_20230728_093159520-scaled.jpg?fit=1200%2C800&ssl=1&resize=700%2C400 2x, https:\/\/i0.wp.com\/noticiasribeiraopreto.com.br\/wp-content\/uploads\/2024\/05\/InShot_20230728_093159520-scaled.jpg?fit=1200%2C800&ssl=1&resize=1050%2C600 3x"},"classes":[]},{"id":82851,"url":"https:\/\/noticiasribeiraopreto.com.br\/index.php\/2026\/03\/01\/ingressos-para-o-ribeirao-rodeo-music-ja-estao-a-venda-saiba-como-garantir-o-seu\/","url_meta":{"origin":73061,"position":5},"title":"Ingressos para o Ribeir\u00e3o Rodeo Music j\u00e1 est\u00e3o \u00e0 venda; Saiba como garantir o seu","author":"noticiasribeiraopreto.com.br","date":"1 de March de 2026","format":false,"excerpt":"J\u00e1 est\u00e3o dispon\u00edveis os ingressos para a edi\u00e7\u00e3o de 20 anos do Ribeir\u00e3o Rodeo Music, que acontece entre os dias 30 de abril, 02, 08 e 09 de maio, no Parque Permanente de Exposi\u00e7\u00e3o de Ribeir\u00e3o Preto. A programa\u00e7\u00e3o do tradicional evento re\u00fane grandes nomes da m\u00fasica sertaneja, como Ana\u2026","rel":"","context":"In &quot;Not\u00edcias de Ribeir\u00e3o Preto-SP e Regi\u00e3o&quot;","block_context":{"text":"Not\u00edcias de Ribeir\u00e3o Preto-SP e Regi\u00e3o","link":"https:\/\/noticiasribeiraopreto.com.br\/index.php\/category\/noticias-de-ribeirao-preto-sp-e-regiao-ismael-colosi\/"},"img":{"alt_text":"","src":"https:\/\/i0.wp.com\/noticiasribeiraopreto.com.br\/wp-content\/uploads\/2026\/03\/rrm-2025_2025-04-26_22-42-24.webp.webp?fit=1200%2C800&ssl=1&resize=350%2C200","width":350,"height":200,"srcset":"https:\/\/i0.wp.com\/noticiasribeiraopreto.com.br\/wp-content\/uploads\/2026\/03\/rrm-2025_2025-04-26_22-42-24.webp.webp?fit=1200%2C800&ssl=1&resize=350%2C200 1x, https:\/\/i0.wp.com\/noticiasribeiraopreto.com.br\/wp-content\/uploads\/2026\/03\/rrm-2025_2025-04-26_22-42-24.webp.webp?fit=1200%2C800&ssl=1&resize=525%2C300 1.5x, https:\/\/i0.wp.com\/noticiasribeiraopreto.com.br\/wp-content\/uploads\/2026\/03\/rrm-2025_2025-04-26_22-42-24.webp.webp?fit=1200%2C800&ssl=1&resize=700%2C400 2x, https:\/\/i0.wp.com\/noticiasribeiraopreto.com.br\/wp-content\/uploads\/2026\/03\/rrm-2025_2025-04-26_22-42-24.webp.webp?fit=1200%2C800&ssl=1&resize=1050%2C600 3x"},"classes":[]}],"jetpack_sharing_enabled":true,"jetpack_shortlink":"https:\/\/wp.me\/peQAOb-j0p","_links":{"self":[{"href":"https:\/\/noticiasribeiraopreto.com.br\/index.php\/wp-json\/wp\/v2\/posts\/73061","targetHints":{"allow":["GET"]}}],"collection":[{"href":"https:\/\/noticiasribeiraopreto.com.br\/index.php\/wp-json\/wp\/v2\/posts"}],"about":[{"href":"https:\/\/noticiasribeiraopreto.com.br\/index.php\/wp-json\/wp\/v2\/types\/post"}],"author":[{"embeddable":true,"href":"https:\/\/noticiasribeiraopreto.com.br\/index.php\/wp-json\/wp\/v2\/users\/1"}],"replies":[{"embeddable":true,"href":"https:\/\/noticiasribeiraopreto.com.br\/index.php\/wp-json\/wp\/v2\/comments?post=73061"}],"version-history":[{"count":0,"href":"https:\/\/noticiasribeiraopreto.com.br\/index.php\/wp-json\/wp\/v2\/posts\/73061\/revisions"}],"wp:featuredmedia":[{"embeddable":true,"href":"https:\/\/noticiasribeiraopreto.com.br\/index.php\/wp-json\/wp\/v2\/media\/73062"}],"wp:attachment":[{"href":"https:\/\/noticiasribeiraopreto.com.br\/index.php\/wp-json\/wp\/v2\/media?parent=73061"}],"wp:term":[{"taxonomy":"category","embeddable":true,"href":"https:\/\/noticiasribeiraopreto.com.br\/index.php\/wp-json\/wp\/v2\/categories?post=73061"},{"taxonomy":"post_tag","embeddable":true,"href":"https:\/\/noticiasribeiraopreto.com.br\/index.php\/wp-json\/wp\/v2\/tags?post=73061"}],"curies":[{"name":"wp","href":"https:\/\/api.w.org\/{rel}","templated":true}]}}