{"id":73065,"date":"2025-06-24T21:53:51","date_gmt":"2025-06-25T00:53:51","guid":{"rendered":"https:\/\/noticiasribeiraopreto.com.br\/index.php\/2025\/06\/24\/vai-esfriar-mais-inmet-alerta-para-queda-acentuada-de-temperatura\/"},"modified":"2025-06-24T21:53:51","modified_gmt":"2025-06-25T00:53:51","slug":"vai-esfriar-mais-inmet-alerta-para-queda-acentuada-de-temperatura","status":"publish","type":"post","link":"https:\/\/noticiasribeiraopreto.com.br\/index.php\/2025\/06\/24\/vai-esfriar-mais-inmet-alerta-para-queda-acentuada-de-temperatura\/","title":{"rendered":"Vai esfriar mais? Inmet alerta para queda acentuada de temperatura"},"content":{"rendered":"<p> <br \/>\n<\/p>\n<div data-td-block-uid=\"tdi_95\">\n<div class=\"tdb-block-inner td-fix-index\">\n<p>O <a href=\"https:\/\/alertas2.inmet.gov.br\/50856\">Instituto Nacional de Meteorologia (Inmet) <\/a>emitiu um alerta de perigo para queda acentuada de temperatura em diversas regi\u00f5es do pa\u00eds, incluindo o <strong>interior de S\u00e3o Paulo.<\/strong> O aviso vale entre a madrugada de s<strong>egunda-feira (23), a partir das 00h, at\u00e9 as 7h de quinta-feira (26), podendo ser prorrogado. <\/strong><\/p>\n<p>A previs\u00e3o \u00e9 de queda superior a 5\u00baC, o que pode representar risco \u00e0 sa\u00fade.<\/p>\n<p>O alerta inclui cidades da regi\u00e3o de Ribeir\u00e3o Preto, como <strong>Barretos<\/strong>, <strong>Bebedouro<\/strong>, <strong>Franca<\/strong>, <strong>Jaboticabal<\/strong>, <strong>Sert\u00e3ozinho<\/strong>, <strong>S\u00e3o Joaquim da Barra<\/strong>, <strong>Orl\u00e2ndia <\/strong>e <strong>Ribeir\u00e3o Preto<\/strong>.<\/p>\n<p>A orienta\u00e7\u00e3o do instituto \u00e9 para que os moradores fiquem atentos \u00e0s mudan\u00e7as bruscas no clima e, em caso de necessidade, entrem em contato com a Defesa Civil pelo telefone 199.<\/p>\n<hr class=\"wp-block-separator has-alpha-channel-opacity\"\/>\n<p>SAIBA MAIS<\/p>\n<p>INSS vai devolver valores a aposentados ap\u00f3s esquema de fraude; veja quando<\/p>\n<h4 class=\"wp-block-heading\"><strong>FIQUE ON<\/strong><\/h4>\n<p>Quer ficar por dentro de tudo que acontece em Ribeir\u00e3o Preto e regi\u00e3o? Ent\u00e3o siga os perfis do\u202facidade on\u202fno\u202f<a href=\"https:\/\/www.instagram.com\/acidadeonribeirao\" target=\"_blank\" rel=\"noreferrer noopener\">Instagram<\/a>\u202fe no\u202f<a href=\"https:\/\/www.facebook.com\/acidadeonribeirao\/\" target=\"_blank\" rel=\"noreferrer noopener\">Facebook<\/a>.<\/p>\n<p>Al\u00e9m disso, voc\u00ea pode receber as principais not\u00edcias diretamente no WhatsApp. Para isso, basta\u00a0<a href=\"https:\/\/chat.whatsapp.com\/BjKQZ9oJwlz8VVT50NuePq\" target=\"_blank\" rel=\"noreferrer noopener\">entrar no grupo clicando aqui<\/a>.<\/p>\n<p>Por fim, se quiser fazer uma den\u00fancia ou sugerir uma reportagem sobre Ribeir\u00e3o Preto e regi\u00e3o, envie uma mensagem pelo WhatsApp: (16) 99117-7802.<\/p>\n<p>VEJA TAMB\u00c9M<\/p>\n<p>Quando lan\u00e7am as miniaturas da F1 do McDonald\u2019s?<\/p>\n<p><!-- CONTENT END 1 -->\n<\/div>\n<\/div>\n<p><script async src=\"\/\/www.instagram.com\/embed.js\"><\/script><br \/>\n<br \/><br \/>\n<br \/><a href=\"https:\/\/www.acidadeon.com\/ribeiraopreto\/cotidiano\/vai-esfriar-mais-inmet-alerta-para-queda-acentuada-de-temperatura\/\">Source link <\/a><\/p>\n","protected":false},"excerpt":{"rendered":"<p>O Instituto Nacional de Meteorologia (Inmet) emitiu um alerta de perigo para queda acentuada de temperatura em diversas regi\u00f5es do pa\u00eds, incluindo o interior de&#8230;<\/p>\n","protected":false},"author":1,"featured_media":73066,"comment_status":"open","ping_status":"open","sticky":false,"template":"","format":"standard","meta":{"advanced_seo_description":"","jetpack_seo_html_title":"","jetpack_seo_noindex":false,"jetpack_post_was_ever_published":false,"_jetpack_newsletter_access":"","_jetpack_dont_email_post_to_subs":false,"_jetpack_newsletter_tier_id":0,"_jetpack_memberships_contains_paywalled_content":false,"_jetpack_memberships_contains_paid_content":false,"footnotes":"","jetpack_publicize_message":"","jetpack_publicize_feature_enabled":true,"jetpack_social_post_already_shared":true,"jetpack_social_options":{"image_generator_settings":{"template":"highway","default_image_id":0,"font":"","enabled":false},"version":2}},"categories":[11],"tags":[],"class_list":["post-73065","post","type-post","status-publish","format-standard","has-post-thumbnail","hentry","category-noticias-de-ribeirao-preto-sp-e-regiao-ismael-colosi"],"jetpack_publicize_connections":[],"jetpack_featured_media_url":"https:\/\/i0.wp.com\/noticiasribeiraopreto.com.br\/wp-content\/uploads\/2025\/06\/Copia-de-Copia-de-Copia-de-TAMANHO-EXATO-PARA-FOTOS-NO-SISTEMA-NOVO-2025-06-24T200406.521_2025-06-24_23-04-19.webp.webp?fit=1200%2C675&ssl=1","jetpack-related-posts":[{"id":77582,"url":"https:\/\/noticiasribeiraopreto.com.br\/index.php\/2025\/09\/22\/alerta-de-queda-na-temperatura-e-emitido-para-o-estado-de-sp\/","url_meta":{"origin":73065,"position":0},"title":"Alerta de queda na temperatura \u00e9 emitido para o estado de SP","author":"noticiasribeiraopreto.com.br","date":"22 de September de 2025","format":false,"excerpt":"O estado de S\u00e3o Paulo tem previs\u00e3o de queda na temperatura nos pr\u00f3ximos dias, ap\u00f3s a\u00a0passagem da frente\u00a0fria. O\u00a0Inmet (Instituto Nacional de Meteorologia)\u00a0publicou um alerta de \u201cperigo\u201d para decl\u00ednio de temperatura em todo o estado a partir desta segunda-feira (22). O aviso, que \u00e9 na cor laranja, a segunda em\u2026","rel":"","context":"In &quot;Not\u00edcias de Ribeir\u00e3o Preto-SP e Regi\u00e3o&quot;","block_context":{"text":"Not\u00edcias de Ribeir\u00e3o Preto-SP e Regi\u00e3o","link":"https:\/\/noticiasribeiraopreto.com.br\/index.php\/category\/noticias-de-ribeirao-preto-sp-e-regiao-ismael-colosi\/"},"img":{"alt_text":"","src":"https:\/\/i0.wp.com\/noticiasribeiraopreto.com.br\/wp-content\/uploads\/2025\/09\/ALERTA_2025-09-22_14-05-48.webp.webp?fit=1200%2C757&ssl=1&resize=350%2C200","width":350,"height":200,"srcset":"https:\/\/i0.wp.com\/noticiasribeiraopreto.com.br\/wp-content\/uploads\/2025\/09\/ALERTA_2025-09-22_14-05-48.webp.webp?fit=1200%2C757&ssl=1&resize=350%2C200 1x, https:\/\/i0.wp.com\/noticiasribeiraopreto.com.br\/wp-content\/uploads\/2025\/09\/ALERTA_2025-09-22_14-05-48.webp.webp?fit=1200%2C757&ssl=1&resize=525%2C300 1.5x, https:\/\/i0.wp.com\/noticiasribeiraopreto.com.br\/wp-content\/uploads\/2025\/09\/ALERTA_2025-09-22_14-05-48.webp.webp?fit=1200%2C757&ssl=1&resize=700%2C400 2x, https:\/\/i0.wp.com\/noticiasribeiraopreto.com.br\/wp-content\/uploads\/2025\/09\/ALERTA_2025-09-22_14-05-48.webp.webp?fit=1200%2C757&ssl=1&resize=1050%2C600 3x"},"classes":[]},{"id":70565,"url":"https:\/\/noticiasribeiraopreto.com.br\/index.php\/2025\/05\/27\/inmet-publica-alerta-de-queda-de-temperatura-para-ribeirao-preto\/","url_meta":{"origin":73065,"position":1},"title":"Inmet publica alerta de queda de temperatura para Ribeir\u00e3o Preto","author":"noticiasribeiraopreto.com.br","date":"27 de May de 2025","format":false,"excerpt":"O Inmet (Instituto Nacional de Meteorologia) publicou um alerta de decl\u00ednio de temperatura para Ribeir\u00e3o Preto e regi\u00e3o. Segundo o aviso, publicado nesta ter\u00e7a-feira (27), as temperaturas devem cair mais do que 5\u00b0C. O alerta tem in\u00edcio na quinta-feira (29) e segue at\u00e9 sexta-feira (30). \u00c9 v\u00e1lido informar que o\u2026","rel":"","context":"In &quot;Not\u00edcias de Ribeir\u00e3o Preto-SP e Regi\u00e3o&quot;","block_context":{"text":"Not\u00edcias de Ribeir\u00e3o Preto-SP e Regi\u00e3o","link":"https:\/\/noticiasribeiraopreto.com.br\/index.php\/category\/noticias-de-ribeirao-preto-sp-e-regiao-ismael-colosi\/"},"img":{"alt_text":"","src":"https:\/\/i0.wp.com\/noticiasribeiraopreto.com.br\/wp-content\/uploads\/2025\/05\/alerta-declinio-temperatura_2025-05-27_20-10-58.webp.webp?fit=1200%2C715&ssl=1&resize=350%2C200","width":350,"height":200,"srcset":"https:\/\/i0.wp.com\/noticiasribeiraopreto.com.br\/wp-content\/uploads\/2025\/05\/alerta-declinio-temperatura_2025-05-27_20-10-58.webp.webp?fit=1200%2C715&ssl=1&resize=350%2C200 1x, https:\/\/i0.wp.com\/noticiasribeiraopreto.com.br\/wp-content\/uploads\/2025\/05\/alerta-declinio-temperatura_2025-05-27_20-10-58.webp.webp?fit=1200%2C715&ssl=1&resize=525%2C300 1.5x, https:\/\/i0.wp.com\/noticiasribeiraopreto.com.br\/wp-content\/uploads\/2025\/05\/alerta-declinio-temperatura_2025-05-27_20-10-58.webp.webp?fit=1200%2C715&ssl=1&resize=700%2C400 2x, https:\/\/i0.wp.com\/noticiasribeiraopreto.com.br\/wp-content\/uploads\/2025\/05\/alerta-declinio-temperatura_2025-05-27_20-10-58.webp.webp?fit=1200%2C715&ssl=1&resize=1050%2C600 3x"},"classes":[]},{"id":73132,"url":"https:\/\/noticiasribeiraopreto.com.br\/index.php\/2025\/06\/25\/apos-onda-de-frio-inmet-alerta-para-chuvas-intensas-no-interior-de-sp\/","url_meta":{"origin":73065,"position":2},"title":"Ap\u00f3s onda de frio, Inmet alerta para chuvas intensas no interior de SP","author":"noticiasribeiraopreto.com.br","date":"25 de June de 2025","format":false,"excerpt":"O Instituto Nacional de Meteorologia (Inmet) mant\u00e9m o alerta de queda acentuada de temperatura para Ribeir\u00e3o Preto e regi\u00e3o at\u00e9 a manh\u00e3 de quinta-feira (27). J\u00e1 outras \u00e1reas do interior paulista entram em alerta para chuvas intensas a partir desta quarta-feira (26), com risco de ventos fortes, alagamentos e descargas\u2026","rel":"","context":"In &quot;Not\u00edcias de Ribeir\u00e3o Preto-SP e Regi\u00e3o&quot;","block_context":{"text":"Not\u00edcias de Ribeir\u00e3o Preto-SP e Regi\u00e3o","link":"https:\/\/noticiasribeiraopreto.com.br\/index.php\/category\/noticias-de-ribeirao-preto-sp-e-regiao-ismael-colosi\/"},"img":{"alt_text":"","src":"https:\/\/i0.wp.com\/noticiasribeiraopreto.com.br\/wp-content\/uploads\/2025\/06\/Copia-de-Copia-de-Copia-de-TAMANHO-EXATO-PARA-FOTOS-NO-SISTEMA-NOVO-2025-06-25T183006.204_2025-06-25_21-32-12.webp.webp?fit=1200%2C675&ssl=1&resize=350%2C200","width":350,"height":200,"srcset":"https:\/\/i0.wp.com\/noticiasribeiraopreto.com.br\/wp-content\/uploads\/2025\/06\/Copia-de-Copia-de-Copia-de-TAMANHO-EXATO-PARA-FOTOS-NO-SISTEMA-NOVO-2025-06-25T183006.204_2025-06-25_21-32-12.webp.webp?fit=1200%2C675&ssl=1&resize=350%2C200 1x, https:\/\/i0.wp.com\/noticiasribeiraopreto.com.br\/wp-content\/uploads\/2025\/06\/Copia-de-Copia-de-Copia-de-TAMANHO-EXATO-PARA-FOTOS-NO-SISTEMA-NOVO-2025-06-25T183006.204_2025-06-25_21-32-12.webp.webp?fit=1200%2C675&ssl=1&resize=525%2C300 1.5x, https:\/\/i0.wp.com\/noticiasribeiraopreto.com.br\/wp-content\/uploads\/2025\/06\/Copia-de-Copia-de-Copia-de-TAMANHO-EXATO-PARA-FOTOS-NO-SISTEMA-NOVO-2025-06-25T183006.204_2025-06-25_21-32-12.webp.webp?fit=1200%2C675&ssl=1&resize=700%2C400 2x, https:\/\/i0.wp.com\/noticiasribeiraopreto.com.br\/wp-content\/uploads\/2025\/06\/Copia-de-Copia-de-Copia-de-TAMANHO-EXATO-PARA-FOTOS-NO-SISTEMA-NOVO-2025-06-25T183006.204_2025-06-25_21-32-12.webp.webp?fit=1200%2C675&ssl=1&resize=1050%2C600 3x"},"classes":[]},{"id":55148,"url":"https:\/\/noticiasribeiraopreto.com.br\/index.php\/2024\/07\/30\/inmet-emite-alerta-para-queda-de-temperatura-no-estado-de-sp-confira-as-cidades\/","url_meta":{"origin":73065,"position":3},"title":"Inmet emite alerta para queda de temperatura no estado de SP; Confira as cidades","author":"noticiasribeiraopreto.com.br","date":"30 de July de 2024","format":false,"excerpt":"O Inmet (Instituto Nacional de Meteorologia) emitiu um alerta de perigo potencial para decl\u00ednio de temperatura em grande parte do estado de S\u00e3o Paulo. O aviso tem validade de 1h desta ter\u00e7a-feira (30) at\u00e9 as 20h desta quarta-feira (31), e inclui Ribeir\u00e3o Preto e cidades da regi\u00e3o. O alerta \u00e9\u2026","rel":"","context":"In &quot;Not\u00edcias de Ribeir\u00e3o Preto-SP e Regi\u00e3o&quot;","block_context":{"text":"Not\u00edcias de Ribeir\u00e3o Preto-SP e Regi\u00e3o","link":"https:\/\/noticiasribeiraopreto.com.br\/index.php\/category\/noticias-de-ribeirao-preto-sp-e-regiao-ismael-colosi\/"},"img":{"alt_text":"","src":"https:\/\/i0.wp.com\/noticiasribeiraopreto.com.br\/wp-content\/uploads\/2024\/07\/calcadao_ribeirao_1024x576_22052020190437.jpg?fit=1024%2C576&ssl=1&resize=350%2C200","width":350,"height":200,"srcset":"https:\/\/i0.wp.com\/noticiasribeiraopreto.com.br\/wp-content\/uploads\/2024\/07\/calcadao_ribeirao_1024x576_22052020190437.jpg?fit=1024%2C576&ssl=1&resize=350%2C200 1x, https:\/\/i0.wp.com\/noticiasribeiraopreto.com.br\/wp-content\/uploads\/2024\/07\/calcadao_ribeirao_1024x576_22052020190437.jpg?fit=1024%2C576&ssl=1&resize=525%2C300 1.5x, https:\/\/i0.wp.com\/noticiasribeiraopreto.com.br\/wp-content\/uploads\/2024\/07\/calcadao_ribeirao_1024x576_22052020190437.jpg?fit=1024%2C576&ssl=1&resize=700%2C400 2x"},"classes":[]},{"id":46904,"url":"https:\/\/noticiasribeiraopreto.com.br\/index.php\/2024\/04\/15\/primeiro-frio-do-outono-deve-trazer-chuvas-intensas-para-o-interior-de-sp-veja-cidades-afetadas\/","url_meta":{"origin":73065,"position":4},"title":"Primeiro frio do outono deve trazer chuvas intensas para o interior de SP; Veja cidades afetadas","author":"noticiasribeiraopreto.com.br","date":"15 de April de 2024","format":false,"excerpt":"O interior de S\u00e3o Paulo recebeu um novo alerta de perigo potencial para chuvas intensas, nesta segunda-feira (15). O alerta foi emitido dias antes da primeira queda de temperatura acentuada do outono. O comunicado emitido pelo Instituto Nacional de Meteorologia (Inmet) \u00e9 v\u00e1lido at\u00e9 \u00e0s 10h desta ter\u00e7a-feira (16), dia\u2026","rel":"","context":"In &quot;Not\u00edcias de Ribeir\u00e3o Preto-SP e Regi\u00e3o&quot;","block_context":{"text":"Not\u00edcias de Ribeir\u00e3o Preto-SP e Regi\u00e3o","link":"https:\/\/noticiasribeiraopreto.com.br\/index.php\/category\/noticias-de-ribeirao-preto-sp-e-regiao-ismael-colosi\/"},"img":{"alt_text":"","src":"https:\/\/i0.wp.com\/noticiasribeiraopreto.com.br\/wp-content\/uploads\/2024\/04\/chuva-no-interior.jpeg?fit=1200%2C903&ssl=1&resize=350%2C200","width":350,"height":200,"srcset":"https:\/\/i0.wp.com\/noticiasribeiraopreto.com.br\/wp-content\/uploads\/2024\/04\/chuva-no-interior.jpeg?fit=1200%2C903&ssl=1&resize=350%2C200 1x, https:\/\/i0.wp.com\/noticiasribeiraopreto.com.br\/wp-content\/uploads\/2024\/04\/chuva-no-interior.jpeg?fit=1200%2C903&ssl=1&resize=525%2C300 1.5x, https:\/\/i0.wp.com\/noticiasribeiraopreto.com.br\/wp-content\/uploads\/2024\/04\/chuva-no-interior.jpeg?fit=1200%2C903&ssl=1&resize=700%2C400 2x, https:\/\/i0.wp.com\/noticiasribeiraopreto.com.br\/wp-content\/uploads\/2024\/04\/chuva-no-interior.jpeg?fit=1200%2C903&ssl=1&resize=1050%2C600 3x"},"classes":[]},{"id":71772,"url":"https:\/\/noticiasribeiraopreto.com.br\/index.php\/2025\/06\/10\/inmet-publica-alerta-de-queda-na-temperatura-para-ribeirao-preto-e-regiao\/","url_meta":{"origin":73065,"position":5},"title":"Inmet publica alerta de queda na temperatura para Ribeir\u00e3o Preto e regi\u00e3o","author":"noticiasribeiraopreto.com.br","date":"10 de June de 2025","format":false,"excerpt":"O Inmet (Instituto Nacional de Meteorologia) publicou um alerta de \u201cperigo potencial\u201d para decl\u00ednio na temperatura. Ribeir\u00e3o Preto e cidades da regi\u00e3o est\u00e3o inclu\u00eddas na faixa amarela, a primeira em uma escala at\u00e9 tr\u00eas n\u00edveis de severidade, que abrange todo estado paulista. A previs\u00e3o \u00e9 de queda entre 3\u00baC e\u2026","rel":"","context":"In &quot;Not\u00edcias de Ribeir\u00e3o Preto-SP e Regi\u00e3o&quot;","block_context":{"text":"Not\u00edcias de Ribeir\u00e3o Preto-SP e Regi\u00e3o","link":"https:\/\/noticiasribeiraopreto.com.br\/index.php\/category\/noticias-de-ribeirao-preto-sp-e-regiao-ismael-colosi\/"},"img":{"alt_text":"","src":"https:\/\/i0.wp.com\/noticiasribeiraopreto.com.br\/wp-content\/uploads\/2025\/06\/frio_blusa_1200x675_20052022064557.jpg?fit=1200%2C675&ssl=1&resize=350%2C200","width":350,"height":200,"srcset":"https:\/\/i0.wp.com\/noticiasribeiraopreto.com.br\/wp-content\/uploads\/2025\/06\/frio_blusa_1200x675_20052022064557.jpg?fit=1200%2C675&ssl=1&resize=350%2C200 1x, https:\/\/i0.wp.com\/noticiasribeiraopreto.com.br\/wp-content\/uploads\/2025\/06\/frio_blusa_1200x675_20052022064557.jpg?fit=1200%2C675&ssl=1&resize=525%2C300 1.5x, https:\/\/i0.wp.com\/noticiasribeiraopreto.com.br\/wp-content\/uploads\/2025\/06\/frio_blusa_1200x675_20052022064557.jpg?fit=1200%2C675&ssl=1&resize=700%2C400 2x, https:\/\/i0.wp.com\/noticiasribeiraopreto.com.br\/wp-content\/uploads\/2025\/06\/frio_blusa_1200x675_20052022064557.jpg?fit=1200%2C675&ssl=1&resize=1050%2C600 3x"},"classes":[]}],"jetpack_sharing_enabled":true,"jetpack_shortlink":"https:\/\/wp.me\/peQAOb-j0t","_links":{"self":[{"href":"https:\/\/noticiasribeiraopreto.com.br\/index.php\/wp-json\/wp\/v2\/posts\/73065","targetHints":{"allow":["GET"]}}],"collection":[{"href":"https:\/\/noticiasribeiraopreto.com.br\/index.php\/wp-json\/wp\/v2\/posts"}],"about":[{"href":"https:\/\/noticiasribeiraopreto.com.br\/index.php\/wp-json\/wp\/v2\/types\/post"}],"author":[{"embeddable":true,"href":"https:\/\/noticiasribeiraopreto.com.br\/index.php\/wp-json\/wp\/v2\/users\/1"}],"replies":[{"embeddable":true,"href":"https:\/\/noticiasribeiraopreto.com.br\/index.php\/wp-json\/wp\/v2\/comments?post=73065"}],"version-history":[{"count":0,"href":"https:\/\/noticiasribeiraopreto.com.br\/index.php\/wp-json\/wp\/v2\/posts\/73065\/revisions"}],"wp:featuredmedia":[{"embeddable":true,"href":"https:\/\/noticiasribeiraopreto.com.br\/index.php\/wp-json\/wp\/v2\/media\/73066"}],"wp:attachment":[{"href":"https:\/\/noticiasribeiraopreto.com.br\/index.php\/wp-json\/wp\/v2\/media?parent=73065"}],"wp:term":[{"taxonomy":"category","embeddable":true,"href":"https:\/\/noticiasribeiraopreto.com.br\/index.php\/wp-json\/wp\/v2\/categories?post=73065"},{"taxonomy":"post_tag","embeddable":true,"href":"https:\/\/noticiasribeiraopreto.com.br\/index.php\/wp-json\/wp\/v2\/tags?post=73065"}],"curies":[{"name":"wp","href":"https:\/\/api.w.org\/{rel}","templated":true}]}}