{"id":73067,"date":"2025-06-24T22:02:23","date_gmt":"2025-06-25T01:02:23","guid":{"rendered":"https:\/\/noticiasribeiraopreto.com.br\/index.php\/2025\/06\/24\/motorista-morre-apos-ser-forcado-a-ingerir-acido-durante-assalto-no-interior-de-sp\/"},"modified":"2025-06-24T22:02:23","modified_gmt":"2025-06-25T01:02:23","slug":"motorista-morre-apos-ser-forcado-a-ingerir-acido-durante-assalto-no-interior-de-sp","status":"publish","type":"post","link":"https:\/\/noticiasribeiraopreto.com.br\/index.php\/2025\/06\/24\/motorista-morre-apos-ser-forcado-a-ingerir-acido-durante-assalto-no-interior-de-sp\/","title":{"rendered":"Motorista morre ap\u00f3s ser for\u00e7ado a ingerir \u00e1cido durante assalto no interior de SP"},"content":{"rendered":"<p> <br \/>\n<\/p>\n<div>\n<p>O <strong>motorista de aplicativo Tiago Augusto Nicolau<\/strong>, de 30 anos, <strong>ingeriu \u00e1cido durante um assalto em Leme<\/strong>, no interior de S\u00e3o Paulo, e <strong>morreu dias depois.<\/strong> Ele estava internado na Santa Casa da cidade.<\/p>\n<p>Segundo o boletim de ocorr\u00eancia, o crime ocorreu na tarde do dia 10. <strong>Um trabalhador de uma usina de cana-de-a\u00e7\u00facar encontrou Tiago em uma estrada vicinal que liga a \u00e1rea urbana ao bairro do Caju<\/strong>, na zona rural. Consciente, <strong>Tiago contou que dois assaltantes o renderam<\/strong>, <strong>o levaram at\u00e9 o local e o agrediram.<\/strong><\/p>\n<p>Durante a abordagem, <strong>os criminosos obrigaram a v\u00edtima a ingerir um l\u00edquido identificado inicialmente como \u00e1cido de bateria.<\/strong> Ap\u00f3s a agress\u00e3o, fugiram levando o celular e o carro de Tiago.<\/p>\n<p>O trabalhador que encontrou o motorista acionou o Corpo de Bombeiros. Tiago foi encaminhado \u00e0 Santa Casa e internado na Unidade de Terapia Intensiva (UTI). A <strong>subst\u00e2ncia ingerida <\/strong>causou <strong>queimaduras na boca<\/strong>, <strong>l\u00edngua<\/strong>, <strong>faringe <\/strong>e <strong>es\u00f4fago<\/strong>. <\/p>\n<p><mark style=\"background-color:#fcb900\" class=\"has-inline-color\">A fam\u00edlia utilizou as redes sociais para cobrar justi\u00e7a e denunciar a viol\u00eancia do caso.<\/mark><\/p>\n<p><strong>Tiago foi militar da For\u00e7a A\u00e9rea Brasileira (FAB)<\/strong> e deixou a corpora\u00e7\u00e3o devido a um problema de vis\u00e3o. Atuava como motorista de aplicativo, era casado e tinha uma filha.<\/p>\n<p>At\u00e9 o momento, a pol\u00edcia n\u00e3o prendeu nenhum suspeito.<\/p>\n<hr class=\"wp-block-separator has-alpha-channel-opacity\"\/>\n<p>SAIBA MAIS<\/p>\n<p>INSS vai devolver valores a aposentados ap\u00f3s esquema de fraude; veja quando<\/p>\n<h4 class=\"wp-block-heading\"><strong>FIQUE ON<\/strong><\/h4>\n<p>Quer ficar por dentro de tudo que acontece em Ribeir\u00e3o Preto e regi\u00e3o? Ent\u00e3o siga os perfis do\u202facidade on\u202fno\u202f<a href=\"https:\/\/www.instagram.com\/acidadeonribeirao\" target=\"_blank\" rel=\"noreferrer noopener\">Instagram<\/a>\u202fe no\u202f<a href=\"https:\/\/www.facebook.com\/acidadeonribeirao\/\" target=\"_blank\" rel=\"noreferrer noopener\">Facebook<\/a>.<\/p>\n<p>Al\u00e9m disso, voc\u00ea pode receber as principais not\u00edcias diretamente no WhatsApp. Para isso, basta\u00a0<a href=\"https:\/\/chat.whatsapp.com\/BjKQZ9oJwlz8VVT50NuePq\" target=\"_blank\" rel=\"noreferrer noopener\">entrar no grupo clicando aqui<\/a>.<\/p>\n<p>Por fim, se quiser fazer uma den\u00fancia ou sugerir uma reportagem sobre Ribeir\u00e3o Preto e regi\u00e3o, envie uma mensagem pelo WhatsApp: (16) 99117-7802.<\/p>\n<p>VEJA TAMB\u00c9M<\/p>\n<p>Quando lan\u00e7am as miniaturas da F1 do McDonald\u2019s?<\/p>\n<p><!-- CONTENT END 1 -->\n<\/div>\n<p><script async src=\"\/\/www.instagram.com\/embed.js\"><\/script><br \/>\n<br \/><br \/>\n<br \/><a href=\"https:\/\/www.acidadeon.com\/ribeiraopreto\/cotidiano\/motorista-morre-apos-ser-forcado-a-ingerir-acido-durante-assalto-no-interior-de-sp\/\">Source link <\/a><\/p>\n","protected":false},"excerpt":{"rendered":"<p>O motorista de aplicativo Tiago Augusto Nicolau, de 30 anos, ingeriu \u00e1cido durante um assalto em Leme, no interior de S\u00e3o Paulo, e morreu dias&#8230;<\/p>\n","protected":false},"author":1,"featured_media":73068,"comment_status":"open","ping_status":"open","sticky":false,"template":"","format":"standard","meta":{"advanced_seo_description":"","jetpack_seo_html_title":"","jetpack_seo_noindex":false,"jetpack_post_was_ever_published":false,"_jetpack_newsletter_access":"","_jetpack_dont_email_post_to_subs":false,"_jetpack_newsletter_tier_id":0,"_jetpack_memberships_contains_paywalled_content":false,"_jetpack_memberships_contains_paid_content":false,"footnotes":"","jetpack_publicize_message":"","jetpack_publicize_feature_enabled":true,"jetpack_social_post_already_shared":true,"jetpack_social_options":{"image_generator_settings":{"template":"highway","default_image_id":0,"font":"","enabled":false},"version":2}},"categories":[11],"tags":[],"class_list":["post-73067","post","type-post","status-publish","format-standard","has-post-thumbnail","hentry","category-noticias-de-ribeirao-preto-sp-e-regiao-ismael-colosi"],"jetpack_publicize_connections":[],"jetpack_featured_media_url":"https:\/\/i0.wp.com\/noticiasribeiraopreto.com.br\/wp-content\/uploads\/2025\/06\/Copia-de-Copia-de-Copia-de-TAMANHO-EXATO-PARA-FOTOS-NO-SISTEMA-NOVO-2025-06-24T184959.247_2025-06-24_21-50-14.webp.webp?fit=1200%2C675&ssl=1","jetpack-related-posts":[{"id":75061,"url":"https:\/\/noticiasribeiraopreto.com.br\/index.php\/2025\/08\/02\/jovem-morre-e-dois-ficam-feridos-apos-colisao-entre-carro-e-caminhao-no-interior-de-sp\/","url_meta":{"origin":73067,"position":0},"title":"Jovem morre e dois ficam feridos ap\u00f3s colis\u00e3o entre carro e caminh\u00e3o no interior de SP","author":"noticiasribeiraopreto.com.br","date":"2 de August de 2025","format":false,"excerpt":"Um jovem de 24 anos morreu na madrugada deste s\u00e1bado (2) ap\u00f3s um acidente entre um carro e um caminh\u00e3o na rodovia Professor Orlando Diniz Junqueira (SP-351), que liga Morro Agudo a Viradouro, no interior de S\u00e3o Paulo. Tiago da Cruz Carlos, morador de Viradouro, dirigia o carro com dois\u2026","rel":"","context":"In &quot;Not\u00edcias de Ribeir\u00e3o Preto-SP e Regi\u00e3o&quot;","block_context":{"text":"Not\u00edcias de Ribeir\u00e3o Preto-SP e Regi\u00e3o","link":"https:\/\/noticiasribeiraopreto.com.br\/index.php\/category\/noticias-de-ribeirao-preto-sp-e-regiao-ismael-colosi\/"},"img":{"alt_text":"","src":"https:\/\/i0.wp.com\/noticiasribeiraopreto.com.br\/wp-content\/uploads\/2025\/08\/Copia-de-Copia-de-Copia-de-TAMANHO-EXATO-PARA-FOTOS-NO-SISTEMA-NOVO-2025-08-02T154209.383_2025-08-02_18-42-27.webp.webp?fit=1200%2C675&ssl=1&resize=350%2C200","width":350,"height":200,"srcset":"https:\/\/i0.wp.com\/noticiasribeiraopreto.com.br\/wp-content\/uploads\/2025\/08\/Copia-de-Copia-de-Copia-de-TAMANHO-EXATO-PARA-FOTOS-NO-SISTEMA-NOVO-2025-08-02T154209.383_2025-08-02_18-42-27.webp.webp?fit=1200%2C675&ssl=1&resize=350%2C200 1x, https:\/\/i0.wp.com\/noticiasribeiraopreto.com.br\/wp-content\/uploads\/2025\/08\/Copia-de-Copia-de-Copia-de-TAMANHO-EXATO-PARA-FOTOS-NO-SISTEMA-NOVO-2025-08-02T154209.383_2025-08-02_18-42-27.webp.webp?fit=1200%2C675&ssl=1&resize=525%2C300 1.5x, https:\/\/i0.wp.com\/noticiasribeiraopreto.com.br\/wp-content\/uploads\/2025\/08\/Copia-de-Copia-de-Copia-de-TAMANHO-EXATO-PARA-FOTOS-NO-SISTEMA-NOVO-2025-08-02T154209.383_2025-08-02_18-42-27.webp.webp?fit=1200%2C675&ssl=1&resize=700%2C400 2x, https:\/\/i0.wp.com\/noticiasribeiraopreto.com.br\/wp-content\/uploads\/2025\/08\/Copia-de-Copia-de-Copia-de-TAMANHO-EXATO-PARA-FOTOS-NO-SISTEMA-NOVO-2025-08-02T154209.383_2025-08-02_18-42-27.webp.webp?fit=1200%2C675&ssl=1&resize=1050%2C600 3x"},"classes":[]},{"id":20148,"url":"https:\/\/noticiasribeiraopreto.com.br\/index.php\/2023\/12\/24\/piloto-de-aviao-que-caiu-em-jaboticabal-e-enterrado-no-interior-de-sp\/","url_meta":{"origin":73067,"position":1},"title":"Piloto de avi\u00e3o que caiu em Jaboticabal \u00e9 enterrado no interior de SP","author":"noticiasribeiraopreto.com.br","date":"24 de December de 2023","format":false,"excerpt":"Delcides Menezes Tiago, conhecido como Tiago da \u00d3tica, de 65 anos, foi enterrado na manh\u00e3 deste domingo (24) em Monte Alto, cidade a 70 quil\u00f4metros de Ribeir\u00e3o Preto. Ele pilotava o avi\u00e3o que caiu em uma pra\u00e7a da cidade de Jaboticabal na manh\u00e3 do s\u00e1bado (23). Al\u00e9m dele, outras quatro\u2026","rel":"","context":"In &quot;Not\u00edcias de Ribeir\u00e3o Preto-SP e Regi\u00e3o&quot;","block_context":{"text":"Not\u00edcias de Ribeir\u00e3o Preto-SP e Regi\u00e3o","link":"https:\/\/noticiasribeiraopreto.com.br\/index.php\/category\/noticias-de-ribeirao-preto-sp-e-regiao-ismael-colosi\/"},"img":{"alt_text":"","src":"https:\/\/i0.wp.com\/noticiasribeiraopreto.com.br\/wp-content\/uploads\/2023\/12\/WhatsApp-Image-2023-12-24-at-11.19.04.jpeg?fit=1200%2C674&ssl=1&resize=350%2C200","width":350,"height":200,"srcset":"https:\/\/i0.wp.com\/noticiasribeiraopreto.com.br\/wp-content\/uploads\/2023\/12\/WhatsApp-Image-2023-12-24-at-11.19.04.jpeg?fit=1200%2C674&ssl=1&resize=350%2C200 1x, https:\/\/i0.wp.com\/noticiasribeiraopreto.com.br\/wp-content\/uploads\/2023\/12\/WhatsApp-Image-2023-12-24-at-11.19.04.jpeg?fit=1200%2C674&ssl=1&resize=525%2C300 1.5x, https:\/\/i0.wp.com\/noticiasribeiraopreto.com.br\/wp-content\/uploads\/2023\/12\/WhatsApp-Image-2023-12-24-at-11.19.04.jpeg?fit=1200%2C674&ssl=1&resize=700%2C400 2x, https:\/\/i0.wp.com\/noticiasribeiraopreto.com.br\/wp-content\/uploads\/2023\/12\/WhatsApp-Image-2023-12-24-at-11.19.04.jpeg?fit=1200%2C674&ssl=1&resize=1050%2C600 3x"},"classes":[]},{"id":19942,"url":"https:\/\/noticiasribeiraopreto.com.br\/index.php\/2023\/12\/23\/veja-quem-sao-as-vitimas-que-morreram-na-queda-de-aviao-na-regiao-de-ribeirao\/","url_meta":{"origin":73067,"position":2},"title":"Veja quem s\u00e3o as v\u00edtimas que morreram na queda de avi\u00e3o na regi\u00e3o de Ribeir\u00e3o","author":"noticiasribeiraopreto.com.br","date":"23 de December de 2023","format":false,"excerpt":"Est\u00e3o identificadas as cinco pessoas que morreram na queda de um avi\u00e3o em uma pra\u00e7a na cidade Jaboticabal, a 70 quil\u00f4metros de Ribeir\u00e3o Preto, na manh\u00e3 deste s\u00e1bado (22). Segundo o apurado, o pol\u00edtico e empres\u00e1rio Delcides Menezes Tiago, conhecido por Tiago da \u00d3tica, tinha ido at\u00e9 Fernand\u00f3polis buscar amigos\u2026","rel":"","context":"In &quot;Not\u00edcias de Ribeir\u00e3o Preto-SP e Regi\u00e3o&quot;","block_context":{"text":"Not\u00edcias de Ribeir\u00e3o Preto-SP e Regi\u00e3o","link":"https:\/\/noticiasribeiraopreto.com.br\/index.php\/category\/noticias-de-ribeirao-preto-sp-e-regiao-ismael-colosi\/"},"img":{"alt_text":"","src":"https:\/\/i0.wp.com\/noticiasribeiraopreto.com.br\/wp-content\/uploads\/2023\/12\/WhatsApp-Image-2023-12-23-at-14.20.40.jpeg?fit=1200%2C800&ssl=1&resize=350%2C200","width":350,"height":200,"srcset":"https:\/\/i0.wp.com\/noticiasribeiraopreto.com.br\/wp-content\/uploads\/2023\/12\/WhatsApp-Image-2023-12-23-at-14.20.40.jpeg?fit=1200%2C800&ssl=1&resize=350%2C200 1x, https:\/\/i0.wp.com\/noticiasribeiraopreto.com.br\/wp-content\/uploads\/2023\/12\/WhatsApp-Image-2023-12-23-at-14.20.40.jpeg?fit=1200%2C800&ssl=1&resize=525%2C300 1.5x, https:\/\/i0.wp.com\/noticiasribeiraopreto.com.br\/wp-content\/uploads\/2023\/12\/WhatsApp-Image-2023-12-23-at-14.20.40.jpeg?fit=1200%2C800&ssl=1&resize=700%2C400 2x, https:\/\/i0.wp.com\/noticiasribeiraopreto.com.br\/wp-content\/uploads\/2023\/12\/WhatsApp-Image-2023-12-23-at-14.20.40.jpeg?fit=1200%2C800&ssl=1&resize=1050%2C600 3x"},"classes":[]},{"id":16834,"url":"https:\/\/noticiasribeiraopreto.com.br\/index.php\/2023\/12\/16\/botafogo-contrata-atacante-portugues-tiago-alves\/","url_meta":{"origin":73067,"position":3},"title":"Botafogo contrata atacante portugu\u00eas Tiago Alves\u00a0\u00a0","author":"noticiasribeiraopreto.com.br","date":"16 de December de 2023","format":false,"excerpt":"16 de dezembro de 2023 | 16:0016 de dezembro de 2023 | 12:49 0O Botafogo tem mais um refor\u00e7o para o setor ofensivo. Trata-se do extremo portugu\u00eas Tiago Alves, de 27 anos, revelado nas categorias de base do Sporting (POR) e que atualmente veste a camisa do Montedio Yamagata, do\u2026","rel":"","context":"In &quot;Not\u00edcias de Ribeir\u00e3o Preto-SP e Regi\u00e3o&quot;","block_context":{"text":"Not\u00edcias de Ribeir\u00e3o Preto-SP e Regi\u00e3o","link":"https:\/\/noticiasribeiraopreto.com.br\/index.php\/category\/noticias-de-ribeirao-preto-sp-e-regiao-ismael-colosi\/"},"img":{"alt_text":"","src":"https:\/\/i0.wp.com\/noticiasribeiraopreto.com.br\/wp-content\/uploads\/2023\/12\/Botafogo-2-1-scaled.jpg?fit=957%2C645&ssl=1&resize=350%2C200","width":350,"height":200,"srcset":"https:\/\/i0.wp.com\/noticiasribeiraopreto.com.br\/wp-content\/uploads\/2023\/12\/Botafogo-2-1-scaled.jpg?fit=957%2C645&ssl=1&resize=350%2C200 1x, https:\/\/i0.wp.com\/noticiasribeiraopreto.com.br\/wp-content\/uploads\/2023\/12\/Botafogo-2-1-scaled.jpg?fit=957%2C645&ssl=1&resize=525%2C300 1.5x, https:\/\/i0.wp.com\/noticiasribeiraopreto.com.br\/wp-content\/uploads\/2023\/12\/Botafogo-2-1-scaled.jpg?fit=957%2C645&ssl=1&resize=700%2C400 2x"},"classes":[]},{"id":20298,"url":"https:\/\/noticiasribeiraopreto.com.br\/index.php\/2023\/12\/24\/familia-que-morreu-apos-acidente-de-aviao-em-praca-de-sp-e-enterrada-em-indiapora-uma-das-vitimas-tinha-5-anos\/","url_meta":{"origin":73067,"position":4},"title":"Fam\u00edlia que morreu ap\u00f3s acidente de avi\u00e3o em pra\u00e7a de SP \u00e9 enterrada em Indiapor\u00e3; uma das v\u00edtimas tinha 5 anos","author":"noticiasribeiraopreto.com.br","date":"24 de December de 2023","format":false,"excerpt":"Na manh\u00e3 do \u00faltimo s\u00e1bado (23\/12), uma trag\u00e9dia abalou a cidade de Jaboticabal, em SP. Um avi\u00e3o monomotor caiu em uma pra\u00e7a, pr\u00f3ximo a v\u00e1rias casas, deixando como resultado a morte de cinco pessoas.Uma das v\u00edtimas do acidente era Delcides Menezes Tiago, tamb\u00e9m conhecido na cidade como Tiago da \u00d3tica.\u2026","rel":"","context":"In &quot;Blog&quot;","block_context":{"text":"Blog","link":"https:\/\/noticiasribeiraopreto.com.br\/index.php\/category\/blog\/"},"img":{"alt_text":"","src":"https:\/\/i0.wp.com\/noticiasribeiraopreto.com.br\/wp-content\/uploads\/2023\/12\/postimg-6588ba0f785563352.jpg?fit=1200%2C628&ssl=1&resize=350%2C200","width":350,"height":200,"srcset":"https:\/\/i0.wp.com\/noticiasribeiraopreto.com.br\/wp-content\/uploads\/2023\/12\/postimg-6588ba0f785563352.jpg?fit=1200%2C628&ssl=1&resize=350%2C200 1x, https:\/\/i0.wp.com\/noticiasribeiraopreto.com.br\/wp-content\/uploads\/2023\/12\/postimg-6588ba0f785563352.jpg?fit=1200%2C628&ssl=1&resize=525%2C300 1.5x, https:\/\/i0.wp.com\/noticiasribeiraopreto.com.br\/wp-content\/uploads\/2023\/12\/postimg-6588ba0f785563352.jpg?fit=1200%2C628&ssl=1&resize=700%2C400 2x, https:\/\/i0.wp.com\/noticiasribeiraopreto.com.br\/wp-content\/uploads\/2023\/12\/postimg-6588ba0f785563352.jpg?fit=1200%2C628&ssl=1&resize=1050%2C600 3x"},"classes":[]},{"id":40022,"url":"https:\/\/noticiasribeiraopreto.com.br\/index.php\/2024\/02\/29\/tiago-alves-acerta-saida-do-botafogo\/","url_meta":{"origin":73067,"position":5},"title":"Tiago Alves acerta sa\u00edda do Botafogo\u00a0\u00a0","author":"noticiasribeiraopreto.com.br","date":"29 de February de 2024","format":false,"excerpt":"29 de fevereiro de 2024 | 14:3029 de fevereiro de 2024 | 12:33 0O atacante portugu\u00eas Tiago Alves n\u00e3o \u00e9 mais jogador do Botafogo. O jogador recebeu uma proposta de um clube japon\u00eas e pediu para deixar o Tricolor. Como seu contrato estava perto do fim, o Pantera acatou a\u2026","rel":"","context":"In &quot;Not\u00edcias de Ribeir\u00e3o Preto-SP e Regi\u00e3o&quot;","block_context":{"text":"Not\u00edcias de Ribeir\u00e3o Preto-SP e Regi\u00e3o","link":"https:\/\/noticiasribeiraopreto.com.br\/index.php\/category\/noticias-de-ribeirao-preto-sp-e-regiao-ismael-colosi\/"},"img":{"alt_text":"","src":"https:\/\/i0.wp.com\/noticiasribeiraopreto.com.br\/wp-content\/uploads\/2024\/02\/Botafogo-2-17-scaled.jpg?fit=967%2C645&ssl=1&resize=350%2C200","width":350,"height":200,"srcset":"https:\/\/i0.wp.com\/noticiasribeiraopreto.com.br\/wp-content\/uploads\/2024\/02\/Botafogo-2-17-scaled.jpg?fit=967%2C645&ssl=1&resize=350%2C200 1x, https:\/\/i0.wp.com\/noticiasribeiraopreto.com.br\/wp-content\/uploads\/2024\/02\/Botafogo-2-17-scaled.jpg?fit=967%2C645&ssl=1&resize=525%2C300 1.5x, https:\/\/i0.wp.com\/noticiasribeiraopreto.com.br\/wp-content\/uploads\/2024\/02\/Botafogo-2-17-scaled.jpg?fit=967%2C645&ssl=1&resize=700%2C400 2x"},"classes":[]}],"jetpack_sharing_enabled":true,"jetpack_shortlink":"https:\/\/wp.me\/peQAOb-j0v","_links":{"self":[{"href":"https:\/\/noticiasribeiraopreto.com.br\/index.php\/wp-json\/wp\/v2\/posts\/73067","targetHints":{"allow":["GET"]}}],"collection":[{"href":"https:\/\/noticiasribeiraopreto.com.br\/index.php\/wp-json\/wp\/v2\/posts"}],"about":[{"href":"https:\/\/noticiasribeiraopreto.com.br\/index.php\/wp-json\/wp\/v2\/types\/post"}],"author":[{"embeddable":true,"href":"https:\/\/noticiasribeiraopreto.com.br\/index.php\/wp-json\/wp\/v2\/users\/1"}],"replies":[{"embeddable":true,"href":"https:\/\/noticiasribeiraopreto.com.br\/index.php\/wp-json\/wp\/v2\/comments?post=73067"}],"version-history":[{"count":0,"href":"https:\/\/noticiasribeiraopreto.com.br\/index.php\/wp-json\/wp\/v2\/posts\/73067\/revisions"}],"wp:featuredmedia":[{"embeddable":true,"href":"https:\/\/noticiasribeiraopreto.com.br\/index.php\/wp-json\/wp\/v2\/media\/73068"}],"wp:attachment":[{"href":"https:\/\/noticiasribeiraopreto.com.br\/index.php\/wp-json\/wp\/v2\/media?parent=73067"}],"wp:term":[{"taxonomy":"category","embeddable":true,"href":"https:\/\/noticiasribeiraopreto.com.br\/index.php\/wp-json\/wp\/v2\/categories?post=73067"},{"taxonomy":"post_tag","embeddable":true,"href":"https:\/\/noticiasribeiraopreto.com.br\/index.php\/wp-json\/wp\/v2\/tags?post=73067"}],"curies":[{"name":"wp","href":"https:\/\/api.w.org\/{rel}","templated":true}]}}