{"id":73070,"date":"2025-06-25T06:45:59","date_gmt":"2025-06-25T09:45:59","guid":{"rendered":"https:\/\/noticiasribeiraopreto.com.br\/index.php\/2025\/06\/25\/ribeirao-preto-tem-manha-mais-gelada-do-ano-veja-temperaturas-nos-proximos-dias\/"},"modified":"2025-06-25T06:45:59","modified_gmt":"2025-06-25T09:45:59","slug":"ribeirao-preto-tem-manha-mais-gelada-do-ano-veja-temperaturas-nos-proximos-dias","status":"publish","type":"post","link":"https:\/\/noticiasribeiraopreto.com.br\/index.php\/2025\/06\/25\/ribeirao-preto-tem-manha-mais-gelada-do-ano-veja-temperaturas-nos-proximos-dias\/","title":{"rendered":"Ribeir\u00e3o Preto tem manh\u00e3 mais gelada do ano; Veja temperaturas nos pr\u00f3ximos dias"},"content":{"rendered":"<p> <br \/>\n<\/p>\n<div data-td-block-uid=\"tdi_95\">\n<div class=\"tdb-block-inner td-fix-index\">\n<p><strong>Ribeir\u00e3o Preto registra a manh\u00e3 mais fria em 2025 nesta quarta-feira (25).<\/strong><\/p>\n<p>Segundo o <a href=\"http:\/\/www.ciiagro.org.br\/\">Ciiagro (Centro Integrado de Informa\u00e7\u00f5es Agrometeorol\u00f3gicas)<\/a>, <mark style=\"background-color:#fcb900\" class=\"has-inline-color has-black-color\">\u00e0s 6h, a temperatura estava em 4\u00b0C.<\/mark> A esta\u00e7\u00e3o fica na regi\u00e3o Sul da cidade.<\/p>\n<p>At\u00e9 ent\u00e3o, o recorde de frio no ano havia sido no \u00faltimo dia 30 de abril, quando os term\u00f4metros anotaram 7,7\u00b0C.<\/p>\n<p>Segundo a Climatempo, a temperatura n\u00e3o deve se elevar nesta quarta, o que mant\u00e9m a sensa\u00e7\u00e3o de frio. H\u00e1 risco para baixa umidade relativa do ar. N\u00e3o h\u00e1 previs\u00e3o de chuva.<\/p>\n<h2 class=\"wp-block-heading\"><strong>Veja a previs\u00e3o do tempo em Ribeir\u00e3o Preto:<\/strong><\/h2>\n<p>23\u00b0C (m\u00e1xima)<\/p>\n<p>Chuva: 0 mm \/ 0%<\/p>\n<p>Umidade do ar: 51% \/ 85%<\/p>\n<p>16\u00b0C \/ 27\u00b0C<\/p>\n<p>Chuva: 0 mm \/ 0%<\/p>\n<p>Umidade do ar: 56% \/ 88%<\/p>\n<p>16\u00b0C \/ 27\u00b0C<\/p>\n<p>Chuva: 0 mm \/ 0%<\/p>\n<p>Umidade do ar: 53% \/ 92%<\/p>\n<p>Fonte: Climatempo<\/p>\n<p><!-- CONTENT END 2 -->\n<\/div>\n<\/div>\n<p><br \/>\n<br \/><a href=\"https:\/\/www.acidadeon.com\/ribeiraopreto\/cotidiano\/ribeirao-preto-tem-manha-mais-gelada-do-ano-veja-temperaturas-nos-proximos-dias\/\">Source link <\/a><\/p>\n","protected":false},"excerpt":{"rendered":"<p>Ribeir\u00e3o Preto registra a manh\u00e3 mais fria em 2025 nesta quarta-feira (25). Segundo o Ciiagro (Centro Integrado de Informa\u00e7\u00f5es Agrometeorol\u00f3gicas), \u00e0s 6h, a temperatura estava&#8230;<\/p>\n","protected":false},"author":1,"featured_media":73071,"comment_status":"open","ping_status":"open","sticky":false,"template":"","format":"standard","meta":{"advanced_seo_description":"","jetpack_seo_html_title":"","jetpack_seo_noindex":false,"jetpack_post_was_ever_published":false,"_jetpack_newsletter_access":"","_jetpack_dont_email_post_to_subs":false,"_jetpack_newsletter_tier_id":0,"_jetpack_memberships_contains_paywalled_content":false,"_jetpack_memberships_contains_paid_content":false,"footnotes":"","jetpack_publicize_message":"","jetpack_publicize_feature_enabled":true,"jetpack_social_post_already_shared":true,"jetpack_social_options":{"image_generator_settings":{"template":"highway","default_image_id":0,"font":"","enabled":false},"version":2}},"categories":[11],"tags":[],"class_list":["post-73070","post","type-post","status-publish","format-standard","has-post-thumbnail","hentry","category-noticias-de-ribeirao-preto-sp-e-regiao-ismael-colosi"],"jetpack_publicize_connections":[],"jetpack_featured_media_url":"https:\/\/i0.wp.com\/noticiasribeiraopreto.com.br\/wp-content\/uploads\/2025\/06\/no_inverno_1024x576_03072020100617.jpg?fit=1024%2C576&ssl=1","jetpack-related-posts":[{"id":74915,"url":"https:\/\/noticiasribeiraopreto.com.br\/index.php\/2025\/07\/31\/ate-quando-vai-o-frio-veja-previsao-nos-proximos-dias\/","url_meta":{"origin":73070,"position":0},"title":"At\u00e9 quando vai o frio? Veja previs\u00e3o nos pr\u00f3ximos dias","author":"noticiasribeiraopreto.com.br","date":"31 de July de 2025","format":false,"excerpt":"A temperatura segue com as m\u00ednimas mais baixas pela manh\u00e3 nesta quinta-feira (31), no estado de S\u00e3o Paulo. No in\u00edcio da manh\u00e3, Ribeir\u00e3o Preto registrava 7\u00baC no aeroporto Leite Lopes, segundo a RedeMet (Rede de Meteorologia do Comando da Aeron\u00e1utica). De acordo com a Climatempo, o sol deve predominar entre\u2026","rel":"","context":"In &quot;Not\u00edcias de Ribeir\u00e3o Preto-SP e Regi\u00e3o&quot;","block_context":{"text":"Not\u00edcias de Ribeir\u00e3o Preto-SP e Regi\u00e3o","link":"https:\/\/noticiasribeiraopreto.com.br\/index.php\/category\/noticias-de-ribeirao-preto-sp-e-regiao-ismael-colosi\/"},"img":{"alt_text":"","src":"https:\/\/i0.wp.com\/noticiasribeiraopreto.com.br\/wp-content\/uploads\/2025\/06\/AnyConv.com__frio.webp.webp?fit=1200%2C800&ssl=1&resize=350%2C200","width":350,"height":200,"srcset":"https:\/\/i0.wp.com\/noticiasribeiraopreto.com.br\/wp-content\/uploads\/2025\/06\/AnyConv.com__frio.webp.webp?fit=1200%2C800&ssl=1&resize=350%2C200 1x, https:\/\/i0.wp.com\/noticiasribeiraopreto.com.br\/wp-content\/uploads\/2025\/06\/AnyConv.com__frio.webp.webp?fit=1200%2C800&ssl=1&resize=525%2C300 1.5x, https:\/\/i0.wp.com\/noticiasribeiraopreto.com.br\/wp-content\/uploads\/2025\/06\/AnyConv.com__frio.webp.webp?fit=1200%2C800&ssl=1&resize=700%2C400 2x, https:\/\/i0.wp.com\/noticiasribeiraopreto.com.br\/wp-content\/uploads\/2025\/06\/AnyConv.com__frio.webp.webp?fit=1200%2C800&ssl=1&resize=1050%2C600 3x"},"classes":[]},{"id":80280,"url":"https:\/\/noticiasribeiraopreto.com.br\/index.php\/2025\/11\/19\/manha-comeca-com-minima-de-13c-em-ribeirao-preto-veja-previsao-no-feriado-prolongado\/","url_meta":{"origin":73070,"position":1},"title":"Manh\u00e3 come\u00e7a com m\u00ednima de 13\u00b0C em Ribeir\u00e3o Preto; Veja previs\u00e3o no feriado prolongado","author":"noticiasribeiraopreto.com.br","date":"19 de November de 2025","format":false,"excerpt":"Ribeir\u00e3o Preto registrou m\u00ednima de 13,1\u00b0C \u00e0s 6h desta quarta-feira (19), v\u00e9spera do feriado prolongado da Consci\u00eancia Negra. O dado \u00e9 do\u00a0Ciiagro (Centro Integrado de Informa\u00e7\u00f5es Agrometeorol\u00f3gicas), que mant\u00e9m esta\u00e7\u00e3o na zona sul da cidade. Segundo a Climatempo,\u00a0a massa de ar polar que chegou ap\u00f3s a passagem da frente fria\u2026","rel":"","context":"In &quot;Not\u00edcias de Ribeir\u00e3o Preto-SP e Regi\u00e3o&quot;","block_context":{"text":"Not\u00edcias de Ribeir\u00e3o Preto-SP e Regi\u00e3o","link":"https:\/\/noticiasribeiraopreto.com.br\/index.php\/category\/noticias-de-ribeirao-preto-sp-e-regiao-ismael-colosi\/"},"img":{"alt_text":"","src":"https:\/\/i0.wp.com\/noticiasribeiraopreto.com.br\/wp-content\/uploads\/2025\/02\/WhatsApp-Image-2025-02-27-at-06.44.11_2025-02-27_09-58-35_jpeg_2025-02-27_09-58-36.webp.webp?fit=1200%2C540&ssl=1&resize=350%2C200","width":350,"height":200,"srcset":"https:\/\/i0.wp.com\/noticiasribeiraopreto.com.br\/wp-content\/uploads\/2025\/02\/WhatsApp-Image-2025-02-27-at-06.44.11_2025-02-27_09-58-35_jpeg_2025-02-27_09-58-36.webp.webp?fit=1200%2C540&ssl=1&resize=350%2C200 1x, https:\/\/i0.wp.com\/noticiasribeiraopreto.com.br\/wp-content\/uploads\/2025\/02\/WhatsApp-Image-2025-02-27-at-06.44.11_2025-02-27_09-58-35_jpeg_2025-02-27_09-58-36.webp.webp?fit=1200%2C540&ssl=1&resize=525%2C300 1.5x, https:\/\/i0.wp.com\/noticiasribeiraopreto.com.br\/wp-content\/uploads\/2025\/02\/WhatsApp-Image-2025-02-27-at-06.44.11_2025-02-27_09-58-35_jpeg_2025-02-27_09-58-36.webp.webp?fit=1200%2C540&ssl=1&resize=700%2C400 2x, https:\/\/i0.wp.com\/noticiasribeiraopreto.com.br\/wp-content\/uploads\/2025\/02\/WhatsApp-Image-2025-02-27-at-06.44.11_2025-02-27_09-58-35_jpeg_2025-02-27_09-58-36.webp.webp?fit=1200%2C540&ssl=1&resize=1050%2C600 3x"},"classes":[]},{"id":51464,"url":"https:\/\/noticiasribeiraopreto.com.br\/index.php\/2024\/05\/27\/nova-frente-fria-se-forma-nesta-semana-veja-previsao-e-as-temperaturas-no-interior-de-sp\/","url_meta":{"origin":73070,"position":2},"title":"Nova frente fria se forma nesta semana; Veja previs\u00e3o e as temperaturas no interior de SP","author":"noticiasribeiraopreto.com.br","date":"27 de May de 2024","format":false,"excerpt":"Uma frente fria mudou o tempo no fim de semana, com a chegada da chuva e queda da temperatura no estado de S\u00e3o Paulo. Segundo a Climatempo, a semana deve come\u00e7ar com mais umidade e risco de chuva forte no Oeste, Centro-Leste e Sul do estado paulista. As temperaturas continuam\u2026","rel":"","context":"In &quot;Not\u00edcias de Ribeir\u00e3o Preto-SP e Regi\u00e3o&quot;","block_context":{"text":"Not\u00edcias de Ribeir\u00e3o Preto-SP e Regi\u00e3o","link":"https:\/\/noticiasribeiraopreto.com.br\/index.php\/category\/noticias-de-ribeirao-preto-sp-e-regiao-ismael-colosi\/"},"img":{"alt_text":"","src":"https:\/\/i0.wp.com\/noticiasribeiraopreto.com.br\/wp-content\/uploads\/2024\/05\/WhatsApp-Image-2023-12-23-at-18.39.14.jpeg?fit=1200%2C844&ssl=1&resize=350%2C200","width":350,"height":200,"srcset":"https:\/\/i0.wp.com\/noticiasribeiraopreto.com.br\/wp-content\/uploads\/2024\/05\/WhatsApp-Image-2023-12-23-at-18.39.14.jpeg?fit=1200%2C844&ssl=1&resize=350%2C200 1x, https:\/\/i0.wp.com\/noticiasribeiraopreto.com.br\/wp-content\/uploads\/2024\/05\/WhatsApp-Image-2023-12-23-at-18.39.14.jpeg?fit=1200%2C844&ssl=1&resize=525%2C300 1.5x, https:\/\/i0.wp.com\/noticiasribeiraopreto.com.br\/wp-content\/uploads\/2024\/05\/WhatsApp-Image-2023-12-23-at-18.39.14.jpeg?fit=1200%2C844&ssl=1&resize=700%2C400 2x, https:\/\/i0.wp.com\/noticiasribeiraopreto.com.br\/wp-content\/uploads\/2024\/05\/WhatsApp-Image-2023-12-23-at-18.39.14.jpeg?fit=1200%2C844&ssl=1&resize=1050%2C600 3x"},"classes":[]},{"id":73656,"url":"https:\/\/noticiasribeiraopreto.com.br\/index.php\/2025\/07\/07\/manha-comeca-gelada-veja-as-temperaturas-durante-a-semana-em-ribeirao-preto\/","url_meta":{"origin":73070,"position":3},"title":"Manh\u00e3 come\u00e7a gelada; Veja as temperaturas durante a semana em Ribeir\u00e3o Preto","author":"noticiasribeiraopreto.com.br","date":"7 de July de 2025","format":false,"excerpt":"A manh\u00e3 come\u00e7ou com m\u00ednima em 10\u00b0C em Ribeir\u00e3o Preto, segundo dados da Redemet (Rede de Meteorologia do Comando da Aeron\u00e1utica) no aeroporto Leite Lopes, na zona Norte da cidade. De acordo com a Climatempo, a perda radiativa e o tempo mais aberto provocam uma queda mais acentuada na temperatura\u2026","rel":"","context":"In &quot;Not\u00edcias de Ribeir\u00e3o Preto-SP e Regi\u00e3o&quot;","block_context":{"text":"Not\u00edcias de Ribeir\u00e3o Preto-SP e Regi\u00e3o","link":"https:\/\/noticiasribeiraopreto.com.br\/index.php\/category\/noticias-de-ribeirao-preto-sp-e-regiao-ismael-colosi\/"},"img":{"alt_text":"","src":"https:\/\/i0.wp.com\/noticiasribeiraopreto.com.br\/wp-content\/uploads\/2025\/07\/frio_blusa_1200x675_20052022064557.jpg?fit=1200%2C675&ssl=1&resize=350%2C200","width":350,"height":200,"srcset":"https:\/\/i0.wp.com\/noticiasribeiraopreto.com.br\/wp-content\/uploads\/2025\/07\/frio_blusa_1200x675_20052022064557.jpg?fit=1200%2C675&ssl=1&resize=350%2C200 1x, https:\/\/i0.wp.com\/noticiasribeiraopreto.com.br\/wp-content\/uploads\/2025\/07\/frio_blusa_1200x675_20052022064557.jpg?fit=1200%2C675&ssl=1&resize=525%2C300 1.5x, https:\/\/i0.wp.com\/noticiasribeiraopreto.com.br\/wp-content\/uploads\/2025\/07\/frio_blusa_1200x675_20052022064557.jpg?fit=1200%2C675&ssl=1&resize=700%2C400 2x, https:\/\/i0.wp.com\/noticiasribeiraopreto.com.br\/wp-content\/uploads\/2025\/07\/frio_blusa_1200x675_20052022064557.jpg?fit=1200%2C675&ssl=1&resize=1050%2C600 3x"},"classes":[]},{"id":50974,"url":"https:\/\/noticiasribeiraopreto.com.br\/index.php\/2024\/05\/22\/vai-esfriar-veja-como-ficam-as-temperaturas-no-interior-de-sp-nos-proximos-dias\/","url_meta":{"origin":73070,"position":4},"title":"Vai esfriar? Veja como ficam as temperaturas no interior de SP nos pr\u00f3ximos dias","author":"noticiasribeiraopreto.com.br","date":"22 de May de 2024","format":false,"excerpt":"A meteorologia indica uma mudan\u00e7a no tempo a partir da pr\u00f3xima sexta-feira (24), com a chegada de\u00a0uma nova e forte frente fria. Este sistema proporciona o aumento nas condi\u00e7\u00f5es de chuva e traz um ar polar mais abrangente. Segundo a Climatempo, o avan\u00e7o da frente fria deve ajudar na entrada\u2026","rel":"","context":"In &quot;Not\u00edcias de Ribeir\u00e3o Preto-SP e Regi\u00e3o&quot;","block_context":{"text":"Not\u00edcias de Ribeir\u00e3o Preto-SP e Regi\u00e3o","link":"https:\/\/noticiasribeiraopreto.com.br\/index.php\/category\/noticias-de-ribeirao-preto-sp-e-regiao-ismael-colosi\/"},"img":{"alt_text":"","src":"https:\/\/i0.wp.com\/noticiasribeiraopreto.com.br\/wp-content\/uploads\/2024\/05\/clima_tempo_1024x576_25052021185248.jpg?fit=1024%2C576&ssl=1&resize=350%2C200","width":350,"height":200,"srcset":"https:\/\/i0.wp.com\/noticiasribeiraopreto.com.br\/wp-content\/uploads\/2024\/05\/clima_tempo_1024x576_25052021185248.jpg?fit=1024%2C576&ssl=1&resize=350%2C200 1x, https:\/\/i0.wp.com\/noticiasribeiraopreto.com.br\/wp-content\/uploads\/2024\/05\/clima_tempo_1024x576_25052021185248.jpg?fit=1024%2C576&ssl=1&resize=525%2C300 1.5x, https:\/\/i0.wp.com\/noticiasribeiraopreto.com.br\/wp-content\/uploads\/2024\/05\/clima_tempo_1024x576_25052021185248.jpg?fit=1024%2C576&ssl=1&resize=700%2C400 2x"},"classes":[]},{"id":74065,"url":"https:\/\/noticiasribeiraopreto.com.br\/index.php\/2025\/07\/15\/calor-em-pleno-inverno-confira-como-fica-o-tempo-nos-proximos-dias\/","url_meta":{"origin":73070,"position":5},"title":"Calor em pleno inverno? Confira como fica o tempo nos pr\u00f3ximos dias","author":"noticiasribeiraopreto.com.br","date":"15 de July de 2025","format":false,"excerpt":"As temperaturas podem se elevar ainda mais no decorrer desta semana, devido ao predom\u00ednio de sol no interior de S\u00e3o Paulo. Segundo a Climatempo, a expectativa \u00e9 de que as m\u00e1ximas permane\u00e7am mais elevadas em compara\u00e7\u00e3o com a semana passada. H\u00e1 alerta para a baixa umidade relativa do ar \u00e0\u2026","rel":"","context":"In &quot;Not\u00edcias de Ribeir\u00e3o Preto-SP e Regi\u00e3o&quot;","block_context":{"text":"Not\u00edcias de Ribeir\u00e3o Preto-SP e Regi\u00e3o","link":"https:\/\/noticiasribeiraopreto.com.br\/index.php\/category\/noticias-de-ribeirao-preto-sp-e-regiao-ismael-colosi\/"},"img":{"alt_text":"","src":"https:\/\/i0.wp.com\/noticiasribeiraopreto.com.br\/wp-content\/uploads\/2025\/06\/WhatsApp-Image-2025-06-17-at-14.27.19_2025-06-17_17-29-48.webp.webp?fit=1200%2C540&ssl=1&resize=350%2C200","width":350,"height":200,"srcset":"https:\/\/i0.wp.com\/noticiasribeiraopreto.com.br\/wp-content\/uploads\/2025\/06\/WhatsApp-Image-2025-06-17-at-14.27.19_2025-06-17_17-29-48.webp.webp?fit=1200%2C540&ssl=1&resize=350%2C200 1x, https:\/\/i0.wp.com\/noticiasribeiraopreto.com.br\/wp-content\/uploads\/2025\/06\/WhatsApp-Image-2025-06-17-at-14.27.19_2025-06-17_17-29-48.webp.webp?fit=1200%2C540&ssl=1&resize=525%2C300 1.5x, https:\/\/i0.wp.com\/noticiasribeiraopreto.com.br\/wp-content\/uploads\/2025\/06\/WhatsApp-Image-2025-06-17-at-14.27.19_2025-06-17_17-29-48.webp.webp?fit=1200%2C540&ssl=1&resize=700%2C400 2x, https:\/\/i0.wp.com\/noticiasribeiraopreto.com.br\/wp-content\/uploads\/2025\/06\/WhatsApp-Image-2025-06-17-at-14.27.19_2025-06-17_17-29-48.webp.webp?fit=1200%2C540&ssl=1&resize=1050%2C600 3x"},"classes":[]}],"jetpack_sharing_enabled":true,"jetpack_shortlink":"https:\/\/wp.me\/peQAOb-j0y","_links":{"self":[{"href":"https:\/\/noticiasribeiraopreto.com.br\/index.php\/wp-json\/wp\/v2\/posts\/73070","targetHints":{"allow":["GET"]}}],"collection":[{"href":"https:\/\/noticiasribeiraopreto.com.br\/index.php\/wp-json\/wp\/v2\/posts"}],"about":[{"href":"https:\/\/noticiasribeiraopreto.com.br\/index.php\/wp-json\/wp\/v2\/types\/post"}],"author":[{"embeddable":true,"href":"https:\/\/noticiasribeiraopreto.com.br\/index.php\/wp-json\/wp\/v2\/users\/1"}],"replies":[{"embeddable":true,"href":"https:\/\/noticiasribeiraopreto.com.br\/index.php\/wp-json\/wp\/v2\/comments?post=73070"}],"version-history":[{"count":0,"href":"https:\/\/noticiasribeiraopreto.com.br\/index.php\/wp-json\/wp\/v2\/posts\/73070\/revisions"}],"wp:featuredmedia":[{"embeddable":true,"href":"https:\/\/noticiasribeiraopreto.com.br\/index.php\/wp-json\/wp\/v2\/media\/73071"}],"wp:attachment":[{"href":"https:\/\/noticiasribeiraopreto.com.br\/index.php\/wp-json\/wp\/v2\/media?parent=73070"}],"wp:term":[{"taxonomy":"category","embeddable":true,"href":"https:\/\/noticiasribeiraopreto.com.br\/index.php\/wp-json\/wp\/v2\/categories?post=73070"},{"taxonomy":"post_tag","embeddable":true,"href":"https:\/\/noticiasribeiraopreto.com.br\/index.php\/wp-json\/wp\/v2\/tags?post=73070"}],"curies":[{"name":"wp","href":"https:\/\/api.w.org\/{rel}","templated":true}]}}