{"id":73072,"date":"2025-06-25T08:31:40","date_gmt":"2025-06-25T11:31:40","guid":{"rendered":"https:\/\/noticiasribeiraopreto.com.br\/index.php\/2025\/06\/25\/sus-tem-15-mi-de-ribeirao-pretanos\/"},"modified":"2025-06-25T08:31:40","modified_gmt":"2025-06-25T11:31:40","slug":"sus-tem-15-mi-de-ribeirao-pretanos","status":"publish","type":"post","link":"https:\/\/noticiasribeiraopreto.com.br\/index.php\/2025\/06\/25\/sus-tem-15-mi-de-ribeirao-pretanos\/","title":{"rendered":"SUS tem 1,5 mi de \u2018ribeir\u00e3o-pretanos\u2019"},"content":{"rendered":"<div class='code-block code-block-1' style='margin: 8px 0 8px auto; text-align: right; display: block; clear: both;'>\n<p><a href=\"https:\/\/wa.link\/vpicfd\"><img data-recalc-dims=\"1\" class=\"wp-image-4922\" style=\"aspect-ratio: 2.0253164556962027; width: 561px; height: auto;\" src=\"https:\/\/i0.wp.com\/ismaelcolosi.com.br\/wp-content\/uploads\/2023\/11\/grupo-de-empregos-whatsapp-e-facebook-ismael-colosi-vagas.jpg?ssl=1\" alt=\"\" \/><\/a><\/p>\n<!-- \/wp:image -->\n<\/div>\n<p> <br \/>\n<\/p>\n<p>Ribeir\u00e3o Preto tem 1,5 milh\u00e3o de inscritos no Sistema \u00danico de Sa\u00fade (SUS) por interm\u00e9dio do Sistema Hygia, porta de entrada do usu\u00e1rio na rede, uma esp\u00e9cie de Cadastro de Pessoa F\u00edsica (CPF) com o hist\u00f3rico do paciente que inclui desde as consultas ambulatoriais, dispensa\u00e7\u00e3o de medicamentos, controle e aplica\u00e7\u00e3o de vacinas, encaminhamentos e solicita\u00e7\u00f5es de interna\u00e7\u00f5es de urg\u00eancia.<\/p>\n<p>Do total de cadastros, apenas 628 mil est\u00e3o ativos. O n\u00famero geral \u00e9 mais que o dobro da popula\u00e7\u00e3o da cidade, estimada em 728.400 habitantes, segundo o Censo Demogr\u00e1fico 2022 do Instituto Brasileiro de Geografia e Estat\u00edstica (IBGE). Segundo a Secretaria Municipal de Sa\u00fade, os cadastros inativos t\u00eam crescido ao longo dos anos.<\/p>\n<p>De acordo com a pasta, s\u00e3o pacientes que fizeram mais de um cadastro na rede, mas com alguns dados diferentes; pessoas que faleceram e o \u00f3bito n\u00e3o foi comunicado e aquelas que n\u00e3o utilizam as unidades de sa\u00fade h\u00e1 mais de cinco anos.<\/p>\n<p>Tamb\u00e9m entram nesta conta os cadastros incompletos, que por n\u00e3o terem informa\u00e7\u00f5es consideradas essenciais pelo SUS, como a ra\u00e7a e o Cadastro de Pessoa F\u00edsica (CPF) do usu\u00e1rio, s\u00e3o desativados. Essa situa\u00e7\u00e3o n\u00e3o \u00e9 exclusividade de Ribeir\u00e3o Preto.<\/p>\n<p>\u00c9 t\u00e3o presente em todo o pa\u00eds que o Minist\u00e9rio da Sa\u00fade vai apresentar um projeto para transformar o CPF em uma esp\u00e9cie de n\u00famero-chave ou n\u00famero-\u00fanico do usu\u00e1rio no Sistema \u00danico de Sa\u00fade. \u00a0A informa\u00e7\u00e3o foi divulgada no dia 11 de junho pelo ministro da Sa\u00fade, Alexandre Padilha, durante audi\u00eancia na C\u00e2mara dos Deputados.<\/p>\n<p>\u201cVamos transformar o CPF no n\u00famero-chave do Sistema \u00danico de Sa\u00fade. Isso n\u00e3o \u00e9 uma coisa que a gente faz da noite para o dia, mas, em julho, vamos apresentar o plano\u201d, disse o ministro. Padilha lembrou que, na primeira vez que esteve \u00e0 frente da pasta, entre 2011 e 2014, algumas pessoas chegavam a ter cinco ou seis cart\u00f5es nacionais de acesso ao SUS, cada um com numera\u00e7\u00f5es distintas.<\/p>\n<p>Ele afirmou ainda que, naquele per\u00edodo, as crian\u00e7as ainda n\u00e3o saiam da maternidade com um Cadastro de Pessoa F\u00edsica pr\u00f3prio e que isso era uma grande trava para transformar o CPF, naquela \u00e9poca, em o n\u00famero do cart\u00e3o do usu\u00e1rio.<\/p>\n<p>Segundo o ministro, no caso de algumas popula\u00e7\u00f5es, como pessoas em situa\u00e7\u00e3o de rua, ind\u00edgenas e imigrantes, a pasta pode enfrentar \u201cdificuldades nesta transforma\u00e7\u00e3o. \u201cMas isso \u00e9 uma exce\u00e7\u00e3o dentro dos mais de 200 milh\u00f5es de usu\u00e1rios do SUS em todo o pa\u00eds\u201d, disse.<\/p>\n<p>The post SUS tem 1,5 mi de \u2018ribeir\u00e3o-pretanos\u2019 appeared first on Tribuna Ribeir\u00e3o.<\/p>\n<p><br \/>\n<br \/><a href=\"https:\/\/www.tribunaribeirao.com.br\/sus-tem-15-mi-de-ribeirao-pretanos\/\">Source link <\/a><\/p>\n<!-- CONTENT END 1 -->\n","protected":false},"excerpt":{"rendered":"<p>Ribeir\u00e3o Preto tem 1,5 milh\u00e3o de inscritos no Sistema \u00danico de Sa\u00fade (SUS) por interm\u00e9dio do Sistema Hygia, porta de entrada do usu\u00e1rio na rede,&#8230;<\/p>\n","protected":false},"author":1,"featured_media":73073,"comment_status":"open","ping_status":"open","sticky":false,"template":"","format":"standard","meta":{"advanced_seo_description":"","jetpack_seo_html_title":"","jetpack_seo_noindex":false,"jetpack_post_was_ever_published":false,"_jetpack_newsletter_access":"","_jetpack_dont_email_post_to_subs":false,"_jetpack_newsletter_tier_id":0,"_jetpack_memberships_contains_paywalled_content":false,"_jetpack_memberships_contains_paid_content":false,"footnotes":"","jetpack_publicize_message":"","jetpack_publicize_feature_enabled":true,"jetpack_social_post_already_shared":true,"jetpack_social_options":{"image_generator_settings":{"template":"highway","default_image_id":0,"font":"","enabled":false},"version":2}},"categories":[11],"tags":[],"class_list":["post-73072","post","type-post","status-publish","format-standard","has-post-thumbnail","hentry","category-noticias-de-ribeirao-preto-sp-e-regiao-ismael-colosi"],"jetpack_publicize_connections":[],"jetpack_featured_media_url":"https:\/\/i0.wp.com\/noticiasribeiraopreto.com.br\/wp-content\/uploads\/2025\/06\/RiberSUS-Reproducao-scaled.jpg?fit=800%2C480&ssl=1","jetpack-related-posts":[{"id":84207,"url":"https:\/\/noticiasribeiraopreto.com.br\/index.php\/2026\/04\/04\/veja-como-fazer-o-cadastro-no-servico-de-transporte-individual-de-pacientes-em-ribeirao\/","url_meta":{"origin":73072,"position":0},"title":"Veja como fazer o cadastro no servi\u00e7o de transporte individual de pacientes em Ribeir\u00e3o","author":"noticiasribeiraopreto.com.br","date":"4 de April de 2026","format":false,"excerpt":"Ler o resumo da not\u00edcia Veja como fazer o cadastro no servi\u00e7o de transporte individual de pacientes em Ribeir\u00e3o J\u00e1 est\u00e1 em opera\u00e7\u00e3o o novo modelo de transporte para pacientes da rede p\u00fablica em Ribeir\u00e3o Preto. O servi\u00e7o batizado de Vai e Vem - Transporte Adaptado Individual, substitui o atual\u2026","rel":"","context":"In &quot;Not\u00edcias de Ribeir\u00e3o Preto-SP e Regi\u00e3o&quot;","block_context":{"text":"Not\u00edcias de Ribeir\u00e3o Preto-SP e Regi\u00e3o","link":"https:\/\/noticiasribeiraopreto.com.br\/index.php\/category\/noticias-de-ribeirao-preto-sp-e-regiao-ismael-colosi\/"},"img":{"alt_text":"","src":"https:\/\/i0.wp.com\/noticiasribeiraopreto.com.br\/wp-content\/uploads\/2026\/04\/carro_vai_e_vem_-_foto_guilherme_sircili_7_2026-04-04_16-09-09.webp.webp?fit=1200%2C800&ssl=1&resize=350%2C200","width":350,"height":200,"srcset":"https:\/\/i0.wp.com\/noticiasribeiraopreto.com.br\/wp-content\/uploads\/2026\/04\/carro_vai_e_vem_-_foto_guilherme_sircili_7_2026-04-04_16-09-09.webp.webp?fit=1200%2C800&ssl=1&resize=350%2C200 1x, https:\/\/i0.wp.com\/noticiasribeiraopreto.com.br\/wp-content\/uploads\/2026\/04\/carro_vai_e_vem_-_foto_guilherme_sircili_7_2026-04-04_16-09-09.webp.webp?fit=1200%2C800&ssl=1&resize=525%2C300 1.5x, https:\/\/i0.wp.com\/noticiasribeiraopreto.com.br\/wp-content\/uploads\/2026\/04\/carro_vai_e_vem_-_foto_guilherme_sircili_7_2026-04-04_16-09-09.webp.webp?fit=1200%2C800&ssl=1&resize=700%2C400 2x, https:\/\/i0.wp.com\/noticiasribeiraopreto.com.br\/wp-content\/uploads\/2026\/04\/carro_vai_e_vem_-_foto_guilherme_sircili_7_2026-04-04_16-09-09.webp.webp?fit=1200%2C800&ssl=1&resize=1050%2C600 3x"},"classes":[]},{"id":84140,"url":"https:\/\/noticiasribeiraopreto.com.br\/index.php\/2026\/04\/02\/comerciante-descobre-que-esta-morto-ao-tentar-retirar-remedios-em-ribeirao-preto\/","url_meta":{"origin":73072,"position":1},"title":"Comerciante descobre que &#8216;est\u00e1 morto&#8217;\u00a0ao tentar retirar rem\u00e9dios em Ribeir\u00e3o Preto","author":"noticiasribeiraopreto.com.br","date":"2 de April de 2026","format":false,"excerpt":"Ler o resumo da not\u00edcia Comerciante descobre que 'est\u00e1 morto' ao tentar retirar rem\u00e9dios em Ribeir\u00e3o Preto Um comerciante de Ribeir\u00e3o Preto descobriu que consta como morto h\u00e1 um ano no Cadastro Nacional de Usu\u00e1rios do Sistema \u00danico de Sa\u00fade (CadSUS). Guelfo de Favari J\u00fanior, de 62 anos, disse \u00e0\u2026","rel":"","context":"In &quot;Not\u00edcias de Ribeir\u00e3o Preto-SP e Regi\u00e3o&quot;","block_context":{"text":"Not\u00edcias de Ribeir\u00e3o Preto-SP e Regi\u00e3o","link":"https:\/\/noticiasribeiraopreto.com.br\/index.php\/category\/noticias-de-ribeirao-preto-sp-e-regiao-ismael-colosi\/"},"img":{"alt_text":"","src":"https:\/\/i0.wp.com\/noticiasribeiraopreto.com.br\/wp-content\/uploads\/2026\/04\/Guelfo_2026-04-02_14-29-43.webp.webp?fit=1200%2C753&ssl=1&resize=350%2C200","width":350,"height":200,"srcset":"https:\/\/i0.wp.com\/noticiasribeiraopreto.com.br\/wp-content\/uploads\/2026\/04\/Guelfo_2026-04-02_14-29-43.webp.webp?fit=1200%2C753&ssl=1&resize=350%2C200 1x, https:\/\/i0.wp.com\/noticiasribeiraopreto.com.br\/wp-content\/uploads\/2026\/04\/Guelfo_2026-04-02_14-29-43.webp.webp?fit=1200%2C753&ssl=1&resize=525%2C300 1.5x, https:\/\/i0.wp.com\/noticiasribeiraopreto.com.br\/wp-content\/uploads\/2026\/04\/Guelfo_2026-04-02_14-29-43.webp.webp?fit=1200%2C753&ssl=1&resize=700%2C400 2x, https:\/\/i0.wp.com\/noticiasribeiraopreto.com.br\/wp-content\/uploads\/2026\/04\/Guelfo_2026-04-02_14-29-43.webp.webp?fit=1200%2C753&ssl=1&resize=1050%2C600 3x"},"classes":[]},{"id":80756,"url":"https:\/\/noticiasribeiraopreto.com.br\/index.php\/2025\/12\/13\/estado-libera-vaga-mas-santa-casa-de-sertaozinho-nao-tem-leito-disponivel-para-receber-paciente\/","url_meta":{"origin":73072,"position":2},"title":"Estado libera vaga, mas Santa Casa de Sert\u00e3ozinho n\u00e3o tem leito dispon\u00edvel para receber paciente","author":"noticiasribeiraopreto.com.br","date":"13 de December de 2025","format":false,"excerpt":"A fam\u00edlia de um idoso de 72 anos afirma que enfrenta dificuldade para conseguir a interna\u00e7\u00e3o dele, em Sert\u00e3ozinho, na regi\u00e3o de Ribeir\u00e3o Preto. O paciente convive com amiloidose card\u00edaca, condi\u00e7\u00e3o rara que compromete a imunidade e exige acompanhamento. Segundo familiares, o idoso apresentou queda significativa no estado de sa\u00fade\u2026","rel":"","context":"In &quot;Not\u00edcias de Ribeir\u00e3o Preto-SP e Regi\u00e3o&quot;","block_context":{"text":"Not\u00edcias de Ribeir\u00e3o Preto-SP e Regi\u00e3o","link":"https:\/\/noticiasribeiraopreto.com.br\/index.php\/category\/noticias-de-ribeirao-preto-sp-e-regiao-ismael-colosi\/"},"img":{"alt_text":"","src":"https:\/\/i0.wp.com\/noticiasribeiraopreto.com.br\/wp-content\/uploads\/2025\/12\/5161a92adb40278e8186dddb276b6ac5_2025-01-27_18-08-40_jpg_2025-01-27_18-08-40.webp.webp?fit=1200%2C800&ssl=1&resize=350%2C200","width":350,"height":200,"srcset":"https:\/\/i0.wp.com\/noticiasribeiraopreto.com.br\/wp-content\/uploads\/2025\/12\/5161a92adb40278e8186dddb276b6ac5_2025-01-27_18-08-40_jpg_2025-01-27_18-08-40.webp.webp?fit=1200%2C800&ssl=1&resize=350%2C200 1x, https:\/\/i0.wp.com\/noticiasribeiraopreto.com.br\/wp-content\/uploads\/2025\/12\/5161a92adb40278e8186dddb276b6ac5_2025-01-27_18-08-40_jpg_2025-01-27_18-08-40.webp.webp?fit=1200%2C800&ssl=1&resize=525%2C300 1.5x, https:\/\/i0.wp.com\/noticiasribeiraopreto.com.br\/wp-content\/uploads\/2025\/12\/5161a92adb40278e8186dddb276b6ac5_2025-01-27_18-08-40_jpg_2025-01-27_18-08-40.webp.webp?fit=1200%2C800&ssl=1&resize=700%2C400 2x, https:\/\/i0.wp.com\/noticiasribeiraopreto.com.br\/wp-content\/uploads\/2025\/12\/5161a92adb40278e8186dddb276b6ac5_2025-01-27_18-08-40_jpg_2025-01-27_18-08-40.webp.webp?fit=1200%2C800&ssl=1&resize=1050%2C600 3x"},"classes":[]},{"id":60572,"url":"https:\/\/noticiasribeiraopreto.com.br\/index.php\/2024\/11\/18\/entenda-como-funciona-o-servico-de-telemedicina-na-rede-publica-de-ribeirao-preto\/","url_meta":{"origin":73072,"position":3},"title":"Entenda como funciona o servi\u00e7o de telemedicina na rede p\u00fablica de Ribeir\u00e3o Preto","author":"noticiasribeiraopreto.com.br","date":"18 de November de 2024","format":false,"excerpt":"O \u201cConecta SUS Ribeir\u00e3o\u201d, servi\u00e7o que oferece telemedicina, telenfermagem e atendimento de psicologia digital gratuitamente para usu\u00e1rios do Sistema \u00danico de Sa\u00fade (SUS), em Ribeir\u00e3o Preto, foi lan\u00e7ado oficialmente na manh\u00e3 desta segunda-feira (18). O Servi\u00e7o de Pronto Atendimento Digital (PAD) est\u00e1 dispon\u00edvel 24 horas, sete dias por semana, incluindo\u2026","rel":"","context":"In &quot;Not\u00edcias de Ribeir\u00e3o Preto-SP e Regi\u00e3o&quot;","block_context":{"text":"Not\u00edcias de Ribeir\u00e3o Preto-SP e Regi\u00e3o","link":"https:\/\/noticiasribeiraopreto.com.br\/index.php\/category\/noticias-de-ribeirao-preto-sp-e-regiao-ismael-colosi\/"},"img":{"alt_text":"","src":"https:\/\/i0.wp.com\/noticiasribeiraopreto.com.br\/wp-content\/uploads\/2024\/08\/hospital_2024-08-20_14-06-39_jpg_2024-08-20_14-06-39.webp.webp?fit=1200%2C800&ssl=1&resize=350%2C200","width":350,"height":200,"srcset":"https:\/\/i0.wp.com\/noticiasribeiraopreto.com.br\/wp-content\/uploads\/2024\/08\/hospital_2024-08-20_14-06-39_jpg_2024-08-20_14-06-39.webp.webp?fit=1200%2C800&ssl=1&resize=350%2C200 1x, https:\/\/i0.wp.com\/noticiasribeiraopreto.com.br\/wp-content\/uploads\/2024\/08\/hospital_2024-08-20_14-06-39_jpg_2024-08-20_14-06-39.webp.webp?fit=1200%2C800&ssl=1&resize=525%2C300 1.5x, https:\/\/i0.wp.com\/noticiasribeiraopreto.com.br\/wp-content\/uploads\/2024\/08\/hospital_2024-08-20_14-06-39_jpg_2024-08-20_14-06-39.webp.webp?fit=1200%2C800&ssl=1&resize=700%2C400 2x, https:\/\/i0.wp.com\/noticiasribeiraopreto.com.br\/wp-content\/uploads\/2024\/08\/hospital_2024-08-20_14-06-39_jpg_2024-08-20_14-06-39.webp.webp?fit=1200%2C800&ssl=1&resize=1050%2C600 3x"},"classes":[]},{"id":65711,"url":"https:\/\/noticiasribeiraopreto.com.br\/index.php\/2025\/03\/23\/sus-ofertara-medicamento-de-r-7-milhoes-para-tratamento-de-ame\/","url_meta":{"origin":73072,"position":4},"title":"SUS ofertar\u00e1 medicamento de R$ 7 milh\u00f5es para tratamento de AME","author":"noticiasribeiraopreto.com.br","date":"23 de March de 2025","format":false,"excerpt":"O Minist\u00e9rio da Sa\u00fade anuncia uma estrat\u00e9gia in\u00e9dita para viabilizar a compra do medicamento Zolgensma, utilizado no tratamento da AME (Atrofia Muscular Espinhal) tipo 1. O medicamento, que custa R$ 7 milh\u00f5es, ser\u00e1 oferecido pelo SUS (Sistema \u00danico de Sa\u00fade). Um Acordo de Compartilhamento de Risco baseado em desempenho foi\u2026","rel":"","context":"In &quot;Not\u00edcias de Ribeir\u00e3o Preto-SP e Regi\u00e3o&quot;","block_context":{"text":"Not\u00edcias de Ribeir\u00e3o Preto-SP e Regi\u00e3o","link":"https:\/\/noticiasribeiraopreto.com.br\/index.php\/category\/noticias-de-ribeirao-preto-sp-e-regiao-ismael-colosi\/"},"img":{"alt_text":"","src":"https:\/\/i0.wp.com\/noticiasribeiraopreto.com.br\/wp-content\/uploads\/2025\/03\/sus_2025-03-23_15-26-55_jpg_2025-03-23_15-26-55.webp.webp?fit=763%2C457&ssl=1&resize=350%2C200","width":350,"height":200,"srcset":"https:\/\/i0.wp.com\/noticiasribeiraopreto.com.br\/wp-content\/uploads\/2025\/03\/sus_2025-03-23_15-26-55_jpg_2025-03-23_15-26-55.webp.webp?fit=763%2C457&ssl=1&resize=350%2C200 1x, https:\/\/i0.wp.com\/noticiasribeiraopreto.com.br\/wp-content\/uploads\/2025\/03\/sus_2025-03-23_15-26-55_jpg_2025-03-23_15-26-55.webp.webp?fit=763%2C457&ssl=1&resize=525%2C300 1.5x, https:\/\/i0.wp.com\/noticiasribeiraopreto.com.br\/wp-content\/uploads\/2025\/03\/sus_2025-03-23_15-26-55_jpg_2025-03-23_15-26-55.webp.webp?fit=763%2C457&ssl=1&resize=700%2C400 2x"},"classes":[]},{"id":76936,"url":"https:\/\/noticiasribeiraopreto.com.br\/index.php\/2025\/09\/09\/ubss-tem-novo-modelo-de-agendamento-de-consultas\/","url_meta":{"origin":73072,"position":5},"title":"UBSs t\u00eam novo modelo de \u2028agendamento de consultas","author":"noticiasribeiraopreto.com.br","date":"9 de September de 2025","format":false,"excerpt":"9 de setembro de 2025 07:359 de setembro de 2025 02:023 Compartilhar0 Nesta segunda-feira, 8 de setembro, a prefeitura de Ribeir\u00e3o Preto deu in\u00edcio ao novo modelo de atendimento no N\u00facleo Interno de Gest\u00e3o de Agendas (Niga), que promete transformar a forma de marcar consultas, exames e procedimentos nas unidades\u2026","rel":"","context":"In &quot;Not\u00edcias de Ribeir\u00e3o Preto-SP e Regi\u00e3o&quot;","block_context":{"text":"Not\u00edcias de Ribeir\u00e3o Preto-SP e Regi\u00e3o","link":"https:\/\/noticiasribeiraopreto.com.br\/index.php\/category\/noticias-de-ribeirao-preto-sp-e-regiao-ismael-colosi\/"},"img":{"alt_text":"","src":"https:\/\/i0.wp.com\/noticiasribeiraopreto.com.br\/wp-content\/uploads\/2025\/09\/BebeUBDS-Alfredo-Risk-scaled.jpg?fit=750%2C500&ssl=1&resize=350%2C200","width":350,"height":200,"srcset":"https:\/\/i0.wp.com\/noticiasribeiraopreto.com.br\/wp-content\/uploads\/2025\/09\/BebeUBDS-Alfredo-Risk-scaled.jpg?fit=750%2C500&ssl=1&resize=350%2C200 1x, https:\/\/i0.wp.com\/noticiasribeiraopreto.com.br\/wp-content\/uploads\/2025\/09\/BebeUBDS-Alfredo-Risk-scaled.jpg?fit=750%2C500&ssl=1&resize=525%2C300 1.5x, https:\/\/i0.wp.com\/noticiasribeiraopreto.com.br\/wp-content\/uploads\/2025\/09\/BebeUBDS-Alfredo-Risk-scaled.jpg?fit=750%2C500&ssl=1&resize=700%2C400 2x"},"classes":[]}],"jetpack_sharing_enabled":true,"jetpack_shortlink":"https:\/\/wp.me\/peQAOb-j0A","_links":{"self":[{"href":"https:\/\/noticiasribeiraopreto.com.br\/index.php\/wp-json\/wp\/v2\/posts\/73072","targetHints":{"allow":["GET"]}}],"collection":[{"href":"https:\/\/noticiasribeiraopreto.com.br\/index.php\/wp-json\/wp\/v2\/posts"}],"about":[{"href":"https:\/\/noticiasribeiraopreto.com.br\/index.php\/wp-json\/wp\/v2\/types\/post"}],"author":[{"embeddable":true,"href":"https:\/\/noticiasribeiraopreto.com.br\/index.php\/wp-json\/wp\/v2\/users\/1"}],"replies":[{"embeddable":true,"href":"https:\/\/noticiasribeiraopreto.com.br\/index.php\/wp-json\/wp\/v2\/comments?post=73072"}],"version-history":[{"count":0,"href":"https:\/\/noticiasribeiraopreto.com.br\/index.php\/wp-json\/wp\/v2\/posts\/73072\/revisions"}],"wp:featuredmedia":[{"embeddable":true,"href":"https:\/\/noticiasribeiraopreto.com.br\/index.php\/wp-json\/wp\/v2\/media\/73073"}],"wp:attachment":[{"href":"https:\/\/noticiasribeiraopreto.com.br\/index.php\/wp-json\/wp\/v2\/media?parent=73072"}],"wp:term":[{"taxonomy":"category","embeddable":true,"href":"https:\/\/noticiasribeiraopreto.com.br\/index.php\/wp-json\/wp\/v2\/categories?post=73072"},{"taxonomy":"post_tag","embeddable":true,"href":"https:\/\/noticiasribeiraopreto.com.br\/index.php\/wp-json\/wp\/v2\/tags?post=73072"}],"curies":[{"name":"wp","href":"https:\/\/api.w.org\/{rel}","templated":true}]}}