{"id":73076,"date":"2025-06-25T09:52:08","date_gmt":"2025-06-25T12:52:08","guid":{"rendered":"https:\/\/noticiasribeiraopreto.com.br\/index.php\/2025\/06\/25\/homem-e-detido-apos-perseguicao-a-caminhonete-de-luxo-furtada\/"},"modified":"2025-06-25T09:52:08","modified_gmt":"2025-06-25T12:52:08","slug":"homem-e-detido-apos-perseguicao-a-caminhonete-de-luxo-furtada","status":"publish","type":"post","link":"https:\/\/noticiasribeiraopreto.com.br\/index.php\/2025\/06\/25\/homem-e-detido-apos-perseguicao-a-caminhonete-de-luxo-furtada\/","title":{"rendered":"Homem \u00e9 detido ap\u00f3s persegui\u00e7\u00e3o a caminhonete de luxo furtada"},"content":{"rendered":"<p> <br \/>\n<\/p>\n<div data-td-block-uid=\"tdi_95\">\n<div class=\"tdb-block-inner td-fix-index\">\n<p><strong>A PM (Pol\u00edcia Militar) deteve um homem nesta quarta-feira (25), em S\u00e3o Sim\u00e3o, a 50 quil\u00f4metros de Ribeir\u00e3o Preto, com uma caminhonete furtada.<\/strong><\/p>\n<p>Segundo a <strong>pol\u00edcia<\/strong>, <mark style=\"background-color:#fcb900\" class=\"has-inline-color has-black-color\">o ve\u00edculo Toyota Hilux estava pela rodovia Conde Francisco Matarazzo (SP-253), quando o condutor entrou pelo munic\u00edpio de S\u00e3o Sim\u00e3o e houve uma persegui\u00e7\u00e3o at\u00e9 a sua abordagem.<\/mark><\/p>\n<p>Os ocupantes de um carro Hyundai HB20, apontados por escoltarem a caminhonete, conseguiram fugir com o ve\u00edculo.<\/p>\n<p>Ainda de acordo com a pol\u00edcia, a caminhonete portava equipamento utilizado no furto de modelos similares.<\/p>\n<p>O ve\u00edculo havia sido furtado h\u00e1 quatro dias. O local do crime, por\u00e9m, n\u00e3o foi divulgado.<\/p>\n<p><!-- CONTENT END 2 -->\n<\/div>\n<\/div>\n<p><br \/>\n<br \/><a href=\"https:\/\/www.acidadeon.com\/ribeiraopreto\/cotidiano\/homem-e-detido-apos-perseguicao-a-caminhonete-de-luxo-furtada\/\">Source link <\/a><\/p>\n","protected":false},"excerpt":{"rendered":"<p>A PM (Pol\u00edcia Militar) deteve um homem nesta quarta-feira (25), em S\u00e3o Sim\u00e3o, a 50 quil\u00f4metros de Ribeir\u00e3o Preto, com uma caminhonete furtada. Segundo a&#8230;<\/p>\n","protected":false},"author":1,"featured_media":73077,"comment_status":"open","ping_status":"open","sticky":false,"template":"","format":"standard","meta":{"advanced_seo_description":"","jetpack_seo_html_title":"","jetpack_seo_noindex":false,"jetpack_post_was_ever_published":false,"_jetpack_newsletter_access":"","_jetpack_dont_email_post_to_subs":false,"_jetpack_newsletter_tier_id":0,"_jetpack_memberships_contains_paywalled_content":false,"_jetpack_memberships_contains_paid_content":false,"footnotes":"","jetpack_publicize_message":"","jetpack_publicize_feature_enabled":true,"jetpack_social_post_already_shared":true,"jetpack_social_options":{"image_generator_settings":{"template":"highway","default_image_id":0,"font":"","enabled":false},"version":2}},"categories":[11],"tags":[],"class_list":["post-73076","post","type-post","status-publish","format-standard","has-post-thumbnail","hentry","category-noticias-de-ribeirao-preto-sp-e-regiao-ismael-colosi"],"jetpack_publicize_connections":[],"jetpack_featured_media_url":"https:\/\/i0.wp.com\/noticiasribeiraopreto.com.br\/wp-content\/uploads\/2025\/06\/WhatsApp-Image-2025-06-25-at-09.11.22_2025-06-25_12-12-09.webp.webp?fit=1200%2C675&ssl=1","jetpack-related-posts":[{"id":64666,"url":"https:\/\/noticiasribeiraopreto.com.br\/index.php\/2025\/03\/11\/apos-perseguicao-homem-e-preso-com-caminhonete-de-luxo-furtada-na-zona-sul-de-ribeirao-preto\/","url_meta":{"origin":73076,"position":0},"title":"Ap\u00f3s persegui\u00e7\u00e3o, homem \u00e9 preso com caminhonete de luxo furtada na zona Sul de Ribeir\u00e3o Preto","author":"noticiasribeiraopreto.com.br","date":"11 de March de 2025","format":false,"excerpt":"Um homem foi preso nesta ter\u00e7a-feira (11) com uma caminhonete que havia sido furtada no \u00faltimo s\u00e1bado (8), no Jardim Bot\u00e2nico, zona Sul de Ribeir\u00e3o Preto. Segundo o boletim de ocorr\u00eancia (BO), houve persegui\u00e7\u00e3o ao ve\u00edculo Toyota\u00a0Hilux branco pelas rodovias Anhanguera (SP-330) e Ant\u00f4nio Machado Sant\u2019Anna. Durante a a\u00e7\u00e3o, a\u2026","rel":"","context":"In &quot;Not\u00edcias de Ribeir\u00e3o Preto-SP e Regi\u00e3o&quot;","block_context":{"text":"Not\u00edcias de Ribeir\u00e3o Preto-SP e Regi\u00e3o","link":"https:\/\/noticiasribeiraopreto.com.br\/index.php\/category\/noticias-de-ribeirao-preto-sp-e-regiao-ismael-colosi\/"},"img":{"alt_text":"","src":"https:\/\/i0.wp.com\/noticiasribeiraopreto.com.br\/wp-content\/uploads\/2025\/03\/CAMINHONETE_2025-03-11_12-07-21_jpg_2025-03-11_12-07-23-scaled.webp.webp?fit=1200%2C761&ssl=1&resize=350%2C200","width":350,"height":200,"srcset":"https:\/\/i0.wp.com\/noticiasribeiraopreto.com.br\/wp-content\/uploads\/2025\/03\/CAMINHONETE_2025-03-11_12-07-21_jpg_2025-03-11_12-07-23-scaled.webp.webp?fit=1200%2C761&ssl=1&resize=350%2C200 1x, https:\/\/i0.wp.com\/noticiasribeiraopreto.com.br\/wp-content\/uploads\/2025\/03\/CAMINHONETE_2025-03-11_12-07-21_jpg_2025-03-11_12-07-23-scaled.webp.webp?fit=1200%2C761&ssl=1&resize=525%2C300 1.5x, https:\/\/i0.wp.com\/noticiasribeiraopreto.com.br\/wp-content\/uploads\/2025\/03\/CAMINHONETE_2025-03-11_12-07-21_jpg_2025-03-11_12-07-23-scaled.webp.webp?fit=1200%2C761&ssl=1&resize=700%2C400 2x, https:\/\/i0.wp.com\/noticiasribeiraopreto.com.br\/wp-content\/uploads\/2025\/03\/CAMINHONETE_2025-03-11_12-07-21_jpg_2025-03-11_12-07-23-scaled.webp.webp?fit=1200%2C761&ssl=1&resize=1050%2C600 3x"},"classes":[]},{"id":55033,"url":"https:\/\/noticiasribeiraopreto.com.br\/index.php\/2024\/07\/28\/homem-e-preso-em-perseguicao-apos-furto-de-caminhonete-na-zona-sul-de-ribeirao\/","url_meta":{"origin":73076,"position":1},"title":"Homem \u00e9 preso em persegui\u00e7\u00e3o ap\u00f3s furto de caminhonete na zona Sul de Ribeir\u00e3o","author":"noticiasribeiraopreto.com.br","date":"28 de July de 2024","format":false,"excerpt":"Um homem de 23 anos foi preso em Dumont, na tarde do \u00faltimo s\u00e1bado (27), depois de uma persegui\u00e7\u00e3o. O criminoso \u00e9 acusado de furtar uma caminhonete no Jardim Bot\u00e2nico, na zona Sul de Ribeir\u00e3o Preto. A caminhonete estava estacionada na rua Wanda Bastos Santiago. O dono do ve\u00edculo estava\u2026","rel":"","context":"In &quot;Not\u00edcias de Ribeir\u00e3o Preto-SP e Regi\u00e3o&quot;","block_context":{"text":"Not\u00edcias de Ribeir\u00e3o Preto-SP e Regi\u00e3o","link":"https:\/\/noticiasribeiraopreto.com.br\/index.php\/category\/noticias-de-ribeirao-preto-sp-e-regiao-ismael-colosi\/"},"img":{"alt_text":"","src":"https:\/\/i0.wp.com\/noticiasribeiraopreto.com.br\/wp-content\/uploads\/2024\/07\/1722174453_acidadeon_logos_Prancheta-1-copia-12_edited.jpg?fit=1199%2C1200&ssl=1&resize=350%2C200","width":350,"height":200,"srcset":"https:\/\/i0.wp.com\/noticiasribeiraopreto.com.br\/wp-content\/uploads\/2024\/07\/1722174453_acidadeon_logos_Prancheta-1-copia-12_edited.jpg?fit=1199%2C1200&ssl=1&resize=350%2C200 1x, https:\/\/i0.wp.com\/noticiasribeiraopreto.com.br\/wp-content\/uploads\/2024\/07\/1722174453_acidadeon_logos_Prancheta-1-copia-12_edited.jpg?fit=1199%2C1200&ssl=1&resize=525%2C300 1.5x, https:\/\/i0.wp.com\/noticiasribeiraopreto.com.br\/wp-content\/uploads\/2024\/07\/1722174453_acidadeon_logos_Prancheta-1-copia-12_edited.jpg?fit=1199%2C1200&ssl=1&resize=700%2C400 2x, https:\/\/i0.wp.com\/noticiasribeiraopreto.com.br\/wp-content\/uploads\/2024\/07\/1722174453_acidadeon_logos_Prancheta-1-copia-12_edited.jpg?fit=1199%2C1200&ssl=1&resize=1050%2C600 3x"},"classes":[]},{"id":62678,"url":"https:\/\/noticiasribeiraopreto.com.br\/index.php\/2025\/01\/21\/caminhonete-de-luxo-furtada-e-recuperada-pela-pm-em-ribeirao-preto\/","url_meta":{"origin":73076,"position":2},"title":"Caminhonete de luxo furtada \u00e9 recuperada pela PM em Ribeir\u00e3o\u00a0Preto","author":"noticiasribeiraopreto.com.br","date":"21 de January de 2025","format":false,"excerpt":"A Pol\u00edcia Militar de Ribeir\u00e3o Preto recuperou uma caminhonete modelo Hilux que havia sido furtada no \u00ednicio do ano, em Bonfim Paulista, distrito do munic\u00edpio. O ve\u00edculo que foi encontrado na tarde desta quinta-feira (21), no bairro Parque dos Flamboyans, estava com a placa adulterada. Segundo informa\u00e7\u00f5es da PM, o\u2026","rel":"","context":"In &quot;Not\u00edcias de Ribeir\u00e3o Preto-SP e Regi\u00e3o&quot;","block_context":{"text":"Not\u00edcias de Ribeir\u00e3o Preto-SP e Regi\u00e3o","link":"https:\/\/noticiasribeiraopreto.com.br\/index.php\/category\/noticias-de-ribeirao-preto-sp-e-regiao-ismael-colosi\/"},"img":{"alt_text":"","src":"https:\/\/i0.wp.com\/noticiasribeiraopreto.com.br\/wp-content\/uploads\/2025\/01\/Copia-de-Copia-de-Copia-de-TAMANHO-EXATO-PARA-FOTOS-NO-SISTEMA-NOVO-2025-01-21T154643.743_2025-01-21_18-51-44_png_2025-01-21_18-51-44.webp.webp?fit=1200%2C675&ssl=1&resize=350%2C200","width":350,"height":200,"srcset":"https:\/\/i0.wp.com\/noticiasribeiraopreto.com.br\/wp-content\/uploads\/2025\/01\/Copia-de-Copia-de-Copia-de-TAMANHO-EXATO-PARA-FOTOS-NO-SISTEMA-NOVO-2025-01-21T154643.743_2025-01-21_18-51-44_png_2025-01-21_18-51-44.webp.webp?fit=1200%2C675&ssl=1&resize=350%2C200 1x, https:\/\/i0.wp.com\/noticiasribeiraopreto.com.br\/wp-content\/uploads\/2025\/01\/Copia-de-Copia-de-Copia-de-TAMANHO-EXATO-PARA-FOTOS-NO-SISTEMA-NOVO-2025-01-21T154643.743_2025-01-21_18-51-44_png_2025-01-21_18-51-44.webp.webp?fit=1200%2C675&ssl=1&resize=525%2C300 1.5x, https:\/\/i0.wp.com\/noticiasribeiraopreto.com.br\/wp-content\/uploads\/2025\/01\/Copia-de-Copia-de-Copia-de-TAMANHO-EXATO-PARA-FOTOS-NO-SISTEMA-NOVO-2025-01-21T154643.743_2025-01-21_18-51-44_png_2025-01-21_18-51-44.webp.webp?fit=1200%2C675&ssl=1&resize=700%2C400 2x, https:\/\/i0.wp.com\/noticiasribeiraopreto.com.br\/wp-content\/uploads\/2025\/01\/Copia-de-Copia-de-Copia-de-TAMANHO-EXATO-PARA-FOTOS-NO-SISTEMA-NOVO-2025-01-21T154643.743_2025-01-21_18-51-44_png_2025-01-21_18-51-44.webp.webp?fit=1200%2C675&ssl=1&resize=1050%2C600 3x"},"classes":[]},{"id":78413,"url":"https:\/\/noticiasribeiraopreto.com.br\/index.php\/2025\/10\/10\/caminhonete-furtada-e-localizada-tribuna-ribeirao\/","url_meta":{"origin":73076,"position":3},"title":"Caminhonete furtada \u00e9 localizada &#8211; Tribuna Ribeir\u00e3o","author":"noticiasribeiraopreto.com.br","date":"10 de October de 2025","format":false,"excerpt":"Ve\u00edculo de luxo foi localizado em canavial da zona rural de Ribeir\u00e3o Preto 10 de outubro de 2025 08:1310 de outubro de 2025 07:1415 Compartilhar1 Por: Adalberto Luque A equipe da Patrulha Rural da Guarda Civil Metropolitana (GCM) localizou, nesta quinta-feira (9), uma caminhonete na zona rural de Ribeir\u00e3o Preto.\u2026","rel":"","context":"In &quot;Not\u00edcias de Ribeir\u00e3o Preto-SP e Regi\u00e3o&quot;","block_context":{"text":"Not\u00edcias de Ribeir\u00e3o Preto-SP e Regi\u00e3o","link":"https:\/\/noticiasribeiraopreto.com.br\/index.php\/category\/noticias-de-ribeirao-preto-sp-e-regiao-ismael-colosi\/"},"img":{"alt_text":"","src":"https:\/\/i0.wp.com\/noticiasribeiraopreto.com.br\/wp-content\/uploads\/2025\/10\/10-out-2025-caminhonetefurtada2-scaled.jpg?fit=1170%2C780&ssl=1&resize=350%2C200","width":350,"height":200,"srcset":"https:\/\/i0.wp.com\/noticiasribeiraopreto.com.br\/wp-content\/uploads\/2025\/10\/10-out-2025-caminhonetefurtada2-scaled.jpg?fit=1170%2C780&ssl=1&resize=350%2C200 1x, https:\/\/i0.wp.com\/noticiasribeiraopreto.com.br\/wp-content\/uploads\/2025\/10\/10-out-2025-caminhonetefurtada2-scaled.jpg?fit=1170%2C780&ssl=1&resize=525%2C300 1.5x, https:\/\/i0.wp.com\/noticiasribeiraopreto.com.br\/wp-content\/uploads\/2025\/10\/10-out-2025-caminhonetefurtada2-scaled.jpg?fit=1170%2C780&ssl=1&resize=700%2C400 2x, https:\/\/i0.wp.com\/noticiasribeiraopreto.com.br\/wp-content\/uploads\/2025\/10\/10-out-2025-caminhonetefurtada2-scaled.jpg?fit=1170%2C780&ssl=1&resize=1050%2C600 3x"},"classes":[]},{"id":70278,"url":"https:\/\/noticiasribeiraopreto.com.br\/index.php\/2025\/05\/24\/caminhonete-e-furtada-na-zona-sul-de-ribeirao-preto\/","url_meta":{"origin":73076,"position":4},"title":"Caminhonete \u00e9 furtada na zona Sul de Ribeir\u00e3o Preto","author":"noticiasribeiraopreto.com.br","date":"24 de May de 2025","format":false,"excerpt":"Uma caminhonete Toyota\/Hilux foi furtada no Jardim Nova Alian\u00e7a, na zona Sul de Ribeir\u00e3o Preto. Segundo o BO (boletim de ocorr\u00eancia), o crime aconteceu na tarde da \u00faltima sexta-feira (24). De acordo com o relato, o dono da caminhonete disse que deixou o ve\u00edculo estacionado na rua Marcos Markarian, por\u2026","rel":"","context":"In &quot;Not\u00edcias de Ribeir\u00e3o Preto-SP e Regi\u00e3o&quot;","block_context":{"text":"Not\u00edcias de Ribeir\u00e3o Preto-SP e Regi\u00e3o","link":"https:\/\/noticiasribeiraopreto.com.br\/index.php\/category\/noticias-de-ribeirao-preto-sp-e-regiao-ismael-colosi\/"},"img":{"alt_text":"","src":"https:\/\/i0.wp.com\/noticiasribeiraopreto.com.br\/wp-content\/uploads\/2025\/05\/cpj_1024x576_04082020121137.jpg?fit=1024%2C575&ssl=1&resize=350%2C200","width":350,"height":200,"srcset":"https:\/\/i0.wp.com\/noticiasribeiraopreto.com.br\/wp-content\/uploads\/2025\/05\/cpj_1024x576_04082020121137.jpg?fit=1024%2C575&ssl=1&resize=350%2C200 1x, https:\/\/i0.wp.com\/noticiasribeiraopreto.com.br\/wp-content\/uploads\/2025\/05\/cpj_1024x576_04082020121137.jpg?fit=1024%2C575&ssl=1&resize=525%2C300 1.5x, https:\/\/i0.wp.com\/noticiasribeiraopreto.com.br\/wp-content\/uploads\/2025\/05\/cpj_1024x576_04082020121137.jpg?fit=1024%2C575&ssl=1&resize=700%2C400 2x"},"classes":[]},{"id":60841,"url":"https:\/\/noticiasribeiraopreto.com.br\/index.php\/2024\/11\/26\/policia-prende-suspeito-de-furtar-caminhonete-na-zona-sul-de-ribeirao\/","url_meta":{"origin":73076,"position":5},"title":"Pol\u00edcia prende suspeito de furtar caminhonete na zona Sul de Ribeir\u00e3o","author":"noticiasribeiraopreto.com.br","date":"26 de November de 2024","format":false,"excerpt":"Um homem foi preso, nesta ter\u00e7a-feira (26), em Ribeir\u00e3o Preto, suspeito de furtar uma caminhonete de luxo no estacionamento de um shopping localizado no bairro Vila do Golfe, na zona Sul da cidade. Segundo a Pol\u00edcia Civil, a caminhonete foi recuperada em um supermercado situado a aproximadamente 1 km do\u2026","rel":"","context":"In &quot;Not\u00edcias de Ribeir\u00e3o Preto-SP e Regi\u00e3o&quot;","block_context":{"text":"Not\u00edcias de Ribeir\u00e3o Preto-SP e Regi\u00e3o","link":"https:\/\/noticiasribeiraopreto.com.br\/index.php\/category\/noticias-de-ribeirao-preto-sp-e-regiao-ismael-colosi\/"},"img":{"alt_text":"","src":"https:\/\/i0.wp.com\/noticiasribeiraopreto.com.br\/wp-content\/uploads\/2024\/11\/Copia-de-Copia-de-Copia-de-TAMANHO-EXATO-PARA-FOTOS-NO-SISTEMA-NOVO-2024-11-26T205348.515_2024-11-26_23-54-30_png_2024-11-26_23-54-30.webp.webp?fit=1200%2C675&ssl=1&resize=350%2C200","width":350,"height":200,"srcset":"https:\/\/i0.wp.com\/noticiasribeiraopreto.com.br\/wp-content\/uploads\/2024\/11\/Copia-de-Copia-de-Copia-de-TAMANHO-EXATO-PARA-FOTOS-NO-SISTEMA-NOVO-2024-11-26T205348.515_2024-11-26_23-54-30_png_2024-11-26_23-54-30.webp.webp?fit=1200%2C675&ssl=1&resize=350%2C200 1x, https:\/\/i0.wp.com\/noticiasribeiraopreto.com.br\/wp-content\/uploads\/2024\/11\/Copia-de-Copia-de-Copia-de-TAMANHO-EXATO-PARA-FOTOS-NO-SISTEMA-NOVO-2024-11-26T205348.515_2024-11-26_23-54-30_png_2024-11-26_23-54-30.webp.webp?fit=1200%2C675&ssl=1&resize=525%2C300 1.5x, https:\/\/i0.wp.com\/noticiasribeiraopreto.com.br\/wp-content\/uploads\/2024\/11\/Copia-de-Copia-de-Copia-de-TAMANHO-EXATO-PARA-FOTOS-NO-SISTEMA-NOVO-2024-11-26T205348.515_2024-11-26_23-54-30_png_2024-11-26_23-54-30.webp.webp?fit=1200%2C675&ssl=1&resize=700%2C400 2x, https:\/\/i0.wp.com\/noticiasribeiraopreto.com.br\/wp-content\/uploads\/2024\/11\/Copia-de-Copia-de-Copia-de-TAMANHO-EXATO-PARA-FOTOS-NO-SISTEMA-NOVO-2024-11-26T205348.515_2024-11-26_23-54-30_png_2024-11-26_23-54-30.webp.webp?fit=1200%2C675&ssl=1&resize=1050%2C600 3x"},"classes":[]}],"jetpack_sharing_enabled":true,"jetpack_shortlink":"https:\/\/wp.me\/peQAOb-j0E","_links":{"self":[{"href":"https:\/\/noticiasribeiraopreto.com.br\/index.php\/wp-json\/wp\/v2\/posts\/73076","targetHints":{"allow":["GET"]}}],"collection":[{"href":"https:\/\/noticiasribeiraopreto.com.br\/index.php\/wp-json\/wp\/v2\/posts"}],"about":[{"href":"https:\/\/noticiasribeiraopreto.com.br\/index.php\/wp-json\/wp\/v2\/types\/post"}],"author":[{"embeddable":true,"href":"https:\/\/noticiasribeiraopreto.com.br\/index.php\/wp-json\/wp\/v2\/users\/1"}],"replies":[{"embeddable":true,"href":"https:\/\/noticiasribeiraopreto.com.br\/index.php\/wp-json\/wp\/v2\/comments?post=73076"}],"version-history":[{"count":0,"href":"https:\/\/noticiasribeiraopreto.com.br\/index.php\/wp-json\/wp\/v2\/posts\/73076\/revisions"}],"wp:featuredmedia":[{"embeddable":true,"href":"https:\/\/noticiasribeiraopreto.com.br\/index.php\/wp-json\/wp\/v2\/media\/73077"}],"wp:attachment":[{"href":"https:\/\/noticiasribeiraopreto.com.br\/index.php\/wp-json\/wp\/v2\/media?parent=73076"}],"wp:term":[{"taxonomy":"category","embeddable":true,"href":"https:\/\/noticiasribeiraopreto.com.br\/index.php\/wp-json\/wp\/v2\/categories?post=73076"},{"taxonomy":"post_tag","embeddable":true,"href":"https:\/\/noticiasribeiraopreto.com.br\/index.php\/wp-json\/wp\/v2\/tags?post=73076"}],"curies":[{"name":"wp","href":"https:\/\/api.w.org\/{rel}","templated":true}]}}