{"id":73078,"date":"2025-06-25T10:00:22","date_gmt":"2025-06-25T13:00:22","guid":{"rendered":"https:\/\/noticiasribeiraopreto.com.br\/index.php\/2025\/06\/25\/cidade-da-regiao-de-ribeirao-preto-registra-sensacao-termica-abaixo-de-zero\/"},"modified":"2025-06-25T10:00:22","modified_gmt":"2025-06-25T13:00:22","slug":"cidade-da-regiao-de-ribeirao-preto-registra-sensacao-termica-abaixo-de-zero","status":"publish","type":"post","link":"https:\/\/noticiasribeiraopreto.com.br\/index.php\/2025\/06\/25\/cidade-da-regiao-de-ribeirao-preto-registra-sensacao-termica-abaixo-de-zero\/","title":{"rendered":"Cidade da regi\u00e3o de Ribeir\u00e3o Preto registra sensa\u00e7\u00e3o t\u00e9rmica abaixo de zero"},"content":{"rendered":"<div class='code-block code-block-1' style='margin: 8px 0 8px auto; text-align: right; display: block; clear: both;'>\n<p><a href=\"https:\/\/wa.link\/vpicfd\"><img data-recalc-dims=\"1\" class=\"wp-image-4922\" style=\"aspect-ratio: 2.0253164556962027; width: 561px; height: auto;\" src=\"https:\/\/i0.wp.com\/ismaelcolosi.com.br\/wp-content\/uploads\/2023\/11\/grupo-de-empregos-whatsapp-e-facebook-ismael-colosi-vagas.jpg?ssl=1\" alt=\"\" \/><\/a><\/p>\n<!-- \/wp:image -->\n<\/div>\n<p> <br \/>\n<\/p>\n<p><strong>A onda de frio que derrubou as temperaturas nesta quarta (25) deixou a sensa\u00e7\u00e3o t\u00e9rmica negativa em Ituverava, a 100 quil\u00f4metros de Ribeir\u00e3o Preto.<\/strong><\/p>\n<p>Segundo dados do <a href=\"https:\/\/portal.inmet.gov.br\/\">Inmet (Instituto Nacional de Meteorologia)<\/a> divulgados pela <a href=\"https:\/\/www.climatempo.com.br\/\">Climatempo<\/a>, <mark style=\"background-color:#fcb900\" class=\"has-inline-color has-black-color\">Ituverava registrou m\u00ednima de 1,2\u00b0C nesta madrugada, com sensa\u00e7\u00e3o t\u00e9rmica de -1,3\u00b0C.<\/mark><\/p>\n<p>Ribeir\u00e3o Preto teve a manh\u00e3 mais fria do ano nesta quarta: \u00e0s 6h fez 4\u00b0C e, \u00e0s7h, baixou para 3,9\u00b0C , de acordo com dados do <a href=\"http:\/\/www.ciiagro.org.br\/\">Ciiagro (Centro Integrado de Informa\u00e7\u00f5es Agrometeorol\u00f3gicas)<\/a>.<\/p>\n<p>SAIBA MAIS<\/p>\n<p>Vai esfriar mais? Inmet alerta para queda acentuada de temperatura<\/p>\n<h2 class=\"wp-block-heading\"><strong>FIQUE ON<\/strong><\/h2>\n<p>Fique ligado em tudo que acontece em Ribeir\u00e3o Preto e regi\u00e3o. Siga os perfis do&nbsp;<strong>acidade on&nbsp;<\/strong>no&nbsp;<a href=\"https:\/\/www.instagram.com\/acidadeonribeirao\" target=\"_blank\" rel=\"noreferrer noopener\">Instagram<\/a>&nbsp;e no&nbsp;<a href=\"https:\/\/www.facebook.com\/acidadeonribeirao\" target=\"_blank\" rel=\"noreferrer noopener\">Facebook<\/a>.<\/p>\n<p>Receba not\u00edcias do acidade on no WhatsApp. Para entrar no grupo, basta&nbsp;<a href=\"https:\/\/chat.whatsapp.com\/BjKQZ9oJwlz8VVT50NuePq\" target=\"_blank\" rel=\"noreferrer noopener\">clicar aqui<\/a>.<\/p>\n<p>Fa\u00e7a uma den\u00fancia ou sugira uma reportagem sobre Ribeir\u00e3o Preto e regi\u00e3o pelo WhatsApp: 16 99117 7802.<\/p>\n<p>VEJA TAMB\u00c9M<\/p>\n<p>Quarta-feira (25) ser\u00e1 mais fria do que hoje?<\/p>\n<p>O post Cidade da regi\u00e3o de Ribeir\u00e3o Preto registra sensa\u00e7\u00e3o t\u00e9rmica abaixo de zero apareceu primeiro em ACidade ON Ribeir\u00e3o Preto.<\/p>\n<p><script async src=\"\/\/www.instagram.com\/embed.js\"><\/script><br \/>\n<br \/><br \/>\n<br \/><a href=\"https:\/\/www.acidadeon.com\/ribeiraopreto\/cotidiano\/cidade-da-regiao-de-ribeirao-preto-registra-sensacao-termica-abaixo-de-zero\/\">Source link <\/a><\/p>\n<!-- CONTENT END 1 -->\n","protected":false},"excerpt":{"rendered":"<p>A onda de frio que derrubou as temperaturas nesta quarta (25) deixou a sensa\u00e7\u00e3o t\u00e9rmica negativa em Ituverava, a 100 quil\u00f4metros de Ribeir\u00e3o Preto. Segundo&#8230;<\/p>\n","protected":false},"author":1,"featured_media":73079,"comment_status":"open","ping_status":"open","sticky":false,"template":"","format":"standard","meta":{"advanced_seo_description":"","jetpack_seo_html_title":"","jetpack_seo_noindex":false,"jetpack_post_was_ever_published":false,"_jetpack_newsletter_access":"","_jetpack_dont_email_post_to_subs":false,"_jetpack_newsletter_tier_id":0,"_jetpack_memberships_contains_paywalled_content":false,"_jetpack_memberships_contains_paid_content":false,"footnotes":"","jetpack_publicize_message":"","jetpack_publicize_feature_enabled":true,"jetpack_social_post_already_shared":true,"jetpack_social_options":{"image_generator_settings":{"template":"highway","default_image_id":0,"font":"","enabled":false},"version":2}},"categories":[11],"tags":[],"class_list":["post-73078","post","type-post","status-publish","format-standard","has-post-thumbnail","hentry","category-noticias-de-ribeirao-preto-sp-e-regiao-ismael-colosi"],"jetpack_publicize_connections":[],"jetpack_featured_media_url":"https:\/\/i0.wp.com\/noticiasribeiraopreto.com.br\/wp-content\/uploads\/2025\/06\/ITUVERAVA_2025-06-25_11-04-54.webp.webp?fit=1200%2C784&ssl=1","jetpack-related-posts":[{"id":51847,"url":"https:\/\/noticiasribeiraopreto.com.br\/index.php\/2024\/05\/31\/cidade-a-100-km-de-ribeirao-preto-tem-sensacao-termica-de-0c-nesta-sexta\/","url_meta":{"origin":73078,"position":0},"title":"Cidade a 100 km de Ribeir\u00e3o Preto tem sensa\u00e7\u00e3o t\u00e9rmica de 0\u00b0C nesta sexta","author":"noticiasribeiraopreto.com.br","date":"31 de May de 2024","format":false,"excerpt":"Ituverava, cidade a aproximadamente 100 km de Ribeir\u00e3o Preto, registrou a sensa\u00e7\u00e3o t\u00e9rmica de 0,9\u00baC com temperatura oficial de 3,2\u00baC nesta sexta-feira (31). Os dados s\u00e3o do Inmet (Instituto Nacional de Meteorologia). A temperatura de 3,2\u00baC foi a menor em toda a regi\u00e3o de Ribeir\u00e3o nesta sexta. A previs\u00e3o para\u2026","rel":"","context":"In &quot;Not\u00edcias de Ribeir\u00e3o Preto-SP e Regi\u00e3o&quot;","block_context":{"text":"Not\u00edcias de Ribeir\u00e3o Preto-SP e Regi\u00e3o","link":"https:\/\/noticiasribeiraopreto.com.br\/index.php\/category\/noticias-de-ribeirao-preto-sp-e-regiao-ismael-colosi\/"},"img":{"alt_text":"","src":"https:\/\/i0.wp.com\/noticiasribeiraopreto.com.br\/wp-content\/uploads\/2024\/05\/982-portal-de-entrada-da-cidade-1024x1024-1_2024-05-31_14-02-07_jpg_2024-05-31_14-02-07.webp.webp?fit=1024%2C768&ssl=1&resize=350%2C200","width":350,"height":200,"srcset":"https:\/\/i0.wp.com\/noticiasribeiraopreto.com.br\/wp-content\/uploads\/2024\/05\/982-portal-de-entrada-da-cidade-1024x1024-1_2024-05-31_14-02-07_jpg_2024-05-31_14-02-07.webp.webp?fit=1024%2C768&ssl=1&resize=350%2C200 1x, https:\/\/i0.wp.com\/noticiasribeiraopreto.com.br\/wp-content\/uploads\/2024\/05\/982-portal-de-entrada-da-cidade-1024x1024-1_2024-05-31_14-02-07_jpg_2024-05-31_14-02-07.webp.webp?fit=1024%2C768&ssl=1&resize=525%2C300 1.5x, https:\/\/i0.wp.com\/noticiasribeiraopreto.com.br\/wp-content\/uploads\/2024\/05\/982-portal-de-entrada-da-cidade-1024x1024-1_2024-05-31_14-02-07_jpg_2024-05-31_14-02-07.webp.webp?fit=1024%2C768&ssl=1&resize=700%2C400 2x"},"classes":[]},{"id":62696,"url":"https:\/\/noticiasribeiraopreto.com.br\/index.php\/2025\/01\/22\/recorde-de-calor-ribeirao-preto-registra-maior-temperatura-do-ano\/","url_meta":{"origin":73078,"position":1},"title":"Recorde de calor: Ribeir\u00e3o Preto registra maior temperatura do ano","author":"noticiasribeiraopreto.com.br","date":"22 de January de 2025","format":false,"excerpt":"Ribeir\u00e3o Preto registrou o dia mais quente de 2025 nesta ter\u00e7a-feira (21). Segundo a Climatempo, a m\u00e1xima atingiu 34\u00b0C no per\u00edodo da tarde, conforme dados do aeroporto Leite Lopes, na zona Norte da cidade. A sensa\u00e7\u00e3o t\u00e9rmica, por\u00e9m, pode ser ainda maior. Ela \u00e9 a temperatura modificada pela a\u00e7\u00e3o do\u2026","rel":"","context":"In &quot;Not\u00edcias de Ribeir\u00e3o Preto-SP e Regi\u00e3o&quot;","block_context":{"text":"Not\u00edcias de Ribeir\u00e3o Preto-SP e Regi\u00e3o","link":"https:\/\/noticiasribeiraopreto.com.br\/index.php\/category\/noticias-de-ribeirao-preto-sp-e-regiao-ismael-colosi\/"},"img":{"alt_text":"","src":"https:\/\/i0.wp.com\/noticiasribeiraopreto.com.br\/wp-content\/uploads\/2025\/01\/calor-onda.jpeg?fit=1200%2C675&ssl=1&resize=350%2C200","width":350,"height":200,"srcset":"https:\/\/i0.wp.com\/noticiasribeiraopreto.com.br\/wp-content\/uploads\/2025\/01\/calor-onda.jpeg?fit=1200%2C675&ssl=1&resize=350%2C200 1x, https:\/\/i0.wp.com\/noticiasribeiraopreto.com.br\/wp-content\/uploads\/2025\/01\/calor-onda.jpeg?fit=1200%2C675&ssl=1&resize=525%2C300 1.5x, https:\/\/i0.wp.com\/noticiasribeiraopreto.com.br\/wp-content\/uploads\/2025\/01\/calor-onda.jpeg?fit=1200%2C675&ssl=1&resize=700%2C400 2x, https:\/\/i0.wp.com\/noticiasribeiraopreto.com.br\/wp-content\/uploads\/2025\/01\/calor-onda.jpeg?fit=1200%2C675&ssl=1&resize=1050%2C600 3x"},"classes":[]},{"id":62738,"url":"https:\/\/noticiasribeiraopreto.com.br\/index.php\/2025\/01\/23\/ribeirao-preto-volta-a-bater-recorde-de-calor-no-ano\/","url_meta":{"origin":73078,"position":2},"title":"Ribeir\u00e3o Preto volta a bater recorde de calor no ano","author":"noticiasribeiraopreto.com.br","date":"23 de January de 2025","format":false,"excerpt":"Ribeir\u00e3o Preto voltou a registrar o dia mais quente em 2025. Segundo a\u00a0Climatempo,\u00a0a m\u00e1xima atingiu 35\u00b0C no per\u00edodo da tarde desta quarta-feira (22), conforme dados do aeroporto Leite Lopes, na zona Norte da cidade.\u00a0Na ter\u00e7a-feira (21), at\u00e9 ent\u00e3o o dia mais quente do ano, a m\u00e1xima foi de 34\u00b0C. Nesta\u2026","rel":"","context":"In &quot;Not\u00edcias de Ribeir\u00e3o Preto-SP e Regi\u00e3o&quot;","block_context":{"text":"Not\u00edcias de Ribeir\u00e3o Preto-SP e Regi\u00e3o","link":"https:\/\/noticiasribeiraopreto.com.br\/index.php\/category\/noticias-de-ribeirao-preto-sp-e-regiao-ismael-colosi\/"},"img":{"alt_text":"","src":"https:\/\/i0.wp.com\/noticiasribeiraopreto.com.br\/wp-content\/uploads\/2025\/01\/calor_fonte_1024x576_24012021151539.jpg?fit=1024%2C576&ssl=1&resize=350%2C200","width":350,"height":200,"srcset":"https:\/\/i0.wp.com\/noticiasribeiraopreto.com.br\/wp-content\/uploads\/2025\/01\/calor_fonte_1024x576_24012021151539.jpg?fit=1024%2C576&ssl=1&resize=350%2C200 1x, https:\/\/i0.wp.com\/noticiasribeiraopreto.com.br\/wp-content\/uploads\/2025\/01\/calor_fonte_1024x576_24012021151539.jpg?fit=1024%2C576&ssl=1&resize=525%2C300 1.5x, https:\/\/i0.wp.com\/noticiasribeiraopreto.com.br\/wp-content\/uploads\/2025\/01\/calor_fonte_1024x576_24012021151539.jpg?fit=1024%2C576&ssl=1&resize=700%2C400 2x"},"classes":[]},{"id":84229,"url":"https:\/\/noticiasribeiraopreto.com.br\/index.php\/2026\/04\/05\/calor-de-ate-30c-e-chance-de-chuva-veja-a-previsao-do-tempo-para-ribeirao-preto\/","url_meta":{"origin":73078,"position":3},"title":"Calor de at\u00e9 30\u00b0C e chance de chuva: veja a previs\u00e3o do tempo para Ribeir\u00e3o Preto","author":"noticiasribeiraopreto.com.br","date":"5 de April de 2026","format":false,"excerpt":"Ler o resumo da not\u00edcia Calor de at\u00e9 30\u00b0C e chance de chuva: veja a previs\u00e3o do tempo para Ribeir\u00e3o Preto Ribeir\u00e3o Preto deve enfrentar mais um dia de temperaturas elevadas, com predom\u00ednio de sol e varia\u00e7\u00e3o de nuvens ao longo desta data. Segundo dados da Climatempo, o clima segue\u2026","rel":"","context":"In &quot;Not\u00edcias de Ribeir\u00e3o Preto-SP e Regi\u00e3o&quot;","block_context":{"text":"Not\u00edcias de Ribeir\u00e3o Preto-SP e Regi\u00e3o","link":"https:\/\/noticiasribeiraopreto.com.br\/index.php\/category\/noticias-de-ribeirao-preto-sp-e-regiao-ismael-colosi\/"},"img":{"alt_text":"","src":"https:\/\/i0.wp.com\/noticiasribeiraopreto.com.br\/wp-content\/uploads\/2026\/04\/tempo-ribeirao-preto-7_2026-01-25_12-45-08.webp.webp?fit=1200%2C900&ssl=1&resize=350%2C200","width":350,"height":200,"srcset":"https:\/\/i0.wp.com\/noticiasribeiraopreto.com.br\/wp-content\/uploads\/2026\/04\/tempo-ribeirao-preto-7_2026-01-25_12-45-08.webp.webp?fit=1200%2C900&ssl=1&resize=350%2C200 1x, https:\/\/i0.wp.com\/noticiasribeiraopreto.com.br\/wp-content\/uploads\/2026\/04\/tempo-ribeirao-preto-7_2026-01-25_12-45-08.webp.webp?fit=1200%2C900&ssl=1&resize=525%2C300 1.5x, https:\/\/i0.wp.com\/noticiasribeiraopreto.com.br\/wp-content\/uploads\/2026\/04\/tempo-ribeirao-preto-7_2026-01-25_12-45-08.webp.webp?fit=1200%2C900&ssl=1&resize=700%2C400 2x, https:\/\/i0.wp.com\/noticiasribeiraopreto.com.br\/wp-content\/uploads\/2026\/04\/tempo-ribeirao-preto-7_2026-01-25_12-45-08.webp.webp?fit=1200%2C900&ssl=1&resize=1050%2C600 3x"},"classes":[]},{"id":66992,"url":"https:\/\/noticiasribeiraopreto.com.br\/index.php\/2025\/04\/08\/frio-e-calor-amplitude-termica-pode-chegar-a-13c-em-ribeirao-preto-entenda\/","url_meta":{"origin":73078,"position":4},"title":"Frio e calor: Amplitude t\u00e9rmica pode chegar a 13\u00b0C em Ribeir\u00e3o Preto; Entenda","author":"noticiasribeiraopreto.com.br","date":"8 de April de 2025","format":false,"excerpt":"A diferen\u00e7a entre a menor e a maior temperatura do dia, chamada de amplitude t\u00e9rmica, pode chegar a 13\u00b0C nesta ter\u00e7a-feira (8), em Ribeir\u00e3o Preto. Segundo a Climatempo, os term\u00f4metros podem variar entre 18\u00b0C e 31\u00b0C na cidade. Em um dia com grande amplitude t\u00e9rmica, a diferen\u00e7a entre a temperatura\u2026","rel":"","context":"In &quot;Not\u00edcias de Ribeir\u00e3o Preto-SP e Regi\u00e3o&quot;","block_context":{"text":"Not\u00edcias de Ribeir\u00e3o Preto-SP e Regi\u00e3o","link":"https:\/\/noticiasribeiraopreto.com.br\/index.php\/category\/noticias-de-ribeirao-preto-sp-e-regiao-ismael-colosi\/"},"img":{"alt_text":"","src":"https:\/\/i0.wp.com\/noticiasribeiraopreto.com.br\/wp-content\/uploads\/2025\/02\/WhatsApp-Image-2025-02-27-at-06.44.11_2025-02-27_09-58-35_jpeg_2025-02-27_09-58-36.webp.webp?fit=1200%2C540&ssl=1&resize=350%2C200","width":350,"height":200,"srcset":"https:\/\/i0.wp.com\/noticiasribeiraopreto.com.br\/wp-content\/uploads\/2025\/02\/WhatsApp-Image-2025-02-27-at-06.44.11_2025-02-27_09-58-35_jpeg_2025-02-27_09-58-36.webp.webp?fit=1200%2C540&ssl=1&resize=350%2C200 1x, https:\/\/i0.wp.com\/noticiasribeiraopreto.com.br\/wp-content\/uploads\/2025\/02\/WhatsApp-Image-2025-02-27-at-06.44.11_2025-02-27_09-58-35_jpeg_2025-02-27_09-58-36.webp.webp?fit=1200%2C540&ssl=1&resize=525%2C300 1.5x, https:\/\/i0.wp.com\/noticiasribeiraopreto.com.br\/wp-content\/uploads\/2025\/02\/WhatsApp-Image-2025-02-27-at-06.44.11_2025-02-27_09-58-35_jpeg_2025-02-27_09-58-36.webp.webp?fit=1200%2C540&ssl=1&resize=700%2C400 2x, https:\/\/i0.wp.com\/noticiasribeiraopreto.com.br\/wp-content\/uploads\/2025\/02\/WhatsApp-Image-2025-02-27-at-06.44.11_2025-02-27_09-58-35_jpeg_2025-02-27_09-58-36.webp.webp?fit=1200%2C540&ssl=1&resize=1050%2C600 3x"},"classes":[]},{"id":73090,"url":"https:\/\/noticiasribeiraopreto.com.br\/index.php\/2025\/06\/25\/temperatura-despenca-a-4oc-em-rp\/","url_meta":{"origin":73078,"position":5},"title":"Temperatura despenca a 4\u00baC em RP","author":"noticiasribeiraopreto.com.br","date":"25 de June de 2025","format":false,"excerpt":"25 de junho de 2025 12:442 Compartilhar0 Ribeir\u00e3o Preto amanheceu gelada. Nesta quarta-feira, 25 de junho, os term\u00f4metros marcaram 4 graus Celsius \u00e0s seis horas, segundo a Climatempo, mas com sensa\u00e7\u00e3o t\u00e9rmica de 2\u00baC, de acordo com a medi\u00e7\u00e3o nos celulares dos ribeir\u00e3o-pretanos. Teve geada na \u00e1rea rural e em\u2026","rel":"","context":"In &quot;Not\u00edcias de Ribeir\u00e3o Preto-SP e Regi\u00e3o&quot;","block_context":{"text":"Not\u00edcias de Ribeir\u00e3o Preto-SP e Regi\u00e3o","link":"https:\/\/noticiasribeiraopreto.com.br\/index.php\/category\/noticias-de-ribeirao-preto-sp-e-regiao-ismael-colosi\/"},"img":{"alt_text":"","src":"https:\/\/i0.wp.com\/noticiasribeiraopreto.com.br\/wp-content\/uploads\/2025\/06\/frio-scaled.jpeg?fit=750%2C500&ssl=1&resize=350%2C200","width":350,"height":200,"srcset":"https:\/\/i0.wp.com\/noticiasribeiraopreto.com.br\/wp-content\/uploads\/2025\/06\/frio-scaled.jpeg?fit=750%2C500&ssl=1&resize=350%2C200 1x, https:\/\/i0.wp.com\/noticiasribeiraopreto.com.br\/wp-content\/uploads\/2025\/06\/frio-scaled.jpeg?fit=750%2C500&ssl=1&resize=525%2C300 1.5x, https:\/\/i0.wp.com\/noticiasribeiraopreto.com.br\/wp-content\/uploads\/2025\/06\/frio-scaled.jpeg?fit=750%2C500&ssl=1&resize=700%2C400 2x"},"classes":[]}],"jetpack_sharing_enabled":true,"jetpack_shortlink":"https:\/\/wp.me\/peQAOb-j0G","_links":{"self":[{"href":"https:\/\/noticiasribeiraopreto.com.br\/index.php\/wp-json\/wp\/v2\/posts\/73078","targetHints":{"allow":["GET"]}}],"collection":[{"href":"https:\/\/noticiasribeiraopreto.com.br\/index.php\/wp-json\/wp\/v2\/posts"}],"about":[{"href":"https:\/\/noticiasribeiraopreto.com.br\/index.php\/wp-json\/wp\/v2\/types\/post"}],"author":[{"embeddable":true,"href":"https:\/\/noticiasribeiraopreto.com.br\/index.php\/wp-json\/wp\/v2\/users\/1"}],"replies":[{"embeddable":true,"href":"https:\/\/noticiasribeiraopreto.com.br\/index.php\/wp-json\/wp\/v2\/comments?post=73078"}],"version-history":[{"count":0,"href":"https:\/\/noticiasribeiraopreto.com.br\/index.php\/wp-json\/wp\/v2\/posts\/73078\/revisions"}],"wp:featuredmedia":[{"embeddable":true,"href":"https:\/\/noticiasribeiraopreto.com.br\/index.php\/wp-json\/wp\/v2\/media\/73079"}],"wp:attachment":[{"href":"https:\/\/noticiasribeiraopreto.com.br\/index.php\/wp-json\/wp\/v2\/media?parent=73078"}],"wp:term":[{"taxonomy":"category","embeddable":true,"href":"https:\/\/noticiasribeiraopreto.com.br\/index.php\/wp-json\/wp\/v2\/categories?post=73078"},{"taxonomy":"post_tag","embeddable":true,"href":"https:\/\/noticiasribeiraopreto.com.br\/index.php\/wp-json\/wp\/v2\/tags?post=73078"}],"curies":[{"name":"wp","href":"https:\/\/api.w.org\/{rel}","templated":true}]}}