{"id":73080,"date":"2025-06-25T10:38:17","date_gmt":"2025-06-25T13:38:17","guid":{"rendered":"https:\/\/noticiasribeiraopreto.com.br\/index.php\/2025\/06\/25\/botafogo-encara-uniao-sao-joao-pela-copa-paulista\/"},"modified":"2025-06-25T10:38:17","modified_gmt":"2025-06-25T13:38:17","slug":"botafogo-encara-uniao-sao-joao-pela-copa-paulista","status":"publish","type":"post","link":"https:\/\/noticiasribeiraopreto.com.br\/index.php\/2025\/06\/25\/botafogo-encara-uniao-sao-joao-pela-copa-paulista\/","title":{"rendered":"Botafogo encara Uni\u00e3o S\u00e3o Jo\u00e3o pela Copa Paulista"},"content":{"rendered":"<div class='code-block code-block-1' style='margin: 8px 0 8px auto; text-align: right; display: block; clear: both;'>\n<p><a href=\"https:\/\/wa.link\/vpicfd\"><img data-recalc-dims=\"1\" class=\"wp-image-4922\" style=\"aspect-ratio: 2.0253164556962027; width: 561px; height: auto;\" src=\"https:\/\/i0.wp.com\/ismaelcolosi.com.br\/wp-content\/uploads\/2023\/11\/grupo-de-empregos-whatsapp-e-facebook-ismael-colosi-vagas.jpg?ssl=1\" alt=\"\" \/><\/a><\/p>\n<!-- \/wp:image -->\n<\/div>\n<p> <br \/>\n<\/p>\n<div id=\"\">\n<p>\n\t\t\t\t\t\t\t\t\t<span class=\"entry-meta-item penci-posted-on\"><i class=\"fa fa-clock-o\"\/><time class=\"entry-date published updated\" datetime=\"2025-06-25T10:30:58-03:00\">25 de junho de 2025 10:30<\/time><\/span><span class=\"entry-meta-item penci-post-countview\"><span class=\"entry-meta-item penci-post-countview penci_post-meta_item\"><i class=\"fa fa-eye\"\/><span class=\"penci-post-countview-number penci-post-countview-p429658\">3<\/span><\/span><\/span>\t\t\t\t\t\t\t\t<\/p>\n<p><!-- .entry-meta --><br \/>\n\t\t\t\t\t\t\t\t<span class=\"penci-social-buttons penci-social-share-footer\"><span class=\"penci-social-share-text\">Compartilhar<\/span><a href=\"#\" class=\"penci-post-like penci_post-meta_item  single-like-button penci-social-item like\" data-post_id=\"429658\" title=\"Like\" data-like=\"Like\" data-unlike=\"Unlike\"><i class=\"fa fa-thumbs-o-up\"\/><span class=\"penci-share-number\">0<\/span><\/a><i class=\"fa fa-facebook\"\/><a class=\"penci-social-item twitter\" target=\"_blank\" rel=\"noopener\" title=\"\" href=\"https:\/\/twitter.com\/intent\/tweet?text=Botafogo%20encara%20Uni\u00e3o%20S\u00e3o%20Jo\u00e3o%20pela%20Copa%20Paulista%20-%20https:\/\/www.tribunaribeirao.com.br\/botafogo-encara-uniao-sao-joao-pela-copa-paulista\/\"><i class=\"fa fa-twitter\"\/><\/a><i class=\"fa fa-linkedin\"\/><i class=\"fa fa-whatsapp\"\/><i class=\"fa fa-telegram\"\/><i class=\"fa fa-envelope\"\/><\/span>\t\t\t\t\t\t\t<\/div>\n<div>\n<p><strong><em>Por Hugo Luque<\/em><\/strong><\/p>\n<p>O Botafogo busca apagar a estreia ruim na Copa Paulista nesta quarta-feira (25), \u00e0s 15h, diante do Uni\u00e3o S\u00e3o Jo\u00e3o, pela segunda rodada do Grupo 2, no Est\u00e1dio Palma Travassos. O duelo ser\u00e1 na casa do rival Comercial porque o Est\u00e1dio Santa Cruz\/Arena Nicnet receber\u00e1 um show.<\/p>\n<p>Os ingressos est\u00e3o \u00e0 venda no site Total Ticket e nas bilheterias da casa comercialina. Os t\u00edquetes custam R$ 20 a inteira e R$ 10 a meia-entrada.<\/p>\n<p>Para reagir, o Pantera foi ao mercado e trouxe um refor\u00e7o para seu \u201ctime B\u201d dar sequ\u00eancia \u00e0 competi\u00e7\u00e3o. O lateral-direito Fabr\u00edcio foi anunciado na \u00faltima segunda-feira. Campe\u00e3o da S\u00e9rie A4 do Campeonato Paulista neste ano com o Uni\u00e3o Barbarense, o atleta de 22 anos tamb\u00e9m defendeu Oeste Brasil-PR, Osvaldo Cruz e Rio Branco-SP. Ele est\u00e1 \u00e0 disposi\u00e7\u00e3o para estrear.<\/p>\n<p>Antes de Fabr\u00edcio, foram contratados para a equipe alternativa o lateral-direito Lucas Mazeti, os zagueiros Nuno e Lucas Ryan, o lateral esquerdo Cand\u00ea, os meio-campistas Tenner e Franklin, os meias David Braw e Lucas Nathan e os atacantes Gabriel Amaral, Ca\u00edque Andrade e Kaw\u00ea Ferreira.<\/p>\n<p>Na primeira rodada, o Tricolor n\u00e3o viu a cor da bola e foi derrotado pela Inter de Limeira, fora de casa, por 3 a 0. O grande problema foi o in\u00edcio desligado do time, que sofreu dois gols nos primeiros dez minutos.<\/p>\n<p>O Uni\u00e3o S\u00e3o Jo\u00e3o tamb\u00e9m fez uma estreia ruim e foi batido em casa pela Itapirense por 1 a 0. Agora, os advers\u00e1rios desta tarde lutam para n\u00e3o ocupar a lanterna da chave, com o clube de Araras \u00e0 frente pelo saldo de gols e ambos zerados em pontos.<\/p>\n<p>Comandante na Copa Paulista, o auxiliar Ivan Izzo deve levar a campo: Brenno; Lucas Mazetti (Fabr\u00edcio), Matheus Costa, Lucas Ryan e Rafinha; Yuri, Matheus Barbosa e Tenner; Kaw\u00ea, William e Ca\u00edque Trindade.<\/p>\n<p>\u00a0<\/p>\n<p>\u00a0<\/p>\n<p>\u00a0<\/p>\n<\/div>\n<p><script async src=\"\/\/platform.twitter.com\/widgets.js\" charset=\"utf-8\"><\/script><br \/>\n<br \/><br \/>\n<br \/><a href=\"https:\/\/www.tribunaribeirao.com.br\/botafogo-encara-uniao-sao-joao-pela-copa-paulista\/\">Source link <\/a><\/p>\n<!-- CONTENT END 1 -->\n","protected":false},"excerpt":{"rendered":"<p>25 de junho de 2025 10:303 Compartilhar0 Por Hugo Luque O Botafogo busca apagar a estreia ruim na Copa Paulista nesta quarta-feira (25), \u00e0s 15h,&#8230;<\/p>\n","protected":false},"author":1,"featured_media":73081,"comment_status":"open","ping_status":"open","sticky":false,"template":"","format":"standard","meta":{"advanced_seo_description":"","jetpack_seo_html_title":"","jetpack_seo_noindex":false,"jetpack_post_was_ever_published":false,"_jetpack_newsletter_access":"","_jetpack_dont_email_post_to_subs":false,"_jetpack_newsletter_tier_id":0,"_jetpack_memberships_contains_paywalled_content":false,"_jetpack_memberships_contains_paid_content":false,"footnotes":"","jetpack_publicize_message":"","jetpack_publicize_feature_enabled":true,"jetpack_social_post_already_shared":true,"jetpack_social_options":{"image_generator_settings":{"template":"highway","default_image_id":0,"font":"","enabled":false},"version":2}},"categories":[11],"tags":[],"class_list":["post-73080","post","type-post","status-publish","format-standard","has-post-thumbnail","hentry","category-noticias-de-ribeirao-preto-sp-e-regiao-ismael-colosi"],"jetpack_publicize_connections":[],"jetpack_featured_media_url":"https:\/\/i0.wp.com\/noticiasribeiraopreto.com.br\/wp-content\/uploads\/2025\/06\/1-Inter-de-Limeira-x-Botafogo-Raul-Ramos-2.jpg?fit=750%2C500&ssl=1","jetpack-related-posts":[{"id":73136,"url":"https:\/\/noticiasribeiraopreto.com.br\/index.php\/2025\/06\/25\/botafogo-empata-com-o-uniao-sao-joao-e-segue-sem-vencer-na-copa-paulista\/","url_meta":{"origin":73080,"position":0},"title":"Botafogo empata com o Uni\u00e3o S\u00e3o Jo\u00e3o e segue sem vencer na Copa Paulista","author":"noticiasribeiraopreto.com.br","date":"25 de June de 2025","format":false,"excerpt":"O Botafogo empatou por 1 a 1 com o Uni\u00e3o S\u00e3o Jo\u00e3o na tarde desta quarta-feira (25), em partida v\u00e1lida pela segunda rodada da Copa Paulista. O jogo aconteceu no est\u00e1dio Palma Travassos, em Ribeir\u00e3o Preto. Com o resultado, o Tricolor continua sem vencer na competi\u00e7\u00e3o. O Pantera abriu o\u2026","rel":"","context":"In &quot;Not\u00edcias de Ribeir\u00e3o Preto-SP e Regi\u00e3o&quot;","block_context":{"text":"Not\u00edcias de Ribeir\u00e3o Preto-SP e Regi\u00e3o","link":"https:\/\/noticiasribeiraopreto.com.br\/index.php\/category\/noticias-de-ribeirao-preto-sp-e-regiao-ismael-colosi\/"},"img":{"alt_text":"","src":"https:\/\/i0.wp.com\/noticiasribeiraopreto.com.br\/wp-content\/uploads\/2025\/06\/ec6136dc-cc42-44c5-80f2-194d542f36dc_2025-06-25_20-14-55.webp.webp?fit=1200%2C800&ssl=1&resize=350%2C200","width":350,"height":200,"srcset":"https:\/\/i0.wp.com\/noticiasribeiraopreto.com.br\/wp-content\/uploads\/2025\/06\/ec6136dc-cc42-44c5-80f2-194d542f36dc_2025-06-25_20-14-55.webp.webp?fit=1200%2C800&ssl=1&resize=350%2C200 1x, https:\/\/i0.wp.com\/noticiasribeiraopreto.com.br\/wp-content\/uploads\/2025\/06\/ec6136dc-cc42-44c5-80f2-194d542f36dc_2025-06-25_20-14-55.webp.webp?fit=1200%2C800&ssl=1&resize=525%2C300 1.5x, https:\/\/i0.wp.com\/noticiasribeiraopreto.com.br\/wp-content\/uploads\/2025\/06\/ec6136dc-cc42-44c5-80f2-194d542f36dc_2025-06-25_20-14-55.webp.webp?fit=1200%2C800&ssl=1&resize=700%2C400 2x, https:\/\/i0.wp.com\/noticiasribeiraopreto.com.br\/wp-content\/uploads\/2025\/06\/ec6136dc-cc42-44c5-80f2-194d542f36dc_2025-06-25_20-14-55.webp.webp?fit=1200%2C800&ssl=1&resize=1050%2C600 3x"},"classes":[]},{"id":73130,"url":"https:\/\/noticiasribeiraopreto.com.br\/index.php\/2025\/06\/25\/botafogo-empata-com-uniao-sao-joao-pela-copa-paulista\/","url_meta":{"origin":73080,"position":1},"title":"Botafogo empata com Uni\u00e3o S\u00e3o Jo\u00e3o pela Copa Paulista","author":"noticiasribeiraopreto.com.br","date":"25 de June de 2025","format":false,"excerpt":"Pantera sai na frente, mas cede igualdade no final e continua na lanterna 25 de junho de 2025 17:330 Compartilhar0 Por Hugo Luque O Botafogo empatou em 1 a 1 com o Uni\u00e3o S\u00e3o Jo\u00e3o nesta quarta-feira (25), no Est\u00e1dio Palma Travassos, pela segunda rodada da Copa Paulista. O Tricolor\u2026","rel":"","context":"In &quot;Not\u00edcias de Ribeir\u00e3o Preto-SP e Regi\u00e3o&quot;","block_context":{"text":"Not\u00edcias de Ribeir\u00e3o Preto-SP e Regi\u00e3o","link":"https:\/\/noticiasribeiraopreto.com.br\/index.php\/category\/noticias-de-ribeirao-preto-sp-e-regiao-ismael-colosi\/"},"img":{"alt_text":"","src":"https:\/\/i0.wp.com\/noticiasribeiraopreto.com.br\/wp-content\/uploads\/2025\/06\/1-Botafogo-x-Uniao-Sao-Joao-Raul-Ramos-scaled.jpg?fit=800%2C533&ssl=1&resize=350%2C200","width":350,"height":200,"srcset":"https:\/\/i0.wp.com\/noticiasribeiraopreto.com.br\/wp-content\/uploads\/2025\/06\/1-Botafogo-x-Uniao-Sao-Joao-Raul-Ramos-scaled.jpg?fit=800%2C533&ssl=1&resize=350%2C200 1x, https:\/\/i0.wp.com\/noticiasribeiraopreto.com.br\/wp-content\/uploads\/2025\/06\/1-Botafogo-x-Uniao-Sao-Joao-Raul-Ramos-scaled.jpg?fit=800%2C533&ssl=1&resize=525%2C300 1.5x, https:\/\/i0.wp.com\/noticiasribeiraopreto.com.br\/wp-content\/uploads\/2025\/06\/1-Botafogo-x-Uniao-Sao-Joao-Raul-Ramos-scaled.jpg?fit=800%2C533&ssl=1&resize=700%2C400 2x"},"classes":[]},{"id":74906,"url":"https:\/\/noticiasribeiraopreto.com.br\/index.php\/2025\/07\/31\/botafogo-empata-com-uniao-sao-joao-pela-copa-paulista-e-segue-na-vice-lanterna\/","url_meta":{"origin":73080,"position":2},"title":"Botafogo empata com Uni\u00e3o S\u00e3o Jo\u00e3o pela Copa Paulista e segue na vice-lanterna","author":"noticiasribeiraopreto.com.br","date":"31 de July de 2025","format":false,"excerpt":"O Botafogo ficou no empate por 2 a 2 com o Uni\u00e3o S\u00e3o Jo\u00e3o, em partida v\u00e1lida pela 7\u00aa rodada da Copa Paulista. O confronto foi disputado no Est\u00e1dio Doutor Herm\u00ednio Ometto, em Araras, nesta quarta-feira (30). Com o resultado, o Pantera permanece na vice-lanterna do Grupo 2, com 6\u2026","rel":"","context":"In &quot;Not\u00edcias de Ribeir\u00e3o Preto-SP e Regi\u00e3o&quot;","block_context":{"text":"Not\u00edcias de Ribeir\u00e3o Preto-SP e Regi\u00e3o","link":"https:\/\/noticiasribeiraopreto.com.br\/index.php\/category\/noticias-de-ribeirao-preto-sp-e-regiao-ismael-colosi\/"},"img":{"alt_text":"","src":"https:\/\/i0.wp.com\/noticiasribeiraopreto.com.br\/wp-content\/uploads\/2025\/07\/Copia-de-Copia-de-Copia-de-TAMANHO-EXATO-PARA-FOTOS-NO-SISTEMA-NOVO-2025-07-30T210530.333_2025-07-31_00-05-44.webp.webp?fit=1200%2C675&ssl=1&resize=350%2C200","width":350,"height":200,"srcset":"https:\/\/i0.wp.com\/noticiasribeiraopreto.com.br\/wp-content\/uploads\/2025\/07\/Copia-de-Copia-de-Copia-de-TAMANHO-EXATO-PARA-FOTOS-NO-SISTEMA-NOVO-2025-07-30T210530.333_2025-07-31_00-05-44.webp.webp?fit=1200%2C675&ssl=1&resize=350%2C200 1x, https:\/\/i0.wp.com\/noticiasribeiraopreto.com.br\/wp-content\/uploads\/2025\/07\/Copia-de-Copia-de-Copia-de-TAMANHO-EXATO-PARA-FOTOS-NO-SISTEMA-NOVO-2025-07-30T210530.333_2025-07-31_00-05-44.webp.webp?fit=1200%2C675&ssl=1&resize=525%2C300 1.5x, https:\/\/i0.wp.com\/noticiasribeiraopreto.com.br\/wp-content\/uploads\/2025\/07\/Copia-de-Copia-de-Copia-de-TAMANHO-EXATO-PARA-FOTOS-NO-SISTEMA-NOVO-2025-07-30T210530.333_2025-07-31_00-05-44.webp.webp?fit=1200%2C675&ssl=1&resize=700%2C400 2x, https:\/\/i0.wp.com\/noticiasribeiraopreto.com.br\/wp-content\/uploads\/2025\/07\/Copia-de-Copia-de-Copia-de-TAMANHO-EXATO-PARA-FOTOS-NO-SISTEMA-NOVO-2025-07-30T210530.333_2025-07-31_00-05-44.webp.webp?fit=1200%2C675&ssl=1&resize=1050%2C600 3x"},"classes":[]},{"id":74112,"url":"https:\/\/noticiasribeiraopreto.com.br\/index.php\/2025\/07\/16\/botafogo-encara-francana-pela-copa-paulista\/","url_meta":{"origin":73080,"position":3},"title":"Botafogo encara Francana pela Copa Paulista","author":"noticiasribeiraopreto.com.br","date":"16 de July de 2025","format":false,"excerpt":"16 de julho de 2025 11:3016 de julho de 2025 09:105 Compartilhar0 Por Hugo Luque O Botafogo volta a campo com seu time alternativo nesta quarta-feira (16), \u00e0s 19h30, para enfrentar a Francana no Est\u00e1dio Municipal Doutor Lancha Filho, o Lanch\u00e3o, pela quinta rodada da Copa Paulista. A equipe ribeir\u00e3o-pretana\u2026","rel":"","context":"In &quot;Not\u00edcias de Ribeir\u00e3o Preto-SP e Regi\u00e3o&quot;","block_context":{"text":"Not\u00edcias de Ribeir\u00e3o Preto-SP e Regi\u00e3o","link":"https:\/\/noticiasribeiraopreto.com.br\/index.php\/category\/noticias-de-ribeirao-preto-sp-e-regiao-ismael-colosi\/"},"img":{"alt_text":"","src":"https:\/\/i0.wp.com\/noticiasribeiraopreto.com.br\/wp-content\/uploads\/2025\/07\/1-ATA-Pablo-Thomaz-Raul-Ramos-3.jpg?fit=799%2C533&ssl=1&resize=350%2C200","width":350,"height":200,"srcset":"https:\/\/i0.wp.com\/noticiasribeiraopreto.com.br\/wp-content\/uploads\/2025\/07\/1-ATA-Pablo-Thomaz-Raul-Ramos-3.jpg?fit=799%2C533&ssl=1&resize=350%2C200 1x, https:\/\/i0.wp.com\/noticiasribeiraopreto.com.br\/wp-content\/uploads\/2025\/07\/1-ATA-Pablo-Thomaz-Raul-Ramos-3.jpg?fit=799%2C533&ssl=1&resize=525%2C300 1.5x, https:\/\/i0.wp.com\/noticiasribeiraopreto.com.br\/wp-content\/uploads\/2025\/07\/1-ATA-Pablo-Thomaz-Raul-Ramos-3.jpg?fit=799%2C533&ssl=1&resize=700%2C400 2x"},"classes":[]},{"id":75869,"url":"https:\/\/noticiasribeiraopreto.com.br\/index.php\/2025\/08\/16\/comercial-perde-em-araras-e-conhece-adversario-nas-oitavas-da-copa-paulista\/","url_meta":{"origin":73080,"position":4},"title":"Comercial perde em Araras e conhece advers\u00e1rio nas oitavas da Copa Paulista","author":"noticiasribeiraopreto.com.br","date":"16 de August de 2025","format":false,"excerpt":"O Comercial perdeu por 1 a 0 para o Uni\u00e3o S\u00e3o Jo\u00e3o na tarde deste s\u00e1bado (16), pela \u00faltima rodada da primeira fase da Copa Paulista 2025. A partida foi realizada no est\u00e1dio Doutor Herm\u00ednio Ometto, em Araras. O gol O Uni\u00e3o S\u00e3o Jo\u00e3o abriu o placar aos 26\u00a0 minutos\u2026","rel":"","context":"In &quot;Not\u00edcias de Ribeir\u00e3o Preto-SP e Regi\u00e3o&quot;","block_context":{"text":"Not\u00edcias de Ribeir\u00e3o Preto-SP e Regi\u00e3o","link":"https:\/\/noticiasribeiraopreto.com.br\/index.php\/category\/noticias-de-ribeirao-preto-sp-e-regiao-ismael-colosi\/"},"img":{"alt_text":"","src":"https:\/\/i0.wp.com\/noticiasribeiraopreto.com.br\/wp-content\/uploads\/2025\/08\/comercial-copa-paulista_2025-08-16_20-14-25.webp.webp?fit=1200%2C933&ssl=1&resize=350%2C200","width":350,"height":200,"srcset":"https:\/\/i0.wp.com\/noticiasribeiraopreto.com.br\/wp-content\/uploads\/2025\/08\/comercial-copa-paulista_2025-08-16_20-14-25.webp.webp?fit=1200%2C933&ssl=1&resize=350%2C200 1x, https:\/\/i0.wp.com\/noticiasribeiraopreto.com.br\/wp-content\/uploads\/2025\/08\/comercial-copa-paulista_2025-08-16_20-14-25.webp.webp?fit=1200%2C933&ssl=1&resize=525%2C300 1.5x, https:\/\/i0.wp.com\/noticiasribeiraopreto.com.br\/wp-content\/uploads\/2025\/08\/comercial-copa-paulista_2025-08-16_20-14-25.webp.webp?fit=1200%2C933&ssl=1&resize=700%2C400 2x, https:\/\/i0.wp.com\/noticiasribeiraopreto.com.br\/wp-content\/uploads\/2025\/08\/comercial-copa-paulista_2025-08-16_20-14-25.webp.webp?fit=1200%2C933&ssl=1&resize=1050%2C600 3x"},"classes":[]},{"id":67540,"url":"https:\/\/noticiasribeiraopreto.com.br\/index.php\/2025\/04\/15\/copa-paulista-2025-tera-classico-come-fogo-na-1a-fase-veja-os-grupos\/","url_meta":{"origin":73080,"position":5},"title":"Copa Paulista 2025 ter\u00e1 cl\u00e1ssico Come-Fogo na 1\u00aa fase; veja os grupos","author":"noticiasribeiraopreto.com.br","date":"15 de April de 2025","format":false,"excerpt":"Pelo segundo ano consecutivo, Botafogo e Comercial se enfrentam na 1\u00aa fase da Copa Paulista. A confirma\u00e7\u00e3o foi feita pela Federa\u00e7\u00e3o Paulista de Futebol (FPF), durante o conselho t\u00e9cnico realizado nesta ter\u00e7a-feira (15). A edi\u00e7\u00e3o de 2025 contar\u00e1 com 23 times, divididos em quatro grupos. A competi\u00e7\u00e3o come\u00e7a em 15\u2026","rel":"","context":"In &quot;Not\u00edcias de Ribeir\u00e3o Preto-SP e Regi\u00e3o&quot;","block_context":{"text":"Not\u00edcias de Ribeir\u00e3o Preto-SP e Regi\u00e3o","link":"https:\/\/noticiasribeiraopreto.com.br\/index.php\/category\/noticias-de-ribeirao-preto-sp-e-regiao-ismael-colosi\/"},"img":{"alt_text":"","src":"https:\/\/i0.wp.com\/noticiasribeiraopreto.com.br\/wp-content\/uploads\/2025\/04\/Copia-de-Copia-de-Copia-de-TAMANHO-EXATO-PARA-FOTOS-NO-SISTEMA-NOVO-2025-04-15T141442.906_2025-04-15_17-15-41_png_2025-04-15_17-15-41.webp.webp?fit=1200%2C675&ssl=1&resize=350%2C200","width":350,"height":200,"srcset":"https:\/\/i0.wp.com\/noticiasribeiraopreto.com.br\/wp-content\/uploads\/2025\/04\/Copia-de-Copia-de-Copia-de-TAMANHO-EXATO-PARA-FOTOS-NO-SISTEMA-NOVO-2025-04-15T141442.906_2025-04-15_17-15-41_png_2025-04-15_17-15-41.webp.webp?fit=1200%2C675&ssl=1&resize=350%2C200 1x, https:\/\/i0.wp.com\/noticiasribeiraopreto.com.br\/wp-content\/uploads\/2025\/04\/Copia-de-Copia-de-Copia-de-TAMANHO-EXATO-PARA-FOTOS-NO-SISTEMA-NOVO-2025-04-15T141442.906_2025-04-15_17-15-41_png_2025-04-15_17-15-41.webp.webp?fit=1200%2C675&ssl=1&resize=525%2C300 1.5x, https:\/\/i0.wp.com\/noticiasribeiraopreto.com.br\/wp-content\/uploads\/2025\/04\/Copia-de-Copia-de-Copia-de-TAMANHO-EXATO-PARA-FOTOS-NO-SISTEMA-NOVO-2025-04-15T141442.906_2025-04-15_17-15-41_png_2025-04-15_17-15-41.webp.webp?fit=1200%2C675&ssl=1&resize=700%2C400 2x, https:\/\/i0.wp.com\/noticiasribeiraopreto.com.br\/wp-content\/uploads\/2025\/04\/Copia-de-Copia-de-Copia-de-TAMANHO-EXATO-PARA-FOTOS-NO-SISTEMA-NOVO-2025-04-15T141442.906_2025-04-15_17-15-41_png_2025-04-15_17-15-41.webp.webp?fit=1200%2C675&ssl=1&resize=1050%2C600 3x"},"classes":[]}],"jetpack_sharing_enabled":true,"jetpack_shortlink":"https:\/\/wp.me\/peQAOb-j0I","_links":{"self":[{"href":"https:\/\/noticiasribeiraopreto.com.br\/index.php\/wp-json\/wp\/v2\/posts\/73080","targetHints":{"allow":["GET"]}}],"collection":[{"href":"https:\/\/noticiasribeiraopreto.com.br\/index.php\/wp-json\/wp\/v2\/posts"}],"about":[{"href":"https:\/\/noticiasribeiraopreto.com.br\/index.php\/wp-json\/wp\/v2\/types\/post"}],"author":[{"embeddable":true,"href":"https:\/\/noticiasribeiraopreto.com.br\/index.php\/wp-json\/wp\/v2\/users\/1"}],"replies":[{"embeddable":true,"href":"https:\/\/noticiasribeiraopreto.com.br\/index.php\/wp-json\/wp\/v2\/comments?post=73080"}],"version-history":[{"count":0,"href":"https:\/\/noticiasribeiraopreto.com.br\/index.php\/wp-json\/wp\/v2\/posts\/73080\/revisions"}],"wp:featuredmedia":[{"embeddable":true,"href":"https:\/\/noticiasribeiraopreto.com.br\/index.php\/wp-json\/wp\/v2\/media\/73081"}],"wp:attachment":[{"href":"https:\/\/noticiasribeiraopreto.com.br\/index.php\/wp-json\/wp\/v2\/media?parent=73080"}],"wp:term":[{"taxonomy":"category","embeddable":true,"href":"https:\/\/noticiasribeiraopreto.com.br\/index.php\/wp-json\/wp\/v2\/categories?post=73080"},{"taxonomy":"post_tag","embeddable":true,"href":"https:\/\/noticiasribeiraopreto.com.br\/index.php\/wp-json\/wp\/v2\/tags?post=73080"}],"curies":[{"name":"wp","href":"https:\/\/api.w.org\/{rel}","templated":true}]}}