{"id":73084,"date":"2025-06-25T11:16:01","date_gmt":"2025-06-25T14:16:01","guid":{"rendered":"https:\/\/noticiasribeiraopreto.com.br\/index.php\/2025\/06\/25\/dengue-causa-mais-duas-mortes-em-rp\/"},"modified":"2025-06-25T11:16:01","modified_gmt":"2025-06-25T14:16:01","slug":"dengue-causa-mais-duas-mortes-em-rp","status":"publish","type":"post","link":"https:\/\/noticiasribeiraopreto.com.br\/index.php\/2025\/06\/25\/dengue-causa-mais-duas-mortes-em-rp\/","title":{"rendered":"Dengue causa mais duas mortes em RP"},"content":{"rendered":"<div class='code-block code-block-1' style='margin: 8px 0 8px auto; text-align: right; display: block; clear: both;'>\n<p><a href=\"https:\/\/wa.link\/vpicfd\"><img data-recalc-dims=\"1\" class=\"wp-image-4922\" style=\"aspect-ratio: 2.0253164556962027; width: 561px; height: auto;\" src=\"https:\/\/i0.wp.com\/ismaelcolosi.com.br\/wp-content\/uploads\/2023\/11\/grupo-de-empregos-whatsapp-e-facebook-ismael-colosi-vagas.jpg?ssl=1\" alt=\"\" \/><\/a><\/p>\n<!-- \/wp:image -->\n<\/div>\n<p> <br \/>\n<\/p>\n<div>\n<p>J\u00e1 s\u00e3o onze mortes em 2025, quatro em janeiro, uma em fevereiro, quatro em mar\u00e7o e duas em abril; cidade soma mais de 20.000 casos<\/p>\n<p>A Secretaria Municipal da Sa\u00fade confirmou mais duas mortes por dengue em Ribeir\u00e3o Preto. J\u00e1 s\u00e3o onze \u00f3bitos neste ano: quatro em janeiro, outro em fevereiro, quatro em mar\u00e7o e dois em abril, entre eles a de um menino de seis anos. As demais v\u00edtimas s\u00e3o sete idosos acima de 60 anos \u2013 quatro senhoras e tr\u00eas senhores \u2013 e tr\u00eas adultos na faixa de 20 a 39 anos, dois do sexo feminino e um dos masculino.<\/p>\n<p>Segundo o Painel de Arboviroses, ainda h\u00e1 um \u00f3bito em investiga\u00e7\u00e3o, de uma mulher acima de 60 anos, de abril. Ribeir\u00e3o Preto registrou 26 mortes em decorr\u00eancia de dengue no ano passado \u2013 14 mulheres e doze homens. N\u00e3o h\u00e1 mais mortes em investiga\u00e7\u00e3o referente a 2024, quando a cidade superou em 189% o n\u00famero de mortes do per\u00edodo anterior.<\/p>\n<p>S\u00e3o 17 a mais que os nove de 2023. Desde 2013 j\u00e1 s\u00e3o 80 \u00f3bitos por dengue no munic\u00edpio. S\u00e3o seis de 2013 e cinco de 2015. Em 2014 n\u00e3o houve mortes na cidade. O n\u00famero de 26 mortos pelo mosquito Aedes aegypti \u2013 vetor da doen\u00e7a, do zika v\u00edrus e das febres amarela e chikungunya \u2013 do ano passado j\u00e1 \u00e9 o maior em pelo menos oito anos (desde 2016).<\/p>\n<p>Superou os dez de 2020 em 160%. S\u00e3o 16 a mais. Antes de 2019, a cidade n\u00e3o registrava \u00f3bito em decorr\u00eancia da infec\u00e7\u00e3o desde 2016, quando nove pacientes n\u00e3o resistiram aos v\u00edrus, segundo o Painel de Arboviroses da Secretaria Municipal da Sa\u00fade.<\/p>\n<p>No ano passado, Ribeir\u00e3o Preto registrou a maior epidemia de dengue da hist\u00f3ria considerando o n\u00famero de casos registrados. A cidade fechou 2024 com 44.634 v\u00edtimas (dados revisados) do mosquito Aedes aegypti \u2013 transmissor da doen\u00e7a, das febres chikungunya e amarela na \u00e1rea urbana e de zika \u2013, maior volume da hist\u00f3ria da cidade.<\/p>\n<p>Supera em 27,37% o recorde de 35.043 registrado em 2016. S\u00e3o 9.591 a mais. Tamb\u00e9m soma 32.332 a mais que as 12.302 de 2023, aumento de 262,81%, segundo o Painel de Arboviroses da Secretaria Municipal da Sa\u00fade. Apesar de a prefeitura de Ribeir\u00e3o Preto ter intensificado as a\u00e7\u00f5es de combate ao mosquito Aedes aegypti, j\u00e1 s\u00e3o mais de 20 mil casos neste ano<\/p>\n<p>Em 2025, at\u00e9 esta quarta-feira, 25 de junho, j\u00e1 s\u00e3o 20.410 casos confirmados \u2013 al\u00e9m de 32.571 sob investiga\u00e7\u00e3o \u2013, contra 39.596 do mesmo per\u00edodo do ano passado (22 pessoas morreram neste intervalo de 2024), 19.186 a menos e queda de 48,45%. Em uma semana, mais 456 pacientes procuraram atendimento na cidade, pouco acima dos 311 do per\u00edodo anterior e abaixo dos n\u00fameros de maio e abril, quando chegou a 1.162 e 1.738 em sete dias, respectivamente.<\/p>\n<p>Seis pessoas morreram em maio do ano passado, quando a cidade registrou 8.473 ocorr\u00eancias n\u00e3o fatais, contra 1.330 do quinto m\u00eas de 2025, sem \u00f3bito. S\u00e3o 7.143 a menos, queda de 84,30%. Tamb\u00e9m caiu 61,98% em rela\u00e7\u00e3o aos 3.498 casos de abril, 2.168 a menos. Em janeiro, 3.597 pessoas pegaram dengue em Ribeir\u00e3o Preto. S\u00e3o 5.564 casos em fevereiro e 6.335 de mar\u00e7o. S\u00e3o 86 em junho.<\/p>\n<p>Regi\u00f5es \u2013 No ano passado, 16.392 tinham entre 20 e 39, outras 11.021 estavam na faixa dos 40 a 59 anos, 7.032 s\u00e3o do grupo entre 10 e 19 anos, 5.525 eram idosos acima de 60 anos, 3.047 crian\u00e7as de 5 a 9 anos, 1.337 entre 1 e 4 anos e 280 eram beb\u00eas com menos de 1 ano de idade.<\/p>\n<p>Em 2025, dos 19.954 casos de dengue confirmados em Ribeir\u00e3o Preto, 7.710 t\u00eam entre 20 e 39 aos, 5.478 pacientes t\u00eam entre 40 e 59 anos, 2.704 t\u00eam mais de 60 anos, 2.691 s\u00e3o do grupo de 10 a 19 anos, 1.126 s\u00e3o crian\u00e7as de 5 a 9 anos, 572 t\u00eam entre 1 e 4 anos e 129 v\u00edtimas tem menos de 1 anos.<\/p>\n<p>Em 2024, a cidade registrou 13.278 casos na Zona Leste, al\u00e9m de 10.724 na Oeste, 8.677 na Norte, 6.611 na Sul e 5.344 na Central. Neste ano, s\u00e3o 6.177 na Zona Leste, 4.931 na Oeste, 4.086 na Sul, 2.662 na Central e 2.540 na Norte, al\u00e9m de 14 sem identifica\u00e7\u00e3o.<\/p>\n<p>Ribeir\u00e3o Preto fechou 2023 com 12.302 casos de, 4.820 a mais que os 7.482 do per\u00edodo anterior, crescimento de 64,42%. Em pouco mais de 16 anos, a cidade j\u00e1 registrou 224.909 casos de dengue. Foram contabilizadas 316 ocorr\u00eancias de febre chikungunya em 2024, onze importadas. Uma pessoa morreu. No ano anterior, foram 121, sendo 107 aut\u00f3ctones. S\u00e3o 193 em 2025, dois importados.<\/p>\n<\/div>\n<p><br \/>\n<br \/><a href=\"https:\/\/www.tribunaribeirao.com.br\/dengue-causa-mais-duas-mortes-em-rp\/\">Source link <\/a><\/p>\n<!-- CONTENT END 1 -->\n","protected":false},"excerpt":{"rendered":"<p>J\u00e1 s\u00e3o onze mortes em 2025, quatro em janeiro, uma em fevereiro, quatro em mar\u00e7o e duas em abril; cidade soma mais de 20.000 casos&#8230;<\/p>\n","protected":false},"author":1,"featured_media":73085,"comment_status":"open","ping_status":"open","sticky":false,"template":"","format":"standard","meta":{"advanced_seo_description":"","jetpack_seo_html_title":"","jetpack_seo_noindex":false,"jetpack_post_was_ever_published":false,"_jetpack_newsletter_access":"","_jetpack_dont_email_post_to_subs":false,"_jetpack_newsletter_tier_id":0,"_jetpack_memberships_contains_paywalled_content":false,"_jetpack_memberships_contains_paid_content":false,"footnotes":"","jetpack_publicize_message":"","jetpack_publicize_feature_enabled":true,"jetpack_social_post_already_shared":true,"jetpack_social_options":{"image_generator_settings":{"template":"highway","default_image_id":0,"font":"","enabled":false},"version":2}},"categories":[11],"tags":[],"class_list":["post-73084","post","type-post","status-publish","format-standard","has-post-thumbnail","hentry","category-noticias-de-ribeirao-preto-sp-e-regiao-ismael-colosi"],"jetpack_publicize_connections":[],"jetpack_featured_media_url":"https:\/\/i0.wp.com\/noticiasribeiraopreto.com.br\/wp-content\/uploads\/2025\/06\/DengueRP-Divulgacao-2-scaled.jpg?fit=800%2C484&ssl=1","jetpack-related-posts":[{"id":68308,"url":"https:\/\/noticiasribeiraopreto.com.br\/index.php\/2025\/04\/24\/casos-de-dengue-chegam-a-13-814\/","url_meta":{"origin":73084,"position":0},"title":"Casos de dengue chegam a 13.814\u00a0","author":"noticiasribeiraopreto.com.br","date":"24 de April de 2025","format":false,"excerpt":"No ano passado, Ribeir\u00e3o Preto registrou a maior epidemia de dengue da hist\u00f3ria considerando o n\u00famero de casos registrados. A cidade fechou 2024 com 44.634 v\u00edtimas (dados revisados) do mosquito Aedes aegypti \u2013 transmissor da doen\u00e7a, das febres chikungunya e amarela na \u00e1rea urbana e de zika \u2013, maior volume\u2026","rel":"","context":"In &quot;Not\u00edcias de Ribeir\u00e3o Preto-SP e Regi\u00e3o&quot;","block_context":{"text":"Not\u00edcias de Ribeir\u00e3o Preto-SP e Regi\u00e3o","link":"https:\/\/noticiasribeiraopreto.com.br\/index.php\/category\/noticias-de-ribeirao-preto-sp-e-regiao-ismael-colosi\/"},"img":{"alt_text":"","src":"https:\/\/i0.wp.com\/noticiasribeiraopreto.com.br\/wp-content\/uploads\/2025\/04\/DengueRP-Getty-Images.jpg?fit=1200%2C655&ssl=1&resize=350%2C200","width":350,"height":200,"srcset":"https:\/\/i0.wp.com\/noticiasribeiraopreto.com.br\/wp-content\/uploads\/2025\/04\/DengueRP-Getty-Images.jpg?fit=1200%2C655&ssl=1&resize=350%2C200 1x, https:\/\/i0.wp.com\/noticiasribeiraopreto.com.br\/wp-content\/uploads\/2025\/04\/DengueRP-Getty-Images.jpg?fit=1200%2C655&ssl=1&resize=525%2C300 1.5x, https:\/\/i0.wp.com\/noticiasribeiraopreto.com.br\/wp-content\/uploads\/2025\/04\/DengueRP-Getty-Images.jpg?fit=1200%2C655&ssl=1&resize=700%2C400 2x, https:\/\/i0.wp.com\/noticiasribeiraopreto.com.br\/wp-content\/uploads\/2025\/04\/DengueRP-Getty-Images.jpg?fit=1200%2C655&ssl=1&resize=1050%2C600 3x"},"classes":[]},{"id":72625,"url":"https:\/\/noticiasribeiraopreto.com.br\/index.php\/2025\/06\/19\/dengue-causa-mais-tres-mortes-em-rp\/","url_meta":{"origin":73084,"position":1},"title":"Dengue causa mais tr\u00eas mortes em RP","author":"noticiasribeiraopreto.com.br","date":"19 de June de 2025","format":false,"excerpt":"J\u00e1 s\u00e3o nove mortes em 2025, quatro em janeiro, uma em fevereiro e quatro em mar\u00e7o; cidade soma quase 20.000 casos A Secretaria Municipal da Sa\u00fade confirmou mais tr\u00eas mortes por dengue em Ribeir\u00e3o Preto. J\u00e1 s\u00e3o nove \u00f3bitos neste ano: quatro em janeiro, outro em fevereiro e quatro em\u2026","rel":"","context":"In &quot;Not\u00edcias de Ribeir\u00e3o Preto-SP e Regi\u00e3o&quot;","block_context":{"text":"Not\u00edcias de Ribeir\u00e3o Preto-SP e Regi\u00e3o","link":"https:\/\/noticiasribeiraopreto.com.br\/index.php\/category\/noticias-de-ribeirao-preto-sp-e-regiao-ismael-colosi\/"},"img":{"alt_text":"","src":"https:\/\/i0.wp.com\/noticiasribeiraopreto.com.br\/wp-content\/uploads\/2025\/06\/DengueRP-Getty-Images.jpg?fit=1200%2C655&ssl=1&resize=350%2C200","width":350,"height":200,"srcset":"https:\/\/i0.wp.com\/noticiasribeiraopreto.com.br\/wp-content\/uploads\/2025\/06\/DengueRP-Getty-Images.jpg?fit=1200%2C655&ssl=1&resize=350%2C200 1x, https:\/\/i0.wp.com\/noticiasribeiraopreto.com.br\/wp-content\/uploads\/2025\/06\/DengueRP-Getty-Images.jpg?fit=1200%2C655&ssl=1&resize=525%2C300 1.5x, https:\/\/i0.wp.com\/noticiasribeiraopreto.com.br\/wp-content\/uploads\/2025\/06\/DengueRP-Getty-Images.jpg?fit=1200%2C655&ssl=1&resize=700%2C400 2x, https:\/\/i0.wp.com\/noticiasribeiraopreto.com.br\/wp-content\/uploads\/2025\/06\/DengueRP-Getty-Images.jpg?fit=1200%2C655&ssl=1&resize=1050%2C600 3x"},"classes":[]},{"id":75721,"url":"https:\/\/noticiasribeiraopreto.com.br\/index.php\/2025\/08\/14\/dengue-chega-a-21-280-casos-em-rp\/","url_meta":{"origin":73084,"position":2},"title":"Dengue chega a 21.280 casos em RP \u00a0","author":"noticiasribeiraopreto.com.br","date":"14 de August de 2025","format":false,"excerpt":"J\u00e1 s\u00e3o onze mortes em 2025, quatro em janeiro, uma em fevereiro, quatro em mar\u00e7o e duas em abril; cidade soma mais de 21,2 mil casos No ano passado, Ribeir\u00e3o Preto registrou a maior epidemia de dengue da hist\u00f3ria considerando o n\u00famero de casos registrados. A cidade fechou 2024 com\u2026","rel":"","context":"In &quot;Not\u00edcias de Ribeir\u00e3o Preto-SP e Regi\u00e3o&quot;","block_context":{"text":"Not\u00edcias de Ribeir\u00e3o Preto-SP e Regi\u00e3o","link":"https:\/\/noticiasribeiraopreto.com.br\/index.php\/category\/noticias-de-ribeirao-preto-sp-e-regiao-ismael-colosi\/"},"img":{"alt_text":"","src":"https:\/\/i0.wp.com\/noticiasribeiraopreto.com.br\/wp-content\/uploads\/2025\/08\/DengueRP-Divulgacao-3.jpg?fit=1200%2C807&ssl=1&resize=350%2C200","width":350,"height":200,"srcset":"https:\/\/i0.wp.com\/noticiasribeiraopreto.com.br\/wp-content\/uploads\/2025\/08\/DengueRP-Divulgacao-3.jpg?fit=1200%2C807&ssl=1&resize=350%2C200 1x, https:\/\/i0.wp.com\/noticiasribeiraopreto.com.br\/wp-content\/uploads\/2025\/08\/DengueRP-Divulgacao-3.jpg?fit=1200%2C807&ssl=1&resize=525%2C300 1.5x, https:\/\/i0.wp.com\/noticiasribeiraopreto.com.br\/wp-content\/uploads\/2025\/08\/DengueRP-Divulgacao-3.jpg?fit=1200%2C807&ssl=1&resize=700%2C400 2x, https:\/\/i0.wp.com\/noticiasribeiraopreto.com.br\/wp-content\/uploads\/2025\/08\/DengueRP-Divulgacao-3.jpg?fit=1200%2C807&ssl=1&resize=1050%2C600 3x"},"classes":[]},{"id":75701,"url":"https:\/\/noticiasribeiraopreto.com.br\/index.php\/2025\/08\/14\/dengue-chega-a-21-280-casos-em-ribeirao\/","url_meta":{"origin":73084,"position":3},"title":"Dengue chega a 21.280 casos em Ribeir\u00e3o","author":"noticiasribeiraopreto.com.br","date":"14 de August de 2025","format":false,"excerpt":"14 de agosto de 2025 07:290 Compartilhar0 J\u00e1 s\u00e3o onze mortes em 2025, quatro em janeiro, uma em fevereiro, quatro em mar\u00e7o e duas em abril; cidade soma mais de 21,2 mil casos\u00a0\u00a0No ano passado, Ribeir\u00e3o Preto registrou a maior epidemia de dengue da hist\u00f3ria considerando o n\u00famero de casos\u2026","rel":"","context":"In &quot;Not\u00edcias de Ribeir\u00e3o Preto-SP e Regi\u00e3o&quot;","block_context":{"text":"Not\u00edcias de Ribeir\u00e3o Preto-SP e Regi\u00e3o","link":"https:\/\/noticiasribeiraopreto.com.br\/index.php\/category\/noticias-de-ribeirao-preto-sp-e-regiao-ismael-colosi\/"},"img":{"alt_text":"","src":"https:\/\/i0.wp.com\/noticiasribeiraopreto.com.br\/wp-content\/uploads\/2025\/08\/DengueRP-Paulo-Whitaker-Reuters-1-scaled.jpg?fit=800%2C479&ssl=1&resize=350%2C200","width":350,"height":200,"srcset":"https:\/\/i0.wp.com\/noticiasribeiraopreto.com.br\/wp-content\/uploads\/2025\/08\/DengueRP-Paulo-Whitaker-Reuters-1-scaled.jpg?fit=800%2C479&ssl=1&resize=350%2C200 1x, https:\/\/i0.wp.com\/noticiasribeiraopreto.com.br\/wp-content\/uploads\/2025\/08\/DengueRP-Paulo-Whitaker-Reuters-1-scaled.jpg?fit=800%2C479&ssl=1&resize=525%2C300 1.5x, https:\/\/i0.wp.com\/noticiasribeiraopreto.com.br\/wp-content\/uploads\/2025\/08\/DengueRP-Paulo-Whitaker-Reuters-1-scaled.jpg?fit=800%2C479&ssl=1&resize=700%2C400 2x"},"classes":[]},{"id":74957,"url":"https:\/\/noticiasribeiraopreto.com.br\/index.php\/2025\/07\/31\/dengue-ja-passa-de-21-mil-em-rp\/","url_meta":{"origin":73084,"position":4},"title":"Dengue j\u00e1 passa de 21 mil em RP","author":"noticiasribeiraopreto.com.br","date":"31 de July de 2025","format":false,"excerpt":"No ano passado, Ribeir\u00e3o Preto registrou a maior epidemia de dengue da hist\u00f3ria considerando o n\u00famero de casos registrados. A cidade fechou 2024 com 44.641 v\u00edtimas (dado revisado) do mosquito Aedes aegypti \u2013 transmissor da doen\u00e7a, das febres chikungunya e amarela na \u00e1rea urbana e de zika \u2013, maior volume\u2026","rel":"","context":"In &quot;Not\u00edcias de Ribeir\u00e3o Preto-SP e Regi\u00e3o&quot;","block_context":{"text":"Not\u00edcias de Ribeir\u00e3o Preto-SP e Regi\u00e3o","link":"https:\/\/noticiasribeiraopreto.com.br\/index.php\/category\/noticias-de-ribeirao-preto-sp-e-regiao-ismael-colosi\/"},"img":{"alt_text":"","src":"https:\/\/i0.wp.com\/noticiasribeiraopreto.com.br\/wp-content\/uploads\/2025\/07\/1753992253_DengueRP-Getty-Images.jpg?fit=1200%2C655&ssl=1&resize=350%2C200","width":350,"height":200,"srcset":"https:\/\/i0.wp.com\/noticiasribeiraopreto.com.br\/wp-content\/uploads\/2025\/07\/1753992253_DengueRP-Getty-Images.jpg?fit=1200%2C655&ssl=1&resize=350%2C200 1x, https:\/\/i0.wp.com\/noticiasribeiraopreto.com.br\/wp-content\/uploads\/2025\/07\/1753992253_DengueRP-Getty-Images.jpg?fit=1200%2C655&ssl=1&resize=525%2C300 1.5x, https:\/\/i0.wp.com\/noticiasribeiraopreto.com.br\/wp-content\/uploads\/2025\/07\/1753992253_DengueRP-Getty-Images.jpg?fit=1200%2C655&ssl=1&resize=700%2C400 2x, https:\/\/i0.wp.com\/noticiasribeiraopreto.com.br\/wp-content\/uploads\/2025\/07\/1753992253_DengueRP-Getty-Images.jpg?fit=1200%2C655&ssl=1&resize=1050%2C600 3x"},"classes":[]},{"id":74188,"url":"https:\/\/noticiasribeiraopreto.com.br\/index.php\/2025\/07\/17\/dengue-em-rp-ja-beira-21-mil-casos\/","url_meta":{"origin":73084,"position":5},"title":"Dengue em RP j\u00e1 beira 21 mil casos","author":"noticiasribeiraopreto.com.br","date":"17 de July de 2025","format":false,"excerpt":"No ano passado, Ribeir\u00e3o Preto registrou a maior epidemia de dengue da hist\u00f3ria considerando o n\u00famero de casos registrados. A cidade fechou 2024 com 44.637 v\u00edtimas (dado revisado) do mosquito Aedes aegypti \u2013 transmissor da doen\u00e7a, das febres chikungunya e amarela na \u00e1rea urbana e de zika \u2013, maior volume\u2026","rel":"","context":"In &quot;Not\u00edcias de Ribeir\u00e3o Preto-SP e Regi\u00e3o&quot;","block_context":{"text":"Not\u00edcias de Ribeir\u00e3o Preto-SP e Regi\u00e3o","link":"https:\/\/noticiasribeiraopreto.com.br\/index.php\/category\/noticias-de-ribeirao-preto-sp-e-regiao-ismael-colosi\/"},"img":{"alt_text":"","src":"https:\/\/i0.wp.com\/noticiasribeiraopreto.com.br\/wp-content\/uploads\/2025\/07\/DengueRP-Getty-Images.jpg?fit=1200%2C655&ssl=1&resize=350%2C200","width":350,"height":200,"srcset":"https:\/\/i0.wp.com\/noticiasribeiraopreto.com.br\/wp-content\/uploads\/2025\/07\/DengueRP-Getty-Images.jpg?fit=1200%2C655&ssl=1&resize=350%2C200 1x, https:\/\/i0.wp.com\/noticiasribeiraopreto.com.br\/wp-content\/uploads\/2025\/07\/DengueRP-Getty-Images.jpg?fit=1200%2C655&ssl=1&resize=525%2C300 1.5x, https:\/\/i0.wp.com\/noticiasribeiraopreto.com.br\/wp-content\/uploads\/2025\/07\/DengueRP-Getty-Images.jpg?fit=1200%2C655&ssl=1&resize=700%2C400 2x, https:\/\/i0.wp.com\/noticiasribeiraopreto.com.br\/wp-content\/uploads\/2025\/07\/DengueRP-Getty-Images.jpg?fit=1200%2C655&ssl=1&resize=1050%2C600 3x"},"classes":[]}],"jetpack_sharing_enabled":true,"jetpack_shortlink":"https:\/\/wp.me\/peQAOb-j0M","_links":{"self":[{"href":"https:\/\/noticiasribeiraopreto.com.br\/index.php\/wp-json\/wp\/v2\/posts\/73084","targetHints":{"allow":["GET"]}}],"collection":[{"href":"https:\/\/noticiasribeiraopreto.com.br\/index.php\/wp-json\/wp\/v2\/posts"}],"about":[{"href":"https:\/\/noticiasribeiraopreto.com.br\/index.php\/wp-json\/wp\/v2\/types\/post"}],"author":[{"embeddable":true,"href":"https:\/\/noticiasribeiraopreto.com.br\/index.php\/wp-json\/wp\/v2\/users\/1"}],"replies":[{"embeddable":true,"href":"https:\/\/noticiasribeiraopreto.com.br\/index.php\/wp-json\/wp\/v2\/comments?post=73084"}],"version-history":[{"count":0,"href":"https:\/\/noticiasribeiraopreto.com.br\/index.php\/wp-json\/wp\/v2\/posts\/73084\/revisions"}],"wp:featuredmedia":[{"embeddable":true,"href":"https:\/\/noticiasribeiraopreto.com.br\/index.php\/wp-json\/wp\/v2\/media\/73085"}],"wp:attachment":[{"href":"https:\/\/noticiasribeiraopreto.com.br\/index.php\/wp-json\/wp\/v2\/media?parent=73084"}],"wp:term":[{"taxonomy":"category","embeddable":true,"href":"https:\/\/noticiasribeiraopreto.com.br\/index.php\/wp-json\/wp\/v2\/categories?post=73084"},{"taxonomy":"post_tag","embeddable":true,"href":"https:\/\/noticiasribeiraopreto.com.br\/index.php\/wp-json\/wp\/v2\/tags?post=73084"}],"curies":[{"name":"wp","href":"https:\/\/api.w.org\/{rel}","templated":true}]}}