{"id":73086,"date":"2025-06-25T12:06:37","date_gmt":"2025-06-25T15:06:37","guid":{"rendered":"https:\/\/noticiasribeiraopreto.com.br\/index.php\/2025\/06\/25\/prefeitura-lanca-plano-anti-incendios-tribuna-ribeirao\/"},"modified":"2025-06-25T12:06:37","modified_gmt":"2025-06-25T15:06:37","slug":"prefeitura-lanca-plano-anti-incendios-tribuna-ribeirao","status":"publish","type":"post","link":"https:\/\/noticiasribeiraopreto.com.br\/index.php\/2025\/06\/25\/prefeitura-lanca-plano-anti-incendios-tribuna-ribeirao\/","title":{"rendered":"Prefeitura lan\u00e7a plano anti-inc\u00eandios &#8211; Tribuna Ribeir\u00e3o"},"content":{"rendered":"<div class='code-block code-block-1' style='margin: 8px 0 8px auto; text-align: right; display: block; clear: both;'>\n<p><a href=\"https:\/\/wa.link\/vpicfd\"><img data-recalc-dims=\"1\" class=\"wp-image-4922\" style=\"aspect-ratio: 2.0253164556962027; width: 561px; height: auto;\" src=\"https:\/\/i0.wp.com\/ismaelcolosi.com.br\/wp-content\/uploads\/2023\/11\/grupo-de-empregos-whatsapp-e-facebook-ismael-colosi-vagas.jpg?ssl=1\" alt=\"\" \/><\/a><\/p>\n<!-- \/wp:image -->\n<\/div>\n<p> <br \/>\n<\/p>\n<div>\n<p>Com o objetivo de estabelecer estrat\u00e9gias e a\u00e7\u00f5es priorit\u00e1rias para a preven\u00e7\u00e3o de inc\u00eandios florestais em todo o munic\u00edpio, a prefeitura de Ribeir\u00e3o Preto lan\u00e7ou na segunda-feira, 23 de junho, o Plano de Preven\u00e7\u00e3o e Combate a Inc\u00eandios Florestais. A iniciativa busca reduzir os riscos de queimadas e inc\u00eandios, promovendo mais seguran\u00e7a e bem-estar \u00e0 popula\u00e7\u00e3o.<\/p>\n<p>O documento foi elaborado em conjunto pelas Secretarias Municipais de Meio Ambiente, Infraestrutura, Defesa Civil e pelo Corpo de Bombeiros, e define as a\u00e7\u00f5es que j\u00e1 est\u00e3o sendo executadas pelo poder p\u00fablico municipal. \u201cEstamos entrando no per\u00edodo de estiagem, prop\u00edcio ao surgimento de focos de inc\u00eandio\u201d diz o secret\u00e1rio do Meio Ambiente, Claudio Almeida.<\/p>\n<p>\u201cPor isso, lan\u00e7amos esse plano, que apresenta n\u00e3o apenas diretrizes, mas tamb\u00e9m todas as a\u00e7\u00f5es que ser\u00e3o executadas tanto na zona rural quanto na \u00e1rea urbana de Ribeir\u00e3o Preto. Nosso objetivo \u00e9 minimizar a ocorr\u00eancia de focos e evitar um cen\u00e1rio como o de 2024\u201d, explica Almeida.<\/p>\n<p>O plano prev\u00ea o mapeamento das \u00e1reas de risco, que ser\u00e3o monitoradas de forma intensiva. Entre as a\u00e7\u00f5es programadas est\u00e3o as zeladorias preventivas, realizadas pela Infraestrutura, como ro\u00e7adas, limpezas e recolhimento de res\u00edduos. Tamb\u00e9m est\u00e3o previstas a capacita\u00e7\u00e3o de brigadistas de diferentes secretarias e a intensifica\u00e7\u00e3o das fiscaliza\u00e7\u00f5es ambientais.<\/p>\n<p>Outro destaque do plano \u00e9 a amplia\u00e7\u00e3o de campanhas e a\u00e7\u00f5es educativas para conscientizar e sensibilizar a popula\u00e7\u00e3o sobre a import\u00e2ncia da preven\u00e7\u00e3o de inc\u00eandios. \u201cS\u00e3o atitudes simples do cotidiano que podem impactar significativamente o meio ambiente. Por isso, estamos investindo em campanhas para alertar a popula\u00e7\u00e3o sobre a import\u00e2ncia da preven\u00e7\u00e3o de inc\u00eandios e da conserva\u00e7\u00e3o ambiental\u201d, ressalta o secret\u00e1rio.<\/p>\n<p>A campanha contar\u00e1 com a\u00e7\u00f5es nas redes sociais, na imprensa e no site da Prefeitura, com a publica\u00e7\u00e3o de conte\u00fados voltados \u00e0 educa\u00e7\u00e3o ambiental. Confira na \u00edntegra o Plano de Preven\u00e7\u00e3o de Combates a Inc\u00eandios Florestais (PPCIF) <a href=\"http:\/\/www.coderp.sp.gov.br\/portal\/pdf\/ambiente206.pdf\">www.coderp.sp.gov.br\/portal\/pdf\/ambiente206.pdf<\/a><\/p>\n<p>Pelo menos 30 milh\u00f5es de hectares foram destru\u00eddos pelo fogo no Brasil, em 2024, uma \u00e1rea 62% acima da m\u00e9dia hist\u00f3rica, que \u00e9 de 18,5 milh\u00f5es por ano. O dado est\u00e1 no MapBiomas Fogo, parte da primeira edi\u00e7\u00e3o do Relat\u00f3rio Anual do Fogo (RAF), com n\u00fameros relativos ao per\u00edodo de 1985 a 2024.<\/p>\n<p>No ano passado, S\u00e3o Paulo concentrou quatro dos dez munic\u00edpios com maior propor\u00e7\u00e3o de \u00e1rea queimada, tr\u00eas deles no entorno de Ribeir\u00e3o Preto, uma regi\u00e3o predominantemente agr\u00edcola. S\u00e3o eles: Barrinha, Dumont e Pontal, al\u00e9m de Pontes Gestal.<\/p>\n<p>Segundo a Secretaria de Meio Ambiente, Infraestrutura e Log\u00edstica do Estado de S\u00e3o Paulo (Semil), a Opera\u00e7\u00e3o SP Sem Fogo atendeu, entre 1\u00ba e 16 de setembro, per\u00edodo cr\u00edtico da estiagem, 2.392 ocorr\u00eancias e vistoriou 2.159 focos de inc\u00eandio em vegeta\u00e7\u00e3o em todo o estado no ano passado<\/p>\n<p>Foram lavrados 420 autos de infra\u00e7\u00e3o ambiental, em ocorr\u00eancias que afetaram 107 mil hectares, o equivalente a 115 mil campos de futebol. A Secretaria de Comunica\u00e7\u00e3o confirmou tamb\u00e9m que 23 pessoas foram detidas por suspeita de envolvimento em a\u00e7\u00f5es de in\u00edcio intencional de fogo.<\/p>\n<p>Foram onze pris\u00f5es na macrorregi\u00e3o de Ribeir\u00e3o Preto. Cerca de 8.049 propriedades rurais foram afetadas pelos inc\u00eandios em 317 munic\u00edpios.\u00a0 Uma pessoa morreu na regi\u00e3o metropolitana. Carlos Roberto Prado, de 44 anos, morreu no dia 6 de setembro ap\u00f3s duas semanas internado na Ala de Queimados do Hospital das Cl\u00ednicas. Ele morava em Santa Cruz da Esperan\u00e7a.<\/p>\n<p>Al\u00e9m das pris\u00f5es, o governo estadual recolheu mais de R$ 21,3 milh\u00f5es em multas. O estado tem um milh\u00e3o de hectares em unidades de conserva\u00e7\u00e3o e preserva\u00e7\u00e3o ambiental. Desse total, 748 hectares foram atingidos, ou seja, 0,07. Durante o per\u00edodo cr\u00edtico, a Semil fechou 69 parques estaduais entre 1\u00ba e 30 de setembro.<\/p>\n<p>A Esta\u00e7\u00e3o Ecol\u00f3gica de Ribeir\u00e3o Preto, mais conhecida como Mata de Santa Tereza, importante fragmento florestal de Mata Atl\u00e2ntica, estava na lista. Na macrorregi\u00e3o, tamb\u00e9m foram fechadas unidades em Araraquara, Bento Quirino (distrito de S\u00e3o Sim\u00e3o), Luiz Ant\u00f4nio (Jata\u00ed), Santa Rita do Passa Quatro, S\u00e3o Sim\u00e3o, Bebedouro e Vassununga (Santa Rita do Passa Quatro).<\/p>\n<p>Com a chegada do inverno, o Estado de S\u00e3o Paulo vai contratar 132 brigadistas tempor\u00e1rios. A medida tem o objetivo de ampliar o combate aos inc\u00eandios florestais durante o per\u00edodo de estiagem. O refor\u00e7o ser\u00e1 distribu\u00eddo para as regi\u00f5es de Campinas, Ribeir\u00e3o Preto, S\u00e3o Jos\u00e9 do Rio Preto, Presidente Prudente, Ara\u00e7atuba, Piracicaba, Sorocaba e Jundia\u00ed, Santos e S\u00e3o Jos\u00e9 dos Campos.<br \/><strong><br \/>Pris\u00e3o <\/strong>\u2013 Alessandro dos Reis Batista J\u00fanior, morador de Itirapu\u00e3, foi condenado a pena de oito anos e quatro meses de pris\u00e3o, em regime inicial fechado, acusado de atear fogo em propriedades rurais \u00e0s margens da Rodovia Ronan Rocha (SP-345).. Ainda deveria pagar indeniza\u00e7\u00e3o de R$ 3 milh\u00f5es. O r\u00e9u est\u00e1 preso e n\u00e3o poder\u00e1 recorrer em liberdade. A senten\u00e7a \u00e9 do juiz Daniel Carrijo, de Patroc\u00ednio Paulista, do dia 15 de maio.<\/p>\n<\/div>\n<p><br \/>\n<br \/><a href=\"https:\/\/www.tribunaribeirao.com.br\/prefeitura-lanca-plano-anti-incendios\/\">Source link <\/a><\/p>\n<!-- CONTENT END 1 -->\n","protected":false},"excerpt":{"rendered":"<p>Com o objetivo de estabelecer estrat\u00e9gias e a\u00e7\u00f5es priorit\u00e1rias para a preven\u00e7\u00e3o de inc\u00eandios florestais em todo o munic\u00edpio, a prefeitura de Ribeir\u00e3o Preto lan\u00e7ou&#8230;<\/p>\n","protected":false},"author":1,"featured_media":73087,"comment_status":"open","ping_status":"open","sticky":false,"template":"","format":"standard","meta":{"advanced_seo_description":"","jetpack_seo_html_title":"","jetpack_seo_noindex":false,"jetpack_post_was_ever_published":false,"_jetpack_newsletter_access":"","_jetpack_dont_email_post_to_subs":false,"_jetpack_newsletter_tier_id":0,"_jetpack_memberships_contains_paywalled_content":false,"_jetpack_memberships_contains_paid_content":false,"footnotes":"","jetpack_publicize_message":"","jetpack_publicize_feature_enabled":true,"jetpack_social_post_already_shared":true,"jetpack_social_options":{"image_generator_settings":{"template":"highway","default_image_id":0,"font":"","enabled":false},"version":2}},"categories":[11],"tags":[],"class_list":["post-73086","post","type-post","status-publish","format-standard","has-post-thumbnail","hentry","category-noticias-de-ribeirao-preto-sp-e-regiao-ismael-colosi"],"jetpack_publicize_connections":[],"jetpack_featured_media_url":"https:\/\/i0.wp.com\/noticiasribeiraopreto.com.br\/wp-content\/uploads\/2025\/06\/QueimaRP-Alfredo-Risk-Arquivo-1-scaled.jpg?fit=800%2C450&ssl=1","jetpack-related-posts":[{"id":76107,"url":"https:\/\/noticiasribeiraopreto.com.br\/index.php\/2025\/08\/22\/monitoramento-e-reforcado-em-17-areas-de-risco-de-rp\/","url_meta":{"origin":73086,"position":0},"title":"Monitoramento \u00e9 refor\u00e7ado em 17 \u00e1reas de risco de RP","author":"noticiasribeiraopreto.com.br","date":"22 de August de 2025","format":false,"excerpt":"A prefeitura de Ribeir\u00e3o Preto, por meio da Secretaria Municipal de Meio Ambiente, do Departamento de Fiscaliza\u00e7\u00e3o Geral e da Guarda Civil Metropolitana (GCM) \u2013 os \u00faltimos ligados \u00e0 pasta da Justi\u00e7a \u2013, iniciou nesta semana um novo cronograma de monitoramento em \u00e1reas de risco de inc\u00eandios. Ao todo, 17\u2026","rel":"","context":"In &quot;Not\u00edcias de Ribeir\u00e3o Preto-SP e Regi\u00e3o&quot;","block_context":{"text":"Not\u00edcias de Ribeir\u00e3o Preto-SP e Regi\u00e3o","link":"https:\/\/noticiasribeiraopreto.com.br\/index.php\/category\/noticias-de-ribeirao-preto-sp-e-regiao-ismael-colosi\/"},"img":{"alt_text":"","src":"https:\/\/i0.wp.com\/noticiasribeiraopreto.com.br\/wp-content\/uploads\/2025\/08\/QueimaRP-Divulgacao-scaled.png?fit=1171%2C780&ssl=1&resize=350%2C200","width":350,"height":200,"srcset":"https:\/\/i0.wp.com\/noticiasribeiraopreto.com.br\/wp-content\/uploads\/2025\/08\/QueimaRP-Divulgacao-scaled.png?fit=1171%2C780&ssl=1&resize=350%2C200 1x, https:\/\/i0.wp.com\/noticiasribeiraopreto.com.br\/wp-content\/uploads\/2025\/08\/QueimaRP-Divulgacao-scaled.png?fit=1171%2C780&ssl=1&resize=525%2C300 1.5x, https:\/\/i0.wp.com\/noticiasribeiraopreto.com.br\/wp-content\/uploads\/2025\/08\/QueimaRP-Divulgacao-scaled.png?fit=1171%2C780&ssl=1&resize=700%2C400 2x, https:\/\/i0.wp.com\/noticiasribeiraopreto.com.br\/wp-content\/uploads\/2025\/08\/QueimaRP-Divulgacao-scaled.png?fit=1171%2C780&ssl=1&resize=1050%2C600 3x"},"classes":[]},{"id":76194,"url":"https:\/\/noticiasribeiraopreto.com.br\/index.php\/2025\/08\/24\/um-ano-apos-incendios-no-interior-de-sp-veja-medidas-de-protecao-e-fiscalizacao-para-2025\/","url_meta":{"origin":73086,"position":1},"title":"Um ano ap\u00f3s inc\u00eandios no interior de SP: veja medidas de prote\u00e7\u00e3o e fiscaliza\u00e7\u00e3o para 2025","author":"noticiasribeiraopreto.com.br","date":"24 de August de 2025","format":false,"excerpt":"H\u00e1 um ano, o interior paulista enfrentava um per\u00edodo de grandes inc\u00eandios, com recorde de focos e muitos preju\u00edzos ambientais. A regi\u00e3o de Ribeir\u00e3o Preto foi altamente afetada pelas chamas. Segundo o Inpe (Instituto Nacional de Pesquisas Espaciais), entre os dias 22 e 23 de agosto de 2024 foram registrados\u2026","rel":"","context":"In &quot;Not\u00edcias de Ribeir\u00e3o Preto-SP e Regi\u00e3o&quot;","block_context":{"text":"Not\u00edcias de Ribeir\u00e3o Preto-SP e Regi\u00e3o","link":"https:\/\/noticiasribeiraopreto.com.br\/index.php\/category\/noticias-de-ribeirao-preto-sp-e-regiao-ismael-colosi\/"},"img":{"alt_text":"","src":"https:\/\/i0.wp.com\/noticiasribeiraopreto.com.br\/wp-content\/uploads\/2025\/08\/a.ok_.monitoraincendios_2025-08-24_12-57-49.webp.webp?fit=1200%2C799&ssl=1&resize=350%2C200","width":350,"height":200,"srcset":"https:\/\/i0.wp.com\/noticiasribeiraopreto.com.br\/wp-content\/uploads\/2025\/08\/a.ok_.monitoraincendios_2025-08-24_12-57-49.webp.webp?fit=1200%2C799&ssl=1&resize=350%2C200 1x, https:\/\/i0.wp.com\/noticiasribeiraopreto.com.br\/wp-content\/uploads\/2025\/08\/a.ok_.monitoraincendios_2025-08-24_12-57-49.webp.webp?fit=1200%2C799&ssl=1&resize=525%2C300 1.5x, https:\/\/i0.wp.com\/noticiasribeiraopreto.com.br\/wp-content\/uploads\/2025\/08\/a.ok_.monitoraincendios_2025-08-24_12-57-49.webp.webp?fit=1200%2C799&ssl=1&resize=700%2C400 2x, https:\/\/i0.wp.com\/noticiasribeiraopreto.com.br\/wp-content\/uploads\/2025\/08\/a.ok_.monitoraincendios_2025-08-24_12-57-49.webp.webp?fit=1200%2C799&ssl=1&resize=1050%2C600 3x"},"classes":[]},{"id":75398,"url":"https:\/\/noticiasribeiraopreto.com.br\/index.php\/2025\/08\/08\/secretaria-elabora-plano-para-clima\/","url_meta":{"origin":73086,"position":2},"title":"Secretaria elabora plano para clima","author":"noticiasribeiraopreto.com.br","date":"8 de August de 2025","format":false,"excerpt":"Plano Municipal de Adapta\u00e7\u00e3o e Resili\u00eancia Clim\u00e1tica est\u00e1 em fase de constru\u00e7\u00e3o e vem sendo desenvolvido de forma multissetorial e participativa A prefeitura de Ribeir\u00e3o Preto, por meio da Secretaria Municipal de Meio Ambiente, est\u00e1 elaborando o primeiro Plano Municipal de Adapta\u00e7\u00e3o e Resili\u00eancia Clim\u00e1tica, instrumento estrat\u00e9gico que visa fortalecer\u2026","rel":"","context":"In &quot;Not\u00edcias de Ribeir\u00e3o Preto-SP e Regi\u00e3o&quot;","block_context":{"text":"Not\u00edcias de Ribeir\u00e3o Preto-SP e Regi\u00e3o","link":"https:\/\/noticiasribeiraopreto.com.br\/index.php\/category\/noticias-de-ribeirao-preto-sp-e-regiao-ismael-colosi\/"},"img":{"alt_text":"","src":"https:\/\/i0.wp.com\/noticiasribeiraopreto.com.br\/wp-content\/uploads\/2025\/08\/ClimaRP-Alfredo-Risk-scaled.jpg?fit=1170%2C780&ssl=1&resize=350%2C200","width":350,"height":200,"srcset":"https:\/\/i0.wp.com\/noticiasribeiraopreto.com.br\/wp-content\/uploads\/2025\/08\/ClimaRP-Alfredo-Risk-scaled.jpg?fit=1170%2C780&ssl=1&resize=350%2C200 1x, https:\/\/i0.wp.com\/noticiasribeiraopreto.com.br\/wp-content\/uploads\/2025\/08\/ClimaRP-Alfredo-Risk-scaled.jpg?fit=1170%2C780&ssl=1&resize=525%2C300 1.5x, https:\/\/i0.wp.com\/noticiasribeiraopreto.com.br\/wp-content\/uploads\/2025\/08\/ClimaRP-Alfredo-Risk-scaled.jpg?fit=1170%2C780&ssl=1&resize=700%2C400 2x, https:\/\/i0.wp.com\/noticiasribeiraopreto.com.br\/wp-content\/uploads\/2025\/08\/ClimaRP-Alfredo-Risk-scaled.jpg?fit=1170%2C780&ssl=1&resize=1050%2C600 3x"},"classes":[]},{"id":75723,"url":"https:\/\/noticiasribeiraopreto.com.br\/index.php\/2025\/08\/14\/do-lixo-ao-fogo-por-que-o-descarte-incorreto-e-combustivel-para-queimadas\/","url_meta":{"origin":73086,"position":3},"title":"Do lixo ao fogo: por que o descarte incorreto \u00e9 combust\u00edvel para queimadas?","author":"noticiasribeiraopreto.com.br","date":"14 de August de 2025","format":false,"excerpt":"O per\u00edodo de estiagem no estado de S\u00e3o Paulo trouxe condi\u00e7\u00f5es clim\u00e1ticas cr\u00edticas, com baixa umidade do ar e alerta m\u00e1ximo de inc\u00eandios emitido pela Defesa Civil. Em Ribeir\u00e3o Preto, a prefeitura decretou estado de alerta para a estiagem, refor\u00e7ando o risco de queimadas e a import\u00e2ncia da preven\u00e7\u00e3o. Um\u2026","rel":"","context":"In &quot;Not\u00edcias de Ribeir\u00e3o Preto-SP e Regi\u00e3o&quot;","block_context":{"text":"Not\u00edcias de Ribeir\u00e3o Preto-SP e Regi\u00e3o","link":"https:\/\/noticiasribeiraopreto.com.br\/index.php\/category\/noticias-de-ribeirao-preto-sp-e-regiao-ismael-colosi\/"},"img":{"alt_text":"","src":"https:\/\/i0.wp.com\/noticiasribeiraopreto.com.br\/wp-content\/uploads\/2025\/08\/Copia-de-Copia-de-Copia-de-TAMANHO-EXATO-PARA-FOTOS-NO-SISTEMA-NOVO-2025-08-14T115526.593_2025-08-14_14-55-51.webp.webp?fit=1200%2C675&ssl=1&resize=350%2C200","width":350,"height":200,"srcset":"https:\/\/i0.wp.com\/noticiasribeiraopreto.com.br\/wp-content\/uploads\/2025\/08\/Copia-de-Copia-de-Copia-de-TAMANHO-EXATO-PARA-FOTOS-NO-SISTEMA-NOVO-2025-08-14T115526.593_2025-08-14_14-55-51.webp.webp?fit=1200%2C675&ssl=1&resize=350%2C200 1x, https:\/\/i0.wp.com\/noticiasribeiraopreto.com.br\/wp-content\/uploads\/2025\/08\/Copia-de-Copia-de-Copia-de-TAMANHO-EXATO-PARA-FOTOS-NO-SISTEMA-NOVO-2025-08-14T115526.593_2025-08-14_14-55-51.webp.webp?fit=1200%2C675&ssl=1&resize=525%2C300 1.5x, https:\/\/i0.wp.com\/noticiasribeiraopreto.com.br\/wp-content\/uploads\/2025\/08\/Copia-de-Copia-de-Copia-de-TAMANHO-EXATO-PARA-FOTOS-NO-SISTEMA-NOVO-2025-08-14T115526.593_2025-08-14_14-55-51.webp.webp?fit=1200%2C675&ssl=1&resize=700%2C400 2x, https:\/\/i0.wp.com\/noticiasribeiraopreto.com.br\/wp-content\/uploads\/2025\/08\/Copia-de-Copia-de-Copia-de-TAMANHO-EXATO-PARA-FOTOS-NO-SISTEMA-NOVO-2025-08-14T115526.593_2025-08-14_14-55-51.webp.webp?fit=1200%2C675&ssl=1&resize=1050%2C600 3x"},"classes":[]},{"id":75990,"url":"https:\/\/noticiasribeiraopreto.com.br\/index.php\/2025\/08\/20\/focos-de-incendio-recuam-73-em-sp\/","url_meta":{"origin":73086,"position":4},"title":"Focos de inc\u00eandio recuam 73% em SP","author":"noticiasribeiraopreto.com.br","date":"20 de August de 2025","format":false,"excerpt":"20 de agosto de 2025 08:2020 de agosto de 2025 07:437 Compartilhar0 A Defesa Civil do Estado registrou uma redu\u00e7\u00e3o significativa nos focos de inc\u00eandio na primeira quinzena de agosto. Entre os dias 1\u00ba e 15, foram contabilizadas 148 ocorr\u00eancias em 2025, ante 548 no mesmo per\u00edodo de 2024, 400\u2026","rel":"","context":"In &quot;Not\u00edcias de Ribeir\u00e3o Preto-SP e Regi\u00e3o&quot;","block_context":{"text":"Not\u00edcias de Ribeir\u00e3o Preto-SP e Regi\u00e3o","link":"https:\/\/noticiasribeiraopreto.com.br\/index.php\/category\/noticias-de-ribeirao-preto-sp-e-regiao-ismael-colosi\/"},"img":{"alt_text":"","src":"https:\/\/i0.wp.com\/noticiasribeiraopreto.com.br\/wp-content\/uploads\/2025\/08\/dc142fb2-b4bc-496d-b9d0-33707dda3c0b-scaled.jpeg?fit=800%2C460&ssl=1&resize=350%2C200","width":350,"height":200,"srcset":"https:\/\/i0.wp.com\/noticiasribeiraopreto.com.br\/wp-content\/uploads\/2025\/08\/dc142fb2-b4bc-496d-b9d0-33707dda3c0b-scaled.jpeg?fit=800%2C460&ssl=1&resize=350%2C200 1x, https:\/\/i0.wp.com\/noticiasribeiraopreto.com.br\/wp-content\/uploads\/2025\/08\/dc142fb2-b4bc-496d-b9d0-33707dda3c0b-scaled.jpeg?fit=800%2C460&ssl=1&resize=525%2C300 1.5x, https:\/\/i0.wp.com\/noticiasribeiraopreto.com.br\/wp-content\/uploads\/2025\/08\/dc142fb2-b4bc-496d-b9d0-33707dda3c0b-scaled.jpeg?fit=800%2C460&ssl=1&resize=700%2C400 2x"},"classes":[]},{"id":76374,"url":"https:\/\/noticiasribeiraopreto.com.br\/index.php\/2025\/08\/27\/ribeirao-preto-recebe-filhotes-de-urubus-vitimas-de-queimadas-na-regiao\/","url_meta":{"origin":73086,"position":5},"title":"Ribeir\u00e3o Preto recebe filhotes de urubus v\u00edtimas de queimadas na regi\u00e3o","author":"noticiasribeiraopreto.com.br","date":"27 de August de 2025","format":false,"excerpt":"O Centro de Triagem e Reabilita\u00e7\u00e3o de Animais Silvestres (Cetras) Morro do S\u00e3o Bento, em Ribeir\u00e3o Preto, recebeu na \u00faltima segunda-feira (25) dois filhotes de urubus resgatados durante inc\u00eandios em S\u00e3o Sim\u00e3o. A equipe do Cetras acompanhar\u00e1 os filhotes at\u00e9 que eles recuperem a sa\u00fade e possam retornar ao habitat\u2026","rel":"","context":"In &quot;Not\u00edcias de Ribeir\u00e3o Preto-SP e Regi\u00e3o&quot;","block_context":{"text":"Not\u00edcias de Ribeir\u00e3o Preto-SP e Regi\u00e3o","link":"https:\/\/noticiasribeiraopreto.com.br\/index.php\/category\/noticias-de-ribeirao-preto-sp-e-regiao-ismael-colosi\/"},"img":{"alt_text":"","src":"https:\/\/i0.wp.com\/noticiasribeiraopreto.com.br\/wp-content\/uploads\/2025\/08\/Copia-de-Copia-de-Copia-de-TAMANHO-EXATO-PARA-FOTOS-NO-SISTEMA-NOVO-2025-08-27T164631.343_2025-08-27_19-46-44.webp.webp?fit=1200%2C675&ssl=1&resize=350%2C200","width":350,"height":200,"srcset":"https:\/\/i0.wp.com\/noticiasribeiraopreto.com.br\/wp-content\/uploads\/2025\/08\/Copia-de-Copia-de-Copia-de-TAMANHO-EXATO-PARA-FOTOS-NO-SISTEMA-NOVO-2025-08-27T164631.343_2025-08-27_19-46-44.webp.webp?fit=1200%2C675&ssl=1&resize=350%2C200 1x, https:\/\/i0.wp.com\/noticiasribeiraopreto.com.br\/wp-content\/uploads\/2025\/08\/Copia-de-Copia-de-Copia-de-TAMANHO-EXATO-PARA-FOTOS-NO-SISTEMA-NOVO-2025-08-27T164631.343_2025-08-27_19-46-44.webp.webp?fit=1200%2C675&ssl=1&resize=525%2C300 1.5x, https:\/\/i0.wp.com\/noticiasribeiraopreto.com.br\/wp-content\/uploads\/2025\/08\/Copia-de-Copia-de-Copia-de-TAMANHO-EXATO-PARA-FOTOS-NO-SISTEMA-NOVO-2025-08-27T164631.343_2025-08-27_19-46-44.webp.webp?fit=1200%2C675&ssl=1&resize=700%2C400 2x, https:\/\/i0.wp.com\/noticiasribeiraopreto.com.br\/wp-content\/uploads\/2025\/08\/Copia-de-Copia-de-Copia-de-TAMANHO-EXATO-PARA-FOTOS-NO-SISTEMA-NOVO-2025-08-27T164631.343_2025-08-27_19-46-44.webp.webp?fit=1200%2C675&ssl=1&resize=1050%2C600 3x"},"classes":[]}],"jetpack_sharing_enabled":true,"jetpack_shortlink":"https:\/\/wp.me\/peQAOb-j0O","_links":{"self":[{"href":"https:\/\/noticiasribeiraopreto.com.br\/index.php\/wp-json\/wp\/v2\/posts\/73086","targetHints":{"allow":["GET"]}}],"collection":[{"href":"https:\/\/noticiasribeiraopreto.com.br\/index.php\/wp-json\/wp\/v2\/posts"}],"about":[{"href":"https:\/\/noticiasribeiraopreto.com.br\/index.php\/wp-json\/wp\/v2\/types\/post"}],"author":[{"embeddable":true,"href":"https:\/\/noticiasribeiraopreto.com.br\/index.php\/wp-json\/wp\/v2\/users\/1"}],"replies":[{"embeddable":true,"href":"https:\/\/noticiasribeiraopreto.com.br\/index.php\/wp-json\/wp\/v2\/comments?post=73086"}],"version-history":[{"count":0,"href":"https:\/\/noticiasribeiraopreto.com.br\/index.php\/wp-json\/wp\/v2\/posts\/73086\/revisions"}],"wp:featuredmedia":[{"embeddable":true,"href":"https:\/\/noticiasribeiraopreto.com.br\/index.php\/wp-json\/wp\/v2\/media\/73087"}],"wp:attachment":[{"href":"https:\/\/noticiasribeiraopreto.com.br\/index.php\/wp-json\/wp\/v2\/media?parent=73086"}],"wp:term":[{"taxonomy":"category","embeddable":true,"href":"https:\/\/noticiasribeiraopreto.com.br\/index.php\/wp-json\/wp\/v2\/categories?post=73086"},{"taxonomy":"post_tag","embeddable":true,"href":"https:\/\/noticiasribeiraopreto.com.br\/index.php\/wp-json\/wp\/v2\/tags?post=73086"}],"curies":[{"name":"wp","href":"https:\/\/api.w.org\/{rel}","templated":true}]}}