{"id":73088,"date":"2025-06-25T12:43:00","date_gmt":"2025-06-25T15:43:00","guid":{"rendered":"https:\/\/noticiasribeiraopreto.com.br\/index.php\/2025\/06\/25\/video-motociclista-fica-ferido-apos-acidente-com-caminhao-na-zona-norte\/"},"modified":"2025-06-25T12:43:00","modified_gmt":"2025-06-25T15:43:00","slug":"video-motociclista-fica-ferido-apos-acidente-com-caminhao-na-zona-norte","status":"publish","type":"post","link":"https:\/\/noticiasribeiraopreto.com.br\/index.php\/2025\/06\/25\/video-motociclista-fica-ferido-apos-acidente-com-caminhao-na-zona-norte\/","title":{"rendered":"V\u00cdDEO &#8211; Motociclista fica ferido ap\u00f3s acidente com caminh\u00e3o na zona Norte"},"content":{"rendered":"<div class='code-block code-block-1' style='margin: 8px 0 8px auto; text-align: right; display: block; clear: both;'>\n<p><a href=\"https:\/\/wa.link\/vpicfd\"><img data-recalc-dims=\"1\" class=\"wp-image-4922\" style=\"aspect-ratio: 2.0253164556962027; width: 561px; height: auto;\" src=\"https:\/\/i0.wp.com\/ismaelcolosi.com.br\/wp-content\/uploads\/2023\/11\/grupo-de-empregos-whatsapp-e-facebook-ismael-colosi-vagas.jpg?ssl=1\" alt=\"\" \/><\/a><\/p>\n<!-- \/wp:image -->\n<\/div>\n<p> <br \/>\n<\/p>\n<div id=\"\">\n<h2 class=\"penci-post-subtitle\">V\u00edtima foi parar debaixo do ve\u00edculo ap\u00f3s esbarrar em carro; c\u00e2mera registrou o momento da queda<\/h2>\n<p>\n\t\t\t\t\t\t\t\t\t<span class=\"entry-meta-item penci-posted-on\"><i class=\"fa fa-clock-o\"\/><time class=\"entry-date published\" datetime=\"2025-06-25T12:38:54-03:00\">25 de junho de 2025 12:38<\/time><time class=\"updated\" datetime=\"2025-06-25T12:41:16-03:00\">25 de junho de 2025 12:41<\/time><\/span><span class=\"entry-meta-item penci-post-countview\"><span class=\"entry-meta-item penci-post-countview penci_post-meta_item\"><i class=\"fa fa-eye\"\/><span class=\"penci-post-countview-number penci-post-countview-p429706\">8<\/span><\/span><\/span>\t\t\t\t\t\t\t\t<\/p>\n<p><!-- .entry-meta --><br \/>\n\t\t\t\t\t\t\t\t<span class=\"penci-social-buttons penci-social-share-footer\"><span class=\"penci-social-share-text\">Compartilhar<\/span><a href=\"#\" class=\"penci-post-like penci_post-meta_item  single-like-button penci-social-item like\" data-post_id=\"429706\" title=\"Like\" data-like=\"Like\" data-unlike=\"Unlike\"><i class=\"fa fa-thumbs-o-up\"\/><span class=\"penci-share-number\">2<\/span><\/a><i class=\"fa fa-facebook\"\/><a class=\"penci-social-item twitter\" target=\"_blank\" rel=\"noopener\" title=\"\" href=\"https:\/\/twitter.com\/intent\/tweet?text=V\u00cdDEO%20-%20Motociclista%20fica%20ferido%20ap\u00f3s%20acidente%20com%20caminh\u00e3o%20na%20zona%20Norte%20-%20https:\/\/www.tribunaribeirao.com.br\/video-motociclista-fica-ferido-apos-acidente-com-caminhao-na-zona-norte\/\"><i class=\"fa fa-twitter\"\/><\/a><i class=\"fa fa-linkedin\"\/><i class=\"fa fa-whatsapp\"\/><i class=\"fa fa-telegram\"\/><i class=\"fa fa-envelope\"\/><\/span>\t\t\t\t\t\t\t<\/div>\n<div>\n<p>Por: Adalberto Luque<\/p>\n<p>Um motociclista sofreu ferimentos ao se envolver em um acidente, na manh\u00e3 desta quarta-feira (25), na avenida Presidente Costa e Silva, no Tanquinho, zona Norte de Ribeir\u00e3o Preto. A colis\u00e3o envolveu um caminh\u00e3o e um autom\u00f3vel e foi registrada por c\u00e2meras de seguran\u00e7a instaladas nas proximidades.<\/p>\n<p>De acordo com informa\u00e7\u00f5es apuradas no local, o motociclista trafegava pela via quando, em determinado momento, um caminh\u00e3o realizava uma manobra para acessar o mesmo trecho. Durante a aproxima\u00e7\u00e3o, o condutor da moto acabou batendo contra a lateral traseira de um carro, provocando sua queda. Ele foi parar debaixo do caminh\u00e3o.<\/p>\n<figure id=\"attachment_429707\" aria-describedby=\"caption-attachment-429707\" style=\"width: 800px\" class=\"wp-caption alignnone\"><img data-recalc-dims=\"1\" loading=\"lazy\" decoding=\"async\" class=\"size-full wp-image-429707 lazyload\" src=\"https:\/\/i0.wp.com\/www.tribunaribeirao.com.br\/wp-content\/uploads\/2025\/06\/25-jun-2025-acidentemotoqueiro-scaled.jpg?resize=800%2C488&#038;ssl=1\" alt=\"\" width=\"800\" height=\"488\" srcset=\"https:\/\/www.tribunaribeirao.com.br\/wp-content\/uploads\/2025\/06\/25-jun-2025-acidentemotoqueiro-scaled.jpg 800w, https:\/\/www.tribunaribeirao.com.br\/wp-content\/uploads\/2025\/06\/25-jun-2025-acidentemotoqueiro-300x183.jpg 300w, https:\/\/www.tribunaribeirao.com.br\/wp-content\/uploads\/2025\/06\/25-jun-2025-acidentemotoqueiro-1024x625.jpg 1024w, https:\/\/www.tribunaribeirao.com.br\/wp-content\/uploads\/2025\/06\/25-jun-2025-acidentemotoqueiro-768x469.jpg 768w, https:\/\/www.tribunaribeirao.com.br\/wp-content\/uploads\/2025\/06\/25-jun-2025-acidentemotoqueiro-960x586.jpg 960w, https:\/\/www.tribunaribeirao.com.br\/wp-content\/uploads\/2025\/06\/25-jun-2025-acidentemotoqueiro-656x400.jpg 656w, https:\/\/www.tribunaribeirao.com.br\/wp-content\/uploads\/2025\/06\/25-jun-2025-acidentemotoqueiro-585x357.jpg 585w\" data-sizes=\"(max-width: 800px) 100vw, 800px\" style=\"--smush-placeholder-width: 800px; --smush-placeholder-aspect-ratio: 800\/488;\"\/><figcaption id=\"caption-attachment-429707\" class=\"wp-caption-text\">Apesar do susto, condutor da moto sofreu ferimentos leves (Foto: Reprodu\u00e7\u00e3o)<\/figcaption><\/figure>\n<p>O motorista do caminh\u00e3o percebeu a movimenta\u00e7\u00e3o e conseguiu parar o ve\u00edculo a tempo, evitando que o condutor da moto fosse atropelado. As imagens das c\u00e2meras de monitoramento mostram o instante da queda.<\/p>\n<p>O motociclista foi socorrido por uma equipe de resgate e encaminhado a um hospital da cidade. Ele teve apenas escoria\u00e7\u00f5es e n\u00e3o corre risco de morte.<\/p>\n<p>A ocorr\u00eancia foi registrada na Central de Pol\u00edcia Judici\u00e1ria (CPJ), no Centro de Ribeir\u00e3o Preto. A Pol\u00edcia Civil vai apurar as responsabilidades do acidente.<\/p>\n<p>\u00a0<\/p>\n<p>_____<\/p>\n<p>\u00a0<\/p>\n<p>Jornal Tribuna Ribeir\u00e3o<br \/>Um Jornal com a cara de Ribeir\u00e3o!<\/p>\n<p>Impresso | WEB | Redes sociais<br \/>Tribuna Ribeir\u00e3o \u2013 Fone: (16) 3632-2200 \u2013 Whatsapp: (16) 98161-8743<br \/>Av. Bar\u00e3o do Bananal, 880 \u2013 Jardim Anhanguera, Ribeir\u00e3o Preto<\/p>\n<p>@tribunaribeirao<br \/>@meiaderibeirao<br \/>@dinoderibeirao<br \/>#TribunaRibeir\u00e3o<br \/>#News<br \/>#Not\u00edcia<br \/>#Ribeir\u00e3oPreto #Not\u00edciasDeRibeir\u00e3oPreto<br \/>#ClassificadosTribunaRibeir\u00e3o<br \/>#Jornalismo<br \/>#ClassificadosRibeir\u00e3o<\/p>\n<\/div>\n<p><script async src=\"\/\/platform.twitter.com\/widgets.js\" charset=\"utf-8\"><\/script><br \/>\n<br \/><br \/>\n<br \/><a href=\"https:\/\/www.tribunaribeirao.com.br\/video-motociclista-fica-ferido-apos-acidente-com-caminhao-na-zona-norte\/\">Source link <\/a><\/p>\n<!-- CONTENT END 1 -->\n","protected":false},"excerpt":{"rendered":"<p>V\u00edtima foi parar debaixo do ve\u00edculo ap\u00f3s esbarrar em carro; c\u00e2mera registrou o momento da queda 25 de junho de 2025 12:3825 de junho de&#8230;<\/p>\n","protected":false},"author":1,"featured_media":73089,"comment_status":"open","ping_status":"open","sticky":false,"template":"","format":"standard","meta":{"advanced_seo_description":"","jetpack_seo_html_title":"","jetpack_seo_noindex":false,"jetpack_post_was_ever_published":false,"_jetpack_newsletter_access":"","_jetpack_dont_email_post_to_subs":false,"_jetpack_newsletter_tier_id":0,"_jetpack_memberships_contains_paywalled_content":false,"_jetpack_memberships_contains_paid_content":false,"footnotes":"","jetpack_publicize_message":"","jetpack_publicize_feature_enabled":true,"jetpack_social_post_already_shared":true,"jetpack_social_options":{"image_generator_settings":{"template":"highway","default_image_id":0,"font":"","enabled":false},"version":2}},"categories":[11],"tags":[],"class_list":["post-73088","post","type-post","status-publish","format-standard","has-post-thumbnail","hentry","category-noticias-de-ribeirao-preto-sp-e-regiao-ismael-colosi"],"jetpack_publicize_connections":[],"jetpack_featured_media_url":"https:\/\/i0.wp.com\/noticiasribeiraopreto.com.br\/wp-content\/uploads\/2025\/06\/25-jun-2025-acidentemotoqueiro-scaled.jpg?fit=800%2C488&ssl=1","jetpack-related-posts":[{"id":71988,"url":"https:\/\/noticiasribeiraopreto.com.br\/index.php\/2025\/06\/12\/video-van-capota-apos-acidente-no-centro\/","url_meta":{"origin":73088,"position":0},"title":"V\u00cdDEO &#8211; Van capota ap\u00f3s acidente no Centro","author":"noticiasribeiraopreto.com.br","date":"12 de June de 2025","format":false,"excerpt":"Um dos envolvidos n\u00e3o teria respeitado o sinal de parada em cruzamento 12 de junho de 2025 09:1812 de junho de 2025 09:348 Compartilhar0 Por: Adalberto Luque Um acidente envolvendo uma van e um ve\u00edculo causou interdi\u00e7\u00e3o parcial de uma rua, na manh\u00e3 desta quinta-feira (12). A colis\u00e3o ocorreu no\u2026","rel":"","context":"In &quot;Not\u00edcias de Ribeir\u00e3o Preto-SP e Regi\u00e3o&quot;","block_context":{"text":"Not\u00edcias de Ribeir\u00e3o Preto-SP e Regi\u00e3o","link":"https:\/\/noticiasribeiraopreto.com.br\/index.php\/category\/noticias-de-ribeirao-preto-sp-e-regiao-ismael-colosi\/"},"img":{"alt_text":"","src":"https:\/\/i0.wp.com\/noticiasribeiraopreto.com.br\/wp-content\/uploads\/2025\/06\/12-jun-2025-acidentecentro3-scaled.jpg?fit=800%2C449&ssl=1&resize=350%2C200","width":350,"height":200,"srcset":"https:\/\/i0.wp.com\/noticiasribeiraopreto.com.br\/wp-content\/uploads\/2025\/06\/12-jun-2025-acidentecentro3-scaled.jpg?fit=800%2C449&ssl=1&resize=350%2C200 1x, https:\/\/i0.wp.com\/noticiasribeiraopreto.com.br\/wp-content\/uploads\/2025\/06\/12-jun-2025-acidentecentro3-scaled.jpg?fit=800%2C449&ssl=1&resize=525%2C300 1.5x, https:\/\/i0.wp.com\/noticiasribeiraopreto.com.br\/wp-content\/uploads\/2025\/06\/12-jun-2025-acidentecentro3-scaled.jpg?fit=800%2C449&ssl=1&resize=700%2C400 2x"},"classes":[]},{"id":52389,"url":"https:\/\/noticiasribeiraopreto.com.br\/index.php\/2024\/06\/06\/flamengo-empata-serie-com-franca-apos-vencer-no-segundo-jogo-das-finais-do-nbb\/","url_meta":{"origin":73088,"position":1},"title":"Flamengo empata s\u00e9rie com Franca ap\u00f3s vencer no segundo jogo das finais do NBB","author":"noticiasribeiraopreto.com.br","date":"6 de June de 2024","format":false,"excerpt":"O Franca Basquete perdeu por 76 a 68 para Flamengo, no segundo confronto pelas finais do NBB (Novo Basquete Brasil), em disputa realizada nesta quinta-feira (06), no Pedroc\u00e3o, na regi\u00e3o de Ribeir\u00e3o Preto. Com o resultado, o Flamengo igualou a s\u00e9rie melhor de cinco em 1 a 1, j\u00e1 que\u2026","rel":"","context":"In &quot;Not\u00edcias de Ribeir\u00e3o Preto-SP e Regi\u00e3o&quot;","block_context":{"text":"Not\u00edcias de Ribeir\u00e3o Preto-SP e Regi\u00e3o","link":"https:\/\/noticiasribeiraopreto.com.br\/index.php\/category\/noticias-de-ribeirao-preto-sp-e-regiao-ismael-colosi\/"},"img":{"alt_text":"","src":"https:\/\/i0.wp.com\/noticiasribeiraopreto.com.br\/wp-content\/uploads\/2024\/06\/53774320696_14451e0f47_o_2024-06-07_00-15-13_jpg_2024-06-07_00-15-16-scaled.webp.webp?fit=1200%2C800&ssl=1&resize=350%2C200","width":350,"height":200,"srcset":"https:\/\/i0.wp.com\/noticiasribeiraopreto.com.br\/wp-content\/uploads\/2024\/06\/53774320696_14451e0f47_o_2024-06-07_00-15-13_jpg_2024-06-07_00-15-16-scaled.webp.webp?fit=1200%2C800&ssl=1&resize=350%2C200 1x, https:\/\/i0.wp.com\/noticiasribeiraopreto.com.br\/wp-content\/uploads\/2024\/06\/53774320696_14451e0f47_o_2024-06-07_00-15-13_jpg_2024-06-07_00-15-16-scaled.webp.webp?fit=1200%2C800&ssl=1&resize=525%2C300 1.5x, https:\/\/i0.wp.com\/noticiasribeiraopreto.com.br\/wp-content\/uploads\/2024\/06\/53774320696_14451e0f47_o_2024-06-07_00-15-13_jpg_2024-06-07_00-15-16-scaled.webp.webp?fit=1200%2C800&ssl=1&resize=700%2C400 2x, https:\/\/i0.wp.com\/noticiasribeiraopreto.com.br\/wp-content\/uploads\/2024\/06\/53774320696_14451e0f47_o_2024-06-07_00-15-13_jpg_2024-06-07_00-15-16-scaled.webp.webp?fit=1200%2C800&ssl=1&resize=1050%2C600 3x"},"classes":[]},{"id":52916,"url":"https:\/\/noticiasribeiraopreto.com.br\/index.php\/2024\/06\/13\/franca-basquete-e-tricampeao-do-nbb-apos-vencer-o-flamengo\/","url_meta":{"origin":73088,"position":2},"title":"Franca Basquete \u00e9 tricampe\u00e3o do NBB ap\u00f3s vencer o Flamengo","author":"noticiasribeiraopreto.com.br","date":"13 de June de 2024","format":false,"excerpt":"O Franca Basquete venceu o Flamengo por dez pontos de diferen\u00e7a e conquistou o tricampeonato do NBB (Novo Basquete Brasil). Em partida realizada, na noite desta quinta-feira (13), no Maracan\u00e3zinho, no Rio de Janeiro, a equipe da regi\u00e3o de Ribeir\u00e3o Preto marcou 69 pontos contra 59 do time carioca. O\u2026","rel":"","context":"In &quot;Not\u00edcias de Ribeir\u00e3o Preto-SP e Regi\u00e3o&quot;","block_context":{"text":"Not\u00edcias de Ribeir\u00e3o Preto-SP e Regi\u00e3o","link":"https:\/\/noticiasribeiraopreto.com.br\/index.php\/category\/noticias-de-ribeirao-preto-sp-e-regiao-ismael-colosi\/"},"img":{"alt_text":"","src":"https:\/\/i0.wp.com\/noticiasribeiraopreto.com.br\/wp-content\/uploads\/2024\/06\/Copia-de-Copia-de-TAMANHO-EXATO-PARA-FOTOS-NO-SISTEMA-NOVO-3_2024-06-13_23-25-12_jpg_2024-06-13_23-25-13.webp.webp?fit=1200%2C675&ssl=1&resize=350%2C200","width":350,"height":200,"srcset":"https:\/\/i0.wp.com\/noticiasribeiraopreto.com.br\/wp-content\/uploads\/2024\/06\/Copia-de-Copia-de-TAMANHO-EXATO-PARA-FOTOS-NO-SISTEMA-NOVO-3_2024-06-13_23-25-12_jpg_2024-06-13_23-25-13.webp.webp?fit=1200%2C675&ssl=1&resize=350%2C200 1x, https:\/\/i0.wp.com\/noticiasribeiraopreto.com.br\/wp-content\/uploads\/2024\/06\/Copia-de-Copia-de-TAMANHO-EXATO-PARA-FOTOS-NO-SISTEMA-NOVO-3_2024-06-13_23-25-12_jpg_2024-06-13_23-25-13.webp.webp?fit=1200%2C675&ssl=1&resize=525%2C300 1.5x, https:\/\/i0.wp.com\/noticiasribeiraopreto.com.br\/wp-content\/uploads\/2024\/06\/Copia-de-Copia-de-TAMANHO-EXATO-PARA-FOTOS-NO-SISTEMA-NOVO-3_2024-06-13_23-25-12_jpg_2024-06-13_23-25-13.webp.webp?fit=1200%2C675&ssl=1&resize=700%2C400 2x, https:\/\/i0.wp.com\/noticiasribeiraopreto.com.br\/wp-content\/uploads\/2024\/06\/Copia-de-Copia-de-TAMANHO-EXATO-PARA-FOTOS-NO-SISTEMA-NOVO-3_2024-06-13_23-25-12_jpg_2024-06-13_23-25-13.webp.webp?fit=1200%2C675&ssl=1&resize=1050%2C600 3x"},"classes":[]},{"id":72105,"url":"https:\/\/noticiasribeiraopreto.com.br\/index.php\/2025\/06\/13\/video-ricardo-silva-volta-ao-brasil-apos-bloqueio-do-espaco-aereo-de-israel\/","url_meta":{"origin":73088,"position":3},"title":"V\u00eddeo: Ricardo Silva volta ao Brasil ap\u00f3s bloqueio do espa\u00e7o a\u00e9reo de Israel","author":"noticiasribeiraopreto.com.br","date":"13 de June de 2025","format":false,"excerpt":"13 de junho de 2025 10:177 Compartilhar0 O prefeito Ricardo Silva, que estava a caminho de Israel, vai precisar voltar para Ribeir\u00e3o Preto, ap\u00f3s o bloqueio do espa\u00e7o a\u00e9reo israelense. Ricardo partiu \u00e0 Israel nesta quinta-feira (12). O prefeito foi convidado pelo consulado-geral de Israel em S\u00e3o Paulo, representado por\u2026","rel":"","context":"In &quot;Not\u00edcias de Ribeir\u00e3o Preto-SP e Regi\u00e3o&quot;","block_context":{"text":"Not\u00edcias de Ribeir\u00e3o Preto-SP e Regi\u00e3o","link":"https:\/\/noticiasribeiraopreto.com.br\/index.php\/category\/noticias-de-ribeirao-preto-sp-e-regiao-ismael-colosi\/"},"img":{"alt_text":"","src":"https:\/\/i0.wp.com\/noticiasribeiraopreto.com.br\/wp-content\/uploads\/2025\/06\/ricardo-scaled.jpeg?fit=800%2C434&ssl=1&resize=350%2C200","width":350,"height":200,"srcset":"https:\/\/i0.wp.com\/noticiasribeiraopreto.com.br\/wp-content\/uploads\/2025\/06\/ricardo-scaled.jpeg?fit=800%2C434&ssl=1&resize=350%2C200 1x, https:\/\/i0.wp.com\/noticiasribeiraopreto.com.br\/wp-content\/uploads\/2025\/06\/ricardo-scaled.jpeg?fit=800%2C434&ssl=1&resize=525%2C300 1.5x, https:\/\/i0.wp.com\/noticiasribeiraopreto.com.br\/wp-content\/uploads\/2025\/06\/ricardo-scaled.jpeg?fit=800%2C434&ssl=1&resize=700%2C400 2x"},"classes":[]},{"id":71264,"url":"https:\/\/noticiasribeiraopreto.com.br\/index.php\/2025\/06\/04\/confessionario-tribuna-ribeirao-24\/","url_meta":{"origin":73088,"position":4},"title":"Confession\u00e1rio &#8211; Tribuna Ribeir\u00e3o","author":"noticiasribeiraopreto.com.br","date":"4 de June de 2025","format":false,"excerpt":"4 de junho de 2025 12:334 de junho de 2025 12:342 Compartilhar0 Tucanos decidem fus\u00e3o com Podemos Parlamentares, delegados estaduais e membros do diret\u00f3rio nacional do PSDB v\u00e3o decidir em Conven\u00e7\u00e3o nacional em Bras\u00edlia nesta quinta-feira, 5, a fus\u00e3o da sigla com o Podemos. Atualmente o PSDB tem tr\u00eas senadores\u2026","rel":"","context":"In &quot;Not\u00edcias de Ribeir\u00e3o Preto-SP e Regi\u00e3o&quot;","block_context":{"text":"Not\u00edcias de Ribeir\u00e3o Preto-SP e Regi\u00e3o","link":"https:\/\/noticiasribeiraopreto.com.br\/index.php\/category\/noticias-de-ribeirao-preto-sp-e-regiao-ismael-colosi\/"},"img":{"alt_text":"","src":"https:\/\/i0.wp.com\/noticiasribeiraopreto.com.br\/wp-content\/uploads\/2025\/06\/podemos.jpg?fit=906%2C509&ssl=1&resize=350%2C200","width":350,"height":200,"srcset":"https:\/\/i0.wp.com\/noticiasribeiraopreto.com.br\/wp-content\/uploads\/2025\/06\/podemos.jpg?fit=906%2C509&ssl=1&resize=350%2C200 1x, https:\/\/i0.wp.com\/noticiasribeiraopreto.com.br\/wp-content\/uploads\/2025\/06\/podemos.jpg?fit=906%2C509&ssl=1&resize=525%2C300 1.5x, https:\/\/i0.wp.com\/noticiasribeiraopreto.com.br\/wp-content\/uploads\/2025\/06\/podemos.jpg?fit=906%2C509&ssl=1&resize=700%2C400 2x"},"classes":[]},{"id":84174,"url":"https:\/\/noticiasribeiraopreto.com.br\/index.php\/2026\/04\/03\/fifa-altera-horario-da-segunda-partida-do-brasil\/","url_meta":{"origin":73088,"position":5},"title":"Fifa altera hor\u00e1rio da segunda partida do Brasil","author":"noticiasribeiraopreto.com.br","date":"3 de April de 2026","format":false,"excerpt":"A Fifa alterou o hor\u00e1rio da segunda partida do Brasil na Copa do Mundo, que ser\u00e1 disputada no M\u00e9xico, no Canad\u00e1 e nos Estados Unidos. O confronto da sele\u00e7\u00e3o com o Haiti, que estava marcado para as 22h (hor\u00e1rio de Bras\u00edlia) do dia 19 de junho no Lincoln Financial Field,\u2026","rel":"","context":"In &quot;Not\u00edcias de Ribeir\u00e3o Preto-SP e Regi\u00e3o&quot;","block_context":{"text":"Not\u00edcias de Ribeir\u00e3o Preto-SP e Regi\u00e3o","link":"https:\/\/noticiasribeiraopreto.com.br\/index.php\/category\/noticias-de-ribeirao-preto-sp-e-regiao-ismael-colosi\/"},"img":{"alt_text":"","src":"https:\/\/i0.wp.com\/noticiasribeiraopreto.com.br\/wp-content\/uploads\/2026\/04\/2026-04-01t010855z_692319970_mt1usatoday28630983_rtrmadp_3_soccer-international-mens-friendly-croatia-at-brazil.jpg?fit=1170%2C700&ssl=1&resize=350%2C200","width":350,"height":200,"srcset":"https:\/\/i0.wp.com\/noticiasribeiraopreto.com.br\/wp-content\/uploads\/2026\/04\/2026-04-01t010855z_692319970_mt1usatoday28630983_rtrmadp_3_soccer-international-mens-friendly-croatia-at-brazil.jpg?fit=1170%2C700&ssl=1&resize=350%2C200 1x, https:\/\/i0.wp.com\/noticiasribeiraopreto.com.br\/wp-content\/uploads\/2026\/04\/2026-04-01t010855z_692319970_mt1usatoday28630983_rtrmadp_3_soccer-international-mens-friendly-croatia-at-brazil.jpg?fit=1170%2C700&ssl=1&resize=525%2C300 1.5x, https:\/\/i0.wp.com\/noticiasribeiraopreto.com.br\/wp-content\/uploads\/2026\/04\/2026-04-01t010855z_692319970_mt1usatoday28630983_rtrmadp_3_soccer-international-mens-friendly-croatia-at-brazil.jpg?fit=1170%2C700&ssl=1&resize=700%2C400 2x, https:\/\/i0.wp.com\/noticiasribeiraopreto.com.br\/wp-content\/uploads\/2026\/04\/2026-04-01t010855z_692319970_mt1usatoday28630983_rtrmadp_3_soccer-international-mens-friendly-croatia-at-brazil.jpg?fit=1170%2C700&ssl=1&resize=1050%2C600 3x"},"classes":[]}],"jetpack_sharing_enabled":true,"jetpack_shortlink":"https:\/\/wp.me\/peQAOb-j0Q","_links":{"self":[{"href":"https:\/\/noticiasribeiraopreto.com.br\/index.php\/wp-json\/wp\/v2\/posts\/73088","targetHints":{"allow":["GET"]}}],"collection":[{"href":"https:\/\/noticiasribeiraopreto.com.br\/index.php\/wp-json\/wp\/v2\/posts"}],"about":[{"href":"https:\/\/noticiasribeiraopreto.com.br\/index.php\/wp-json\/wp\/v2\/types\/post"}],"author":[{"embeddable":true,"href":"https:\/\/noticiasribeiraopreto.com.br\/index.php\/wp-json\/wp\/v2\/users\/1"}],"replies":[{"embeddable":true,"href":"https:\/\/noticiasribeiraopreto.com.br\/index.php\/wp-json\/wp\/v2\/comments?post=73088"}],"version-history":[{"count":0,"href":"https:\/\/noticiasribeiraopreto.com.br\/index.php\/wp-json\/wp\/v2\/posts\/73088\/revisions"}],"wp:featuredmedia":[{"embeddable":true,"href":"https:\/\/noticiasribeiraopreto.com.br\/index.php\/wp-json\/wp\/v2\/media\/73089"}],"wp:attachment":[{"href":"https:\/\/noticiasribeiraopreto.com.br\/index.php\/wp-json\/wp\/v2\/media?parent=73088"}],"wp:term":[{"taxonomy":"category","embeddable":true,"href":"https:\/\/noticiasribeiraopreto.com.br\/index.php\/wp-json\/wp\/v2\/categories?post=73088"},{"taxonomy":"post_tag","embeddable":true,"href":"https:\/\/noticiasribeiraopreto.com.br\/index.php\/wp-json\/wp\/v2\/tags?post=73088"}],"curies":[{"name":"wp","href":"https:\/\/api.w.org\/{rel}","templated":true}]}}