{"id":73090,"date":"2025-06-25T12:49:58","date_gmt":"2025-06-25T15:49:58","guid":{"rendered":"https:\/\/noticiasribeiraopreto.com.br\/index.php\/2025\/06\/25\/temperatura-despenca-a-4oc-em-rp\/"},"modified":"2025-06-25T12:49:58","modified_gmt":"2025-06-25T15:49:58","slug":"temperatura-despenca-a-4oc-em-rp","status":"publish","type":"post","link":"https:\/\/noticiasribeiraopreto.com.br\/index.php\/2025\/06\/25\/temperatura-despenca-a-4oc-em-rp\/","title":{"rendered":"Temperatura despenca a 4\u00baC em RP"},"content":{"rendered":"<div class='code-block code-block-1' style='margin: 8px 0 8px auto; text-align: right; display: block; clear: both;'>\n<p><a href=\"https:\/\/wa.link\/vpicfd\"><img data-recalc-dims=\"1\" class=\"wp-image-4922\" style=\"aspect-ratio: 2.0253164556962027; width: 561px; height: auto;\" src=\"https:\/\/i0.wp.com\/ismaelcolosi.com.br\/wp-content\/uploads\/2023\/11\/grupo-de-empregos-whatsapp-e-facebook-ismael-colosi-vagas.jpg?ssl=1\" alt=\"\" \/><\/a><\/p>\n<!-- \/wp:image -->\n<\/div>\n<p> <br \/>\n<\/p>\n<div id=\"\">\n<p>\n\t\t\t\t\t\t\t\t\t<span class=\"entry-meta-item penci-posted-on\"><i class=\"fa fa-clock-o\"\/><time class=\"entry-date published updated\" datetime=\"2025-06-25T12:44:47-03:00\">25 de junho de 2025 12:44<\/time><\/span><span class=\"entry-meta-item penci-post-countview\"><span class=\"entry-meta-item penci-post-countview penci_post-meta_item\"><i class=\"fa fa-eye\"\/><span class=\"penci-post-countview-number penci-post-countview-p429710\">2<\/span><\/span><\/span>\t\t\t\t\t\t\t\t<\/p>\n<p><!-- .entry-meta --><br \/>\n\t\t\t\t\t\t\t\t<span class=\"penci-social-buttons penci-social-share-footer\"><span class=\"penci-social-share-text\">Compartilhar<\/span><a href=\"#\" class=\"penci-post-like penci_post-meta_item  single-like-button penci-social-item like\" data-post_id=\"429710\" title=\"Like\" data-like=\"Like\" data-unlike=\"Unlike\"><i class=\"fa fa-thumbs-o-up\"\/><span class=\"penci-share-number\">0<\/span><\/a><i class=\"fa fa-facebook\"\/><a class=\"penci-social-item twitter\" target=\"_blank\" rel=\"noopener\" title=\"\" href=\"https:\/\/twitter.com\/intent\/tweet?text=Temperatura%20despenca%20a%204\u00baC%20em%20RP%20-%20https:\/\/www.tribunaribeirao.com.br\/temperatura-despenca-a-4oc-em-rp\/\"><i class=\"fa fa-twitter\"\/><\/a><i class=\"fa fa-linkedin\"\/><i class=\"fa fa-whatsapp\"\/><i class=\"fa fa-telegram\"\/><i class=\"fa fa-envelope\"\/><\/span>\t\t\t\t\t\t\t<\/div>\n<div>\n<p>Ribeir\u00e3o Preto amanheceu gelada. Nesta quarta-feira, 25 de junho, os term\u00f4metros marcaram 4 graus Celsius \u00e0s seis horas, segundo a Climatempo, mas com sensa\u00e7\u00e3o t\u00e9rmica de 2\u00baC, de acordo com a medi\u00e7\u00e3o nos celulares dos ribeir\u00e3o-pretanos. Teve geada na \u00e1rea rural e em v\u00e1rias cidades da regi\u00e3o, como Batatais, Jaboticabal, Santa Rosa de Viterbo e Santo Ant\u00f4nio da Alegria, entre outras.<\/p>\n<p>\u00c9 a temperatura mais baixa do ano at\u00e9 agora uma das menores j\u00e1 registradas na cidade. O recorde anterior pertencia a 20 de maio de 2022, quando a esta\u00e7\u00e3o da Rede de Meteorologia do Comando da Aeron\u00e1utica (Redemet), no Aeroporto Estadual Doutor Leite Lopes, na Zona Norte, registrou 5\u00baC \u00e0s seis horas.<\/p>\n<p>Nesta quarta-feira estava t\u00e3o frio que o rep\u00f3rter fotogr\u00e1fico Alfredo Risk captou imagens impressionantes no lago do Clube de Regatas, \u00e0s margens do Rio Pardo e da Rodovia C\u00e2ndido Portinari (SP-334), na Zona Leste: o choque de temperatura gerou uma cortina de fuma\u00e7a, um nevoeiro que escondeu a \u00e1gua, cen\u00e1rio t\u00edpico das serras ga\u00facha e catarinense.<\/p>\n<p>O morador de Ribeir\u00e3o Preto j\u00e1 tirou cobertor e edredom, agasalho, cachecol, gorro, luva e meia de l\u00e3 do arm\u00e1rio. A Defesa Civil Estadual e Instituto Nacional de Meteorologia (Inmet) emitiram alerta laranja de queda dr\u00e1stica de temperatura para a regi\u00e3o.<\/p>\n<p>Nesta quarta-feira estava 21\u00baC graus abaixo da m\u00e9dia de junho, que \u00e9 de 27 graus. At\u00e9 ent\u00e3o, Ribeir\u00e3o Preto havia registrado a menor temperatura do ano entre a madrugada e a manh\u00e3 de 30 de maio. Chegou a 7 graus Celsius naquele dia, mas o recorde de 2025 caiu ontem.<\/p>\n<p>Apesar da friaca dos \u00faltimos dias, o clima deve \u201cesquentar \u201ca partir desta quinta-feira (26), com c\u00e9u azul, sol e amplitude t\u00e9rmica, com as temperaturas variando de 15 graus Celsius a 28\u00baC at\u00e9 domingo (29). As madrugadas e manh\u00e3s ribeir\u00e3o-pretanas ser\u00e3o mais frias, mas as tardes devem ser mais quentes.<\/p>\n<p>O inverno teve in\u00edcio \u00e0s 23h42 de sexta-feira (20) e vai at\u00e9 22 de setembro, quando chega a primavera. O cen\u00e1rio pode mudar de uma hora para outra, de acordo com as informa\u00e7\u00f5es que chegam via sat\u00e9lite. A temperatura m\u00ednima deve variar de 15\u00baC a 16\u00baC a partir desta quinta-feira. A m\u00e1xima vai oscilar de 27\u00baC hoje a 28 graus nos restante da semana. A temperatura m\u00e1xima prevista est\u00e1 bem abaixo do teto de 36\u00baC do in\u00edcio de mar\u00e7o. Segundo dados da Climatempo, a m\u00e9dia de chuva para junho era de 28 mm, mas j\u00e1 chegou a 58 mm, 107% acima.<\/p>\n<p>\u00a0<\/p>\n<\/div>\n<p><script async src=\"\/\/platform.twitter.com\/widgets.js\" charset=\"utf-8\"><\/script><br \/>\n<br \/><br \/>\n<br \/><a href=\"https:\/\/www.tribunaribeirao.com.br\/temperatura-despenca-a-4oc-em-rp\/\">Source link <\/a><\/p>\n<!-- CONTENT END 1 -->\n","protected":false},"excerpt":{"rendered":"<p>25 de junho de 2025 12:442 Compartilhar0 Ribeir\u00e3o Preto amanheceu gelada. Nesta quarta-feira, 25 de junho, os term\u00f4metros marcaram 4 graus Celsius \u00e0s seis horas,&#8230;<\/p>\n","protected":false},"author":1,"featured_media":73091,"comment_status":"open","ping_status":"open","sticky":false,"template":"","format":"standard","meta":{"advanced_seo_description":"","jetpack_seo_html_title":"","jetpack_seo_noindex":false,"jetpack_post_was_ever_published":false,"_jetpack_newsletter_access":"","_jetpack_dont_email_post_to_subs":false,"_jetpack_newsletter_tier_id":0,"_jetpack_memberships_contains_paywalled_content":false,"_jetpack_memberships_contains_paid_content":false,"footnotes":"","jetpack_publicize_message":"","jetpack_publicize_feature_enabled":true,"jetpack_social_post_already_shared":true,"jetpack_social_options":{"image_generator_settings":{"template":"highway","default_image_id":0,"font":"","enabled":false},"version":2}},"categories":[11],"tags":[],"class_list":["post-73090","post","type-post","status-publish","format-standard","has-post-thumbnail","hentry","category-noticias-de-ribeirao-preto-sp-e-regiao-ismael-colosi"],"jetpack_publicize_connections":[],"jetpack_featured_media_url":"https:\/\/i0.wp.com\/noticiasribeiraopreto.com.br\/wp-content\/uploads\/2025\/06\/frio-scaled.jpeg?fit=750%2C500&ssl=1","jetpack-related-posts":[{"id":73155,"url":"https:\/\/noticiasribeiraopreto.com.br\/index.php\/2025\/06\/26\/temperatura-despenca-para-4-graus\/","url_meta":{"origin":73090,"position":0},"title":"Temperatura despenca para 4 graus","author":"noticiasribeiraopreto.com.br","date":"26 de June de 2025","format":false,"excerpt":"Ribeir\u00e3o Preto amanheceu gelada. Nesta quarta-feira, 25 de junho, os term\u00f4metros marcaram 4 graus Celsius \u00e0s seis horas, segundo a Climatempo, mas com sensa\u00e7\u00e3o t\u00e9rmica de 2\u00baC, de acordo com a medi\u00e7\u00e3o nos celulares dos ribeir\u00e3o-pretanos. Teve geada na \u00e1rea rural e em v\u00e1rias cidades da regi\u00e3o, como Batatais, Jaboticabal,\u2026","rel":"","context":"In &quot;Not\u00edcias de Ribeir\u00e3o Preto-SP e Regi\u00e3o&quot;","block_context":{"text":"Not\u00edcias de Ribeir\u00e3o Preto-SP e Regi\u00e3o","link":"https:\/\/noticiasribeiraopreto.com.br\/index.php\/category\/noticias-de-ribeirao-preto-sp-e-regiao-ismael-colosi\/"},"img":{"alt_text":"","src":"https:\/\/i0.wp.com\/noticiasribeiraopreto.com.br\/wp-content\/uploads\/2025\/06\/ChuvaRP-Pon-Alfredo-Risk-scaled.jpg?fit=1200%2C800&ssl=1&resize=350%2C200","width":350,"height":200,"srcset":"https:\/\/i0.wp.com\/noticiasribeiraopreto.com.br\/wp-content\/uploads\/2025\/06\/ChuvaRP-Pon-Alfredo-Risk-scaled.jpg?fit=1200%2C800&ssl=1&resize=350%2C200 1x, https:\/\/i0.wp.com\/noticiasribeiraopreto.com.br\/wp-content\/uploads\/2025\/06\/ChuvaRP-Pon-Alfredo-Risk-scaled.jpg?fit=1200%2C800&ssl=1&resize=525%2C300 1.5x, https:\/\/i0.wp.com\/noticiasribeiraopreto.com.br\/wp-content\/uploads\/2025\/06\/ChuvaRP-Pon-Alfredo-Risk-scaled.jpg?fit=1200%2C800&ssl=1&resize=700%2C400 2x, https:\/\/i0.wp.com\/noticiasribeiraopreto.com.br\/wp-content\/uploads\/2025\/06\/ChuvaRP-Pon-Alfredo-Risk-scaled.jpg?fit=1200%2C800&ssl=1&resize=1050%2C600 3x"},"classes":[]},{"id":73435,"url":"https:\/\/noticiasribeiraopreto.com.br\/index.php\/2025\/07\/02\/frio-extremo-no-estado-de-sp-confira-a-previsao-nos-proximos-dias\/","url_meta":{"origin":73090,"position":1},"title":"Frio extremo no estado de SP? Confira a previs\u00e3o nos pr\u00f3ximos dias","author":"noticiasribeiraopreto.com.br","date":"2 de July de 2025","format":false,"excerpt":"A quarta onda de frio de 2025 e a segunda do inverno teve in\u00edcio oficialmente no dia 20 de junho e tem previs\u00e3o de se estender at\u00e9 esta sexta-feira (4). Segundo a Climatempo, a entrada da massa de ar polar com mais for\u00e7a pelo continente est\u00e1 prevista em \u00e1reas no\u2026","rel":"","context":"In &quot;Not\u00edcias de Ribeir\u00e3o Preto-SP e Regi\u00e3o&quot;","block_context":{"text":"Not\u00edcias de Ribeir\u00e3o Preto-SP e Regi\u00e3o","link":"https:\/\/noticiasribeiraopreto.com.br\/index.php\/category\/noticias-de-ribeirao-preto-sp-e-regiao-ismael-colosi\/"},"img":{"alt_text":"","src":"https:\/\/i0.wp.com\/noticiasribeiraopreto.com.br\/wp-content\/uploads\/2025\/07\/AnyConv.com__onda-de-frio_2024-07-05_16-31-44.webp.webp?fit=1200%2C800&ssl=1&resize=350%2C200","width":350,"height":200,"srcset":"https:\/\/i0.wp.com\/noticiasribeiraopreto.com.br\/wp-content\/uploads\/2025\/07\/AnyConv.com__onda-de-frio_2024-07-05_16-31-44.webp.webp?fit=1200%2C800&ssl=1&resize=350%2C200 1x, https:\/\/i0.wp.com\/noticiasribeiraopreto.com.br\/wp-content\/uploads\/2025\/07\/AnyConv.com__onda-de-frio_2024-07-05_16-31-44.webp.webp?fit=1200%2C800&ssl=1&resize=525%2C300 1.5x, https:\/\/i0.wp.com\/noticiasribeiraopreto.com.br\/wp-content\/uploads\/2025\/07\/AnyConv.com__onda-de-frio_2024-07-05_16-31-44.webp.webp?fit=1200%2C800&ssl=1&resize=700%2C400 2x, https:\/\/i0.wp.com\/noticiasribeiraopreto.com.br\/wp-content\/uploads\/2025\/07\/AnyConv.com__onda-de-frio_2024-07-05_16-31-44.webp.webp?fit=1200%2C800&ssl=1&resize=1050%2C600 3x"},"classes":[]},{"id":51887,"url":"https:\/\/noticiasribeiraopreto.com.br\/index.php\/2024\/05\/31\/o-frio-vai-acabar-veja-a-previsao-para-o-mes-de-junho-no-interior-de-sp\/","url_meta":{"origin":73090,"position":2},"title":"O frio vai acabar? Veja a previs\u00e3o para o m\u00eas de junho no interior de SP","author":"noticiasribeiraopreto.com.br","date":"31 de May de 2024","format":false,"excerpt":"A onda de frio que atingiu o interior do estado de S\u00e3o Paulo no dia 28 de maio terminou nesta quinta-feira (30), no entanto, as manh\u00e3s dos pr\u00f3ximos dias ainda devem continuar geladas, segundo a meteorologia. Mesmo com o fim da onda de frio, diversos munic\u00edpios do interior paulista registraram\u2026","rel":"","context":"In &quot;Not\u00edcias de Ribeir\u00e3o Preto-SP e Regi\u00e3o&quot;","block_context":{"text":"Not\u00edcias de Ribeir\u00e3o Preto-SP e Regi\u00e3o","link":"https:\/\/noticiasribeiraopreto.com.br\/index.php\/category\/noticias-de-ribeirao-preto-sp-e-regiao-ismael-colosi\/"},"img":{"alt_text":"","src":"https:\/\/i0.wp.com\/noticiasribeiraopreto.com.br\/wp-content\/uploads\/2024\/05\/1717196342_frio_luva_1200x675_16042022092951.jpg?fit=1200%2C675&ssl=1&resize=350%2C200","width":350,"height":200,"srcset":"https:\/\/i0.wp.com\/noticiasribeiraopreto.com.br\/wp-content\/uploads\/2024\/05\/1717196342_frio_luva_1200x675_16042022092951.jpg?fit=1200%2C675&ssl=1&resize=350%2C200 1x, https:\/\/i0.wp.com\/noticiasribeiraopreto.com.br\/wp-content\/uploads\/2024\/05\/1717196342_frio_luva_1200x675_16042022092951.jpg?fit=1200%2C675&ssl=1&resize=525%2C300 1.5x, https:\/\/i0.wp.com\/noticiasribeiraopreto.com.br\/wp-content\/uploads\/2024\/05\/1717196342_frio_luva_1200x675_16042022092951.jpg?fit=1200%2C675&ssl=1&resize=700%2C400 2x, https:\/\/i0.wp.com\/noticiasribeiraopreto.com.br\/wp-content\/uploads\/2024\/05\/1717196342_frio_luva_1200x675_16042022092951.jpg?fit=1200%2C675&ssl=1&resize=1050%2C600 3x"},"classes":[]},{"id":73078,"url":"https:\/\/noticiasribeiraopreto.com.br\/index.php\/2025\/06\/25\/cidade-da-regiao-de-ribeirao-preto-registra-sensacao-termica-abaixo-de-zero\/","url_meta":{"origin":73090,"position":3},"title":"Cidade da regi\u00e3o de Ribeir\u00e3o Preto registra sensa\u00e7\u00e3o t\u00e9rmica abaixo de zero","author":"noticiasribeiraopreto.com.br","date":"25 de June de 2025","format":false,"excerpt":"A onda de frio que derrubou as temperaturas nesta quarta (25) deixou a sensa\u00e7\u00e3o t\u00e9rmica negativa em Ituverava, a 100 quil\u00f4metros de Ribeir\u00e3o Preto. Segundo dados do Inmet (Instituto Nacional de Meteorologia) divulgados pela Climatempo, Ituverava registrou m\u00ednima de 1,2\u00b0C nesta madrugada, com sensa\u00e7\u00e3o t\u00e9rmica de -1,3\u00b0C. Ribeir\u00e3o Preto teve\u2026","rel":"","context":"In &quot;Not\u00edcias de Ribeir\u00e3o Preto-SP e Regi\u00e3o&quot;","block_context":{"text":"Not\u00edcias de Ribeir\u00e3o Preto-SP e Regi\u00e3o","link":"https:\/\/noticiasribeiraopreto.com.br\/index.php\/category\/noticias-de-ribeirao-preto-sp-e-regiao-ismael-colosi\/"},"img":{"alt_text":"","src":"https:\/\/i0.wp.com\/noticiasribeiraopreto.com.br\/wp-content\/uploads\/2025\/06\/ITUVERAVA_2025-06-25_11-04-54.webp.webp?fit=1200%2C784&ssl=1&resize=350%2C200","width":350,"height":200,"srcset":"https:\/\/i0.wp.com\/noticiasribeiraopreto.com.br\/wp-content\/uploads\/2025\/06\/ITUVERAVA_2025-06-25_11-04-54.webp.webp?fit=1200%2C784&ssl=1&resize=350%2C200 1x, https:\/\/i0.wp.com\/noticiasribeiraopreto.com.br\/wp-content\/uploads\/2025\/06\/ITUVERAVA_2025-06-25_11-04-54.webp.webp?fit=1200%2C784&ssl=1&resize=525%2C300 1.5x, https:\/\/i0.wp.com\/noticiasribeiraopreto.com.br\/wp-content\/uploads\/2025\/06\/ITUVERAVA_2025-06-25_11-04-54.webp.webp?fit=1200%2C784&ssl=1&resize=700%2C400 2x, https:\/\/i0.wp.com\/noticiasribeiraopreto.com.br\/wp-content\/uploads\/2025\/06\/ITUVERAVA_2025-06-25_11-04-54.webp.webp?fit=1200%2C784&ssl=1&resize=1050%2C600 3x"},"classes":[]},{"id":70916,"url":"https:\/\/noticiasribeiraopreto.com.br\/index.php\/2025\/05\/31\/vai-esquentar-veja-previsao-para-o-fim-de-semana-em-ribeirao\/","url_meta":{"origin":73090,"position":4},"title":"Vai esquentar? Veja previs\u00e3o para o fim de semana em Ribeir\u00e3o","author":"noticiasribeiraopreto.com.br","date":"31 de May de 2025","format":false,"excerpt":"O efeito da onda de frio que atingiu o estado de S\u00e3o Paulo nos \u00faltimos dias segue para o oceano, afastando-se gradualmente do Brasil. Por isso, j\u00e1 neste fim de semana, o efeito desse fen\u00f4meno come\u00e7a a diminuir e as temperaturas v\u00e3o ter uma ligeira eleva\u00e7\u00e3o. De acordo com a\u2026","rel":"","context":"In &quot;Not\u00edcias de Ribeir\u00e3o Preto-SP e Regi\u00e3o&quot;","block_context":{"text":"Not\u00edcias de Ribeir\u00e3o Preto-SP e Regi\u00e3o","link":"https:\/\/noticiasribeiraopreto.com.br\/index.php\/category\/noticias-de-ribeirao-preto-sp-e-regiao-ismael-colosi\/"},"img":{"alt_text":"","src":"https:\/\/i0.wp.com\/noticiasribeiraopreto.com.br\/wp-content\/uploads\/2025\/05\/Copia-de-Copia-de-Copia-de-TAMANHO-EXATO-PARA-FOTOS-NO-SISTEMA-NOVO-2025-05-31T095617.827_2025-05-31_12-56-25.webp.webp?fit=1200%2C675&ssl=1&resize=350%2C200","width":350,"height":200,"srcset":"https:\/\/i0.wp.com\/noticiasribeiraopreto.com.br\/wp-content\/uploads\/2025\/05\/Copia-de-Copia-de-Copia-de-TAMANHO-EXATO-PARA-FOTOS-NO-SISTEMA-NOVO-2025-05-31T095617.827_2025-05-31_12-56-25.webp.webp?fit=1200%2C675&ssl=1&resize=350%2C200 1x, https:\/\/i0.wp.com\/noticiasribeiraopreto.com.br\/wp-content\/uploads\/2025\/05\/Copia-de-Copia-de-Copia-de-TAMANHO-EXATO-PARA-FOTOS-NO-SISTEMA-NOVO-2025-05-31T095617.827_2025-05-31_12-56-25.webp.webp?fit=1200%2C675&ssl=1&resize=525%2C300 1.5x, https:\/\/i0.wp.com\/noticiasribeiraopreto.com.br\/wp-content\/uploads\/2025\/05\/Copia-de-Copia-de-Copia-de-TAMANHO-EXATO-PARA-FOTOS-NO-SISTEMA-NOVO-2025-05-31T095617.827_2025-05-31_12-56-25.webp.webp?fit=1200%2C675&ssl=1&resize=700%2C400 2x, https:\/\/i0.wp.com\/noticiasribeiraopreto.com.br\/wp-content\/uploads\/2025\/05\/Copia-de-Copia-de-Copia-de-TAMANHO-EXATO-PARA-FOTOS-NO-SISTEMA-NOVO-2025-05-31T095617.827_2025-05-31_12-56-25.webp.webp?fit=1200%2C675&ssl=1&resize=1050%2C600 3x"},"classes":[]},{"id":75583,"url":"https:\/\/noticiasribeiraopreto.com.br\/index.php\/2025\/08\/12\/temperatura-vai-continuar-baixa-tribuna-ribeirao\/","url_meta":{"origin":73090,"position":5},"title":"Temperatura vai continuar baixa &#8211; Tribuna Ribeir\u00e3o","author":"noticiasribeiraopreto.com.br","date":"12 de August de 2025","format":false,"excerpt":"A forte massa de ar polar continental que sucedeu a frente fria da semana passada, associada a um ciclone extratropical, trouxe mudan\u00e7as clim\u00e1ticas para o Sudeste e segue derrubando as temperaturas. \u00c9 a quinta onda de frio intenso do ano. A baixa umidade relativa do ar preocupa. Na madrugada de\u2026","rel":"","context":"In &quot;Not\u00edcias de Ribeir\u00e3o Preto-SP e Regi\u00e3o&quot;","block_context":{"text":"Not\u00edcias de Ribeir\u00e3o Preto-SP e Regi\u00e3o","link":"https:\/\/noticiasribeiraopreto.com.br\/index.php\/category\/noticias-de-ribeirao-preto-sp-e-regiao-ismael-colosi\/"},"img":{"alt_text":"","src":"https:\/\/i0.wp.com\/noticiasribeiraopreto.com.br\/wp-content\/uploads\/2025\/08\/chuva-scaled.jpeg?fit=1170%2C780&ssl=1&resize=350%2C200","width":350,"height":200,"srcset":"https:\/\/i0.wp.com\/noticiasribeiraopreto.com.br\/wp-content\/uploads\/2025\/08\/chuva-scaled.jpeg?fit=1170%2C780&ssl=1&resize=350%2C200 1x, https:\/\/i0.wp.com\/noticiasribeiraopreto.com.br\/wp-content\/uploads\/2025\/08\/chuva-scaled.jpeg?fit=1170%2C780&ssl=1&resize=525%2C300 1.5x, https:\/\/i0.wp.com\/noticiasribeiraopreto.com.br\/wp-content\/uploads\/2025\/08\/chuva-scaled.jpeg?fit=1170%2C780&ssl=1&resize=700%2C400 2x, https:\/\/i0.wp.com\/noticiasribeiraopreto.com.br\/wp-content\/uploads\/2025\/08\/chuva-scaled.jpeg?fit=1170%2C780&ssl=1&resize=1050%2C600 3x"},"classes":[]}],"jetpack_sharing_enabled":true,"jetpack_shortlink":"https:\/\/wp.me\/peQAOb-j0S","_links":{"self":[{"href":"https:\/\/noticiasribeiraopreto.com.br\/index.php\/wp-json\/wp\/v2\/posts\/73090","targetHints":{"allow":["GET"]}}],"collection":[{"href":"https:\/\/noticiasribeiraopreto.com.br\/index.php\/wp-json\/wp\/v2\/posts"}],"about":[{"href":"https:\/\/noticiasribeiraopreto.com.br\/index.php\/wp-json\/wp\/v2\/types\/post"}],"author":[{"embeddable":true,"href":"https:\/\/noticiasribeiraopreto.com.br\/index.php\/wp-json\/wp\/v2\/users\/1"}],"replies":[{"embeddable":true,"href":"https:\/\/noticiasribeiraopreto.com.br\/index.php\/wp-json\/wp\/v2\/comments?post=73090"}],"version-history":[{"count":0,"href":"https:\/\/noticiasribeiraopreto.com.br\/index.php\/wp-json\/wp\/v2\/posts\/73090\/revisions"}],"wp:featuredmedia":[{"embeddable":true,"href":"https:\/\/noticiasribeiraopreto.com.br\/index.php\/wp-json\/wp\/v2\/media\/73091"}],"wp:attachment":[{"href":"https:\/\/noticiasribeiraopreto.com.br\/index.php\/wp-json\/wp\/v2\/media?parent=73090"}],"wp:term":[{"taxonomy":"category","embeddable":true,"href":"https:\/\/noticiasribeiraopreto.com.br\/index.php\/wp-json\/wp\/v2\/categories?post=73090"},{"taxonomy":"post_tag","embeddable":true,"href":"https:\/\/noticiasribeiraopreto.com.br\/index.php\/wp-json\/wp\/v2\/tags?post=73090"}],"curies":[{"name":"wp","href":"https:\/\/api.w.org\/{rel}","templated":true}]}}