{"id":73092,"date":"2025-06-25T12:53:02","date_gmt":"2025-06-25T15:53:02","guid":{"rendered":"https:\/\/noticiasribeiraopreto.com.br\/index.php\/2025\/06\/25\/cidade-na-regiao-de-ribeirao-preto-recebe-apresentacoes-gratuitas-de-coral-e-teatro\/"},"modified":"2025-06-25T12:53:02","modified_gmt":"2025-06-25T15:53:02","slug":"cidade-na-regiao-de-ribeirao-preto-recebe-apresentacoes-gratuitas-de-coral-e-teatro","status":"publish","type":"post","link":"https:\/\/noticiasribeiraopreto.com.br\/index.php\/2025\/06\/25\/cidade-na-regiao-de-ribeirao-preto-recebe-apresentacoes-gratuitas-de-coral-e-teatro\/","title":{"rendered":"Cidade na regi\u00e3o de Ribeir\u00e3o Preto recebe apresenta\u00e7\u00f5es gratuitas de coral e teatro"},"content":{"rendered":"<p> <br \/>\n<\/p>\n<div>\n<p>Crian\u00e7as e adolescentes do projeto sociocultural da\u00a0<strong>Institui\u00e7\u00e3o Aparecido Savegnago,<\/strong>\u00a0apresentam em <strong>Sert\u00e3ozinho<\/strong>, cidade na regi\u00e3o de\u00a0<strong>Ribeir\u00e3o Preto<\/strong>, dois eventos pedag\u00f3gicos e gratuitos, nos dias <strong>26 e 30 de junho<\/strong>. As atividades incluem apresenta\u00e7\u00e3o de coral e teatro.<\/p>\n<p>As duas apresenta\u00e7\u00f5es acontecem a partir das <strong>19h30<\/strong>, no <strong>Audit\u00f3rio Isaura Bolsoni Savegnago<\/strong>, dentro da institui\u00e7\u00e3o.<\/p>\n<h2 class=\"wp-block-heading\"><strong>Apresenta\u00e7\u00f5es<\/strong><\/h2>\n<p>Nesta <strong>quinta-feira (26)<\/strong>, o concerto do coral traz obras cl\u00e1ssicas, como \u201cMaria Solid\u00e1ria\u201d, de Milton Nascimento, \u201cPapagaio Azul\u201d, de Edmundo Villani-Cort\u00eas, e \u201cQuem te ensinou a nadar\u201d, can\u00e7\u00e3o folcl\u00f3rica.<\/p>\n<p>A apresenta\u00e7\u00e3o teatral acontece na pr\u00f3xima <strong>segunda (30)<\/strong> e ser\u00e1 uma aula aberta com mostra de cenas e exerc\u00edcios que contemplam o processo art\u00edstico em sala de aula, com dire\u00e7\u00e3o e produ\u00e7\u00e3o da professora <strong>Thais Foresto<\/strong>.<\/p>\n<p>Segundo a coordenadora art\u00edstica e pedag\u00f3gica da <strong>Institui\u00e7\u00e3o Aparecido Savegnago<\/strong>, <strong>Sara Cesca<\/strong>, as apresenta\u00e7\u00f5es pedag\u00f3gicas fazem parte do processo de forma\u00e7\u00e3o dos estudantes de m\u00fasica e de teatro da institui\u00e7\u00e3o.<\/p>\n<figure class=\"wp-block-pullquote\">\n<blockquote>\n<p>\u201cO estudo de m\u00fasica e a pr\u00e1tica do teatro requerem o desenvolvimento de viv\u00eancias em diferentes contextos de apresenta\u00e7\u00e3o. Portanto, nosso audit\u00f3rio se configura n\u00e3o s\u00f3 como sala de aula, mas tamb\u00e9m como espa\u00e7o de aperfei\u00e7oamento para as nossas apresenta\u00e7\u00f5es\u201d.<\/p>\n<p><cite>Sara Cesca, coordenadora art\u00edstica e pedag\u00f3gica<\/cite><\/p><\/blockquote>\n<\/figure>\n<h2 class=\"wp-block-heading\"><strong>Servi\u00e7o<\/strong><\/h2>\n<p><strong><em>Recital do coral e apresenta\u00e7\u00e3o pedag\u00f3gica do teatro na Institui\u00e7\u00e3o Aparecido Savegnago<\/em><\/strong><\/p>\n<p><strong>Quando: <\/strong>26 e 30 de junho<br \/><strong>Hor\u00e1rio: <\/strong>19h30\u00a0<br \/><strong>Local: <\/strong>Audit\u00f3rio Isaura Bolsoni Savegnago, dentro da IAS | rua Jos\u00e9 Bonini, 536 \u2013 Sert\u00e3ozinho<br \/><strong>Entrada gratuita<\/strong><\/p>\n<p>SAIBA MAIS<br \/>Biblioteca de Ribeir\u00e3o Preto recebe exposi\u00e7\u00e3o gratuita que une arte e ci\u00eancia<\/p>\n<h4 class=\"wp-block-heading\"><strong>FIQUE ON<\/strong><\/h4>\n<p>Fique ligado em tudo que acontece em Ribeir\u00e3o Preto e regi\u00e3o. Siga os perfis do <strong>acidade on <\/strong>no <a href=\"https:\/\/www.instagram.com\/acidadeonribeirao\" target=\"_blank\" rel=\"noreferrer noopener\">Instagram<\/a> e no <a href=\"https:\/\/www.facebook.com\/acidadeonribeirao\" target=\"_blank\" rel=\"noreferrer noopener\">Facebook<\/a>.<\/p>\n<p>Receba not\u00edcias do acidade on no WhatsApp. Para entrar no grupo, basta <a href=\"https:\/\/chat.whatsapp.com\/BjKQZ9oJwlz8VVT50NuePq\" target=\"_blank\" rel=\"noreferrer noopener\">clicar aqui<\/a>.<\/p>\n<p>Fa\u00e7a uma den\u00fancia ou sugira uma reportagem sobre Ribeir\u00e3o Preto e regi\u00e3o pelo WhatsApp: 16 99117 7802.<\/p>\n<p>VEJA TAMB\u00c9M<br \/>Por que Murilo Huff pediu a guarda do filho?<\/p>\n<p><!-- CONTENT END 1 -->\n<\/div>\n<p><script async src=\"\/\/www.instagram.com\/embed.js\"><\/script><br \/>\n<br \/><br \/>\n<br \/><a href=\"https:\/\/www.acidadeon.com\/ribeiraopreto\/lazer-e-cultura\/cidade-na-regiao-de-ribeirao-preto-recebe-apresentacoes-gratuitas-de-coral-e-teatro\/\">Source link <\/a><\/p>\n","protected":false},"excerpt":{"rendered":"<p>Crian\u00e7as e adolescentes do projeto sociocultural da\u00a0Institui\u00e7\u00e3o Aparecido Savegnago,\u00a0apresentam em Sert\u00e3ozinho, cidade na regi\u00e3o de\u00a0Ribeir\u00e3o Preto, dois eventos pedag\u00f3gicos e gratuitos, nos dias 26 e&#8230;<\/p>\n","protected":false},"author":1,"featured_media":73093,"comment_status":"open","ping_status":"open","sticky":false,"template":"","format":"standard","meta":{"advanced_seo_description":"","jetpack_seo_html_title":"","jetpack_seo_noindex":false,"jetpack_post_was_ever_published":false,"_jetpack_newsletter_access":"","_jetpack_dont_email_post_to_subs":false,"_jetpack_newsletter_tier_id":0,"_jetpack_memberships_contains_paywalled_content":false,"_jetpack_memberships_contains_paid_content":false,"footnotes":"","jetpack_publicize_message":"","jetpack_publicize_feature_enabled":true,"jetpack_social_post_already_shared":true,"jetpack_social_options":{"image_generator_settings":{"template":"highway","default_image_id":0,"font":"","enabled":false},"version":2}},"categories":[11],"tags":[],"class_list":["post-73092","post","type-post","status-publish","format-standard","has-post-thumbnail","hentry","category-noticias-de-ribeirao-preto-sp-e-regiao-ismael-colosi"],"jetpack_publicize_connections":[],"jetpack_featured_media_url":"https:\/\/i0.wp.com\/noticiasribeiraopreto.com.br\/wp-content\/uploads\/2025\/06\/teatro-ias_2025-06-25_13-50-38.webp.webp?fit=1200%2C675&ssl=1","jetpack-related-posts":[{"id":75852,"url":"https:\/\/noticiasribeiraopreto.com.br\/index.php\/2025\/08\/16\/ribeirao-preto-recebe-apresentacoes-de-coral-de-criancas-da-uganda-veja\/","url_meta":{"origin":73092,"position":0},"title":"Ribeir\u00e3o Preto recebe apresenta\u00e7\u00f5es de Coral de Crian\u00e7as da Uganda; veja","author":"noticiasribeiraopreto.com.br","date":"16 de August de 2025","format":false,"excerpt":"O Coral de Crian\u00e7as Watoto, de Uganda, pa\u00eds da \u00c1frica Oriental, realiza em Ribeir\u00e3o Preto tr\u00eas apresenta\u00e7\u00f5es neste fim de semana. O grupo traz ao Brasil a turn\u00ea \u201cBetter Days \u2013 There Is Hope (Dias Melhores \u2013 H\u00e1 Esperan\u00e7a)\u201c. As apresenta\u00e7\u00f5es acontecem em igrejas da cidade, com entrada gratuita. O\u2026","rel":"","context":"In &quot;Not\u00edcias de Ribeir\u00e3o Preto-SP e Regi\u00e3o&quot;","block_context":{"text":"Not\u00edcias de Ribeir\u00e3o Preto-SP e Regi\u00e3o","link":"https:\/\/noticiasribeiraopreto.com.br\/index.php\/category\/noticias-de-ribeirao-preto-sp-e-regiao-ismael-colosi\/"},"img":{"alt_text":"","src":"https:\/\/i0.wp.com\/noticiasribeiraopreto.com.br\/wp-content\/uploads\/2025\/08\/WhatsApp-Image-2025-08-16-at-15.22.26_2025-08-16_18-44-10.webp.webp?fit=800%2C534&ssl=1&resize=350%2C200","width":350,"height":200,"srcset":"https:\/\/i0.wp.com\/noticiasribeiraopreto.com.br\/wp-content\/uploads\/2025\/08\/WhatsApp-Image-2025-08-16-at-15.22.26_2025-08-16_18-44-10.webp.webp?fit=800%2C534&ssl=1&resize=350%2C200 1x, https:\/\/i0.wp.com\/noticiasribeiraopreto.com.br\/wp-content\/uploads\/2025\/08\/WhatsApp-Image-2025-08-16-at-15.22.26_2025-08-16_18-44-10.webp.webp?fit=800%2C534&ssl=1&resize=525%2C300 1.5x, https:\/\/i0.wp.com\/noticiasribeiraopreto.com.br\/wp-content\/uploads\/2025\/08\/WhatsApp-Image-2025-08-16-at-15.22.26_2025-08-16_18-44-10.webp.webp?fit=800%2C534&ssl=1&resize=700%2C400 2x"},"classes":[]},{"id":12038,"url":"https:\/\/noticiasribeiraopreto.com.br\/index.php\/2023\/12\/07\/confira-fotos-do-coral-de-natal-no-centro-de-ribeirao-veja-outras-apresentacoes\/","url_meta":{"origin":73092,"position":1},"title":"Confira fotos do coral de Natal no Centro de Ribeir\u00e3o; Veja outras apresenta\u00e7\u00f5es","author":"noticiasribeiraopreto.com.br","date":"7 de December de 2023","format":false,"excerpt":"O museu Casa da Mem\u00f3ria Italiana, no Centro de Ribeir\u00e3o Preto, realizou, na noite desta quarta-feira (6), a 8\u00aa edi\u00e7\u00e3o do Concerto di Natale. A apresenta\u00e7\u00e3o contou com a presen\u00e7a de centenas de pessoas. Por cerca de uma hora, o p\u00fablico cantou v\u00e1rios cl\u00e1ssicos natalinos em italiano. O museu preserva\u2026","rel":"","context":"In &quot;Not\u00edcias de Ribeir\u00e3o Preto-SP e Regi\u00e3o&quot;","block_context":{"text":"Not\u00edcias de Ribeir\u00e3o Preto-SP e Regi\u00e3o","link":"https:\/\/noticiasribeiraopreto.com.br\/index.php\/category\/noticias-de-ribeirao-preto-sp-e-regiao-ismael-colosi\/"},"img":{"alt_text":"","src":"https:\/\/i0.wp.com\/noticiasribeiraopreto.com.br\/wp-content\/uploads\/2023\/12\/WhatsApp-Image-2023-12-07-at-09.25.57-1.jpeg?fit=1200%2C675&ssl=1&resize=350%2C200","width":350,"height":200,"srcset":"https:\/\/i0.wp.com\/noticiasribeiraopreto.com.br\/wp-content\/uploads\/2023\/12\/WhatsApp-Image-2023-12-07-at-09.25.57-1.jpeg?fit=1200%2C675&ssl=1&resize=350%2C200 1x, https:\/\/i0.wp.com\/noticiasribeiraopreto.com.br\/wp-content\/uploads\/2023\/12\/WhatsApp-Image-2023-12-07-at-09.25.57-1.jpeg?fit=1200%2C675&ssl=1&resize=525%2C300 1.5x, https:\/\/i0.wp.com\/noticiasribeiraopreto.com.br\/wp-content\/uploads\/2023\/12\/WhatsApp-Image-2023-12-07-at-09.25.57-1.jpeg?fit=1200%2C675&ssl=1&resize=700%2C400 2x, https:\/\/i0.wp.com\/noticiasribeiraopreto.com.br\/wp-content\/uploads\/2023\/12\/WhatsApp-Image-2023-12-07-at-09.25.57-1.jpeg?fit=1200%2C675&ssl=1&resize=1050%2C600 3x"},"classes":[]},{"id":80147,"url":"https:\/\/noticiasribeiraopreto.com.br\/index.php\/2025\/11\/16\/teatro-na-regiao-de-ribeirao-preto-recebe-adaptacao-de-encanto-com-entrada-gratuita\/","url_meta":{"origin":73092,"position":2},"title":"Teatro na regi\u00e3o de Ribeir\u00e3o Preto recebe adapta\u00e7\u00e3o de &#8216;Encanto&#8217; com entrada gratuita","author":"noticiasribeiraopreto.com.br","date":"16 de November de 2025","format":false,"excerpt":"O Teatro Municipal Profa. Olympia Faria Adami, em Sert\u00e3ozinho, na regi\u00e3o de Ribeir\u00e3o Preto, recebe no dia 18 de novembro a adapta\u00e7\u00e3o teatral de \u2018Encanto\u2018, produ\u00e7\u00e3o realizada pela Institui\u00e7\u00e3o Aparecido Savegnago. A montagem apresenta a hist\u00f3ria da fam\u00edlia Madrigal, que vive em uma casa m\u00e1gica nas montanhas da Col\u00f4mbia. O\u2026","rel":"","context":"In &quot;Not\u00edcias de Ribeir\u00e3o Preto-SP e Regi\u00e3o&quot;","block_context":{"text":"Not\u00edcias de Ribeir\u00e3o Preto-SP e Regi\u00e3o","link":"https:\/\/noticiasribeiraopreto.com.br\/index.php\/category\/noticias-de-ribeirao-preto-sp-e-regiao-ismael-colosi\/"},"img":{"alt_text":"","src":"https:\/\/i0.wp.com\/noticiasribeiraopreto.com.br\/wp-content\/uploads\/2025\/11\/%F0%9F%AB%B5%F0%9F%8F%BBComunicado-a-PopulacaoA-Prefeitura-Municipal-de-Sertaozinho-informa-que-o-novo-numero-para-c_2025-11-16_14-34-55.webp.webp?fit=1080%2C720&ssl=1&resize=350%2C200","width":350,"height":200,"srcset":"https:\/\/i0.wp.com\/noticiasribeiraopreto.com.br\/wp-content\/uploads\/2025\/11\/%F0%9F%AB%B5%F0%9F%8F%BBComunicado-a-PopulacaoA-Prefeitura-Municipal-de-Sertaozinho-informa-que-o-novo-numero-para-c_2025-11-16_14-34-55.webp.webp?fit=1080%2C720&ssl=1&resize=350%2C200 1x, https:\/\/i0.wp.com\/noticiasribeiraopreto.com.br\/wp-content\/uploads\/2025\/11\/%F0%9F%AB%B5%F0%9F%8F%BBComunicado-a-PopulacaoA-Prefeitura-Municipal-de-Sertaozinho-informa-que-o-novo-numero-para-c_2025-11-16_14-34-55.webp.webp?fit=1080%2C720&ssl=1&resize=525%2C300 1.5x, https:\/\/i0.wp.com\/noticiasribeiraopreto.com.br\/wp-content\/uploads\/2025\/11\/%F0%9F%AB%B5%F0%9F%8F%BBComunicado-a-PopulacaoA-Prefeitura-Municipal-de-Sertaozinho-informa-que-o-novo-numero-para-c_2025-11-16_14-34-55.webp.webp?fit=1080%2C720&ssl=1&resize=700%2C400 2x, https:\/\/i0.wp.com\/noticiasribeiraopreto.com.br\/wp-content\/uploads\/2025\/11\/%F0%9F%AB%B5%F0%9F%8F%BBComunicado-a-PopulacaoA-Prefeitura-Municipal-de-Sertaozinho-informa-que-o-novo-numero-para-c_2025-11-16_14-34-55.webp.webp?fit=1080%2C720&ssl=1&resize=1050%2C600 3x"},"classes":[]},{"id":80160,"url":"https:\/\/noticiasribeiraopreto.com.br\/index.php\/2025\/11\/16\/teatro-na-regiao-de-ribeirao-preto-recebe-adaptacao-de-encanto-com-entrada-gratuita-3\/","url_meta":{"origin":73092,"position":3},"title":"Teatro na regi\u00e3o de Ribeir\u00e3o Preto recebe adapta\u00e7\u00e3o de &#8216;Encanto&#8217; com entrada gratuita","author":"noticiasribeiraopreto.com.br","date":"16 de November de 2025","format":false,"excerpt":"O Teatro Municipal Profa. Olympia Faria Adami, em Sert\u00e3ozinho, na regi\u00e3o de Ribeir\u00e3o Preto, recebe no dia 18 de novembro a adapta\u00e7\u00e3o teatral de \u2018Encanto\u2018, produ\u00e7\u00e3o realizada pela Institui\u00e7\u00e3o Aparecido Savegnago. A montagem apresenta a hist\u00f3ria da fam\u00edlia Madrigal, que vive em uma casa m\u00e1gica nas montanhas da Col\u00f4mbia. O\u2026","rel":"","context":"In &quot;Not\u00edcias de Ribeir\u00e3o Preto-SP e Regi\u00e3o&quot;","block_context":{"text":"Not\u00edcias de Ribeir\u00e3o Preto-SP e Regi\u00e3o","link":"https:\/\/noticiasribeiraopreto.com.br\/index.php\/category\/noticias-de-ribeirao-preto-sp-e-regiao-ismael-colosi\/"},"img":{"alt_text":"","src":"https:\/\/i0.wp.com\/noticiasribeiraopreto.com.br\/wp-content\/uploads\/2025\/11\/palace-32_2025-11-16_19-02-11.webp.webp?fit=1200%2C675&ssl=1&resize=350%2C200","width":350,"height":200,"srcset":"https:\/\/i0.wp.com\/noticiasribeiraopreto.com.br\/wp-content\/uploads\/2025\/11\/palace-32_2025-11-16_19-02-11.webp.webp?fit=1200%2C675&ssl=1&resize=350%2C200 1x, https:\/\/i0.wp.com\/noticiasribeiraopreto.com.br\/wp-content\/uploads\/2025\/11\/palace-32_2025-11-16_19-02-11.webp.webp?fit=1200%2C675&ssl=1&resize=525%2C300 1.5x, https:\/\/i0.wp.com\/noticiasribeiraopreto.com.br\/wp-content\/uploads\/2025\/11\/palace-32_2025-11-16_19-02-11.webp.webp?fit=1200%2C675&ssl=1&resize=700%2C400 2x, https:\/\/i0.wp.com\/noticiasribeiraopreto.com.br\/wp-content\/uploads\/2025\/11\/palace-32_2025-11-16_19-02-11.webp.webp?fit=1200%2C675&ssl=1&resize=1050%2C600 3x"},"classes":[]},{"id":80158,"url":"https:\/\/noticiasribeiraopreto.com.br\/index.php\/2025\/11\/16\/teatro-na-regiao-de-ribeirao-preto-recebe-adaptacao-de-encanto-com-entrada-gratuita-2\/","url_meta":{"origin":73092,"position":4},"title":"Teatro na regi\u00e3o de Ribeir\u00e3o Preto recebe adapta\u00e7\u00e3o de &#8216;Encanto&#8217; com entrada gratuita","author":"noticiasribeiraopreto.com.br","date":"16 de November de 2025","format":false,"excerpt":"O Teatro Municipal Profa. Olympia Faria Adami, em Sert\u00e3ozinho, na regi\u00e3o de Ribeir\u00e3o Preto, recebe no dia 18 de novembro a adapta\u00e7\u00e3o teatral de \u2018Encanto\u2018, produ\u00e7\u00e3o realizada pela Institui\u00e7\u00e3o Aparecido Savegnago. A montagem apresenta a hist\u00f3ria da fam\u00edlia Madrigal, que vive em uma casa m\u00e1gica nas montanhas da Col\u00f4mbia. O\u2026","rel":"","context":"In &quot;Not\u00edcias de Ribeir\u00e3o Preto-SP e Regi\u00e3o&quot;","block_context":{"text":"Not\u00edcias de Ribeir\u00e3o Preto-SP e Regi\u00e3o","link":"https:\/\/noticiasribeiraopreto.com.br\/index.php\/category\/noticias-de-ribeirao-preto-sp-e-regiao-ismael-colosi\/"},"img":{"alt_text":"","src":"https:\/\/i0.wp.com\/noticiasribeiraopreto.com.br\/wp-content\/uploads\/2025\/11\/%F0%9F%AB%B5%F0%9F%8F%BBComunicado-a-PopulacaoA-Prefeitura-Municipal-de-Sertaozinho-informa-que-o-novo-numero-para-c_2025-11-16_14-34-55.webp.webp?fit=1080%2C720&ssl=1&resize=350%2C200","width":350,"height":200,"srcset":"https:\/\/i0.wp.com\/noticiasribeiraopreto.com.br\/wp-content\/uploads\/2025\/11\/%F0%9F%AB%B5%F0%9F%8F%BBComunicado-a-PopulacaoA-Prefeitura-Municipal-de-Sertaozinho-informa-que-o-novo-numero-para-c_2025-11-16_14-34-55.webp.webp?fit=1080%2C720&ssl=1&resize=350%2C200 1x, https:\/\/i0.wp.com\/noticiasribeiraopreto.com.br\/wp-content\/uploads\/2025\/11\/%F0%9F%AB%B5%F0%9F%8F%BBComunicado-a-PopulacaoA-Prefeitura-Municipal-de-Sertaozinho-informa-que-o-novo-numero-para-c_2025-11-16_14-34-55.webp.webp?fit=1080%2C720&ssl=1&resize=525%2C300 1.5x, https:\/\/i0.wp.com\/noticiasribeiraopreto.com.br\/wp-content\/uploads\/2025\/11\/%F0%9F%AB%B5%F0%9F%8F%BBComunicado-a-PopulacaoA-Prefeitura-Municipal-de-Sertaozinho-informa-que-o-novo-numero-para-c_2025-11-16_14-34-55.webp.webp?fit=1080%2C720&ssl=1&resize=700%2C400 2x, https:\/\/i0.wp.com\/noticiasribeiraopreto.com.br\/wp-content\/uploads\/2025\/11\/%F0%9F%AB%B5%F0%9F%8F%BBComunicado-a-PopulacaoA-Prefeitura-Municipal-de-Sertaozinho-informa-que-o-novo-numero-para-c_2025-11-16_14-34-55.webp.webp?fit=1080%2C720&ssl=1&resize=1050%2C600 3x"},"classes":[]},{"id":16455,"url":"https:\/\/noticiasribeiraopreto.com.br\/index.php\/2023\/12\/15\/367458-2\/","url_meta":{"origin":73092,"position":5},"title":"Quarteto Paineiras toca em Sert\u00e3ozinho","author":"noticiasribeiraopreto.com.br","date":"15 de December de 2023","format":false,"excerpt":"Depois de quatro anos de apresenta\u00e7\u00f5es, o Circuito Art\u00edstico e Cultural da Institui\u00e7\u00e3o Aparecido Savegnago recebe, nesta sexta-feira, 15 de dezembro, o \u00faltimo espet\u00e1culo musical da temporada. A apresenta\u00e7\u00e3o gratuita ser\u00e1 do Quarteto Paineiras, \u00e0s 19 horas, no Audit\u00f3rio Isaura Bolsoni Savegnago, sede da entidade, \u00e0 rua Jos\u00e9 Bonini n\u00ba\u2026","rel":"","context":"In &quot;Not\u00edcias de Ribeir\u00e3o Preto-SP e Regi\u00e3o&quot;","block_context":{"text":"Not\u00edcias de Ribeir\u00e3o Preto-SP e Regi\u00e3o","link":"https:\/\/noticiasribeiraopreto.com.br\/index.php\/category\/noticias-de-ribeirao-preto-sp-e-regiao-ismael-colosi\/"},"img":{"alt_text":"","src":"https:\/\/i0.wp.com\/noticiasribeiraopreto.com.br\/wp-content\/uploads\/2023\/12\/Paineiras-Divulgacao.jpg?fit=800%2C533&ssl=1&resize=350%2C200","width":350,"height":200,"srcset":"https:\/\/i0.wp.com\/noticiasribeiraopreto.com.br\/wp-content\/uploads\/2023\/12\/Paineiras-Divulgacao.jpg?fit=800%2C533&ssl=1&resize=350%2C200 1x, https:\/\/i0.wp.com\/noticiasribeiraopreto.com.br\/wp-content\/uploads\/2023\/12\/Paineiras-Divulgacao.jpg?fit=800%2C533&ssl=1&resize=525%2C300 1.5x, https:\/\/i0.wp.com\/noticiasribeiraopreto.com.br\/wp-content\/uploads\/2023\/12\/Paineiras-Divulgacao.jpg?fit=800%2C533&ssl=1&resize=700%2C400 2x"},"classes":[]}],"jetpack_sharing_enabled":true,"jetpack_shortlink":"https:\/\/wp.me\/peQAOb-j0U","_links":{"self":[{"href":"https:\/\/noticiasribeiraopreto.com.br\/index.php\/wp-json\/wp\/v2\/posts\/73092","targetHints":{"allow":["GET"]}}],"collection":[{"href":"https:\/\/noticiasribeiraopreto.com.br\/index.php\/wp-json\/wp\/v2\/posts"}],"about":[{"href":"https:\/\/noticiasribeiraopreto.com.br\/index.php\/wp-json\/wp\/v2\/types\/post"}],"author":[{"embeddable":true,"href":"https:\/\/noticiasribeiraopreto.com.br\/index.php\/wp-json\/wp\/v2\/users\/1"}],"replies":[{"embeddable":true,"href":"https:\/\/noticiasribeiraopreto.com.br\/index.php\/wp-json\/wp\/v2\/comments?post=73092"}],"version-history":[{"count":0,"href":"https:\/\/noticiasribeiraopreto.com.br\/index.php\/wp-json\/wp\/v2\/posts\/73092\/revisions"}],"wp:featuredmedia":[{"embeddable":true,"href":"https:\/\/noticiasribeiraopreto.com.br\/index.php\/wp-json\/wp\/v2\/media\/73093"}],"wp:attachment":[{"href":"https:\/\/noticiasribeiraopreto.com.br\/index.php\/wp-json\/wp\/v2\/media?parent=73092"}],"wp:term":[{"taxonomy":"category","embeddable":true,"href":"https:\/\/noticiasribeiraopreto.com.br\/index.php\/wp-json\/wp\/v2\/categories?post=73092"},{"taxonomy":"post_tag","embeddable":true,"href":"https:\/\/noticiasribeiraopreto.com.br\/index.php\/wp-json\/wp\/v2\/tags?post=73092"}],"curies":[{"name":"wp","href":"https:\/\/api.w.org\/{rel}","templated":true}]}}