{"id":73094,"date":"2025-06-25T13:00:58","date_gmt":"2025-06-25T16:00:58","guid":{"rendered":"https:\/\/noticiasribeiraopreto.com.br\/index.php\/2025\/06\/25\/video-policia-desarticula-quadrilha-que-movimentou-milhoes-com-desmanches\/"},"modified":"2025-06-25T13:00:58","modified_gmt":"2025-06-25T16:00:58","slug":"video-policia-desarticula-quadrilha-que-movimentou-milhoes-com-desmanches","status":"publish","type":"post","link":"https:\/\/noticiasribeiraopreto.com.br\/index.php\/2025\/06\/25\/video-policia-desarticula-quadrilha-que-movimentou-milhoes-com-desmanches\/","title":{"rendered":"V\u00cdDEO &#8211; Pol\u00edcia desarticula quadrilha que movimentou milh\u00f5es com desmanches"},"content":{"rendered":"<div class='code-block code-block-1' style='margin: 8px 0 8px auto; text-align: right; display: block; clear: both;'>\n<p><a href=\"https:\/\/wa.link\/vpicfd\"><img data-recalc-dims=\"1\" class=\"wp-image-4922\" style=\"aspect-ratio: 2.0253164556962027; width: 561px; height: auto;\" src=\"https:\/\/i0.wp.com\/ismaelcolosi.com.br\/wp-content\/uploads\/2023\/11\/grupo-de-empregos-whatsapp-e-facebook-ismael-colosi-vagas.jpg?ssl=1\" alt=\"\" \/><\/a><\/p>\n<!-- \/wp:image -->\n<\/div>\n<p> <br \/>\n<\/p>\n<div id=\"\">\n<h2 class=\"penci-post-subtitle\">Cidade da regi\u00e3o foi um dos principais polos de opera\u00e7\u00e3o do grupo, que atuava h\u00e1 pelo menos cinco anos e tinha estrutura empresarial criminosa e movimentou quase R$ 14 milh\u00f5es<\/h2>\n<p>\n\t\t\t\t\t\t\t\t\t<span class=\"entry-meta-item penci-posted-on\"><i class=\"fa fa-clock-o\"\/><time class=\"entry-date published\" datetime=\"2025-06-25T11:16:59-03:00\">25 de junho de 2025 11:16<\/time><time class=\"updated\" datetime=\"2025-06-25T12:23:05-03:00\">25 de junho de 2025 12:23<\/time><\/span><span class=\"entry-meta-item penci-post-countview\"><span class=\"entry-meta-item penci-post-countview penci_post-meta_item\"><i class=\"fa fa-eye\"\/><span class=\"penci-post-countview-number penci-post-countview-p429689\">31<\/span><\/span><\/span>\t\t\t\t\t\t\t\t<\/p>\n<p><!-- .entry-meta --><br \/>\n\t\t\t\t\t\t\t\t<span class=\"penci-social-buttons penci-social-share-footer\"><span class=\"penci-social-share-text\">Compartilhar<\/span><a href=\"#\" class=\"penci-post-like penci_post-meta_item  single-like-button penci-social-item like\" data-post_id=\"429689\" title=\"Like\" data-like=\"Like\" data-unlike=\"Unlike\"><i class=\"fa fa-thumbs-o-up\"\/><span class=\"penci-share-number\">2<\/span><\/a><i class=\"fa fa-facebook\"\/><a class=\"penci-social-item twitter\" target=\"_blank\" rel=\"noopener\" title=\"\" href=\"https:\/\/twitter.com\/intent\/tweet?text=V\u00cdDEO%20-%20Pol\u00edcia%20desarticula%20quadrilha%20que%20movimentou%20milh\u00f5es%20com%20desmanches%20-%20https:\/\/www.tribunaribeirao.com.br\/policia-desarticula-quadrilha-que-movimentou-milhoes-com-desmanches\/\"><i class=\"fa fa-twitter\"\/><\/a><i class=\"fa fa-linkedin\"\/><i class=\"fa fa-whatsapp\"\/><i class=\"fa fa-telegram\"\/><i class=\"fa fa-envelope\"\/><\/span>\t\t\t\t\t\t\t<\/div>\n<div>\n<p>Por: Adalberto Luque<\/p>\n<p>Uma opera\u00e7\u00e3o deflagrada pela Pol\u00edcia Civil, na manh\u00e3 desta quarta-feira (25), desmontou uma organiza\u00e7\u00e3o criminosa que atuava em Barretos e regi\u00e3o com recepta\u00e7\u00e3o, desmanche de ve\u00edculos e lavagem de dinheiro. Ao menos R$ 13,9 milh\u00f5es foram movimentados pelo grupo entre 2018 e 2023, segundo as investiga\u00e7\u00f5es.<\/p>\n<p>Cinco pessoas foram presas temporariamente, entre elas duas mulheres \u2014 de 61 e 37 anos \u2014 localizadas em bairros da zona urbana, e um casal que foi detido em uma propriedade rural \u00e0s margens da Rodovia Assis Chateaubriand, onde funcionava o desmanche clandestino. Os quatro foram presos em Barretos, cidade a 130 km de Ribeir\u00e3o Preto. O quinto envolvido j\u00e1 cumpria pena no pres\u00eddio de Frutal (MG).<\/p>\n<p>Durante a a\u00e7\u00e3o, dois ve\u00edculos e dinheiro em esp\u00e9cie foram apreendidos. O local do desmanche foi lacrado. A Justi\u00e7a determinou ainda o bloqueio de mais de R$ 11,5 milh\u00f5es em bens e valores atribu\u00eddos ao grupo.<\/p>\n<figure id=\"attachment_429692\" aria-describedby=\"caption-attachment-429692\" style=\"width: 800px\" class=\"wp-caption alignnone\"><img data-recalc-dims=\"1\" loading=\"lazy\" decoding=\"async\" class=\"size-full wp-image-429692 lazyload\" src=\"https:\/\/i0.wp.com\/www.tribunaribeirao.com.br\/wp-content\/uploads\/2025\/06\/25-jun-2025-quadrilhadesmanche-scaled.jpg?resize=800%2C442&#038;ssl=1\" alt=\"\" width=\"800\" height=\"442\" srcset=\"https:\/\/www.tribunaribeirao.com.br\/wp-content\/uploads\/2025\/06\/25-jun-2025-quadrilhadesmanche-scaled.jpg 800w, https:\/\/www.tribunaribeirao.com.br\/wp-content\/uploads\/2025\/06\/25-jun-2025-quadrilhadesmanche-300x166.jpg 300w, https:\/\/www.tribunaribeirao.com.br\/wp-content\/uploads\/2025\/06\/25-jun-2025-quadrilhadesmanche-768x425.jpg 768w, https:\/\/www.tribunaribeirao.com.br\/wp-content\/uploads\/2025\/06\/25-jun-2025-quadrilhadesmanche-724x400.jpg 724w, https:\/\/www.tribunaribeirao.com.br\/wp-content\/uploads\/2025\/06\/25-jun-2025-quadrilhadesmanche-585x323.jpg 585w\" data-sizes=\"(max-width: 800px) 100vw, 800px\" style=\"--smush-placeholder-width: 800px; --smush-placeholder-aspect-ratio: 800\/442;\"\/><figcaption id=\"caption-attachment-429692\" class=\"wp-caption-text\">Grupo movimentou cerca de R$ 14 milh\u00f5es com desmanches e lavagem de dinheiro (Foto: Pol\u00edcia Civil\/Divulga\u00e7\u00e3o)<\/figcaption><\/figure>\n<p><strong>A\u00e7\u00e3o conjunta<\/strong><\/p>\n<p>A opera\u00e7\u00e3o, batizada de \u201cElo Quebrado\u201d, contou com equipes de Barretos, Colina, Jaborandi e apoio do Detran-SP. As investiga\u00e7\u00f5es come\u00e7aram em abril do ano passado, ap\u00f3s outra opera\u00e7\u00e3o revelar ind\u00edcios de desmanche ilegal de ve\u00edculos pesados. No local, foram encontrados chassis com numera\u00e7\u00e3o suprimida, cabines adulteradas e pe\u00e7as de origem il\u00edcita.<\/p>\n<p>Com o avan\u00e7o das apura\u00e7\u00f5es, a pol\u00edcia descobriu que a quadrilha atuava em n\u00facleos distintos: log\u00edstica dos desmanches, uso de empresas de fachada e um bra\u00e7o financeiro para dissimular o lucro obtido. O grupo usava \u201claranjas\u201d, realizava dep\u00f3sitos em esp\u00e9cie e fragmentava valores para dificultar o rastreamento.<\/p>\n<p>Todos os envolvidos devem responder por organiza\u00e7\u00e3o criminosa e lavagem de dinheiro. As penas somadas podem chegar a 18 anos de pris\u00e3o. As investiga\u00e7\u00f5es continuam, e novos desdobramentos n\u00e3o est\u00e3o descartados.<\/p>\n<p>\u00a0<\/p>\n<p>_____<\/p>\n<p>\u00a0<\/p>\n<p>Jornal Tribuna Ribeir\u00e3o<br \/>Um Jornal com a cara de Ribeir\u00e3o!<\/p>\n<p>Impresso | WEB | Redes sociais<br \/>Tribuna Ribeir\u00e3o \u2013 Fone: (16) 3632-2200 \u2013 Whatsapp: (16) 98161-8743<br \/>Av. Bar\u00e3o do Bananal, 880 \u2013 Jardim Anhanguera, Ribeir\u00e3o Preto<\/p>\n<p>@tribunaribeirao<br \/>@meiaderibeirao<br \/>@dinoderibeirao<br \/>#TribunaRibeir\u00e3o<br \/>#News<br \/>#Not\u00edcia<br \/>#Ribeir\u00e3oPreto #Not\u00edciasDeRibeir\u00e3oPreto<br \/>#ClassificadosTribunaRibeir\u00e3o<br \/>#Jornalismo<br \/>#ClassificadosRibeir\u00e3o<\/p>\n<\/div>\n<p><script async src=\"\/\/platform.twitter.com\/widgets.js\" charset=\"utf-8\"><\/script><br \/>\n<br \/><br \/>\n<br \/><a href=\"https:\/\/www.tribunaribeirao.com.br\/policia-desarticula-quadrilha-que-movimentou-milhoes-com-desmanches\/\">Source link <\/a><\/p>\n<!-- CONTENT END 1 -->\n","protected":false},"excerpt":{"rendered":"<p>Cidade da regi\u00e3o foi um dos principais polos de opera\u00e7\u00e3o do grupo, que atuava h\u00e1 pelo menos cinco anos e tinha estrutura empresarial criminosa e&#8230;<\/p>\n","protected":false},"author":1,"featured_media":73095,"comment_status":"open","ping_status":"open","sticky":false,"template":"","format":"standard","meta":{"advanced_seo_description":"","jetpack_seo_html_title":"","jetpack_seo_noindex":false,"jetpack_post_was_ever_published":false,"_jetpack_newsletter_access":"","_jetpack_dont_email_post_to_subs":false,"_jetpack_newsletter_tier_id":0,"_jetpack_memberships_contains_paywalled_content":false,"_jetpack_memberships_contains_paid_content":false,"footnotes":"","jetpack_publicize_message":"","jetpack_publicize_feature_enabled":true,"jetpack_social_post_already_shared":true,"jetpack_social_options":{"image_generator_settings":{"template":"highway","default_image_id":0,"font":"","enabled":false},"version":2}},"categories":[11],"tags":[],"class_list":["post-73094","post","type-post","status-publish","format-standard","has-post-thumbnail","hentry","category-noticias-de-ribeirao-preto-sp-e-regiao-ismael-colosi"],"jetpack_publicize_connections":[],"jetpack_featured_media_url":"https:\/\/i0.wp.com\/noticiasribeiraopreto.com.br\/wp-content\/uploads\/2025\/06\/25-jun-2025-quadrilhadesmanche-scaled.jpg?fit=800%2C442&ssl=1","jetpack-related-posts":[{"id":34259,"url":"https:\/\/noticiasribeiraopreto.com.br\/index.php\/2024\/02\/01\/preso-em-ribeirao-preto-movimentou-mais-de-r-19-milhoes-em-lavagem-de-dinheiro\/","url_meta":{"origin":73094,"position":0},"title":"Preso em Ribeir\u00e3o Preto movimentou mais de R$ 19 milh\u00f5es em lavagem de dinheiro","author":"noticiasribeiraopreto.com.br","date":"1 de February de 2024","format":false,"excerpt":"A Pol\u00edcia Civil e a Pol\u00edcia Militar prenderam nove pessoas na manh\u00e3 desta quinta-feira (1\u00ba de fevereiro), em Ribeir\u00e3o Preto. As a\u00e7\u00f5es aconteceram em 10 bairros da cidade e contaram com o apoio do helic\u00f3ptero \u00c1guia. Um dos presos movimentou mais de R$ 19 milh\u00f5es em lavagem de dinheiro. Outro\u2026","rel":"","context":"In &quot;Not\u00edcias de Ribeir\u00e3o Preto-SP e Regi\u00e3o&quot;","block_context":{"text":"Not\u00edcias de Ribeir\u00e3o Preto-SP e Regi\u00e3o","link":"https:\/\/noticiasribeiraopreto.com.br\/index.php\/category\/noticias-de-ribeirao-preto-sp-e-regiao-ismael-colosi\/"},"img":{"alt_text":"","src":"https:\/\/i0.wp.com\/noticiasribeiraopreto.com.br\/wp-content\/uploads\/2024\/02\/aerea-aguia.jpg?fit=919%2C565&ssl=1&resize=350%2C200","width":350,"height":200,"srcset":"https:\/\/i0.wp.com\/noticiasribeiraopreto.com.br\/wp-content\/uploads\/2024\/02\/aerea-aguia.jpg?fit=919%2C565&ssl=1&resize=350%2C200 1x, https:\/\/i0.wp.com\/noticiasribeiraopreto.com.br\/wp-content\/uploads\/2024\/02\/aerea-aguia.jpg?fit=919%2C565&ssl=1&resize=525%2C300 1.5x, https:\/\/i0.wp.com\/noticiasribeiraopreto.com.br\/wp-content\/uploads\/2024\/02\/aerea-aguia.jpg?fit=919%2C565&ssl=1&resize=700%2C400 2x"},"classes":[]},{"id":14762,"url":"https:\/\/noticiasribeiraopreto.com.br\/index.php\/2023\/12\/12\/pf-e-gaeco-miram-quadrilha-que-movimentou-r-700-milhoes-com-drogas-e-lavagem-de-dinheiro-alvo-em-mt\/","url_meta":{"origin":73094,"position":1},"title":"PF e Gaeco miram quadrilha que movimentou R$ 700 milh\u00f5es com drogas e lavagem de dinheiro; alvo em MT","author":"noticiasribeiraopreto.com.br","date":"12 de December de 2023","format":false,"excerpt":"O Grupo de Atua\u00e7\u00e3o Especial de Combate ao Crime Organizado (GAECO) e a Pol\u00edcia Federal deflagraram nesta ter\u00e7a-feira (12), a Opera\u00e7\u00e3o Alcateia para desarticular organiza\u00e7\u00e3o criminosa dedicada ao tr\u00e1fico de drogas e lavagem de dinheiro estabelecida na cidade de Ribeir\u00e3o Preto (SP). Por determina\u00e7\u00e3o da Justi\u00e7a, foram cumpridos 26 mandados\u2026","rel":"","context":"In &quot;Not\u00edcias de Ribeir\u00e3o Preto-SP e Regi\u00e3o&quot;","block_context":{"text":"Not\u00edcias de Ribeir\u00e3o Preto-SP e Regi\u00e3o","link":"https:\/\/noticiasribeiraopreto.com.br\/index.php\/category\/noticias-de-ribeirao-preto-sp-e-regiao-ismael-colosi\/"},"img":{"alt_text":"","src":"https:\/\/i0.wp.com\/noticiasribeiraopreto.com.br\/wp-content\/uploads\/2023\/12\/a-a-16.webp.webp?fit=984%2C740&ssl=1&resize=350%2C200","width":350,"height":200,"srcset":"https:\/\/i0.wp.com\/noticiasribeiraopreto.com.br\/wp-content\/uploads\/2023\/12\/a-a-16.webp.webp?fit=984%2C740&ssl=1&resize=350%2C200 1x, https:\/\/i0.wp.com\/noticiasribeiraopreto.com.br\/wp-content\/uploads\/2023\/12\/a-a-16.webp.webp?fit=984%2C740&ssl=1&resize=525%2C300 1.5x, https:\/\/i0.wp.com\/noticiasribeiraopreto.com.br\/wp-content\/uploads\/2023\/12\/a-a-16.webp.webp?fit=984%2C740&ssl=1&resize=700%2C400 2x"},"classes":[]},{"id":75646,"url":"https:\/\/noticiasribeiraopreto.com.br\/index.php\/2025\/08\/13\/seis-sao-presos-por-movimentar-milhoes-do-trafico-em-rp\/","url_meta":{"origin":73094,"position":2},"title":"Seis s\u00e3o presos por movimentar milh\u00f5es do tr\u00e1fico em RP","author":"noticiasribeiraopreto.com.br","date":"13 de August de 2025","format":false,"excerpt":"Somente um bar no Ipiranga movimentou R$ 4 milh\u00f5es em seis meses; opera\u00e7\u00e3o \u00e9 decorrente de pris\u00e3o de chefes do tr\u00e1fico em 2024 13 de agosto de 2025 10:496 Compartilhar0 Por: Alfredo Risk e Adalberto Luque Seis pessoas foram presas, na manh\u00e3 desta quarta-feira (13), no \u00e2mbito da Opera\u00e7\u00e3o Ribeir\u00e3o.\u2026","rel":"","context":"In &quot;Not\u00edcias de Ribeir\u00e3o Preto-SP e Regi\u00e3o&quot;","block_context":{"text":"Not\u00edcias de Ribeir\u00e3o Preto-SP e Regi\u00e3o","link":"https:\/\/noticiasribeiraopreto.com.br\/index.php\/category\/noticias-de-ribeirao-preto-sp-e-regiao-ismael-colosi\/"},"img":{"alt_text":"","src":"https:\/\/i0.wp.com\/noticiasribeiraopreto.com.br\/wp-content\/uploads\/2025\/08\/13-agi-2025-operacaoribeirao1.jpg?fit=822%2C617&ssl=1&resize=350%2C200","width":350,"height":200,"srcset":"https:\/\/i0.wp.com\/noticiasribeiraopreto.com.br\/wp-content\/uploads\/2025\/08\/13-agi-2025-operacaoribeirao1.jpg?fit=822%2C617&ssl=1&resize=350%2C200 1x, https:\/\/i0.wp.com\/noticiasribeiraopreto.com.br\/wp-content\/uploads\/2025\/08\/13-agi-2025-operacaoribeirao1.jpg?fit=822%2C617&ssl=1&resize=525%2C300 1.5x, https:\/\/i0.wp.com\/noticiasribeiraopreto.com.br\/wp-content\/uploads\/2025\/08\/13-agi-2025-operacaoribeirao1.jpg?fit=822%2C617&ssl=1&resize=700%2C400 2x"},"classes":[]},{"id":67153,"url":"https:\/\/noticiasribeiraopreto.com.br\/index.php\/2025\/04\/10\/com-drones-e-ia-feira-especializada-em-cafe-ja-movimentou-mais-de-r-160-milhoes\/","url_meta":{"origin":73094,"position":3},"title":"Com drones e IA, feira especializada em caf\u00e9 j\u00e1 movimentou mais de R$ 160 milh\u00f5es","author":"noticiasribeiraopreto.com.br","date":"10 de April de 2025","format":false,"excerpt":"Nos dois primeiros dias, a 5\u00aa edi\u00e7\u00e3o da Feira Alta Caf\u00e9, realizada no Clube de Campo da Franca, movimentou mais de R$ 160 milh\u00f5es em neg\u00f3cios. O levantamento foi divulgado pela organiza\u00e7\u00e3o, que espera superar a cifra de R$ 200 milh\u00f5es ao t\u00e9rmino da feira, que ainda acontece nesta quinta-feira\u2026","rel":"","context":"In &quot;Not\u00edcias de Ribeir\u00e3o Preto-SP e Regi\u00e3o&quot;","block_context":{"text":"Not\u00edcias de Ribeir\u00e3o Preto-SP e Regi\u00e3o","link":"https:\/\/noticiasribeiraopreto.com.br\/index.php\/category\/noticias-de-ribeirao-preto-sp-e-regiao-ismael-colosi\/"},"img":{"alt_text":"","src":"https:\/\/i0.wp.com\/noticiasribeiraopreto.com.br\/wp-content\/uploads\/2025\/04\/drone-alta-cafe_2025-04-10_14-38-39_jpg_2025-04-10_14-38-39.webp.webp?fit=1024%2C683&ssl=1&resize=350%2C200","width":350,"height":200,"srcset":"https:\/\/i0.wp.com\/noticiasribeiraopreto.com.br\/wp-content\/uploads\/2025\/04\/drone-alta-cafe_2025-04-10_14-38-39_jpg_2025-04-10_14-38-39.webp.webp?fit=1024%2C683&ssl=1&resize=350%2C200 1x, https:\/\/i0.wp.com\/noticiasribeiraopreto.com.br\/wp-content\/uploads\/2025\/04\/drone-alta-cafe_2025-04-10_14-38-39_jpg_2025-04-10_14-38-39.webp.webp?fit=1024%2C683&ssl=1&resize=525%2C300 1.5x, https:\/\/i0.wp.com\/noticiasribeiraopreto.com.br\/wp-content\/uploads\/2025\/04\/drone-alta-cafe_2025-04-10_14-38-39_jpg_2025-04-10_14-38-39.webp.webp?fit=1024%2C683&ssl=1&resize=700%2C400 2x"},"classes":[]},{"id":14664,"url":"https:\/\/noticiasribeiraopreto.com.br\/index.php\/2023\/12\/12\/pf-e-gaeco-prendem-integrantes-de-quadrilha-que-movimentou-r-700-milhoes\/","url_meta":{"origin":73094,"position":4},"title":"PF e GAECO prendem integrantes de quadrilha que movimentou R$ 700 milh\u00f5es","author":"noticiasribeiraopreto.com.br","date":"12 de December de 2023","format":false,"excerpt":"Grupo que agia em pelo menos seis estados a partir de Ribeir\u00e3o Preto, criou sofisticado esquema criminoso para tr\u00e1fico de drogas e lavagem de dinheiro 12 de dezembro de 2023 | 10:24 2Por: Adalberto LuqueA Pol\u00edcia Federal (PF) e o Grupo de Atua\u00e7\u00e3o Especial de Combate ao Crime Organizado (GAECO),\u2026","rel":"","context":"In &quot;Not\u00edcias de Ribeir\u00e3o Preto-SP e Regi\u00e3o&quot;","block_context":{"text":"Not\u00edcias de Ribeir\u00e3o Preto-SP e Regi\u00e3o","link":"https:\/\/noticiasribeiraopreto.com.br\/index.php\/category\/noticias-de-ribeirao-preto-sp-e-regiao-ismael-colosi\/"},"img":{"alt_text":"","src":"https:\/\/i0.wp.com\/noticiasribeiraopreto.com.br\/wp-content\/uploads\/2023\/12\/00-12-dez-2023-operacao-alcateia-01-foto-pf-scaled.jpg?fit=860%2C645&ssl=1&resize=350%2C200","width":350,"height":200,"srcset":"https:\/\/i0.wp.com\/noticiasribeiraopreto.com.br\/wp-content\/uploads\/2023\/12\/00-12-dez-2023-operacao-alcateia-01-foto-pf-scaled.jpg?fit=860%2C645&ssl=1&resize=350%2C200 1x, https:\/\/i0.wp.com\/noticiasribeiraopreto.com.br\/wp-content\/uploads\/2023\/12\/00-12-dez-2023-operacao-alcateia-01-foto-pf-scaled.jpg?fit=860%2C645&ssl=1&resize=525%2C300 1.5x, https:\/\/i0.wp.com\/noticiasribeiraopreto.com.br\/wp-content\/uploads\/2023\/12\/00-12-dez-2023-operacao-alcateia-01-foto-pf-scaled.jpg?fit=860%2C645&ssl=1&resize=700%2C400 2x"},"classes":[]},{"id":75659,"url":"https:\/\/noticiasribeiraopreto.com.br\/index.php\/2025\/08\/13\/bar-de-ribeirao-preto-movimentou-r-4-milhoes-do-trafico-diz-policia\/","url_meta":{"origin":73094,"position":5},"title":"Bar de Ribeir\u00e3o Preto movimentou R$ 4 milh\u00f5es do tr\u00e1fico, diz pol\u00edcia","author":"noticiasribeiraopreto.com.br","date":"13 de August de 2025","format":false,"excerpt":"O dono de um bar foi preso durante a opera\u00e7\u00e3o Ribeir\u00e3o contra o Tr\u00e1fico, deflagada pela Pol\u00edcia Civil na manh\u00e3 desta quarta-feira (13), em Ribeir\u00e3o Preto. O estabelecimento, localizado na equina das ruas Itagua\u00e7u e General C\u00e2mara, no bairro Ipiranga, zona Norte, \u00e9 apontado pela pol\u00edcia por movimentar R$ 4\u2026","rel":"","context":"In &quot;Not\u00edcias de Ribeir\u00e3o Preto-SP e Regi\u00e3o&quot;","block_context":{"text":"Not\u00edcias de Ribeir\u00e3o Preto-SP e Regi\u00e3o","link":"https:\/\/noticiasribeiraopreto.com.br\/index.php\/category\/noticias-de-ribeirao-preto-sp-e-regiao-ismael-colosi\/"},"img":{"alt_text":"","src":"https:\/\/i0.wp.com\/noticiasribeiraopreto.com.br\/wp-content\/uploads\/2025\/08\/WhatsApp-Image-2025-08-13-at-10.26.11_2025-08-13_13-27-30.webp.webp?fit=1200%2C900&ssl=1&resize=350%2C200","width":350,"height":200,"srcset":"https:\/\/i0.wp.com\/noticiasribeiraopreto.com.br\/wp-content\/uploads\/2025\/08\/WhatsApp-Image-2025-08-13-at-10.26.11_2025-08-13_13-27-30.webp.webp?fit=1200%2C900&ssl=1&resize=350%2C200 1x, https:\/\/i0.wp.com\/noticiasribeiraopreto.com.br\/wp-content\/uploads\/2025\/08\/WhatsApp-Image-2025-08-13-at-10.26.11_2025-08-13_13-27-30.webp.webp?fit=1200%2C900&ssl=1&resize=525%2C300 1.5x, https:\/\/i0.wp.com\/noticiasribeiraopreto.com.br\/wp-content\/uploads\/2025\/08\/WhatsApp-Image-2025-08-13-at-10.26.11_2025-08-13_13-27-30.webp.webp?fit=1200%2C900&ssl=1&resize=700%2C400 2x, https:\/\/i0.wp.com\/noticiasribeiraopreto.com.br\/wp-content\/uploads\/2025\/08\/WhatsApp-Image-2025-08-13-at-10.26.11_2025-08-13_13-27-30.webp.webp?fit=1200%2C900&ssl=1&resize=1050%2C600 3x"},"classes":[]}],"jetpack_sharing_enabled":true,"jetpack_shortlink":"https:\/\/wp.me\/peQAOb-j0W","_links":{"self":[{"href":"https:\/\/noticiasribeiraopreto.com.br\/index.php\/wp-json\/wp\/v2\/posts\/73094","targetHints":{"allow":["GET"]}}],"collection":[{"href":"https:\/\/noticiasribeiraopreto.com.br\/index.php\/wp-json\/wp\/v2\/posts"}],"about":[{"href":"https:\/\/noticiasribeiraopreto.com.br\/index.php\/wp-json\/wp\/v2\/types\/post"}],"author":[{"embeddable":true,"href":"https:\/\/noticiasribeiraopreto.com.br\/index.php\/wp-json\/wp\/v2\/users\/1"}],"replies":[{"embeddable":true,"href":"https:\/\/noticiasribeiraopreto.com.br\/index.php\/wp-json\/wp\/v2\/comments?post=73094"}],"version-history":[{"count":0,"href":"https:\/\/noticiasribeiraopreto.com.br\/index.php\/wp-json\/wp\/v2\/posts\/73094\/revisions"}],"wp:featuredmedia":[{"embeddable":true,"href":"https:\/\/noticiasribeiraopreto.com.br\/index.php\/wp-json\/wp\/v2\/media\/73095"}],"wp:attachment":[{"href":"https:\/\/noticiasribeiraopreto.com.br\/index.php\/wp-json\/wp\/v2\/media?parent=73094"}],"wp:term":[{"taxonomy":"category","embeddable":true,"href":"https:\/\/noticiasribeiraopreto.com.br\/index.php\/wp-json\/wp\/v2\/categories?post=73094"},{"taxonomy":"post_tag","embeddable":true,"href":"https:\/\/noticiasribeiraopreto.com.br\/index.php\/wp-json\/wp\/v2\/tags?post=73094"}],"curies":[{"name":"wp","href":"https:\/\/api.w.org\/{rel}","templated":true}]}}