{"id":73173,"date":"2025-06-26T13:48:21","date_gmt":"2025-06-26T16:48:21","guid":{"rendered":"https:\/\/noticiasribeiraopreto.com.br\/index.php\/2025\/06\/26\/ribeirao-preto-recebe-o-arraia-veg-com-130-opcoes-de-comidas-e-bebidas-veganas-veja-quando\/"},"modified":"2025-06-26T13:48:21","modified_gmt":"2025-06-26T16:48:21","slug":"ribeirao-preto-recebe-o-arraia-veg-com-130-opcoes-de-comidas-e-bebidas-veganas-veja-quando","status":"publish","type":"post","link":"https:\/\/noticiasribeiraopreto.com.br\/index.php\/2025\/06\/26\/ribeirao-preto-recebe-o-arraia-veg-com-130-opcoes-de-comidas-e-bebidas-veganas-veja-quando\/","title":{"rendered":"Ribeir\u00e3o Preto recebe o &#8216;Arrai\u00e1 Veg&#8217; com 130 op\u00e7\u00f5es de comidas e bebidas veganas; Veja quando"},"content":{"rendered":"<div class='code-block code-block-1' style='margin: 8px 0 8px auto; text-align: right; display: block; clear: both;'>\n<p><a href=\"https:\/\/wa.link\/vpicfd\"><img data-recalc-dims=\"1\" class=\"wp-image-4922\" style=\"aspect-ratio: 2.0253164556962027; width: 561px; height: auto;\" src=\"https:\/\/i0.wp.com\/ismaelcolosi.com.br\/wp-content\/uploads\/2023\/11\/grupo-de-empregos-whatsapp-e-facebook-ismael-colosi-vagas.jpg?ssl=1\" alt=\"\" \/><\/a><\/p>\n<!-- \/wp:image -->\n<\/div>\n<p> <br \/>\n<\/p>\n<div data-td-block-uid=\"tdi_95\">\n<div class=\"tdb-block-inner td-fix-index\">\n<p><strong>Ribeir\u00e3o Preto receber\u00e1 a 7\u00aa edi\u00e7\u00e3o do \u201cArrai\u00e1 Veg\u201d, com del\u00edcias t\u00edpicas das festas juninas em vers\u00f5es veganas.<\/strong><\/p>\n<p>O <strong>evento<\/strong>, promovido pela <strong>VegRibeir\u00e3o<\/strong>, ser\u00e1 no pr\u00f3ximo <strong>domingo (29)<\/strong>, a partir das <strong>15h<\/strong>, na <strong>Pra\u00e7a do Canh\u00e3o<\/strong>, na <strong>rotat\u00f3ria <\/strong>das <strong>avenidas Treze de Maio e Castelo Branco<\/strong>, no Parque dos Bandeirantes, na zona Leste. A <strong>entrada <\/strong>\u00e9 <strong>gratuita<\/strong>.<\/p>\n<h2 class=\"wp-block-heading\"><strong>O que vai ter?<\/strong><\/h2>\n<p>Entre as op\u00e7\u00f5es do card\u00e1pio, h\u00e1 cachorro-quente, lanches, salgados, caldos, bolos, ma\u00e7\u00e3 do amor, quent\u00e3o e chocolate quente, tudo preparado sem ingredientes de origem animal para atender vegetarianos, veganos, pessoas com restri\u00e7\u00e3o alimentar e aquelas que buscam um estilo de vida mais consciente.<\/p>\n<p>Al\u00e9m da gastronomia, a festa ter\u00e1 forr\u00f3 ao vivo com o trio Tr\u00eas de Raiz e aula gratuita de forr\u00f3 roots com o Projeto Forrozeiro.<\/p>\n<p>As crian\u00e7as tamb\u00e9m ter\u00e3o op\u00e7\u00f5es de brinquedos infl\u00e1veis e brincadeiras tradicionais.<\/p>\n<h3 class=\"wp-block-heading\"><strong>Servi\u00e7o<\/strong><\/h3>\n<p><em>7\u00ba \u201cArrai\u00e1 Veg\u201d<\/em><\/p>\n<p>Data: 29 de junho (domingo)<br \/>Hor\u00e1rio: 15h \u00e0s 21h30<br \/>Local: Pra\u00e7a dos Expedicion\u00e1rios (Pra\u00e7a do Canh\u00e3o) \u2013 Rua Piracicaba, 1.866, Parque dos Bandeirantes \u2013 Ribeir\u00e3o Preto<br \/>Entrada e atividades gratuitas<br \/>Mais informa\u00e7\u00f5es no Instagram da VegRibeir\u00e3o (<a href=\"https:\/\/www.instagram.com\/vegribeirao\/\">Clique aqui<\/a>)<\/p>\n<p><!-- AI CONTENT END 2 -->\n<\/div>\n<\/div>\n<p><script async src=\"\/\/www.instagram.com\/embed.js\"><\/script><br \/>\n<br \/><br \/>\n<br \/><a href=\"https:\/\/www.acidadeon.com\/ribeiraopreto\/lazer-e-cultura\/ribeirao-preto-recebe-o-arraia-veg-com-130-opcoes-de-comidas-e-bebidas-veganas-veja-quando\/\">Source link <\/a><\/p>\n<!-- CONTENT END 1 -->\n","protected":false},"excerpt":{"rendered":"<p>Ribeir\u00e3o Preto receber\u00e1 a 7\u00aa edi\u00e7\u00e3o do \u201cArrai\u00e1 Veg\u201d, com del\u00edcias t\u00edpicas das festas juninas em vers\u00f5es veganas. O evento, promovido pela VegRibeir\u00e3o, ser\u00e1 no&#8230;<\/p>\n","protected":false},"author":1,"featured_media":73174,"comment_status":"open","ping_status":"open","sticky":false,"template":"","format":"standard","meta":{"advanced_seo_description":"","jetpack_seo_html_title":"","jetpack_seo_noindex":false,"jetpack_post_was_ever_published":false,"_jetpack_newsletter_access":"","_jetpack_dont_email_post_to_subs":false,"_jetpack_newsletter_tier_id":0,"_jetpack_memberships_contains_paywalled_content":false,"_jetpack_memberships_contains_paid_content":false,"footnotes":"","jetpack_publicize_message":"","jetpack_publicize_feature_enabled":true,"jetpack_social_post_already_shared":true,"jetpack_social_options":{"image_generator_settings":{"template":"highway","default_image_id":0,"font":"","enabled":false},"version":2}},"categories":[11],"tags":[],"class_list":["post-73173","post","type-post","status-publish","format-standard","has-post-thumbnail","hentry","category-noticias-de-ribeirao-preto-sp-e-regiao-ismael-colosi"],"jetpack_publicize_connections":[],"jetpack_featured_media_url":"https:\/\/i0.wp.com\/noticiasribeiraopreto.com.br\/wp-content\/uploads\/2025\/06\/espetinho-de-morango_2025-06-26_13-19-20.webp.webp?fit=329%2C357&ssl=1","jetpack-related-posts":[{"id":6193,"url":"https:\/\/noticiasribeiraopreto.com.br\/index.php\/2023\/11\/25\/ribeirao-preto-recebe-feira-vegana-com-entrada-gratuita\/","url_meta":{"origin":73173,"position":0},"title":"Ribeir\u00e3o Preto recebe feira vegana com entrada gratuita\u00a0","author":"noticiasribeiraopreto.com.br","date":"25 de November de 2023","format":false,"excerpt":"Ribeir\u00e3o Preto recebe, neste s\u00e1bado (25), a 4\u00b0 edi\u00e7\u00e3o da Festa das Na\u00e7\u00f5es Veg, que re\u00fane comidas t\u00edpicas de v\u00e1rios pa\u00edses e atra\u00e7\u00f5es culturais, na zona Sul. A entrada e o estacionamento s\u00e3o gratuitos. \u00a0 O evento, na sede da AEAARP, acontece das 12h \u00e0s 20h e ter\u00e1 vers\u00f5es veganas\u2026","rel":"","context":"In &quot;Not\u00edcias de Ribeir\u00e3o Preto-SP e Regi\u00e3o&quot;","block_context":{"text":"Not\u00edcias de Ribeir\u00e3o Preto-SP e Regi\u00e3o","link":"https:\/\/noticiasribeiraopreto.com.br\/index.php\/category\/noticias-de-ribeirao-preto-sp-e-regiao-ismael-colosi\/"},"img":{"alt_text":"","src":"https:\/\/i0.wp.com\/noticiasribeiraopreto.com.br\/wp-content\/uploads\/2023\/11\/398996251_18234458797246288_252744082695163226_n.jpg?fit=1080%2C721&ssl=1&resize=350%2C200","width":350,"height":200,"srcset":"https:\/\/i0.wp.com\/noticiasribeiraopreto.com.br\/wp-content\/uploads\/2023\/11\/398996251_18234458797246288_252744082695163226_n.jpg?fit=1080%2C721&ssl=1&resize=350%2C200 1x, https:\/\/i0.wp.com\/noticiasribeiraopreto.com.br\/wp-content\/uploads\/2023\/11\/398996251_18234458797246288_252744082695163226_n.jpg?fit=1080%2C721&ssl=1&resize=525%2C300 1.5x, https:\/\/i0.wp.com\/noticiasribeiraopreto.com.br\/wp-content\/uploads\/2023\/11\/398996251_18234458797246288_252744082695163226_n.jpg?fit=1080%2C721&ssl=1&resize=700%2C400 2x, https:\/\/i0.wp.com\/noticiasribeiraopreto.com.br\/wp-content\/uploads\/2023\/11\/398996251_18234458797246288_252744082695163226_n.jpg?fit=1080%2C721&ssl=1&resize=1050%2C600 3x"},"classes":[]},{"id":63341,"url":"https:\/\/noticiasribeiraopreto.com.br\/index.php\/2025\/02\/10\/feira-vegana-em-ribeirao-preto-tera-edicao-especial-de-carnaval-veja-quando\/","url_meta":{"origin":73173,"position":1},"title":"Feira vegana em Ribeir\u00e3o Preto ter\u00e1 edi\u00e7\u00e3o especial de Carnaval; veja quando","author":"noticiasribeiraopreto.com.br","date":"10 de February de 2025","format":false,"excerpt":"No pr\u00f3ximo s\u00e1bado, 15 de fevereiro, Ribeir\u00e3o Preto recebe a edi\u00e7\u00e3o especial de Carnaval da Feira Veg. O evento, com entrada gratuita, traz uma sele\u00e7\u00e3o de expositores locais e oferece uma gama de op\u00e7\u00f5es livres de ingredientes de origem animal e n\u00e3o testados em animais. A Feira Veg acontece na\u2026","rel":"","context":"In &quot;Not\u00edcias de Ribeir\u00e3o Preto-SP e Regi\u00e3o&quot;","block_context":{"text":"Not\u00edcias de Ribeir\u00e3o Preto-SP e Regi\u00e3o","link":"https:\/\/noticiasribeiraopreto.com.br\/index.php\/category\/noticias-de-ribeirao-preto-sp-e-regiao-ismael-colosi\/"},"img":{"alt_text":"","src":"https:\/\/i0.wp.com\/noticiasribeiraopreto.com.br\/wp-content\/uploads\/2024\/12\/WhatsApp-Image-2024-12-21-at-08.34.29_2024-12-21_13-09-56_jpeg_2024-12-21_13-09-57.webp.webp?fit=1200%2C800&ssl=1&resize=350%2C200","width":350,"height":200,"srcset":"https:\/\/i0.wp.com\/noticiasribeiraopreto.com.br\/wp-content\/uploads\/2024\/12\/WhatsApp-Image-2024-12-21-at-08.34.29_2024-12-21_13-09-56_jpeg_2024-12-21_13-09-57.webp.webp?fit=1200%2C800&ssl=1&resize=350%2C200 1x, https:\/\/i0.wp.com\/noticiasribeiraopreto.com.br\/wp-content\/uploads\/2024\/12\/WhatsApp-Image-2024-12-21-at-08.34.29_2024-12-21_13-09-56_jpeg_2024-12-21_13-09-57.webp.webp?fit=1200%2C800&ssl=1&resize=525%2C300 1.5x, https:\/\/i0.wp.com\/noticiasribeiraopreto.com.br\/wp-content\/uploads\/2024\/12\/WhatsApp-Image-2024-12-21-at-08.34.29_2024-12-21_13-09-56_jpeg_2024-12-21_13-09-57.webp.webp?fit=1200%2C800&ssl=1&resize=700%2C400 2x, https:\/\/i0.wp.com\/noticiasribeiraopreto.com.br\/wp-content\/uploads\/2024\/12\/WhatsApp-Image-2024-12-21-at-08.34.29_2024-12-21_13-09-56_jpeg_2024-12-21_13-09-57.webp.webp?fit=1200%2C800&ssl=1&resize=1050%2C600 3x"},"classes":[]},{"id":77072,"url":"https:\/\/noticiasribeiraopreto.com.br\/index.php\/2025\/09\/11\/ribeirao-preto-recebe-nova-edicao-de-feira-vegana-veja-quando\/","url_meta":{"origin":73173,"position":2},"title":"Ribeir\u00e3o Preto recebe nova edi\u00e7\u00e3o de feira vegana; Veja quando","author":"noticiasribeiraopreto.com.br","date":"11 de September de 2025","format":false,"excerpt":"Ribeir\u00e3o Preto recebe a edi\u00e7\u00e3o de primavera da Feira Veg, com op\u00e7\u00f5es de gastronomia vegana, cosm\u00e9ticos naturais, moda consciente e artesanato sustent\u00e1vel. O evento acontecer\u00e1 no pr\u00f3ximo s\u00e1bado (13), das 10h \u00e0s 17h, no Sesi Ribeir\u00e3o, com entrada pela rua Artur Jos\u00e9 Suzana, s\/n\u00ba, no Jardim Castelo Branco, zona Leste.\u2026","rel":"","context":"In &quot;Not\u00edcias de Ribeir\u00e3o Preto-SP e Regi\u00e3o&quot;","block_context":{"text":"Not\u00edcias de Ribeir\u00e3o Preto-SP e Regi\u00e3o","link":"https:\/\/noticiasribeiraopreto.com.br\/index.php\/category\/noticias-de-ribeirao-preto-sp-e-regiao-ismael-colosi\/"},"img":{"alt_text":"","src":"https:\/\/i0.wp.com\/noticiasribeiraopreto.com.br\/wp-content\/uploads\/2025\/09\/queijo_2025-09-11_12-31-13.webp.webp?fit=1200%2C863&ssl=1&resize=350%2C200","width":350,"height":200,"srcset":"https:\/\/i0.wp.com\/noticiasribeiraopreto.com.br\/wp-content\/uploads\/2025\/09\/queijo_2025-09-11_12-31-13.webp.webp?fit=1200%2C863&ssl=1&resize=350%2C200 1x, https:\/\/i0.wp.com\/noticiasribeiraopreto.com.br\/wp-content\/uploads\/2025\/09\/queijo_2025-09-11_12-31-13.webp.webp?fit=1200%2C863&ssl=1&resize=525%2C300 1.5x, https:\/\/i0.wp.com\/noticiasribeiraopreto.com.br\/wp-content\/uploads\/2025\/09\/queijo_2025-09-11_12-31-13.webp.webp?fit=1200%2C863&ssl=1&resize=700%2C400 2x, https:\/\/i0.wp.com\/noticiasribeiraopreto.com.br\/wp-content\/uploads\/2025\/09\/queijo_2025-09-11_12-31-13.webp.webp?fit=1200%2C863&ssl=1&resize=1050%2C600 3x"},"classes":[]},{"id":61767,"url":"https:\/\/noticiasribeiraopreto.com.br\/index.php\/2024\/12\/21\/feira-vegana-tem-local-alterado-em-ribeirao-preto-confira\/","url_meta":{"origin":73173,"position":3},"title":"Feira vegana tem local alterado em Ribeir\u00e3o Preto; Confira","author":"noticiasribeiraopreto.com.br","date":"21 de December de 2024","format":false,"excerpt":"Ribeir\u00e3o Preto recebe neste s\u00e1bado (21), a edi\u00e7\u00e3o especial de Natal da Feira Veg, evento com entrada gratuita que re\u00fane uma sele\u00e7\u00e3o de expositores locais e oferece op\u00e7\u00f5es livre de ingredientes de origem animal ou testes em animais. O evento aconteceria em uma pra\u00e7a da zona Leste da cidade, no\u2026","rel":"","context":"In &quot;Not\u00edcias de Ribeir\u00e3o Preto-SP e Regi\u00e3o&quot;","block_context":{"text":"Not\u00edcias de Ribeir\u00e3o Preto-SP e Regi\u00e3o","link":"https:\/\/noticiasribeiraopreto.com.br\/index.php\/category\/noticias-de-ribeirao-preto-sp-e-regiao-ismael-colosi\/"},"img":{"alt_text":"","src":"https:\/\/i0.wp.com\/noticiasribeiraopreto.com.br\/wp-content\/uploads\/2024\/12\/WhatsApp-Image-2024-12-21-at-08.34.29_2024-12-21_13-09-56_jpeg_2024-12-21_13-09-57.webp.webp?fit=1200%2C800&ssl=1&resize=350%2C200","width":350,"height":200,"srcset":"https:\/\/i0.wp.com\/noticiasribeiraopreto.com.br\/wp-content\/uploads\/2024\/12\/WhatsApp-Image-2024-12-21-at-08.34.29_2024-12-21_13-09-56_jpeg_2024-12-21_13-09-57.webp.webp?fit=1200%2C800&ssl=1&resize=350%2C200 1x, https:\/\/i0.wp.com\/noticiasribeiraopreto.com.br\/wp-content\/uploads\/2024\/12\/WhatsApp-Image-2024-12-21-at-08.34.29_2024-12-21_13-09-56_jpeg_2024-12-21_13-09-57.webp.webp?fit=1200%2C800&ssl=1&resize=525%2C300 1.5x, https:\/\/i0.wp.com\/noticiasribeiraopreto.com.br\/wp-content\/uploads\/2024\/12\/WhatsApp-Image-2024-12-21-at-08.34.29_2024-12-21_13-09-56_jpeg_2024-12-21_13-09-57.webp.webp?fit=1200%2C800&ssl=1&resize=700%2C400 2x, https:\/\/i0.wp.com\/noticiasribeiraopreto.com.br\/wp-content\/uploads\/2024\/12\/WhatsApp-Image-2024-12-21-at-08.34.29_2024-12-21_13-09-56_jpeg_2024-12-21_13-09-57.webp.webp?fit=1200%2C800&ssl=1&resize=1050%2C600 3x"},"classes":[]},{"id":78210,"url":"https:\/\/noticiasribeiraopreto.com.br\/index.php\/2025\/10\/04\/ribeirao-preto-recebe-feira-com-gastronomia-vegana-artesanato-e-atividades-gratuitas\/","url_meta":{"origin":73173,"position":4},"title":"Ribeir\u00e3o Preto recebe feira com gastronomia vegana, artesanato e atividades gratuitas","author":"noticiasribeiraopreto.com.br","date":"4 de October de 2025","format":false,"excerpt":"Em parceria com o Sesc Ribeir\u00e3o acontece mais uma edi\u00e7\u00e3o da Feira Veg, em Ribeir\u00e3o Preto, neste domingo (5), das 9h \u00e0s 12h. O evento conta expositores locais oferecendo uma ampla variedade de produtos veganos. Esta edi\u00e7\u00e3o d\u00e1 in\u00edcio oficial das atividades do Sesc Ribeir\u00e3o na nova unidade, localizada na\u2026","rel":"","context":"In &quot;Not\u00edcias de Ribeir\u00e3o Preto-SP e Regi\u00e3o&quot;","block_context":{"text":"Not\u00edcias de Ribeir\u00e3o Preto-SP e Regi\u00e3o","link":"https:\/\/noticiasribeiraopreto.com.br\/index.php\/category\/noticias-de-ribeirao-preto-sp-e-regiao-ismael-colosi\/"},"img":{"alt_text":"","src":"https:\/\/i0.wp.com\/noticiasribeiraopreto.com.br\/wp-content\/uploads\/2025\/10\/feira-veg_2025-10-04_15-05-37.webp.webp?fit=1200%2C675&ssl=1&resize=350%2C200","width":350,"height":200,"srcset":"https:\/\/i0.wp.com\/noticiasribeiraopreto.com.br\/wp-content\/uploads\/2025\/10\/feira-veg_2025-10-04_15-05-37.webp.webp?fit=1200%2C675&ssl=1&resize=350%2C200 1x, https:\/\/i0.wp.com\/noticiasribeiraopreto.com.br\/wp-content\/uploads\/2025\/10\/feira-veg_2025-10-04_15-05-37.webp.webp?fit=1200%2C675&ssl=1&resize=525%2C300 1.5x, https:\/\/i0.wp.com\/noticiasribeiraopreto.com.br\/wp-content\/uploads\/2025\/10\/feira-veg_2025-10-04_15-05-37.webp.webp?fit=1200%2C675&ssl=1&resize=700%2C400 2x, https:\/\/i0.wp.com\/noticiasribeiraopreto.com.br\/wp-content\/uploads\/2025\/10\/feira-veg_2025-10-04_15-05-37.webp.webp?fit=1200%2C675&ssl=1&resize=1050%2C600 3x"},"classes":[]},{"id":50705,"url":"https:\/\/noticiasribeiraopreto.com.br\/index.php\/2024\/05\/18\/rota-do-arraia-da-eptv-2024-vai-comecar-na-regiao-de-ribeirao-preto\/","url_meta":{"origin":73173,"position":5},"title":"Rota do Arrai\u00e1 da EPTV 2024 vai come\u00e7ar na regi\u00e3o de Ribeir\u00e3o Preto!","author":"noticiasribeiraopreto.com.br","date":"18 de May de 2024","format":false,"excerpt":"Vai come\u00e7ar a terceira edi\u00e7\u00e3o da Rota do Arrai\u00e1 da EPTV. E, neste ano, ele ser\u00e1 ainda maior! J\u00e1 s\u00e3o mais de 20 festas confirmadas na regi\u00e3o de Ribeir\u00e3o Preto. Confira todos os detalhes da Rota do Arrai\u00e1 da EPTV em rotadoarraia.com.br: A Rota do Arrai\u00e1 da EPTV A Rota\u2026","rel":"","context":"In &quot;Not\u00edcias de Ribeir\u00e3o Preto-SP e Regi\u00e3o&quot;","block_context":{"text":"Not\u00edcias de Ribeir\u00e3o Preto-SP e Regi\u00e3o","link":"https:\/\/noticiasribeiraopreto.com.br\/index.php\/category\/noticias-de-ribeirao-preto-sp-e-regiao-ismael-colosi\/"},"img":{"alt_text":"","src":"https:\/\/i0.wp.com\/noticiasribeiraopreto.com.br\/wp-content\/uploads\/2024\/05\/rota-do-arraia_2024-05-18_13-55-43_jpg_2024-05-18_13-55-44.webp.webp?fit=1200%2C647&ssl=1&resize=350%2C200","width":350,"height":200,"srcset":"https:\/\/i0.wp.com\/noticiasribeiraopreto.com.br\/wp-content\/uploads\/2024\/05\/rota-do-arraia_2024-05-18_13-55-43_jpg_2024-05-18_13-55-44.webp.webp?fit=1200%2C647&ssl=1&resize=350%2C200 1x, https:\/\/i0.wp.com\/noticiasribeiraopreto.com.br\/wp-content\/uploads\/2024\/05\/rota-do-arraia_2024-05-18_13-55-43_jpg_2024-05-18_13-55-44.webp.webp?fit=1200%2C647&ssl=1&resize=525%2C300 1.5x, https:\/\/i0.wp.com\/noticiasribeiraopreto.com.br\/wp-content\/uploads\/2024\/05\/rota-do-arraia_2024-05-18_13-55-43_jpg_2024-05-18_13-55-44.webp.webp?fit=1200%2C647&ssl=1&resize=700%2C400 2x, https:\/\/i0.wp.com\/noticiasribeiraopreto.com.br\/wp-content\/uploads\/2024\/05\/rota-do-arraia_2024-05-18_13-55-43_jpg_2024-05-18_13-55-44.webp.webp?fit=1200%2C647&ssl=1&resize=1050%2C600 3x"},"classes":[]}],"jetpack_sharing_enabled":true,"jetpack_shortlink":"https:\/\/wp.me\/peQAOb-j2d","_links":{"self":[{"href":"https:\/\/noticiasribeiraopreto.com.br\/index.php\/wp-json\/wp\/v2\/posts\/73173","targetHints":{"allow":["GET"]}}],"collection":[{"href":"https:\/\/noticiasribeiraopreto.com.br\/index.php\/wp-json\/wp\/v2\/posts"}],"about":[{"href":"https:\/\/noticiasribeiraopreto.com.br\/index.php\/wp-json\/wp\/v2\/types\/post"}],"author":[{"embeddable":true,"href":"https:\/\/noticiasribeiraopreto.com.br\/index.php\/wp-json\/wp\/v2\/users\/1"}],"replies":[{"embeddable":true,"href":"https:\/\/noticiasribeiraopreto.com.br\/index.php\/wp-json\/wp\/v2\/comments?post=73173"}],"version-history":[{"count":0,"href":"https:\/\/noticiasribeiraopreto.com.br\/index.php\/wp-json\/wp\/v2\/posts\/73173\/revisions"}],"wp:featuredmedia":[{"embeddable":true,"href":"https:\/\/noticiasribeiraopreto.com.br\/index.php\/wp-json\/wp\/v2\/media\/73174"}],"wp:attachment":[{"href":"https:\/\/noticiasribeiraopreto.com.br\/index.php\/wp-json\/wp\/v2\/media?parent=73173"}],"wp:term":[{"taxonomy":"category","embeddable":true,"href":"https:\/\/noticiasribeiraopreto.com.br\/index.php\/wp-json\/wp\/v2\/categories?post=73173"},{"taxonomy":"post_tag","embeddable":true,"href":"https:\/\/noticiasribeiraopreto.com.br\/index.php\/wp-json\/wp\/v2\/tags?post=73173"}],"curies":[{"name":"wp","href":"https:\/\/api.w.org\/{rel}","templated":true}]}}