{"id":73177,"date":"2025-06-26T16:17:20","date_gmt":"2025-06-26T19:17:20","guid":{"rendered":"https:\/\/noticiasribeiraopreto.com.br\/index.php\/2025\/06\/26\/video-elizabete-solicita-prisao-domiciliar-em-novo-depoimento-a-justica\/"},"modified":"2025-06-26T16:17:20","modified_gmt":"2025-06-26T19:17:20","slug":"video-elizabete-solicita-prisao-domiciliar-em-novo-depoimento-a-justica","status":"publish","type":"post","link":"https:\/\/noticiasribeiraopreto.com.br\/index.php\/2025\/06\/26\/video-elizabete-solicita-prisao-domiciliar-em-novo-depoimento-a-justica\/","title":{"rendered":"V\u00cdDEO: Elizabete solicita pris\u00e3o domiciliar em novo depoimento \u00e0 Justi\u00e7a"},"content":{"rendered":"<div class='code-block code-block-1' style='margin: 8px 0 8px auto; text-align: right; display: block; clear: both;'>\n<p><a href=\"https:\/\/wa.link\/vpicfd\"><img data-recalc-dims=\"1\" class=\"wp-image-4922\" style=\"aspect-ratio: 2.0253164556962027; width: 561px; height: auto;\" src=\"https:\/\/i0.wp.com\/ismaelcolosi.com.br\/wp-content\/uploads\/2023\/11\/grupo-de-empregos-whatsapp-e-facebook-ismael-colosi-vagas.jpg?ssl=1\" alt=\"\" \/><\/a><\/p>\n<!-- \/wp:image -->\n<\/div>\n<p> <br \/>\n<\/p>\n<div id=\"\">\n<p>\n\t\t\t\t\t\t\t\t\t<span class=\"entry-meta-item penci-posted-on\"><i class=\"fa fa-clock-o\"\/><time class=\"entry-date published updated\" datetime=\"2025-06-26T16:15:55-03:00\">26 de junho de 2025 16:15<\/time><\/span><span class=\"entry-meta-item penci-post-countview\"><span class=\"entry-meta-item penci-post-countview penci_post-meta_item\"><i class=\"fa fa-eye\"\/><span class=\"penci-post-countview-number penci-post-countview-p429854\">3<\/span><\/span><\/span>\t\t\t\t\t\t\t\t<\/p>\n<p><!-- .entry-meta --><br \/>\n\t\t\t\t\t\t\t\t<span class=\"penci-social-buttons penci-social-share-footer\"><span class=\"penci-social-share-text\">Compartilhar<\/span><a href=\"#\" class=\"penci-post-like penci_post-meta_item  single-like-button penci-social-item like\" data-post_id=\"429854\" title=\"Like\" data-like=\"Like\" data-unlike=\"Unlike\"><i class=\"fa fa-thumbs-o-up\"\/><span class=\"penci-share-number\">0<\/span><\/a><i class=\"fa fa-facebook\"\/><a class=\"penci-social-item twitter\" target=\"_blank\" rel=\"noopener\" title=\"\" href=\"https:\/\/twitter.com\/intent\/tweet?text=V\u00cdDEO:%20Elizabete%20solicita%20pris\u00e3o%20domiciliar%20em%20novo%20depoimento%20\u00e0%20Justi\u00e7a%20-%20https:\/\/www.tribunaribeirao.com.br\/video-elizabete-solicita-prisao-domiciliar-em-novo-depoimento-a-justica\/\"><i class=\"fa fa-twitter\"\/><\/a><i class=\"fa fa-linkedin\"\/><i class=\"fa fa-whatsapp\"\/><i class=\"fa fa-telegram\"\/><i class=\"fa fa-envelope\"\/><\/span>\t\t\t\t\t\t\t<\/div>\n<div>\n<p><iframe loading=\"lazy\" title=\"Elisabete Arraba\u00e7a pede para ficar em pris\u00e3o domiciliar\" width=\"500\" height=\"375\" src=\"https:\/\/www.youtube.com\/embed\/zpnbzxradMw?feature=oembed\" frameborder=\"0\" allow=\"accelerometer; autoplay; clipboard-write; encrypted-media; gyroscope; picture-in-picture; web-share\" referrerpolicy=\"strict-origin-when-cross-origin\" allowfullscreen><\/iframe><\/p>\n<p>Em audi\u00eancia realizada nesta quarta-feira (25), Elizabete Arraba\u00e7a, de 68 anos, voltou a se manifestar perante a Justi\u00e7a e solicitou a convers\u00e3o de sua pris\u00e3o preventiva em pris\u00e3o domiciliar. A r\u00e9 est\u00e1 detida desde 6 de maio, mesma data em que seu filho, Luis Carlos Garnica, tamb\u00e9m foi preso. Ambos s\u00e3o investigados no inqu\u00e9rito que apura a morte de Larissa Rodrigues Garnica, esposa de Luis Carlos e nora de Elizabete.<\/p>\n<p>Larissa foi encontrada morta por envenenamento em mar\u00e7o deste ano. Laudos toxicol\u00f3gicos confirmaram a presen\u00e7a de \u201cchumbinho\u201d,vum agrot\u00f3xico proibido para uso dom\u00e9stico, em seu organismo. Posteriormente, o corpo de Nath\u00e1lia Garnica, filha de Elizabete e irm\u00e3 de Luis Carlos, tamb\u00e9m foi exumado. O exame apontou ind\u00edcios da mesma subst\u00e2ncia t\u00f3xica, levantando a suspeita de um segundo homic\u00eddio na mesma fam\u00edlia.<\/p>\n<p>Durante o depoimento mais recente, Elizabete alegou \u00e0 autoridade judicial enfrentar problemas de sa\u00fade no ambiente prisional. Segundo a r\u00e9, ela sofre de fraqueza nas pernas, tosse persistente, dor de garganta, ins\u00f4nia e dificuldades de mem\u00f3ria, agravadas pelo barulho constante na unidade. Como alternativa \u00e0 pris\u00e3o preventiva, prop\u00f4s o uso de tornozeleira eletr\u00f4nica, caso o pedido de pris\u00e3o domiciliar seja deferido.<\/p>\n<p>\u201cGostaria muito de poder estar no meu lar e ajudar em tudo que eu puder para o senhor conseguir desvendar esse caso\u201d, afirmou a r\u00e9, dirigindo-se ao juiz durante a audi\u00eancia.<\/p>\n<p>O pedido ser\u00e1 analisado pela Vara competente, com parecer pr\u00e9vio do Minist\u00e9rio P\u00fablico e eventual manifesta\u00e7\u00e3o da autoridade policial respons\u00e1vel pelas investiga\u00e7\u00f5es.<\/p>\n<p>Al\u00e9m das acusa\u00e7\u00f5es relativas \u00e0 morte de Larissa, o Minist\u00e9rio P\u00fablico deve ampliar a investiga\u00e7\u00e3o para incluir oficialmente o falecimento de Nath\u00e1lia, ocorrido cerca de um m\u00eas antes. As semelhan\u00e7as entre os dois casos podem indicar um padr\u00e3o de conduta, o que tende a agravar a situa\u00e7\u00e3o jur\u00eddica dos investigados.<\/p>\n<p>O processo tramita sob segredo de Justi\u00e7a. A defesa aguarda a decis\u00e3o sobre o pedido de pris\u00e3o domiciliar e mant\u00e9m a posi\u00e7\u00e3o de que Elizabete \u00e9 inocente.<\/p>\n<p>\u2014<\/p>\n<p>Jornal Tribuna Ribeir\u00e3o<\/p>\n<p>Um Jornal com a cara de Ribeir\u00e3o!<\/p>\n<p>Impresso | WEB | Redes sociais<\/p>\n<p>Tribuna Ribeir\u00e3o \u2013 Fone: (16) 3632-2200 \u2013 Whatsapp: (16) 98161-8743<\/p>\n<p>Av. Bar\u00e3o do Bananal, 880 \u2013 Jardim Anhanguera, Ribeir\u00e3o Preto<\/p>\n<p>@tribunaribeirao @meiaderibeirao @dinoderibeirao<\/p>\n<p>#TribunaRibeir\u00e3o #News #Not\u00edcia #Ribeir\u00e3oPreto #Not\u00edciasDeRibeir\u00e3oPreto<\/p>\n<p>#ClassificadosTribunaRibeir\u00e3o #Jornalismo #ClassificadosRibeir\u00e3o<\/p>\n<p>\u00a0<\/p>\n<\/div>\n<p><script async src=\"\/\/platform.twitter.com\/widgets.js\" charset=\"utf-8\"><\/script><br \/>\n<br \/><br \/>\n<br \/><a href=\"https:\/\/www.tribunaribeirao.com.br\/video-elizabete-solicita-prisao-domiciliar-em-novo-depoimento-a-justica\/\">Source link <\/a><\/p>\n<!-- CONTENT END 1 -->\n","protected":false},"excerpt":{"rendered":"<p>26 de junho de 2025 16:153 Compartilhar0 Em audi\u00eancia realizada nesta quarta-feira (25), Elizabete Arraba\u00e7a, de 68 anos, voltou a se manifestar perante a Justi\u00e7a&#8230;<\/p>\n","protected":false},"author":1,"featured_media":73179,"comment_status":"open","ping_status":"open","sticky":false,"template":"","format":"standard","meta":{"advanced_seo_description":"","jetpack_seo_html_title":"","jetpack_seo_noindex":false,"jetpack_post_was_ever_published":false,"_jetpack_newsletter_access":"","_jetpack_dont_email_post_to_subs":false,"_jetpack_newsletter_tier_id":0,"_jetpack_memberships_contains_paywalled_content":false,"_jetpack_memberships_contains_paid_content":false,"footnotes":"","jetpack_publicize_message":"","jetpack_publicize_feature_enabled":true,"jetpack_social_post_already_shared":true,"jetpack_social_options":{"image_generator_settings":{"template":"highway","default_image_id":0,"font":"","enabled":false},"version":2}},"categories":[11],"tags":[],"class_list":["post-73177","post","type-post","status-publish","format-standard","has-post-thumbnail","hentry","category-noticias-de-ribeirao-preto-sp-e-regiao-ismael-colosi"],"jetpack_publicize_connections":[],"jetpack_featured_media_url":"https:\/\/i0.wp.com\/noticiasribeiraopreto.com.br\/wp-content\/uploads\/2025\/06\/arrabaca_depoimento.jpeg?fit=720%2C442&ssl=1","jetpack-related-posts":[{"id":17543,"url":"https:\/\/noticiasribeiraopreto.com.br\/index.php\/2023\/12\/18\/pats-da-regiao-de-ribeirao-estao-com-diversas-vagas-disponiveis-veja-as-oportunidades\/","url_meta":{"origin":73177,"position":0},"title":"PATs da regi\u00e3o de Ribeir\u00e3o est\u00e3o com diversas vagas dispon\u00edveis; Veja as oportunidades","author":"noticiasribeiraopreto.com.br","date":"18 de December de 2023","format":false,"excerpt":"A Secretaria de Desenvolvimento Econ\u00f4mico do Estado de S\u00e3o Paulo informou, nesta segunda-feira-feira (18), que os Postos de Atendimento ao Trabalhador (PATs) est\u00e3o com 281 oportunidades de trabalho na regi\u00e3o de Ribeir\u00e3o Preto. Os interessados em concorrer alguma das vagas devem comparecer ao PAT das cidades com oportunidades, munidos com\u2026","rel":"","context":"In &quot;Not\u00edcias de Ribeir\u00e3o Preto-SP e Regi\u00e3o&quot;","block_context":{"text":"Not\u00edcias de Ribeir\u00e3o Preto-SP e Regi\u00e3o","link":"https:\/\/noticiasribeiraopreto.com.br\/index.php\/category\/noticias-de-ribeirao-preto-sp-e-regiao-ismael-colosi\/"},"img":{"alt_text":"","src":"https:\/\/i0.wp.com\/noticiasribeiraopreto.com.br\/wp-content\/uploads\/2023\/12\/vagas_pat_-_foto_guilherme_sircili_1-1068x711-1.jpg?fit=1068%2C711&ssl=1&resize=350%2C200","width":350,"height":200,"srcset":"https:\/\/i0.wp.com\/noticiasribeiraopreto.com.br\/wp-content\/uploads\/2023\/12\/vagas_pat_-_foto_guilherme_sircili_1-1068x711-1.jpg?fit=1068%2C711&ssl=1&resize=350%2C200 1x, https:\/\/i0.wp.com\/noticiasribeiraopreto.com.br\/wp-content\/uploads\/2023\/12\/vagas_pat_-_foto_guilherme_sircili_1-1068x711-1.jpg?fit=1068%2C711&ssl=1&resize=525%2C300 1.5x, https:\/\/i0.wp.com\/noticiasribeiraopreto.com.br\/wp-content\/uploads\/2023\/12\/vagas_pat_-_foto_guilherme_sircili_1-1068x711-1.jpg?fit=1068%2C711&ssl=1&resize=700%2C400 2x, https:\/\/i0.wp.com\/noticiasribeiraopreto.com.br\/wp-content\/uploads\/2023\/12\/vagas_pat_-_foto_guilherme_sircili_1-1068x711-1.jpg?fit=1068%2C711&ssl=1&resize=1050%2C600 3x"},"classes":[]},{"id":45319,"url":"https:\/\/noticiasribeiraopreto.com.br\/index.php\/2024\/04\/03\/a-procura-de-emprego-regiao-de-ribeirao-preto-esta-com-684-vagas-abertas-ribeirao-preto-e-franca-g1\/","url_meta":{"origin":73177,"position":1},"title":"\u00c0 procura de emprego? Regi\u00e3o de Ribeir\u00e3o Preto est\u00e1 com 684 vagas abertas | Ribeir\u00e3o Preto e Franca | G1","author":"noticiasribeiraopreto.com.br","date":"3 de April de 2024","format":false,"excerpt":"\u00c0 procura de emprego? Regi\u00e3o de Ribeir\u00e3o Preto est\u00e1 com 684 vagas abertas 1 de 1 Carteira de trabalho, em imagem de arquivo \u2014 Foto: Ag\u00eancia Bras\u00edlia Carteira de trabalho, em imagem de arquivo \u2014 Foto: Ag\u00eancia Bras\u00edlia Dez cidades das regi\u00f5es de Ribeir\u00e3o Preto (SP) e Franca (SP) est\u00e3o\u2026","rel":"","context":"In &quot;Vagas de Emprego em Ribeir\u00e3o Preto-SP&quot;","block_context":{"text":"Vagas de Emprego em Ribeir\u00e3o Preto-SP","link":"https:\/\/noticiasribeiraopreto.com.br\/index.php\/category\/empregos-classificados-vagas-trabalho\/vagas-de-empregos-em-ribeirao-preto-regiao-brasil\/"},"img":{"alt_text":"","src":"","width":0,"height":0},"classes":[]},{"id":24713,"url":"https:\/\/noticiasribeiraopreto.com.br\/index.php\/2024\/01\/04\/ribeirao-preto-e-regiao-tem-mais-de-400-vagas-de-emprego-veja-as-oportunidades-1\/","url_meta":{"origin":73177,"position":2},"title":"Ribeir\u00e3o Preto e regi\u00e3o\u00a0t\u00eam mais de 400 vagas de emprego; Veja as oportunidades","author":"noticiasribeiraopreto.com.br","date":"4 de January de 2024","format":false,"excerpt":"Os PATs (Postos de Atendimentos ao Trabalhador) da regi\u00e3o de Ribeir\u00e3o Preto est\u00e3o com mais de 400 vagas de emprego dispon\u00edveis nessa quinta-feira (4), de acordo com os dados da Secretaria de Desenvolvimento Econ\u00f4mico do Estado. As vagas s\u00e3o para diversos setores nas cidades de Barretos, Bebedouro, Ol\u00edmpia, Viradouro, Batatais,\u2026","rel":"","context":"In &quot;Not\u00edcias de Ribeir\u00e3o Preto-SP e Regi\u00e3o&quot;","block_context":{"text":"Not\u00edcias de Ribeir\u00e3o Preto-SP e Regi\u00e3o","link":"https:\/\/noticiasribeiraopreto.com.br\/index.php\/category\/noticias-de-ribeirao-preto-sp-e-regiao-ismael-colosi\/"},"img":{"alt_text":"","src":"https:\/\/i0.wp.com\/noticiasribeiraopreto.com.br\/wp-content\/uploads\/2024\/01\/vagas_de_500x320_07082018085735.jpg?fit=500%2C322&ssl=1&resize=350%2C200","width":350,"height":200},"classes":[]},{"id":28773,"url":"https:\/\/noticiasribeiraopreto.com.br\/index.php\/2024\/01\/16\/regiao-de-ribeirao-esta-com-mais-de-600-vagas-de-trabalho-vejas-as-oportunidades\/","url_meta":{"origin":73177,"position":3},"title":"Regi\u00e3o de Ribeir\u00e3o est\u00e1 com mais de 600 vagas de trabalho; Vejas as oportunidades","author":"noticiasribeiraopreto.com.br","date":"16 de January de 2024","format":false,"excerpt":"A regi\u00e3o de Ribeir\u00e3o Preto est\u00e1 com mais de 600 vagas de emprego, nesta ter\u00e7a-feira (16). As vagas est\u00e3o dispon\u00edveis nos PATs (Posto de Atendimento ao Trabalhador) das cidades, de acordo com a Secretaria de Desenvolvimento Econ\u00f4mico do Estado. As oportunidades est\u00e3o distribu\u00eddas em Barretos, Bebedouro, Gua\u00edra, Ol\u00edmpia, Batatais, Franca,\u2026","rel":"","context":"In &quot;Not\u00edcias de Ribeir\u00e3o Preto-SP e Regi\u00e3o&quot;","block_context":{"text":"Not\u00edcias de Ribeir\u00e3o Preto-SP e Regi\u00e3o","link":"https:\/\/noticiasribeiraopreto.com.br\/index.php\/category\/noticias-de-ribeirao-preto-sp-e-regiao-ismael-colosi\/"},"img":{"alt_text":"","src":"https:\/\/i0.wp.com\/noticiasribeiraopreto.com.br\/wp-content\/uploads\/2024\/01\/mutirao_do_emprego_caterp_pat_pei_-_foto_guilherme_sircili_6.jpg?fit=1200%2C799&ssl=1&resize=350%2C200","width":350,"height":200,"srcset":"https:\/\/i0.wp.com\/noticiasribeiraopreto.com.br\/wp-content\/uploads\/2024\/01\/mutirao_do_emprego_caterp_pat_pei_-_foto_guilherme_sircili_6.jpg?fit=1200%2C799&ssl=1&resize=350%2C200 1x, https:\/\/i0.wp.com\/noticiasribeiraopreto.com.br\/wp-content\/uploads\/2024\/01\/mutirao_do_emprego_caterp_pat_pei_-_foto_guilherme_sircili_6.jpg?fit=1200%2C799&ssl=1&resize=525%2C300 1.5x, https:\/\/i0.wp.com\/noticiasribeiraopreto.com.br\/wp-content\/uploads\/2024\/01\/mutirao_do_emprego_caterp_pat_pei_-_foto_guilherme_sircili_6.jpg?fit=1200%2C799&ssl=1&resize=700%2C400 2x, https:\/\/i0.wp.com\/noticiasribeiraopreto.com.br\/wp-content\/uploads\/2024\/01\/mutirao_do_emprego_caterp_pat_pei_-_foto_guilherme_sircili_6.jpg?fit=1200%2C799&ssl=1&resize=1050%2C600 3x"},"classes":[]},{"id":34007,"url":"https:\/\/noticiasribeiraopreto.com.br\/index.php\/2024\/01\/31\/ribeirao-e-regiao-tem-mais-de-mil-vagas-de-emprego-veja-as-oportunidades\/","url_meta":{"origin":73177,"position":4},"title":"Ribeir\u00e3o e regi\u00e3o t\u00eam mais de mil vagas de emprego; Veja as oportunidades","author":"noticiasribeiraopreto.com.br","date":"31 de January de 2024","format":false,"excerpt":"Os Postos de Atendimento ao Trabalhador (PATs) da regi\u00e3o de Ribeir\u00e3o Preto est\u00e3o com 1.279 vagas de emprego, de acordo com a Secretaria de Desenvolvimento Econ\u00f4mico do Estado de S\u00e3o Paulo. Entre as oportunidades est\u00e3o vagas para T\u00e9cnico de Enfermagem, Pizzaiolo, Administrador e Professor de Educa\u00e7\u00e3o F\u00edsica para o Ensino\u2026","rel":"","context":"In &quot;Not\u00edcias de Ribeir\u00e3o Preto-SP e Regi\u00e3o&quot;","block_context":{"text":"Not\u00edcias de Ribeir\u00e3o Preto-SP e Regi\u00e3o","link":"https:\/\/noticiasribeiraopreto.com.br\/index.php\/category\/noticias-de-ribeirao-preto-sp-e-regiao-ismael-colosi\/"},"img":{"alt_text":"","src":"https:\/\/i0.wp.com\/noticiasribeiraopreto.com.br\/wp-content\/uploads\/2024\/01\/carteira_de_1024x576_27092020203402.jpg?fit=1024%2C576&ssl=1&resize=350%2C200","width":350,"height":200,"srcset":"https:\/\/i0.wp.com\/noticiasribeiraopreto.com.br\/wp-content\/uploads\/2024\/01\/carteira_de_1024x576_27092020203402.jpg?fit=1024%2C576&ssl=1&resize=350%2C200 1x, https:\/\/i0.wp.com\/noticiasribeiraopreto.com.br\/wp-content\/uploads\/2024\/01\/carteira_de_1024x576_27092020203402.jpg?fit=1024%2C576&ssl=1&resize=525%2C300 1.5x, https:\/\/i0.wp.com\/noticiasribeiraopreto.com.br\/wp-content\/uploads\/2024\/01\/carteira_de_1024x576_27092020203402.jpg?fit=1024%2C576&ssl=1&resize=700%2C400 2x"},"classes":[]},{"id":44275,"url":"https:\/\/noticiasribeiraopreto.com.br\/index.php\/2024\/03\/26\/esta-buscando-uma-oportunidade-regiao-de-ribeirao-tem-mais-de-700-vagas-de-emprego\/","url_meta":{"origin":73177,"position":5},"title":"Est\u00e1 buscando uma oportunidade? Regi\u00e3o de Ribeir\u00e3o tem mais de 700 vagas de emprego","author":"noticiasribeiraopreto.com.br","date":"26 de March de 2024","format":false,"excerpt":"Os Postos de Atendimento ao Trabalhador (PATs) da regi\u00e3o de Ribeir\u00e3o Preto est\u00e3o com 729 oportunidades de emprego, de acordo com a Secretaria de Desenvolvimento Econ\u00f4mico do Estado de S\u00e3o Paulo. As vagas s\u00e3o para diversos setores nas cidades de Ribeir\u00e3o Preto, Barretos, Bebedouro, Gua\u00edra, Batatais, Franca, Ituverava, Orl\u00e2ndia, Jardin\u00f3polis,\u2026","rel":"","context":"In &quot;Not\u00edcias de Ribeir\u00e3o Preto-SP e Regi\u00e3o&quot;","block_context":{"text":"Not\u00edcias de Ribeir\u00e3o Preto-SP e Regi\u00e3o","link":"https:\/\/noticiasribeiraopreto.com.br\/index.php\/category\/noticias-de-ribeirao-preto-sp-e-regiao-ismael-colosi\/"},"img":{"alt_text":"","src":"https:\/\/i0.wp.com\/noticiasribeiraopreto.com.br\/wp-content\/uploads\/2024\/03\/vagas_pat_-_foto_guilherme_sircili_1-1068x711-1.jpg?fit=1068%2C711&ssl=1&resize=350%2C200","width":350,"height":200,"srcset":"https:\/\/i0.wp.com\/noticiasribeiraopreto.com.br\/wp-content\/uploads\/2024\/03\/vagas_pat_-_foto_guilherme_sircili_1-1068x711-1.jpg?fit=1068%2C711&ssl=1&resize=350%2C200 1x, https:\/\/i0.wp.com\/noticiasribeiraopreto.com.br\/wp-content\/uploads\/2024\/03\/vagas_pat_-_foto_guilherme_sircili_1-1068x711-1.jpg?fit=1068%2C711&ssl=1&resize=525%2C300 1.5x, https:\/\/i0.wp.com\/noticiasribeiraopreto.com.br\/wp-content\/uploads\/2024\/03\/vagas_pat_-_foto_guilherme_sircili_1-1068x711-1.jpg?fit=1068%2C711&ssl=1&resize=700%2C400 2x, https:\/\/i0.wp.com\/noticiasribeiraopreto.com.br\/wp-content\/uploads\/2024\/03\/vagas_pat_-_foto_guilherme_sircili_1-1068x711-1.jpg?fit=1068%2C711&ssl=1&resize=1050%2C600 3x"},"classes":[]}],"jetpack_sharing_enabled":true,"jetpack_shortlink":"https:\/\/wp.me\/peQAOb-j2h","_links":{"self":[{"href":"https:\/\/noticiasribeiraopreto.com.br\/index.php\/wp-json\/wp\/v2\/posts\/73177","targetHints":{"allow":["GET"]}}],"collection":[{"href":"https:\/\/noticiasribeiraopreto.com.br\/index.php\/wp-json\/wp\/v2\/posts"}],"about":[{"href":"https:\/\/noticiasribeiraopreto.com.br\/index.php\/wp-json\/wp\/v2\/types\/post"}],"author":[{"embeddable":true,"href":"https:\/\/noticiasribeiraopreto.com.br\/index.php\/wp-json\/wp\/v2\/users\/1"}],"replies":[{"embeddable":true,"href":"https:\/\/noticiasribeiraopreto.com.br\/index.php\/wp-json\/wp\/v2\/comments?post=73177"}],"version-history":[{"count":0,"href":"https:\/\/noticiasribeiraopreto.com.br\/index.php\/wp-json\/wp\/v2\/posts\/73177\/revisions"}],"wp:featuredmedia":[{"embeddable":true,"href":"https:\/\/noticiasribeiraopreto.com.br\/index.php\/wp-json\/wp\/v2\/media\/73179"}],"wp:attachment":[{"href":"https:\/\/noticiasribeiraopreto.com.br\/index.php\/wp-json\/wp\/v2\/media?parent=73177"}],"wp:term":[{"taxonomy":"category","embeddable":true,"href":"https:\/\/noticiasribeiraopreto.com.br\/index.php\/wp-json\/wp\/v2\/categories?post=73177"},{"taxonomy":"post_tag","embeddable":true,"href":"https:\/\/noticiasribeiraopreto.com.br\/index.php\/wp-json\/wp\/v2\/tags?post=73177"}],"curies":[{"name":"wp","href":"https:\/\/api.w.org\/{rel}","templated":true}]}}