{"id":7318,"date":"2023-11-27T23:49:21","date_gmt":"2023-11-28T02:49:21","guid":{"rendered":"https:\/\/noticiasribeiraopreto.com.br\/index.php\/2023\/11\/27\/como-utilizar-o-novo-recurso-de-chat-por-voz-no-whatsapp\/"},"modified":"2023-11-27T23:49:21","modified_gmt":"2023-11-28T02:49:21","slug":"como-utilizar-o-novo-recurso-de-chat-por-voz-no-whatsapp","status":"publish","type":"post","link":"https:\/\/noticiasribeiraopreto.com.br\/index.php\/2023\/11\/27\/como-utilizar-o-novo-recurso-de-chat-por-voz-no-whatsapp\/","title":{"rendered":"Como utilizar o novo recurso de chat por voz no WhatsApp?"},"content":{"rendered":"<div class='code-block code-block-1' style='margin: 8px 0 8px auto; text-align: right; display: block; clear: both;'>\n<p><a href=\"https:\/\/wa.link\/vpicfd\"><img data-recalc-dims=\"1\" class=\"wp-image-4922\" style=\"aspect-ratio: 2.0253164556962027; width: 561px; height: auto;\" src=\"https:\/\/i0.wp.com\/ismaelcolosi.com.br\/wp-content\/uploads\/2023\/11\/grupo-de-empregos-whatsapp-e-facebook-ismael-colosi-vagas.jpg?ssl=1\" alt=\"\" \/><\/a><\/p>\n<!-- \/wp:image -->\n<\/div>\n<p> <br \/>\n<\/p>\n<div>\n<div id=\"attachment_2314199\" class=\"wp-caption alignnone\">\n<div class=\"d-flex justify-content-center\" data-attachment-id=\"2314199\">\n<div class=\"position-relative d-inline-block\"><img data-recalc-dims=\"1\" data-portal-copyright=\"Depositphotos\/Mykola\" decoding=\"async\" fetchpriority=\"high\" class=\"size-full wp-image-2314199\" src=\"https:\/\/i0.wp.com\/catracalivre.com.br\/wp-content\/uploads\/2023\/11\/depositphotos-353832948-xl-scaled.jpg?resize=2560%2C1706&#038;ssl=1\" alt=\"WhatsApp lan\u00e7a nova funcionalidade: chat por voz\" width=\"2560\" height=\"1706\" srcset=\"https:\/\/catracalivre.com.br\/wp-content\/uploads\/2023\/11\/depositphotos-353832948-xl-scaled.jpg 2560w, https:\/\/catracalivre.com.br\/wp-content\/uploads\/2023\/11\/depositphotos-353832948-xl-450x300.jpg 450w, https:\/\/catracalivre.com.br\/wp-content\/uploads\/2023\/11\/depositphotos-353832948-xl-768x512.jpg 768w\" sizes=\"(max-width: 2560px) 100vw, 2560px\"\/><\/p>\n<p>Cr\u00e9ditos: Depositphotos\/Mykola<\/p>\n<\/div>\n<\/div>\n<p><span class=\"post-imagem__legenda\">WhatsApp lan\u00e7a nova funcionalidade: chat por voz<\/span><\/p>\n<\/div>\n<p>O WhatsApp introduziu uma novidade que promete inovar a maneira como os usu\u00e1rios interagem na <a href=\"https:\/\/blog.whatsapp.com\/\" target=\"_blank\" rel=\"noopener\">plataforma<\/a>. O mensageiro <a href=\"https:\/\/catracalivre.com.br\/entretenimento\/whatsapp-libera-importante-atualizacao-de-seguranca-no-ios-entenda\/\" target=\"_blank\" rel=\"noopener\">lan\u00e7ou um recurso<\/a> que permite chats por voz, proporcionando uma nova forma de comunica\u00e7\u00e3o entre os participantes de um <a href=\"https:\/\/catracalivre.com.br\/entretenimento\/whatsapp-libera-sala-de-espera-para-usuario-escolher-quem-entra-em-grupo\/\" target=\"_blank\" rel=\"noopener\">grupo<\/a>.<\/p>\n<p>Os grupos do WhatsApp s\u00e3o uma ferramenta valiosa para manter contato com familiares, amigos e colegas de trabalho.<\/p>\n<p>Agora, com a nova atualiza\u00e7\u00e3o, os <a href=\"https:\/\/catracalivre.com.br\/entretenimento\/esqueceu-o-whatsapp-web-aberto-veja-como-desconectar-pelo-celular\/\" target=\"_blank\" rel=\"noopener\">usu\u00e1rios da plataforma<\/a> poder\u00e3o se conectar de uma forma ainda mais direta e eficaz, gra\u00e7as aos chats por voz.<\/p>\n<h2>Como habilitar os chats por voz no WhatsApp?<\/h2>\n<p>Para tirar proveito dessa nova fun\u00e7\u00e3o, certos requisitos devem ser atendidos. Primeiramente, para utilizar a op\u00e7\u00e3o de chat por voz, o grupo deve conter no m\u00ednimo 33 membros. Uma vez habilitado, os participantes poder\u00e3o utilizar o recurso facilmente.<\/p>\n<p>Iniciar um chat por voz \u00e9 simples. Tudo come\u00e7a com um bal\u00e3o na conversa, ao tocar, o usu\u00e1rio acaba sendo levado para iniciar a conversa por voz.<\/p>\n<p>Importante lembrar que os controles da chamada est\u00e3o posicionados na parte superior da interface do chat, o que facilita o r\u00e1pido acionamento do \u00e1udio.<\/p>\n<div id=\"attachment_2314198\" class=\"wp-caption alignnone\">\n<div class=\"d-flex justify-content-center\" data-attachment-id=\"2314198\">\n<div class=\"position-relative d-inline-block\"><img data-recalc-dims=\"1\" loading=\"lazy\" data-portal-copyright=\"Captura de tela do WhatsApp\" decoding=\"async\" class=\"wp-image-2314198 size-full\" src=\"https:\/\/i0.wp.com\/catracalivre.com.br\/wp-content\/uploads\/2023\/11\/img-20231124-wa0113-scaled-e1700878066799.jpg?resize=2551%2C1412&#038;ssl=1\" alt=\"Como funciona os chats por voz no WhatsApp\" width=\"2551\" height=\"1412\" srcset=\"https:\/\/catracalivre.com.br\/wp-content\/uploads\/2023\/11\/img-20231124-wa0113-scaled-e1700878066799.jpg 2551w, https:\/\/catracalivre.com.br\/wp-content\/uploads\/2023\/11\/img-20231124-wa0113-scaled-e1700878066799-450x249.jpg 450w, https:\/\/catracalivre.com.br\/wp-content\/uploads\/2023\/11\/img-20231124-wa0113-scaled-e1700878066799-768x425.jpg 768w\" sizes=\"auto, (max-width: 2551px) 100vw, 2551px\"\/><\/p>\n<p>Cr\u00e9ditos: Captura de tela do WhatsApp<\/p>\n<\/div>\n<\/div>\n<p><span class=\"post-imagem__legenda\">Como funciona os chats por voz no WhatsApp<\/span><\/p>\n<\/div>\n<h2>Como os demais membros ficam sabendo do chat por voz?<\/h2>\n<p>Assim que um membro do grupo inicia o chat por voz, um convite \u00e9 enviado para os demais participantes do grupo. A notifica\u00e7\u00e3o permite que todos estejam cientes da atividade, tendo a op\u00e7\u00e3o de se juntar \u00e0 conversa por voz em andamento.<\/p>\n<p>Esta n\u00e3o \u00e9 a primeira vez que o WhatsApp se aventura pela \u00e1rea das <a href=\"https:\/\/catracalivre.com.br\/entretenimento\/whatsapp-tera-novidade-no-botao-de-envio-de-audio-e-video-veja-como-vai-ficar\/\" target=\"_blank\" rel=\"noopener\">comunica\u00e7\u00f5es por voz<\/a>. O aplicativo j\u00e1 oferecia a op\u00e7\u00e3o de chamadas e videochamadas individuais ou em grupo.<\/p>\n<p>No entanto, a nova modalidade de chats por voz pode proporcionar um meio de comunica\u00e7\u00e3o mais fluido e direto dentro dos grupos da plataforma.<\/p>\n<p>Em um cen\u00e1rio cada vez mais digital, onde a comunica\u00e7\u00e3o eficiente e <a href=\"https:\/\/catracalivre.com.br\/entretenimento\/aprenda-a-desativar-e-reativar-recurso-de-videos-instantaneos-no-whatsapp\/\" target=\"_blank\" rel=\"noopener\">instant\u00e2nea<\/a> \u00e9 crucial, o lan\u00e7amento dos chats por voz pelo WhatsApp representa um avan\u00e7o significativo.<\/p>\n<\/div>\n<p><script>\n\t\t! function(f, b, e, v, n, t, s) {\n\t\t\tif (f.fbq) return;\n\t\t\tn = f.fbq = function() {\n\t\t\t\tn.callMethod ?\n\t\t\t\t\tn.callMethod.apply(n, arguments) : n.queue.push(arguments)\n\t\t\t};\n\t\t\tif (!f._fbq) f._fbq = n;\n\t\t\tn.push = n;\n\t\t\tn.loaded = !0;\n\t\t\tn.version = '2.0';\n\t\t\tn.queue = [];\n\t\t\tt = b.createElement(e);\n\t\t\tt.async = !0;\n\t\t\tt.src = v;\n\t\t\ts = b.getElementsByTagName(e)[0];\n\t\t\ts.parentNode.insertBefore(t, s)\n\t\t}(window, document, 'script',\n\t\t\t'https:\/\/connect.facebook.net\/en_US\/fbevents.js');\n\t\tfbq('init', '338315473262380');\n\t\tfbq('track', 'PageView');\n\t<\/script><br \/>\n<br \/><br \/>\n<br \/><a href=\"https:\/\/catracalivre.com.br\/entretenimento\/como-utilizar-o-novo-recurso-de-chat-por-voz-no-whatsapp\/\">Source link <\/a><\/p>\n<!-- CONTENT END 1 -->\n","protected":false},"excerpt":{"rendered":"<p>Cr\u00e9ditos: Depositphotos\/Mykola WhatsApp lan\u00e7a nova funcionalidade: chat por voz O WhatsApp introduziu uma novidade que promete inovar a maneira como os usu\u00e1rios interagem na plataforma&#8230;.<\/p>\n","protected":false},"author":1,"featured_media":7319,"comment_status":"open","ping_status":"open","sticky":false,"template":"","format":"standard","meta":{"advanced_seo_description":"","jetpack_seo_html_title":"","jetpack_seo_noindex":false,"jetpack_post_was_ever_published":false,"_jetpack_newsletter_access":"","_jetpack_dont_email_post_to_subs":false,"_jetpack_newsletter_tier_id":0,"_jetpack_memberships_contains_paywalled_content":false,"_jetpack_memberships_contains_paid_content":false,"footnotes":"","jetpack_publicize_message":"","jetpack_publicize_feature_enabled":true,"jetpack_social_post_already_shared":true,"jetpack_social_options":{"image_generator_settings":{"template":"highway","default_image_id":0,"font":"","enabled":false},"version":2}},"categories":[19],"tags":[],"class_list":["post-7318","post","type-post","status-publish","format-standard","has-post-thumbnail","hentry","category-variedades"],"jetpack_publicize_connections":[],"jetpack_featured_media_url":"https:\/\/i0.wp.com\/noticiasribeiraopreto.com.br\/wp-content\/uploads\/2023\/11\/depositphotos-353832948-xl-scaled.jpg?fit=1200%2C638&ssl=1","jetpack-related-posts":[{"id":17620,"url":"https:\/\/noticiasribeiraopreto.com.br\/index.php\/2023\/12\/18\/truque-para-ouvir-audio-sem-notificar-o-usuario-que-enviou\/","url_meta":{"origin":7318,"position":0},"title":"truque para ouvir \u00e1udio sem notificar o usu\u00e1rio que enviou","author":"noticiasribeiraopreto.com.br","date":"18 de December de 2023","format":false,"excerpt":"Cr\u00e9ditos: Depositphotos\/wichayadaTruque para ouvir \u00e1udio secretamente no WhatsApp Conversando com os amigos no WhatsApp, voc\u00ea pode questionar se h\u00e1 uma maneira de ouvir \u00e1udios sem que o remetente seja notificado. Voc\u00ea at\u00e9 pode desabilitar a confirma\u00e7\u00e3o de leitura nas configura\u00e7\u00f5es do aplicativo, mas isso te faria perder a possibilidade de\u2026","rel":"","context":"In &quot;Variedades&quot;","block_context":{"text":"Variedades","link":"https:\/\/noticiasribeiraopreto.com.br\/index.php\/category\/variedades\/"},"img":{"alt_text":"","src":"https:\/\/i0.wp.com\/noticiasribeiraopreto.com.br\/wp-content\/uploads\/2023\/12\/depositphotos-443974996-xl-scaled.jpg?fit=1200%2C638&ssl=1&resize=350%2C200","width":350,"height":200,"srcset":"https:\/\/i0.wp.com\/noticiasribeiraopreto.com.br\/wp-content\/uploads\/2023\/12\/depositphotos-443974996-xl-scaled.jpg?fit=1200%2C638&ssl=1&resize=350%2C200 1x, https:\/\/i0.wp.com\/noticiasribeiraopreto.com.br\/wp-content\/uploads\/2023\/12\/depositphotos-443974996-xl-scaled.jpg?fit=1200%2C638&ssl=1&resize=525%2C300 1.5x, https:\/\/i0.wp.com\/noticiasribeiraopreto.com.br\/wp-content\/uploads\/2023\/12\/depositphotos-443974996-xl-scaled.jpg?fit=1200%2C638&ssl=1&resize=700%2C400 2x, https:\/\/i0.wp.com\/noticiasribeiraopreto.com.br\/wp-content\/uploads\/2023\/12\/depositphotos-443974996-xl-scaled.jpg?fit=1200%2C638&ssl=1&resize=1050%2C600 3x"},"classes":[]},{"id":14588,"url":"https:\/\/noticiasribeiraopreto.com.br\/index.php\/2023\/12\/12\/aprenda-a-fixar-mensagens-com-nova-atualizacao-do-whatsapp\/","url_meta":{"origin":7318,"position":1},"title":"Aprenda a fixar mensagens com nova atualiza\u00e7\u00e3o do WhatsApp","author":"noticiasribeiraopreto.com.br","date":"12 de December de 2023","format":false,"excerpt":"Cr\u00e9ditos: Depositphotos\/rclassenlayoutsAprenda a utilizar o novo recurso de mensagens no WhatsApp O ano de 2023 ficou marcado por constantes atualiza\u00e7\u00f5es no WhatsApp. A novidade da vez vem como uma maneira de proporcionar uma experi\u00eancia de uso mais completa e organizada. Recentemente, os usu\u00e1rios do aplicativo nos dispositivos iOS receberam uma\u2026","rel":"","context":"In &quot;Variedades&quot;","block_context":{"text":"Variedades","link":"https:\/\/noticiasribeiraopreto.com.br\/index.php\/category\/variedades\/"},"img":{"alt_text":"","src":"https:\/\/i0.wp.com\/noticiasribeiraopreto.com.br\/wp-content\/uploads\/2023\/12\/1702380081_depositphotos-382005184-xl-scaled.jpg?fit=1200%2C638&ssl=1&resize=350%2C200","width":350,"height":200,"srcset":"https:\/\/i0.wp.com\/noticiasribeiraopreto.com.br\/wp-content\/uploads\/2023\/12\/1702380081_depositphotos-382005184-xl-scaled.jpg?fit=1200%2C638&ssl=1&resize=350%2C200 1x, https:\/\/i0.wp.com\/noticiasribeiraopreto.com.br\/wp-content\/uploads\/2023\/12\/1702380081_depositphotos-382005184-xl-scaled.jpg?fit=1200%2C638&ssl=1&resize=525%2C300 1.5x, https:\/\/i0.wp.com\/noticiasribeiraopreto.com.br\/wp-content\/uploads\/2023\/12\/1702380081_depositphotos-382005184-xl-scaled.jpg?fit=1200%2C638&ssl=1&resize=700%2C400 2x, https:\/\/i0.wp.com\/noticiasribeiraopreto.com.br\/wp-content\/uploads\/2023\/12\/1702380081_depositphotos-382005184-xl-scaled.jpg?fit=1200%2C638&ssl=1&resize=1050%2C600 3x"},"classes":[]},{"id":42792,"url":"https:\/\/noticiasribeiraopreto.com.br\/index.php\/2024\/03\/17\/tecnologia-a-servico-do-crime-a-vez-do-clone-de-voz\/","url_meta":{"origin":7318,"position":2},"title":"Tecnologia \u00e0 servi\u00e7o do crime: a vez do clone de voz\u00a0","author":"noticiasribeiraopreto.com.br","date":"17 de March de 2024","format":false,"excerpt":"17 de mar\u00e7o de 2024 | 8:2016 de mar\u00e7o de 2024 | 12:01 0Gustavo Alonge*\u00a0J\u00e1 \u00e9 sabido por todos que a tecnologia, que tanto torna nossa vida mais pr\u00e1tica e din\u00e2mica, nos ajudando inclusive a conectar pessoas, entre outros in\u00fameros benef\u00edcios, infelizmente, em alguns casos serve tamb\u00e9m como recurso para\u2026","rel":"","context":"In &quot;Not\u00edcias de Ribeir\u00e3o Preto-SP e Regi\u00e3o&quot;","block_context":{"text":"Not\u00edcias de Ribeir\u00e3o Preto-SP e Regi\u00e3o","link":"https:\/\/noticiasribeiraopreto.com.br\/index.php\/category\/noticias-de-ribeirao-preto-sp-e-regiao-ismael-colosi\/"},"img":{"alt_text":"","src":"https:\/\/i0.wp.com\/noticiasribeiraopreto.com.br\/wp-content\/uploads\/2024\/03\/gustavoalonge.jpg?fit=700%2C450&ssl=1&resize=350%2C200","width":350,"height":200,"srcset":"https:\/\/i0.wp.com\/noticiasribeiraopreto.com.br\/wp-content\/uploads\/2024\/03\/gustavoalonge.jpg?fit=700%2C450&ssl=1&resize=350%2C200 1x, https:\/\/i0.wp.com\/noticiasribeiraopreto.com.br\/wp-content\/uploads\/2024\/03\/gustavoalonge.jpg?fit=700%2C450&ssl=1&resize=525%2C300 1.5x, https:\/\/i0.wp.com\/noticiasribeiraopreto.com.br\/wp-content\/uploads\/2024\/03\/gustavoalonge.jpg?fit=700%2C450&ssl=1&resize=700%2C400 2x"},"classes":[]},{"id":7451,"url":"https:\/\/noticiasribeiraopreto.com.br\/index.php\/2023\/11\/28\/por-que-o-botao-de-mensagem-de-video-ja-nao-aparece-no-seu-whatsapp\/","url_meta":{"origin":7318,"position":3},"title":"Por que o bot\u00e3o de mensagem de v\u00eddeo j\u00e1 n\u00e3o aparece no seu WhatsApp?","author":"noticiasribeiraopreto.com.br","date":"28 de November de 2023","format":false,"excerpt":"Cr\u00e9ditos: Reprodu\u00e7\u00e3o\/WhatsApp Como reativar mensagem de v\u00eddeo no WhatsApp? Recentemente, o WhatsApp lan\u00e7ou um recurso de mensagens r\u00e1pidas de v\u00eddeo, que \u00e9 semelhante ao formato dos \u00e1udios. Mas, por alguma raz\u00e3o, alguns usu\u00e1rios notaram que o bot\u00e3o do recurso sumiu das conversas. Acontece que o WhatsApp desabilitou a atualiza\u00e7\u00e3o para\u2026","rel":"","context":"In &quot;Variedades&quot;","block_context":{"text":"Variedades","link":"https:\/\/noticiasribeiraopreto.com.br\/index.php\/category\/variedades\/"},"img":{"alt_text":"","src":"https:\/\/i0.wp.com\/noticiasribeiraopreto.com.br\/wp-content\/uploads\/2023\/11\/fotos-catraca-2023-11-24t234711059.png?fit=1200%2C638&ssl=1&resize=350%2C200","width":350,"height":200,"srcset":"https:\/\/i0.wp.com\/noticiasribeiraopreto.com.br\/wp-content\/uploads\/2023\/11\/fotos-catraca-2023-11-24t234711059.png?fit=1200%2C638&ssl=1&resize=350%2C200 1x, https:\/\/i0.wp.com\/noticiasribeiraopreto.com.br\/wp-content\/uploads\/2023\/11\/fotos-catraca-2023-11-24t234711059.png?fit=1200%2C638&ssl=1&resize=525%2C300 1.5x, https:\/\/i0.wp.com\/noticiasribeiraopreto.com.br\/wp-content\/uploads\/2023\/11\/fotos-catraca-2023-11-24t234711059.png?fit=1200%2C638&ssl=1&resize=700%2C400 2x, https:\/\/i0.wp.com\/noticiasribeiraopreto.com.br\/wp-content\/uploads\/2023\/11\/fotos-catraca-2023-11-24t234711059.png?fit=1200%2C638&ssl=1&resize=1050%2C600 3x"},"classes":[]},{"id":52840,"url":"https:\/\/noticiasribeiraopreto.com.br\/index.php\/2024\/06\/13\/como-usar-o-assistente-de-voz-do-chatgpt-para-transformar-sua-rotina\/","url_meta":{"origin":7318,"position":4},"title":"Como usar o assistente de voz do ChatGPT para transformar sua rotina","author":"noticiasribeiraopreto.com.br","date":"13 de June de 2024","format":false,"excerpt":"Cada pessoa aprende de um jeito diferente. Algumas preferem ler e escrever, outras optam por ouvir e assistir. O mesmo se aplica ao planejamento di\u00e1rio, gerenciamento de tempo e formas de manter a produtividade. Acessibilidade L L A- A+ \u25d0 Siga a Forbes no WhatsApp e receba as principais not\u00edcias\u2026","rel":"","context":"In &quot;Blog&quot;","block_context":{"text":"Blog","link":"https:\/\/noticiasribeiraopreto.com.br\/index.php\/category\/blog\/"},"img":{"alt_text":"","src":"https:\/\/i0.wp.com\/noticiasribeiraopreto.com.br\/wp-content\/uploads\/2024\/06\/3-2-1024x683.png?fit=1024%2C683&ssl=1&resize=350%2C200","width":350,"height":200,"srcset":"https:\/\/i0.wp.com\/noticiasribeiraopreto.com.br\/wp-content\/uploads\/2024\/06\/3-2-1024x683.png?fit=1024%2C683&ssl=1&resize=350%2C200 1x, https:\/\/i0.wp.com\/noticiasribeiraopreto.com.br\/wp-content\/uploads\/2024\/06\/3-2-1024x683.png?fit=1024%2C683&ssl=1&resize=525%2C300 1.5x, https:\/\/i0.wp.com\/noticiasribeiraopreto.com.br\/wp-content\/uploads\/2024\/06\/3-2-1024x683.png?fit=1024%2C683&ssl=1&resize=700%2C400 2x"},"classes":[]},{"id":84903,"url":"https:\/\/noticiasribeiraopreto.com.br\/index.php\/2026\/04\/17\/golpe-advogada-tem-voz-clonada-por-inteligencia-artificial\/","url_meta":{"origin":7318,"position":5},"title":"Golpe: Advogada tem voz clonada por intelig\u00eancia artificial","author":"noticiasribeiraopreto.com.br","date":"17 de April de 2026","format":false,"excerpt":"Ler o resumo da not\u00edcia Advogada Lucilene\u202fVitale recebeu mensagem com foto e \u00e1udio de voz clonada por IA, configurando golpe de deep\u202ffake. Subse\u00e7\u00e3o de Franca da OAB informou que 80\u202f% dos advogados da regi\u00e3o j\u00e1 foram v\u00edtimas de fraudes semelhantes. Pol\u00edcia identificou quadrilha que, em quase dois meses, desviou R$\u202f240\u202fmil\u2026","rel":"","context":"In &quot;Not\u00edcias de Ribeir\u00e3o Preto-SP e Regi\u00e3o&quot;","block_context":{"text":"Not\u00edcias de Ribeir\u00e3o Preto-SP e Regi\u00e3o","link":"https:\/\/noticiasribeiraopreto.com.br\/index.php\/category\/noticias-de-ribeirao-preto-sp-e-regiao-ismael-colosi\/"},"img":{"alt_text":"","src":"https:\/\/i0.wp.com\/noticiasribeiraopreto.com.br\/wp-content\/uploads\/2026\/04\/advogada-ia_2026-04-17_15-34-09.webp.webp?fit=980%2C553&ssl=1&resize=350%2C200","width":350,"height":200,"srcset":"https:\/\/i0.wp.com\/noticiasribeiraopreto.com.br\/wp-content\/uploads\/2026\/04\/advogada-ia_2026-04-17_15-34-09.webp.webp?fit=980%2C553&ssl=1&resize=350%2C200 1x, https:\/\/i0.wp.com\/noticiasribeiraopreto.com.br\/wp-content\/uploads\/2026\/04\/advogada-ia_2026-04-17_15-34-09.webp.webp?fit=980%2C553&ssl=1&resize=525%2C300 1.5x, https:\/\/i0.wp.com\/noticiasribeiraopreto.com.br\/wp-content\/uploads\/2026\/04\/advogada-ia_2026-04-17_15-34-09.webp.webp?fit=980%2C553&ssl=1&resize=700%2C400 2x"},"classes":[]}],"jetpack_sharing_enabled":true,"jetpack_shortlink":"https:\/\/wp.me\/peQAOb-1U2","_links":{"self":[{"href":"https:\/\/noticiasribeiraopreto.com.br\/index.php\/wp-json\/wp\/v2\/posts\/7318","targetHints":{"allow":["GET"]}}],"collection":[{"href":"https:\/\/noticiasribeiraopreto.com.br\/index.php\/wp-json\/wp\/v2\/posts"}],"about":[{"href":"https:\/\/noticiasribeiraopreto.com.br\/index.php\/wp-json\/wp\/v2\/types\/post"}],"author":[{"embeddable":true,"href":"https:\/\/noticiasribeiraopreto.com.br\/index.php\/wp-json\/wp\/v2\/users\/1"}],"replies":[{"embeddable":true,"href":"https:\/\/noticiasribeiraopreto.com.br\/index.php\/wp-json\/wp\/v2\/comments?post=7318"}],"version-history":[{"count":0,"href":"https:\/\/noticiasribeiraopreto.com.br\/index.php\/wp-json\/wp\/v2\/posts\/7318\/revisions"}],"wp:featuredmedia":[{"embeddable":true,"href":"https:\/\/noticiasribeiraopreto.com.br\/index.php\/wp-json\/wp\/v2\/media\/7319"}],"wp:attachment":[{"href":"https:\/\/noticiasribeiraopreto.com.br\/index.php\/wp-json\/wp\/v2\/media?parent=7318"}],"wp:term":[{"taxonomy":"category","embeddable":true,"href":"https:\/\/noticiasribeiraopreto.com.br\/index.php\/wp-json\/wp\/v2\/categories?post=7318"},{"taxonomy":"post_tag","embeddable":true,"href":"https:\/\/noticiasribeiraopreto.com.br\/index.php\/wp-json\/wp\/v2\/tags?post=7318"}],"curies":[{"name":"wp","href":"https:\/\/api.w.org\/{rel}","templated":true}]}}