{"id":73180,"date":"2025-06-26T16:29:33","date_gmt":"2025-06-26T19:29:33","guid":{"rendered":"https:\/\/noticiasribeiraopreto.com.br\/index.php\/2025\/06\/26\/marcos-veras-apresenta-espetaculo-solo-na-regiao-de-ribeirao-preto-no-fim-de-semana\/"},"modified":"2025-06-26T16:29:33","modified_gmt":"2025-06-26T19:29:33","slug":"marcos-veras-apresenta-espetaculo-solo-na-regiao-de-ribeirao-preto-no-fim-de-semana","status":"publish","type":"post","link":"https:\/\/noticiasribeiraopreto.com.br\/index.php\/2025\/06\/26\/marcos-veras-apresenta-espetaculo-solo-na-regiao-de-ribeirao-preto-no-fim-de-semana\/","title":{"rendered":"Marcos Veras apresenta espet\u00e1culo solo na regi\u00e3o de Ribeir\u00e3o Preto no fim de semana"},"content":{"rendered":"<div class='code-block code-block-1' style='margin: 8px 0 8px auto; text-align: right; display: block; clear: both;'>\n<p><a href=\"https:\/\/wa.link\/vpicfd\"><img data-recalc-dims=\"1\" class=\"wp-image-4922\" style=\"aspect-ratio: 2.0253164556962027; width: 561px; height: auto;\" src=\"https:\/\/i0.wp.com\/ismaelcolosi.com.br\/wp-content\/uploads\/2023\/11\/grupo-de-empregos-whatsapp-e-facebook-ismael-colosi-vagas.jpg?ssl=1\" alt=\"\" \/><\/a><\/p>\n<!-- \/wp:image -->\n<\/div>\n<p> <br \/>\n<\/p>\n<div data-td-block-uid=\"tdi_95\">\n<div class=\"tdb-block-inner td-fix-index\">\n<p>O ator <strong>Marcos Veras <\/strong>apresenta o espet\u00e1culo \u201c<strong>Voc\u00eas Foram Maravilhosos<\/strong>\u201d, na 2\u00aa edi\u00e7\u00e3o do <strong>Festival de Teatro Seguros Unimed<\/strong>, nos dias <strong>28 e 29 de junho<\/strong>, no <strong>Teatro Cine Barretos Os\u00f3rio Falleiros da Rocha<\/strong>, localizado em <strong>Barretos<\/strong>, cidade a <strong>130 km<\/strong> de <strong>Ribeir\u00e3o Preto<\/strong>.<\/p>\n<p>No <strong>s\u00e1bado (28)<\/strong> a sess\u00e3o acontece \u00e0s <strong>20h<\/strong>, e no <strong>domingo (29)<\/strong>, o ator sobe ao palco \u00e0s <strong>19h<\/strong>. A classifica\u00e7\u00e3o indicativa \u00e9 de <strong>14 anos<\/strong>.<\/p>\n<p>O texto \u00e9 de autoria de <strong>Marcos<\/strong> <strong>Veras <\/strong>e aborda assuntos como paternidade, carreira e fam\u00edlia. A pe\u00e7a mistura m\u00fasica, proje\u00e7\u00f5es e quadros inusitados, como o \u201c<strong>Terapia Coletiva<\/strong>\u201d. Ele tamb\u00e9m toca de maneira leve e bem-humorada em assuntos delicados como perdas familiares e sua primeira vez.<\/p>\n<p>Os ingressos podem ser adquiridos <strong>on-line <a href=\"https:\/\/festivalsegurosunimed.com.br\/?fbclid=PAZXh0bgNhZW0CMTEAAadcYn6xfGcoxnSZSSfobqb5spFYOZUQFwFwY1Zp_XB4sks0AeplzbVpbuDMJA_aem__FFFTQQI2wv8vSEHDpsJkQ\">(clique aqui)<\/a><\/strong> com pre\u00e7os que variam de <strong>R$ 30 <\/strong>a <strong>R$ 250<\/strong>.<\/p>\n<h2 class=\"wp-block-heading\"><strong>Servi\u00e7o<\/strong><\/h2>\n<p><strong><em>Voc\u00eas Foram Maravilhosos<\/em><\/strong> <strong><em>\u2013 Marcos Veras <\/em><\/strong><\/p>\n<p><strong>Quando: <\/strong>28 e 29 de junho, s\u00e1bado e domingo <strong><br \/>Hor\u00e1rio: <\/strong>20h e 18h <strong><br \/>Local: <\/strong>Teatro Cine Barretos<strong><br \/>Ingressos: <\/strong>A partir de R$ 30<\/p>\n<p>SAIBA MAIS<br \/>Filmes de a\u00e7\u00e3o, m\u00fasica e terror chegam aos cinemas de Ribeir\u00e3o Preto; Veja estreias<\/p>\n<h4 class=\"wp-block-heading\"><strong>FIQUE ON<\/strong><\/h4>\n<p>Fique ligado em tudo que acontece em Ribeir\u00e3o Preto e regi\u00e3o. Siga os perfis do <strong>acidade on <\/strong>no <a href=\"https:\/\/www.instagram.com\/acidadeonribeirao\" target=\"_blank\" rel=\"noreferrer noopener\">Instagram<\/a> e no <a href=\"https:\/\/www.facebook.com\/acidadeonribeirao\" target=\"_blank\" rel=\"noreferrer noopener\">Facebook<\/a>.<\/p>\n<p>Receba not\u00edcias do acidade on no WhatsApp. Para entrar no grupo, basta <a href=\"https:\/\/chat.whatsapp.com\/BjKQZ9oJwlz8VVT50NuePq\" target=\"_blank\" rel=\"noreferrer noopener\">clicar aqui<\/a>.<\/p>\n<p>Fa\u00e7a uma den\u00fancia ou sugira uma reportagem sobre Ribeir\u00e3o Preto e regi\u00e3o pelo WhatsApp: 16 99117 7802.<\/p>\n<p>VEJA TAMB\u00c9M<br \/>Maisa Silva e Gabigol est\u00e3o juntos?<\/p>\n<p><!-- AI CONTENT END 1 -->\n<\/div>\n<\/div>\n<p><script async src=\"\/\/www.instagram.com\/embed.js\"><\/script><br \/>\n<br \/><br \/>\n<br \/><a href=\"https:\/\/www.acidadeon.com\/ribeiraopreto\/lazer-e-cultura\/marcos-veras-apresenta-espetaculo-solo-na-regiao-de-ribeirao-preto-no-fim-de-semana\/\">Source link <\/a><\/p>\n<!-- CONTENT END 1 -->\n","protected":false},"excerpt":{"rendered":"<p>O ator Marcos Veras apresenta o espet\u00e1culo \u201cVoc\u00eas Foram Maravilhosos\u201d, na 2\u00aa edi\u00e7\u00e3o do Festival de Teatro Seguros Unimed, nos dias 28 e 29 de&#8230;<\/p>\n","protected":false},"author":1,"featured_media":73181,"comment_status":"open","ping_status":"open","sticky":false,"template":"","format":"standard","meta":{"advanced_seo_description":"","jetpack_seo_html_title":"","jetpack_seo_noindex":false,"jetpack_post_was_ever_published":false,"_jetpack_newsletter_access":"","_jetpack_dont_email_post_to_subs":false,"_jetpack_newsletter_tier_id":0,"_jetpack_memberships_contains_paywalled_content":false,"_jetpack_memberships_contains_paid_content":false,"footnotes":"","jetpack_publicize_message":"","jetpack_publicize_feature_enabled":true,"jetpack_social_post_already_shared":true,"jetpack_social_options":{"image_generator_settings":{"template":"highway","default_image_id":0,"font":"","enabled":false},"version":2}},"categories":[11],"tags":[],"class_list":["post-73180","post","type-post","status-publish","format-standard","has-post-thumbnail","hentry","category-noticias-de-ribeirao-preto-sp-e-regiao-ismael-colosi"],"jetpack_publicize_connections":[],"jetpack_featured_media_url":"https:\/\/i0.wp.com\/noticiasribeiraopreto.com.br\/wp-content\/uploads\/2025\/06\/marcos-veras-revista_widelg-1_2025-06-26_13-19-12.webp.webp?fit=800%2C450&ssl=1","jetpack-related-posts":[{"id":34805,"url":"https:\/\/noticiasribeiraopreto.com.br\/index.php\/2024\/02\/03\/amaury-lorenzo-se-apresenta-no-teatro-municipal-de-ribeirao-preto-saiba-como-comprar-ingressos\/","url_meta":{"origin":73180,"position":0},"title":"Amaury Lorenzo se apresenta no Teatro Municipal de Ribeir\u00e3o Preto; Saiba como comprar ingressos","author":"noticiasribeiraopreto.com.br","date":"3 de February de 2024","format":false,"excerpt":"O ator Amaury Lorenzo vai se apresentar em Ribeir\u00e3o Preto nos dias 23 e 24 de mar\u00e7o com o espet\u00e1culo \u201cA Luta\u201d no Teatro Municipal. Os ingressos podem ser adquiridos on-line e os pre\u00e7os variam entre R$ 60 a R$ 120. O ator ganhou destaque recentemente na TV ap\u00f3s dar\u2026","rel":"","context":"In &quot;Not\u00edcias de Ribeir\u00e3o Preto-SP e Regi\u00e3o&quot;","block_context":{"text":"Not\u00edcias de Ribeir\u00e3o Preto-SP e Regi\u00e3o","link":"https:\/\/noticiasribeiraopreto.com.br\/index.php\/category\/noticias-de-ribeirao-preto-sp-e-regiao-ismael-colosi\/"},"img":{"alt_text":"","src":"https:\/\/i0.wp.com\/noticiasribeiraopreto.com.br\/wp-content\/uploads\/2024\/02\/Copia-de-Copia-de-TAMANHO-EXATO-PARA-FOTOS-NO-SISTEMA-NOVO-2.jpg?fit=1200%2C675&ssl=1&resize=350%2C200","width":350,"height":200,"srcset":"https:\/\/i0.wp.com\/noticiasribeiraopreto.com.br\/wp-content\/uploads\/2024\/02\/Copia-de-Copia-de-TAMANHO-EXATO-PARA-FOTOS-NO-SISTEMA-NOVO-2.jpg?fit=1200%2C675&ssl=1&resize=350%2C200 1x, https:\/\/i0.wp.com\/noticiasribeiraopreto.com.br\/wp-content\/uploads\/2024\/02\/Copia-de-Copia-de-TAMANHO-EXATO-PARA-FOTOS-NO-SISTEMA-NOVO-2.jpg?fit=1200%2C675&ssl=1&resize=525%2C300 1.5x, https:\/\/i0.wp.com\/noticiasribeiraopreto.com.br\/wp-content\/uploads\/2024\/02\/Copia-de-Copia-de-TAMANHO-EXATO-PARA-FOTOS-NO-SISTEMA-NOVO-2.jpg?fit=1200%2C675&ssl=1&resize=700%2C400 2x, https:\/\/i0.wp.com\/noticiasribeiraopreto.com.br\/wp-content\/uploads\/2024\/02\/Copia-de-Copia-de-TAMANHO-EXATO-PARA-FOTOS-NO-SISTEMA-NOVO-2.jpg?fit=1200%2C675&ssl=1&resize=1050%2C600 3x"},"classes":[]},{"id":62236,"url":"https:\/\/noticiasribeiraopreto.com.br\/index.php\/2025\/01\/08\/ribeirao-preto-recebe-comedia-insignificancia-saiba-como-assistir\/","url_meta":{"origin":73180,"position":1},"title":"Ribeir\u00e3o Preto recebe com\u00e9dia \u2018Insignific\u00e2ncia\u2019; Saiba como assistir","author":"noticiasribeiraopreto.com.br","date":"8 de January de 2025","format":false,"excerpt":"A com\u00e9dia \u201cInsignific\u00e2ncia\u201d, que apresenta o texto do dramaturgo e diretor Terry Johnson, desembarca no Teatro Municipal de Ribeir\u00e3o Preto no dia 16 de fevereiro, \u00e0s 18h. Os ingressos j\u00e1 est\u00e3o \u00e0 venda \u2013 saiba mais abaixo. A hist\u00f3ria se passa em um hotel na Nova Iorque de 1953, onde\u2026","rel":"","context":"In &quot;Not\u00edcias de Ribeir\u00e3o Preto-SP e Regi\u00e3o&quot;","block_context":{"text":"Not\u00edcias de Ribeir\u00e3o Preto-SP e Regi\u00e3o","link":"https:\/\/noticiasribeiraopreto.com.br\/index.php\/category\/noticias-de-ribeirao-preto-sp-e-regiao-ismael-colosi\/"},"img":{"alt_text":"","src":"https:\/\/i0.wp.com\/noticiasribeiraopreto.com.br\/wp-content\/uploads\/2025\/01\/insignificancia_2025-01-08_12-29-47_jpg_2025-01-08_12-29-47.webp.webp?fit=877%2C567&ssl=1&resize=350%2C200","width":350,"height":200,"srcset":"https:\/\/i0.wp.com\/noticiasribeiraopreto.com.br\/wp-content\/uploads\/2025\/01\/insignificancia_2025-01-08_12-29-47_jpg_2025-01-08_12-29-47.webp.webp?fit=877%2C567&ssl=1&resize=350%2C200 1x, https:\/\/i0.wp.com\/noticiasribeiraopreto.com.br\/wp-content\/uploads\/2025\/01\/insignificancia_2025-01-08_12-29-47_jpg_2025-01-08_12-29-47.webp.webp?fit=877%2C567&ssl=1&resize=525%2C300 1.5x, https:\/\/i0.wp.com\/noticiasribeiraopreto.com.br\/wp-content\/uploads\/2025\/01\/insignificancia_2025-01-08_12-29-47_jpg_2025-01-08_12-29-47.webp.webp?fit=877%2C567&ssl=1&resize=700%2C400 2x"},"classes":[]},{"id":29856,"url":"https:\/\/noticiasribeiraopreto.com.br\/index.php\/2024\/01\/19\/nany-people-se-apresenta-em-ribeirao-com-o-stand-up-como-salvar-um-casamento\/","url_meta":{"origin":73180,"position":2},"title":"Nany People se apresenta em Ribeir\u00e3o com o stand-up &#8216;Como Salvar Um Casamento&#8217;","author":"noticiasribeiraopreto.com.br","date":"19 de January de 2024","format":false,"excerpt":"A atriz e comediante Nany People volta a Ribeir\u00e3o Preto no dia 1\u00ba de mar\u00e7o para apresentar o seu novo espet\u00e1culo \u201cComo Salvar Um Casamento\u201c, no Teatro Municipal. A artista retorna \u00e0s suas ra\u00edzes teatrais num mon\u00f3logo que fez hist\u00f3ria em sua carreira. O espet\u00e1culo ter\u00e1 \u00fanica apresenta\u00e7\u00e3o e as\u2026","rel":"","context":"In &quot;Not\u00edcias de Ribeir\u00e3o Preto-SP e Regi\u00e3o&quot;","block_context":{"text":"Not\u00edcias de Ribeir\u00e3o Preto-SP e Regi\u00e3o","link":"https:\/\/noticiasribeiraopreto.com.br\/index.php\/category\/noticias-de-ribeirao-preto-sp-e-regiao-ismael-colosi\/"},"img":{"alt_text":"","src":"https:\/\/i0.wp.com\/noticiasribeiraopreto.com.br\/wp-content\/uploads\/2024\/01\/FOTO-CARDS-1.jpg?fit=640%2C500&ssl=1&resize=350%2C200","width":350,"height":200,"srcset":"https:\/\/i0.wp.com\/noticiasribeiraopreto.com.br\/wp-content\/uploads\/2024\/01\/FOTO-CARDS-1.jpg?fit=640%2C500&ssl=1&resize=350%2C200 1x, https:\/\/i0.wp.com\/noticiasribeiraopreto.com.br\/wp-content\/uploads\/2024\/01\/FOTO-CARDS-1.jpg?fit=640%2C500&ssl=1&resize=525%2C300 1.5x"},"classes":[]},{"id":77432,"url":"https:\/\/noticiasribeiraopreto.com.br\/index.php\/2025\/09\/18\/paulo-betti-apresenta-peca-no-festival-nacional-de-teatro-de-ribeirao-preto\/","url_meta":{"origin":73180,"position":3},"title":"Paulo Betti apresenta pe\u00e7a no Festival Nacional de Teatro de Ribeir\u00e3o Preto","author":"noticiasribeiraopreto.com.br","date":"18 de September de 2025","format":false,"excerpt":"O ator Paulo Betti \u00e9 uma das atra\u00e7\u00f5es do 9\u00ba Festival Nacional de Teatro de Ribeir\u00e3o Preto. Nesta quinta-feira (18), ele apresenta o espet\u00e1culo \u201cAutobiografia Autorizada\u201d, no Teatro Municipal, a partir das 19h30. Al\u00e9m disso, ele ministra um workshop de interpreta\u00e7\u00e3o para teatro e TV, que j\u00e1 est\u00e1 com vagas\u2026","rel":"","context":"In &quot;Not\u00edcias de Ribeir\u00e3o Preto-SP e Regi\u00e3o&quot;","block_context":{"text":"Not\u00edcias de Ribeir\u00e3o Preto-SP e Regi\u00e3o","link":"https:\/\/noticiasribeiraopreto.com.br\/index.php\/category\/noticias-de-ribeirao-preto-sp-e-regiao-ismael-colosi\/"},"img":{"alt_text":"","src":"https:\/\/i0.wp.com\/noticiasribeiraopreto.com.br\/wp-content\/uploads\/2025\/09\/agenda-4_2025-09-18_15-45-38.webp.webp?fit=1200%2C675&ssl=1&resize=350%2C200","width":350,"height":200,"srcset":"https:\/\/i0.wp.com\/noticiasribeiraopreto.com.br\/wp-content\/uploads\/2025\/09\/agenda-4_2025-09-18_15-45-38.webp.webp?fit=1200%2C675&ssl=1&resize=350%2C200 1x, https:\/\/i0.wp.com\/noticiasribeiraopreto.com.br\/wp-content\/uploads\/2025\/09\/agenda-4_2025-09-18_15-45-38.webp.webp?fit=1200%2C675&ssl=1&resize=525%2C300 1.5x, https:\/\/i0.wp.com\/noticiasribeiraopreto.com.br\/wp-content\/uploads\/2025\/09\/agenda-4_2025-09-18_15-45-38.webp.webp?fit=1200%2C675&ssl=1&resize=700%2C400 2x, https:\/\/i0.wp.com\/noticiasribeiraopreto.com.br\/wp-content\/uploads\/2025\/09\/agenda-4_2025-09-18_15-45-38.webp.webp?fit=1200%2C675&ssl=1&resize=1050%2C600 3x"},"classes":[]},{"id":52834,"url":"https:\/\/noticiasribeiraopreto.com.br\/index.php\/2024\/06\/12\/teatro-municipal-de-ribeirao-preto-apresenta-stand-up-nocaute-com-entrada-gratuita\/","url_meta":{"origin":73180,"position":4},"title":"Teatro Municipal de Ribeir\u00e3o Preto apresenta stand-up \u2018Nocaute\u2019 com entrada gratuita","author":"noticiasribeiraopreto.com.br","date":"12 de June de 2024","format":false,"excerpt":"O espet\u00e1culo \u201cNocaute\u201d com o ator Marcelo Mansfield ser\u00e1 apresentando no Teatro Municipal de Ribeir\u00e3o Preto, nesta sexta-feira (14), com entrada gratuita. Com estilo stand-up comedy, a apresenta\u00e7\u00e3o ter\u00e1 in\u00edcio \u00e0s 19h. Mesmo com entrada de gra\u00e7a, \u00e9 necess\u00e1rio retirar os ingressos para o espet\u00e1culo uma hora antes do in\u00edcio\u2026","rel":"","context":"In &quot;Not\u00edcias de Ribeir\u00e3o Preto-SP e Regi\u00e3o&quot;","block_context":{"text":"Not\u00edcias de Ribeir\u00e3o Preto-SP e Regi\u00e3o","link":"https:\/\/noticiasribeiraopreto.com.br\/index.php\/category\/noticias-de-ribeirao-preto-sp-e-regiao-ismael-colosi\/"},"img":{"alt_text":"","src":"https:\/\/i0.wp.com\/noticiasribeiraopreto.com.br\/wp-content\/uploads\/2024\/06\/Copia-de-Copia-de-TAMANHO-EXATO-PARA-FOTOS-NO-SISTEMA-NOVO-12_2024-06-12_20-38-43_jpg_2024-06-12_20-38-43.webp.webp?fit=1200%2C675&ssl=1&resize=350%2C200","width":350,"height":200,"srcset":"https:\/\/i0.wp.com\/noticiasribeiraopreto.com.br\/wp-content\/uploads\/2024\/06\/Copia-de-Copia-de-TAMANHO-EXATO-PARA-FOTOS-NO-SISTEMA-NOVO-12_2024-06-12_20-38-43_jpg_2024-06-12_20-38-43.webp.webp?fit=1200%2C675&ssl=1&resize=350%2C200 1x, https:\/\/i0.wp.com\/noticiasribeiraopreto.com.br\/wp-content\/uploads\/2024\/06\/Copia-de-Copia-de-TAMANHO-EXATO-PARA-FOTOS-NO-SISTEMA-NOVO-12_2024-06-12_20-38-43_jpg_2024-06-12_20-38-43.webp.webp?fit=1200%2C675&ssl=1&resize=525%2C300 1.5x, https:\/\/i0.wp.com\/noticiasribeiraopreto.com.br\/wp-content\/uploads\/2024\/06\/Copia-de-Copia-de-TAMANHO-EXATO-PARA-FOTOS-NO-SISTEMA-NOVO-12_2024-06-12_20-38-43_jpg_2024-06-12_20-38-43.webp.webp?fit=1200%2C675&ssl=1&resize=700%2C400 2x, https:\/\/i0.wp.com\/noticiasribeiraopreto.com.br\/wp-content\/uploads\/2024\/06\/Copia-de-Copia-de-TAMANHO-EXATO-PARA-FOTOS-NO-SISTEMA-NOVO-12_2024-06-12_20-38-43_jpg_2024-06-12_20-38-43.webp.webp?fit=1200%2C675&ssl=1&resize=1050%2C600 3x"},"classes":[]},{"id":73231,"url":"https:\/\/noticiasribeiraopreto.com.br\/index.php\/2025\/06\/27\/confira-as-atracoes-do-fim-de-semana-em-ribeirao-preto-e-regiao\/","url_meta":{"origin":73180,"position":5},"title":"Confira as atra\u00e7\u00f5es do fim de semana em Ribeir\u00e3o Preto e regi\u00e3o","author":"noticiasribeiraopreto.com.br","date":"27 de June de 2025","format":false,"excerpt":"O \u00faltimo fim de semana de junho conta com uma programa\u00e7\u00e3o recheada de atividades culturais para quem deseja aproveitar com a fam\u00edlia e amigos. Ribeir\u00e3o Preto recebe shows do sertanejo Gusttavo Lima e do grupo Roupa Nova, al\u00e9m de sess\u00f5es da pe\u00e7a premiada \u201cTom na Fazenda\u201d. Confira todas as atra\u00e7\u00f5es:\u2026","rel":"","context":"In &quot;Not\u00edcias de Ribeir\u00e3o Preto-SP e Regi\u00e3o&quot;","block_context":{"text":"Not\u00edcias de Ribeir\u00e3o Preto-SP e Regi\u00e3o","link":"https:\/\/noticiasribeiraopreto.com.br\/index.php\/category\/noticias-de-ribeirao-preto-sp-e-regiao-ismael-colosi\/"},"img":{"alt_text":"","src":"https:\/\/i0.wp.com\/noticiasribeiraopreto.com.br\/wp-content\/uploads\/2025\/06\/teatro-ias_2025-06-27_13-36-09.webp.webp?fit=1200%2C675&ssl=1&resize=350%2C200","width":350,"height":200,"srcset":"https:\/\/i0.wp.com\/noticiasribeiraopreto.com.br\/wp-content\/uploads\/2025\/06\/teatro-ias_2025-06-27_13-36-09.webp.webp?fit=1200%2C675&ssl=1&resize=350%2C200 1x, https:\/\/i0.wp.com\/noticiasribeiraopreto.com.br\/wp-content\/uploads\/2025\/06\/teatro-ias_2025-06-27_13-36-09.webp.webp?fit=1200%2C675&ssl=1&resize=525%2C300 1.5x, https:\/\/i0.wp.com\/noticiasribeiraopreto.com.br\/wp-content\/uploads\/2025\/06\/teatro-ias_2025-06-27_13-36-09.webp.webp?fit=1200%2C675&ssl=1&resize=700%2C400 2x, https:\/\/i0.wp.com\/noticiasribeiraopreto.com.br\/wp-content\/uploads\/2025\/06\/teatro-ias_2025-06-27_13-36-09.webp.webp?fit=1200%2C675&ssl=1&resize=1050%2C600 3x"},"classes":[]}],"jetpack_sharing_enabled":true,"jetpack_shortlink":"https:\/\/wp.me\/peQAOb-j2k","_links":{"self":[{"href":"https:\/\/noticiasribeiraopreto.com.br\/index.php\/wp-json\/wp\/v2\/posts\/73180","targetHints":{"allow":["GET"]}}],"collection":[{"href":"https:\/\/noticiasribeiraopreto.com.br\/index.php\/wp-json\/wp\/v2\/posts"}],"about":[{"href":"https:\/\/noticiasribeiraopreto.com.br\/index.php\/wp-json\/wp\/v2\/types\/post"}],"author":[{"embeddable":true,"href":"https:\/\/noticiasribeiraopreto.com.br\/index.php\/wp-json\/wp\/v2\/users\/1"}],"replies":[{"embeddable":true,"href":"https:\/\/noticiasribeiraopreto.com.br\/index.php\/wp-json\/wp\/v2\/comments?post=73180"}],"version-history":[{"count":0,"href":"https:\/\/noticiasribeiraopreto.com.br\/index.php\/wp-json\/wp\/v2\/posts\/73180\/revisions"}],"wp:featuredmedia":[{"embeddable":true,"href":"https:\/\/noticiasribeiraopreto.com.br\/index.php\/wp-json\/wp\/v2\/media\/73181"}],"wp:attachment":[{"href":"https:\/\/noticiasribeiraopreto.com.br\/index.php\/wp-json\/wp\/v2\/media?parent=73180"}],"wp:term":[{"taxonomy":"category","embeddable":true,"href":"https:\/\/noticiasribeiraopreto.com.br\/index.php\/wp-json\/wp\/v2\/categories?post=73180"},{"taxonomy":"post_tag","embeddable":true,"href":"https:\/\/noticiasribeiraopreto.com.br\/index.php\/wp-json\/wp\/v2\/tags?post=73180"}],"curies":[{"name":"wp","href":"https:\/\/api.w.org\/{rel}","templated":true}]}}