{"id":73182,"date":"2025-06-26T16:37:05","date_gmt":"2025-06-26T19:37:05","guid":{"rendered":"https:\/\/noticiasribeiraopreto.com.br\/index.php\/2025\/06\/26\/unesp-abre-concurso-publico-com-salarios-de-ate-r-124-mil\/"},"modified":"2025-06-26T16:37:05","modified_gmt":"2025-06-26T19:37:05","slug":"unesp-abre-concurso-publico-com-salarios-de-ate-r-124-mil","status":"publish","type":"post","link":"https:\/\/noticiasribeiraopreto.com.br\/index.php\/2025\/06\/26\/unesp-abre-concurso-publico-com-salarios-de-ate-r-124-mil\/","title":{"rendered":"Unesp abre concurso p\u00fablico com sal\u00e1rios de at\u00e9 R$ 12,4 mil"},"content":{"rendered":"<div class='code-block code-block-1' style='margin: 8px 0 8px auto; text-align: right; display: block; clear: both;'>\n<p><a href=\"https:\/\/wa.link\/vpicfd\"><img data-recalc-dims=\"1\" class=\"wp-image-4922\" style=\"aspect-ratio: 2.0253164556962027; width: 561px; height: auto;\" src=\"https:\/\/i0.wp.com\/ismaelcolosi.com.br\/wp-content\/uploads\/2023\/11\/grupo-de-empregos-whatsapp-e-facebook-ismael-colosi-vagas.jpg?ssl=1\" alt=\"\" \/><\/a><\/p>\n<!-- \/wp:image -->\n<\/div>\n<p> <br \/>\n<\/p>\n<div data-td-block-uid=\"tdi_95\">\n<div class=\"tdb-block-inner td-fix-index\">\n<p>A <strong>Unesp <\/strong>publicou novos editais de concurso p\u00fablico com <strong>41 vagas<\/strong> de <strong>n\u00edvel fundamental<\/strong>, <strong>m\u00e9dio <\/strong>e <strong>superior<\/strong>. Os sal\u00e1rios para as fun\u00e7\u00f5es variam entre <strong>R$ 4.258,11<\/strong> e <strong>R$ 12.456,12<\/strong>.<\/p>\n<p>As oportunidades s\u00e3o para os campi de <strong>Bauru<\/strong>, <strong>Rio Claro<\/strong>, <strong>Dracena<\/strong>, <strong>Araraquara<\/strong>, <strong>Presidente Prudente<\/strong>, <strong>S\u00e3o Paulo<\/strong>, <strong>Botucatu<\/strong>, <strong>Franca<\/strong>, <strong>Sorocaba<\/strong>, <strong>Jaboticabal <\/strong>e <strong>Assis <\/strong>\u2013 veja abaixo.<\/p>\n<h2 class=\"wp-block-heading\"><strong>Como se inscrever?<\/strong><\/h2>\n<p>As inscri\u00e7\u00f5es devem ser realizadas no per\u00edodo <strong>entre os dias 7 de julho e 5 de agosto de 2025<\/strong>, no site da <strong>Funda\u00e7\u00e3o Vunesp (<a href=\"https:\/\/www.vunesp.com.br\/busca\/concurso\/proximo\" target=\"_blank\" rel=\"noreferrer noopener\">clique aqui para acessar<\/a>)<\/strong>. <mark style=\"background-color:#fcb900\" class=\"has-inline-color\">A taxa de inscri\u00e7\u00e3o varia entre <strong>R$ 96<\/strong> e <strong>R$ 202<\/strong>.<\/mark><\/p>\n<h2 class=\"wp-block-heading\"><strong>Confira as oportunidades<\/strong><\/h2>\n<h3 class=\"wp-block-heading\"><strong>Araraquara<\/strong><\/h3>\n<ul class=\"wp-block-list\">\n<li>Assistente de Suporte Acad\u00eamico II (\u00c1rea de atua\u00e7\u00e3o: An\u00e1lises Cl\u00ednicas e Bromatol\u00f3gicas)<\/li>\n<li>Assistente de Suporte Acad\u00eamico II (\u00c1rea de atua\u00e7\u00e3o: Laborat\u00f3rio de Investiga\u00e7\u00e3o de Paternidade)<\/li>\n<li>Assistente de Suporte Acad\u00eamico II (\u00c1rea de atua\u00e7\u00e3o: Mec\u00e2nica de M\u00e1quinas)<\/li>\n<li>Assistente Administrativo II (\u00c1rea de atua\u00e7\u00e3o: Materiais)<\/li>\n<li>Assistente de Inform\u00e1tica II (\u00c1rea de atua\u00e7\u00e3o: Redes, Infraestrutura e Suporte ao Usu\u00e1rio)<\/li>\n<li>M\u00e9dico (\u00c1rea de atua\u00e7\u00e3o: Medicina do Trabalho)<\/li>\n<li>Motorista<\/li>\n<\/ul>\n<h3 class=\"wp-block-heading\"><strong>Assis<\/strong><\/h3>\n<ul class=\"wp-block-list\">\n<li>M\u00e9dico (\u00c1rea de atua\u00e7\u00e3o: Medicina do Trabalho)<\/li>\n<\/ul>\n<h3 class=\"wp-block-heading\"><strong>Bauru<\/strong><\/h3>\n<ul class=\"wp-block-list\">\n<li>Assistente de Suporte Acad\u00eamico II (\u00c1rea de atua\u00e7\u00e3o: Ambientes de Inform\u00e1tica para Ensino e Pesquisa)<\/li>\n<li>Assistente de Suporte Acad\u00eamico II (\u00c1rea de atua\u00e7\u00e3o: Biblioteca)<\/li>\n<li>Assistente de Suporte Acad\u00eamico IV (\u00c1rea de atua\u00e7\u00e3o: Ci\u00eancia dos Materiais)<\/li>\n<li>Assistente de Suporte Acad\u00eamico IV (\u00c1rea de atua\u00e7\u00e3o: Cromatografia e Espectrometria de Massas)<\/li>\n<\/ul>\n<h3 class=\"wp-block-heading\"><strong>Botucatu<\/strong><\/h3>\n<ul class=\"wp-block-list\">\n<li>Assistente de Suporte Acad\u00eamico IV (\u00c1rea de atua\u00e7\u00e3o: Pesquisa Cl\u00ednica em Doen\u00e7as Infecciosas)<\/li>\n<li>M\u00e9dico (\u00c1rea de atua\u00e7\u00e3o: Sa\u00fade da Fam\u00edlia e Comunidade)<\/li>\n<\/ul>\n<h3 class=\"wp-block-heading\"><strong>Dracena<\/strong><\/h3>\n<h3 class=\"wp-block-heading\"><strong>Franca<\/strong><\/h3>\n<ul class=\"wp-block-list\">\n<li>Assistente de Suporte Acad\u00eamico II (\u00c1rea de atua\u00e7\u00e3o: Biblioteca)<\/li>\n<li>Assistente de Suporte Acad\u00eamico IV (\u00c1rea de atua\u00e7\u00e3o: Centro de Pesquisa Pol\u00edtica e Social)<\/li>\n<li>M\u00e9dico (\u00c1rea de atua\u00e7\u00e3o: Medicina do Trabalho e Cl\u00ednica Geral)<\/li>\n<li>Pedagogo (\u00c1rea de atua\u00e7\u00e3o: Psicopedagogia)<\/li>\n<\/ul>\n<h3 class=\"wp-block-heading\"><strong>Jaboticabal<\/strong><\/h3>\n<ul class=\"wp-block-list\">\n<li>Assistente Operacional II (\u00c1rea de atua\u00e7\u00e3o: Conserva\u00e7\u00e3o e Manuten\u00e7\u00e3o)<\/li>\n<li>Assistente de Inform\u00e1tica II (\u00c1rea de atua\u00e7\u00e3o: Redes, Infraestrutura e Suporte ao Usu\u00e1rio)<\/li>\n<li>Assistente de Suporte Acad\u00eamico II (\u00c1rea de atua\u00e7\u00e3o: Biblioteca)<\/li>\n<li>Assistente Operacional III (\u00c1rea de atua\u00e7\u00e3o: Manuten\u00e7\u00e3o Predial)<\/li>\n<li>Motorista<\/li>\n<\/ul>\n<h3 class=\"wp-block-heading\"><strong>Presidente Prudente<\/strong><\/h3>\n<ul class=\"wp-block-list\">\n<li>Assistente de Suporte Acad\u00eamico II (\u00c1rea de atua\u00e7\u00e3o: Arquitetura, Urbanismo e Engenharia Ambiental)<\/li>\n<li>Assistente de Suporte Acad\u00eamico II (\u00c1rea de atua\u00e7\u00e3o: Ci\u00eancias Humanas e \u00e1reas afins)<\/li>\n<li>Assistente de Suporte Acad\u00eamico II (\u00c1rea de atua\u00e7\u00e3o: Educa\u00e7\u00e3o F\u00edsica)<\/li>\n<li>Assistente de Suporte Acad\u00eamico II (\u00c1rea de atua\u00e7\u00e3o: Fisioterapia)<\/li>\n<li>Assistente de Suporte Acad\u00eamico II (\u00c1rea de atua\u00e7\u00e3o: Geografia)<\/li>\n<li>M\u00e9dico (\u00c1rea de atua\u00e7\u00e3o: Medicina do Trabalho)<\/li>\n<\/ul>\n<h3 class=\"wp-block-heading\"><strong>Rio Claro<\/strong><\/h3>\n<ul class=\"wp-block-list\">\n<li>Assistente de Suporte Acad\u00eamico II (\u00c1rea de atua\u00e7\u00e3o: Ambientes de Inform\u00e1tica para Ensino e Pesquisa)<\/li>\n<li>Assistente de Suporte Acad\u00eamico II (\u00c1rea de atua\u00e7\u00e3o: Prepara\u00e7\u00e3o e Processamento de Materiais Geol\u00f3gicos)<\/li>\n<li>M\u00e9dico (\u00c1rea de atua\u00e7\u00e3o: Medicina do Trabalho)<\/li>\n<\/ul>\n<h3 class=\"wp-block-heading\"><strong>S\u00e3o Paulo<\/strong><\/h3>\n<ul class=\"wp-block-list\">\n<li>Assistente Administrativo II (\u00c1rea de atua\u00e7\u00e3o: Contratos, Licita\u00e7\u00e3o e Patrim\u00f4nio)<\/li>\n<li>Assistente Administrativo II (\u00c1rea de atua\u00e7\u00e3o: Gest\u00e3o de Pessoas)<\/li>\n<li>Assistente de Suporte Acad\u00eamico III (\u00c1rea de atua\u00e7\u00e3o: Correpetidor)<\/li>\n<\/ul>\n<h3 class=\"wp-block-heading\"><strong>Sorocaba<\/strong><\/h3>\n<ul class=\"wp-block-list\">\n<li>Assistente Operacional III (\u00c1rea de atua\u00e7\u00e3o: Conserva\u00e7\u00e3o e Manuten\u00e7\u00e3o)<\/li>\n<\/ul>\n<hr class=\"wp-block-separator has-alpha-channel-opacity\"\/>\n<p>SAIBA MAIS<\/p>\n<p>Rede atacadista abre 40 vagas de emprego na regi\u00e3o de Ribeir\u00e3o Preto<\/p>\n<h3 class=\"wp-block-heading\"><strong>FIQUE ON<\/strong><\/h3>\n<p>Fique ligado em tudo que acontece em Ribeir\u00e3o Preto e regi\u00e3o. Siga os perfis do\u00a0<strong>acidade on\u00a0<\/strong>no\u00a0<a href=\"https:\/\/www.instagram.com\/acidadeonribeirao\" target=\"_blank\" rel=\"noreferrer noopener\">Instagram<\/a>\u00a0e no\u00a0<a href=\"https:\/\/www.facebook.com\/acidadeonribeirao\" target=\"_blank\" rel=\"noreferrer noopener\">Facebook<\/a>.<\/p>\n<p>Receba not\u00edcias do acidade on no WhatsApp. Para entrar no grupo, basta\u00a0<a href=\"https:\/\/chat.whatsapp.com\/BjKQZ9oJwlz8VVT50NuePq\" target=\"_blank\" rel=\"noreferrer noopener\">clicar aqui<\/a>.<\/p>\n<p>Fa\u00e7a uma den\u00fancia ou sugira uma reportagem sobre Ribeir\u00e3o Preto e regi\u00e3o pelo WhatsApp: 16 99117 7802.<\/p>\n<p>VEJA TAMB\u00c9M<\/p>\n<p>The Bear: quando estreia a quarta temporada?<\/p>\n<p><!-- AI CONTENT END 1 -->\n<\/div>\n<\/div>\n<p><script async src=\"\/\/www.instagram.com\/embed.js\"><\/script><br \/>\n<br \/><br \/>\n<br \/><a href=\"https:\/\/www.acidadeon.com\/ribeiraopreto\/economia\/unesp-abre-concurso-publico-com-salarios-de-ate-r-124-mil\/\">Source link <\/a><\/p>\n<!-- CONTENT END 1 -->\n","protected":false},"excerpt":{"rendered":"<p>A Unesp publicou novos editais de concurso p\u00fablico com 41 vagas de n\u00edvel fundamental, m\u00e9dio e superior. Os sal\u00e1rios para as fun\u00e7\u00f5es variam entre R$&#8230;<\/p>\n","protected":false},"author":1,"featured_media":73183,"comment_status":"open","ping_status":"open","sticky":false,"template":"","format":"standard","meta":{"advanced_seo_description":"","jetpack_seo_html_title":"","jetpack_seo_noindex":false,"jetpack_post_was_ever_published":false,"_jetpack_newsletter_access":"","_jetpack_dont_email_post_to_subs":false,"_jetpack_newsletter_tier_id":0,"_jetpack_memberships_contains_paywalled_content":false,"_jetpack_memberships_contains_paid_content":false,"footnotes":"","jetpack_publicize_message":"","jetpack_publicize_feature_enabled":true,"jetpack_social_post_already_shared":true,"jetpack_social_options":{"image_generator_settings":{"template":"highway","default_image_id":0,"font":"","enabled":false},"version":2}},"categories":[11],"tags":[],"class_list":["post-73182","post","type-post","status-publish","format-standard","has-post-thumbnail","hentry","category-noticias-de-ribeirao-preto-sp-e-regiao-ismael-colosi"],"jetpack_publicize_connections":[],"jetpack_featured_media_url":"https:\/\/i0.wp.com\/noticiasribeiraopreto.com.br\/wp-content\/uploads\/2025\/06\/concurso-publico-7_2025-01-22_20-01-23_jpg_2025-01-22_20-01-23.webp.webp?fit=1500%2C1000&ssl=1","jetpack-related-posts":[{"id":83622,"url":"https:\/\/noticiasribeiraopreto.com.br\/index.php\/2026\/03\/22\/unesp-abre-concurso-publico-com-14-vagas-e-salarios-de-ate-r-12-mil\/","url_meta":{"origin":73182,"position":0},"title":"Unesp abre concurso p\u00fablico com 14 vagas e sal\u00e1rios de at\u00e9 R$ 12 mil","author":"noticiasribeiraopreto.com.br","date":"22 de March de 2026","format":false,"excerpt":"A Unesp (Universidade Estadual Paulista) abriu concurso p\u00fablico com 14 vagas para diversos campi espalhados por S\u00e3o Paulo. Os sal\u00e1rios variam entre R$4.258,11 e R$12.456,12. As oportunidades s\u00e3o para diversas \u00e1reas nos campi de S\u00e3o Paulo (capital), Araraquara, Bauru, Rio Claro, Registro, Sorocaba, Botucatu e Tup\u00e3. As inscri\u00e7\u00f5es devem ser\u2026","rel":"","context":"In &quot;Not\u00edcias de Ribeir\u00e3o Preto-SP e Regi\u00e3o&quot;","block_context":{"text":"Not\u00edcias de Ribeir\u00e3o Preto-SP e Regi\u00e3o","link":"https:\/\/noticiasribeiraopreto.com.br\/index.php\/category\/noticias-de-ribeirao-preto-sp-e-regiao-ismael-colosi\/"},"img":{"alt_text":"","src":"https:\/\/i0.wp.com\/noticiasribeiraopreto.com.br\/wp-content\/uploads\/2026\/03\/concurso_2025-10-10_18-32-50.webp.webp?fit=1200%2C963&ssl=1&resize=350%2C200","width":350,"height":200,"srcset":"https:\/\/i0.wp.com\/noticiasribeiraopreto.com.br\/wp-content\/uploads\/2026\/03\/concurso_2025-10-10_18-32-50.webp.webp?fit=1200%2C963&ssl=1&resize=350%2C200 1x, https:\/\/i0.wp.com\/noticiasribeiraopreto.com.br\/wp-content\/uploads\/2026\/03\/concurso_2025-10-10_18-32-50.webp.webp?fit=1200%2C963&ssl=1&resize=525%2C300 1.5x, https:\/\/i0.wp.com\/noticiasribeiraopreto.com.br\/wp-content\/uploads\/2026\/03\/concurso_2025-10-10_18-32-50.webp.webp?fit=1200%2C963&ssl=1&resize=700%2C400 2x, https:\/\/i0.wp.com\/noticiasribeiraopreto.com.br\/wp-content\/uploads\/2026\/03\/concurso_2025-10-10_18-32-50.webp.webp?fit=1200%2C963&ssl=1&resize=1050%2C600 3x"},"classes":[]},{"id":60366,"url":"https:\/\/noticiasribeiraopreto.com.br\/index.php\/2024\/11\/12\/unesp-abre-concurso-publico-com-salarios-de-ate-r-11-mil-veja-como-participar\/","url_meta":{"origin":73182,"position":1},"title":"Unesp abre concurso p\u00fablico com sal\u00e1rios de at\u00e9 R$ 11 mil; Veja como participar","author":"noticiasribeiraopreto.com.br","date":"12 de November de 2024","format":false,"excerpt":"A Unesp (Universidade Estadual Paulista) publicou nesta ter\u00e7a-feira a abertura de concurso p\u00fablico com vagas de n\u00edvel m\u00e9dio e superior com sal\u00e1rios entre R$ 4.671,89 e R$ 11.243,46. As oportunidades s\u00e3o para diversos campi no interior de S\u00e3o Paulo. As inscri\u00e7\u00f5es devem ser realizadas no per\u00edodo entre 19 de novembro\u2026","rel":"","context":"In &quot;Not\u00edcias de Ribeir\u00e3o Preto-SP e Regi\u00e3o&quot;","block_context":{"text":"Not\u00edcias de Ribeir\u00e3o Preto-SP e Regi\u00e3o","link":"https:\/\/noticiasribeiraopreto.com.br\/index.php\/category\/noticias-de-ribeirao-preto-sp-e-regiao-ismael-colosi\/"},"img":{"alt_text":"","src":"https:\/\/i0.wp.com\/noticiasribeiraopreto.com.br\/wp-content\/uploads\/2024\/03\/AnyConv.com__concurso-publico-2.webp.webp?fit=1200%2C800&ssl=1&resize=350%2C200","width":350,"height":200,"srcset":"https:\/\/i0.wp.com\/noticiasribeiraopreto.com.br\/wp-content\/uploads\/2024\/03\/AnyConv.com__concurso-publico-2.webp.webp?fit=1200%2C800&ssl=1&resize=350%2C200 1x, https:\/\/i0.wp.com\/noticiasribeiraopreto.com.br\/wp-content\/uploads\/2024\/03\/AnyConv.com__concurso-publico-2.webp.webp?fit=1200%2C800&ssl=1&resize=525%2C300 1.5x, https:\/\/i0.wp.com\/noticiasribeiraopreto.com.br\/wp-content\/uploads\/2024\/03\/AnyConv.com__concurso-publico-2.webp.webp?fit=1200%2C800&ssl=1&resize=700%2C400 2x, https:\/\/i0.wp.com\/noticiasribeiraopreto.com.br\/wp-content\/uploads\/2024\/03\/AnyConv.com__concurso-publico-2.webp.webp?fit=1200%2C800&ssl=1&resize=1050%2C600 3x"},"classes":[]},{"id":59197,"url":"https:\/\/noticiasribeiraopreto.com.br\/index.php\/2024\/10\/17\/unesp-abre-concurso-publico-com-salarios-de-ate-r-8-mil-no-interior-de-sp\/","url_meta":{"origin":73182,"position":2},"title":"Unesp abre concurso p\u00fablico com sal\u00e1rios de at\u00e9 R$ 8 mil no interior de SP","author":"noticiasribeiraopreto.com.br","date":"17 de October de 2024","format":false,"excerpt":"A Unesp (Universidade Estadual Paulista) publicou edital de concurso p\u00fablico para o cargo de professor substituto para o campus de Franca, no interior de S\u00e3o Paulo. Os sal\u00e1rios para o cargo variam entre R$ 4,8 mil e R$ 8,1 mil, conforme a titula\u00e7\u00e3o do profissional aprovado. A vaga \u00e9 para\u2026","rel":"","context":"In &quot;Not\u00edcias de Ribeir\u00e3o Preto-SP e Regi\u00e3o&quot;","block_context":{"text":"Not\u00edcias de Ribeir\u00e3o Preto-SP e Regi\u00e3o","link":"https:\/\/noticiasribeiraopreto.com.br\/index.php\/category\/noticias-de-ribeirao-preto-sp-e-regiao-ismael-colosi\/"},"img":{"alt_text":"","src":"https:\/\/i0.wp.com\/noticiasribeiraopreto.com.br\/wp-content\/uploads\/2024\/10\/concurso-publico.jpg?fit=1200%2C800&ssl=1&resize=350%2C200","width":350,"height":200,"srcset":"https:\/\/i0.wp.com\/noticiasribeiraopreto.com.br\/wp-content\/uploads\/2024\/10\/concurso-publico.jpg?fit=1200%2C800&ssl=1&resize=350%2C200 1x, https:\/\/i0.wp.com\/noticiasribeiraopreto.com.br\/wp-content\/uploads\/2024\/10\/concurso-publico.jpg?fit=1200%2C800&ssl=1&resize=525%2C300 1.5x, https:\/\/i0.wp.com\/noticiasribeiraopreto.com.br\/wp-content\/uploads\/2024\/10\/concurso-publico.jpg?fit=1200%2C800&ssl=1&resize=700%2C400 2x, https:\/\/i0.wp.com\/noticiasribeiraopreto.com.br\/wp-content\/uploads\/2024\/10\/concurso-publico.jpg?fit=1200%2C800&ssl=1&resize=1050%2C600 3x"},"classes":[]},{"id":70466,"url":"https:\/\/noticiasribeiraopreto.com.br\/index.php\/2025\/05\/26\/unesp-abre-56-vagas-de-concurso-publico-com-salarios-de-ate-r-6-mil-veja-como-se-inscrever\/","url_meta":{"origin":73182,"position":3},"title":"Unesp abre 56 vagas de concurso p\u00fablico com sal\u00e1rios de at\u00e9 R$ 6 mil; veja como se inscrever","author":"noticiasribeiraopreto.com.br","date":"26 de May de 2025","format":false,"excerpt":"A Unesp publicou tr\u00eas editais de concurso p\u00fablico com 56 vagas de n\u00edvel superior. Os sal\u00e1rios variam entre R$ 2.987,04 e R$ 6.586,38. As oportunidades s\u00e3o para os campi de Jaboticabal, Guaratinguet\u00e1 e Bauru. As inscri\u00e7\u00f5es devem ser realizadas no per\u00edodo entre 10h do dia 29 de maio e 23h59\u2026","rel":"","context":"In &quot;Not\u00edcias de Ribeir\u00e3o Preto-SP e Regi\u00e3o&quot;","block_context":{"text":"Not\u00edcias de Ribeir\u00e3o Preto-SP e Regi\u00e3o","link":"https:\/\/noticiasribeiraopreto.com.br\/index.php\/category\/noticias-de-ribeirao-preto-sp-e-regiao-ismael-colosi\/"},"img":{"alt_text":"","src":"https:\/\/i0.wp.com\/noticiasribeiraopreto.com.br\/wp-content\/uploads\/2025\/01\/concurso_2025-01-07_18-14-44_jpg_2025-01-07_18-14-45.webp.webp?fit=1200%2C800&ssl=1&resize=350%2C200","width":350,"height":200,"srcset":"https:\/\/i0.wp.com\/noticiasribeiraopreto.com.br\/wp-content\/uploads\/2025\/01\/concurso_2025-01-07_18-14-44_jpg_2025-01-07_18-14-45.webp.webp?fit=1200%2C800&ssl=1&resize=350%2C200 1x, https:\/\/i0.wp.com\/noticiasribeiraopreto.com.br\/wp-content\/uploads\/2025\/01\/concurso_2025-01-07_18-14-44_jpg_2025-01-07_18-14-45.webp.webp?fit=1200%2C800&ssl=1&resize=525%2C300 1.5x, https:\/\/i0.wp.com\/noticiasribeiraopreto.com.br\/wp-content\/uploads\/2025\/01\/concurso_2025-01-07_18-14-44_jpg_2025-01-07_18-14-45.webp.webp?fit=1200%2C800&ssl=1&resize=700%2C400 2x, https:\/\/i0.wp.com\/noticiasribeiraopreto.com.br\/wp-content\/uploads\/2025\/01\/concurso_2025-01-07_18-14-44_jpg_2025-01-07_18-14-45.webp.webp?fit=1200%2C800&ssl=1&resize=1050%2C600 3x"},"classes":[]},{"id":50344,"url":"https:\/\/noticiasribeiraopreto.com.br\/index.php\/2024\/05\/15\/unesp-tem-concurso-publico-no-interior-de-sp-com-salarios-de-ate-r-10-mil\/","url_meta":{"origin":73182,"position":4},"title":"Unesp tem concurso p\u00fablico no interior de SP com sal\u00e1rios de at\u00e9 R$ 10 mil","author":"noticiasribeiraopreto.com.br","date":"15 de May de 2024","format":false,"excerpt":"A Universidade Estadual Paulista (Unesp) abriu concurso p\u00fablico com seis vagas para diversos campi no estado de S\u00e3o Paulo. No interior, h\u00e1 vagas para Franca e Jaboticabal, cidades na regi\u00e3o de Ribeir\u00e3o Preto. Existem oportunidades para n\u00edvel fundamental, m\u00e9dio e superior e os sal\u00e1rios variam entre R$ 3.486,23 e R$\u2026","rel":"","context":"In &quot;Not\u00edcias de Ribeir\u00e3o Preto-SP e Regi\u00e3o&quot;","block_context":{"text":"Not\u00edcias de Ribeir\u00e3o Preto-SP e Regi\u00e3o","link":"https:\/\/noticiasribeiraopreto.com.br\/index.php\/category\/noticias-de-ribeirao-preto-sp-e-regiao-ismael-colosi\/"},"img":{"alt_text":"","src":"https:\/\/i0.wp.com\/noticiasribeiraopreto.com.br\/wp-content\/uploads\/2024\/05\/AnyConv.com__concurso-publico-5.webp.webp?fit=1200%2C800&ssl=1&resize=350%2C200","width":350,"height":200,"srcset":"https:\/\/i0.wp.com\/noticiasribeiraopreto.com.br\/wp-content\/uploads\/2024\/05\/AnyConv.com__concurso-publico-5.webp.webp?fit=1200%2C800&ssl=1&resize=350%2C200 1x, https:\/\/i0.wp.com\/noticiasribeiraopreto.com.br\/wp-content\/uploads\/2024\/05\/AnyConv.com__concurso-publico-5.webp.webp?fit=1200%2C800&ssl=1&resize=525%2C300 1.5x, https:\/\/i0.wp.com\/noticiasribeiraopreto.com.br\/wp-content\/uploads\/2024\/05\/AnyConv.com__concurso-publico-5.webp.webp?fit=1200%2C800&ssl=1&resize=700%2C400 2x, https:\/\/i0.wp.com\/noticiasribeiraopreto.com.br\/wp-content\/uploads\/2024\/05\/AnyConv.com__concurso-publico-5.webp.webp?fit=1200%2C800&ssl=1&resize=1050%2C600 3x"},"classes":[]},{"id":43448,"url":"https:\/\/noticiasribeiraopreto.com.br\/index.php\/2024\/03\/21\/unesp-tem-26-vagas-em-concurso-publico-com-salarios-de-ate-r-10-mil\/","url_meta":{"origin":73182,"position":5},"title":"Unesp tem 26 vagas em concurso p\u00fablico com sal\u00e1rios de at\u00e9 R$ 10 mil","author":"noticiasribeiraopreto.com.br","date":"21 de March de 2024","format":false,"excerpt":"A Unesp (Universidade Estadual Paulista) abriu concurso p\u00fablico com 26 vagas para diversos campi na capital e no interior de S\u00e3o Paulo \u2013 h\u00e1 vagas para Jaboticabal, na regi\u00e3o de Ribeir\u00e3o Preto. As vagas s\u00e3o de n\u00edvel m\u00e9dio e e superior e os sal\u00e1rios variam entre R$ 3.486,23 e R$\u2026","rel":"","context":"In &quot;Not\u00edcias de Ribeir\u00e3o Preto-SP e Regi\u00e3o&quot;","block_context":{"text":"Not\u00edcias de Ribeir\u00e3o Preto-SP e Regi\u00e3o","link":"https:\/\/noticiasribeiraopreto.com.br\/index.php\/category\/noticias-de-ribeirao-preto-sp-e-regiao-ismael-colosi\/"},"img":{"alt_text":"","src":"https:\/\/i0.wp.com\/noticiasribeiraopreto.com.br\/wp-content\/uploads\/2024\/03\/1711033790_concurso-publico.jpg?fit=1200%2C800&ssl=1&resize=350%2C200","width":350,"height":200,"srcset":"https:\/\/i0.wp.com\/noticiasribeiraopreto.com.br\/wp-content\/uploads\/2024\/03\/1711033790_concurso-publico.jpg?fit=1200%2C800&ssl=1&resize=350%2C200 1x, https:\/\/i0.wp.com\/noticiasribeiraopreto.com.br\/wp-content\/uploads\/2024\/03\/1711033790_concurso-publico.jpg?fit=1200%2C800&ssl=1&resize=525%2C300 1.5x, https:\/\/i0.wp.com\/noticiasribeiraopreto.com.br\/wp-content\/uploads\/2024\/03\/1711033790_concurso-publico.jpg?fit=1200%2C800&ssl=1&resize=700%2C400 2x, https:\/\/i0.wp.com\/noticiasribeiraopreto.com.br\/wp-content\/uploads\/2024\/03\/1711033790_concurso-publico.jpg?fit=1200%2C800&ssl=1&resize=1050%2C600 3x"},"classes":[]}],"jetpack_sharing_enabled":true,"jetpack_shortlink":"https:\/\/wp.me\/peQAOb-j2m","_links":{"self":[{"href":"https:\/\/noticiasribeiraopreto.com.br\/index.php\/wp-json\/wp\/v2\/posts\/73182","targetHints":{"allow":["GET"]}}],"collection":[{"href":"https:\/\/noticiasribeiraopreto.com.br\/index.php\/wp-json\/wp\/v2\/posts"}],"about":[{"href":"https:\/\/noticiasribeiraopreto.com.br\/index.php\/wp-json\/wp\/v2\/types\/post"}],"author":[{"embeddable":true,"href":"https:\/\/noticiasribeiraopreto.com.br\/index.php\/wp-json\/wp\/v2\/users\/1"}],"replies":[{"embeddable":true,"href":"https:\/\/noticiasribeiraopreto.com.br\/index.php\/wp-json\/wp\/v2\/comments?post=73182"}],"version-history":[{"count":0,"href":"https:\/\/noticiasribeiraopreto.com.br\/index.php\/wp-json\/wp\/v2\/posts\/73182\/revisions"}],"wp:featuredmedia":[{"embeddable":true,"href":"https:\/\/noticiasribeiraopreto.com.br\/index.php\/wp-json\/wp\/v2\/media\/73183"}],"wp:attachment":[{"href":"https:\/\/noticiasribeiraopreto.com.br\/index.php\/wp-json\/wp\/v2\/media?parent=73182"}],"wp:term":[{"taxonomy":"category","embeddable":true,"href":"https:\/\/noticiasribeiraopreto.com.br\/index.php\/wp-json\/wp\/v2\/categories?post=73182"},{"taxonomy":"post_tag","embeddable":true,"href":"https:\/\/noticiasribeiraopreto.com.br\/index.php\/wp-json\/wp\/v2\/tags?post=73182"}],"curies":[{"name":"wp","href":"https:\/\/api.w.org\/{rel}","templated":true}]}}