{"id":73184,"date":"2025-06-26T16:45:20","date_gmt":"2025-06-26T19:45:20","guid":{"rendered":"https:\/\/noticiasribeiraopreto.com.br\/index.php\/2025\/06\/26\/rede-atacadista-abre-40-vagas-de-emprego-na-regiao-de-ribeirao-preto\/"},"modified":"2025-06-26T16:45:20","modified_gmt":"2025-06-26T19:45:20","slug":"rede-atacadista-abre-40-vagas-de-emprego-na-regiao-de-ribeirao-preto","status":"publish","type":"post","link":"https:\/\/noticiasribeiraopreto.com.br\/index.php\/2025\/06\/26\/rede-atacadista-abre-40-vagas-de-emprego-na-regiao-de-ribeirao-preto\/","title":{"rendered":"Rede atacadista abre 40 vagas de emprego na regi\u00e3o de Ribeir\u00e3o Preto"},"content":{"rendered":"<div class='code-block code-block-1' style='margin: 8px 0 8px auto; text-align: right; display: block; clear: both;'>\n<p><a href=\"https:\/\/wa.link\/vpicfd\"><img data-recalc-dims=\"1\" class=\"wp-image-4922\" style=\"aspect-ratio: 2.0253164556962027; width: 561px; height: auto;\" src=\"https:\/\/i0.wp.com\/ismaelcolosi.com.br\/wp-content\/uploads\/2023\/11\/grupo-de-empregos-whatsapp-e-facebook-ismael-colosi-vagas.jpg?ssl=1\" alt=\"\" \/><\/a><\/p>\n<!-- \/wp:image -->\n<\/div>\n<p> <br \/>\n<\/p>\n<div data-td-block-uid=\"tdi_95\">\n<div class=\"tdb-block-inner td-fix-index\">\n<p><strong>A rede atacadista Atacad\u00e3o abriu 40 vagas de emprego em Franca, a 80 quil\u00f4metros de Ribeir\u00e3o Preto.<\/strong><\/p>\n<p>As <strong>oportunidades <\/strong>dispon\u00edveis s\u00e3o para os seguintes <strong>cargos<\/strong>: <mark style=\"background-color:#fcb900\" class=\"has-inline-color has-black-color\">operador de caixa, repositor, repositor de hortifruti e frios, e atendente de padaria, a\u00e7ougue e fatiados.<\/mark> Os sal\u00e1rios, por\u00e9m, n\u00e3o foram informados. <\/p>\n<h2 class=\"wp-block-heading\"><strong>O que fazer?<\/strong><\/h2>\n<p>Os candidatos devem comparecer \u00e0 loja e entregar o curr\u00edculo o setor de RH, de segunda a sexta-feira, das 9h \u00e0s 16h. Tamb\u00e9m \u00e9 poss\u00edvel se candidatar pala intermet, por meio do site da empresa (<a href=\"https:\/\/atacadao.pandape.infojobs.com.br\/\">clique aqui<\/a>) e de outra plataforma (<a href=\"https:\/\/br.indeed.com\/cmp\/Atacad%C3%A3o\">clique aqui<\/a>).<\/p>\n<p>Os requisitos s\u00e3o: ensino m\u00e9dio completo, idade m\u00ednima de 18 anos e disponibilidade para trabalhar nos per\u00edodos da manh\u00e3 e tarde em escala 6\u00d71. N\u00e3o \u00e9 necess\u00e1rio ter experi\u00eancia.<\/p>\n<p>Entre os benef\u00edcios oferecidos est\u00e3o assist\u00eancia m\u00e9dica e odontol\u00f3gica, al\u00e9m de aux\u00edlio creche para os funcion\u00e1rios com filhos, entre outros.<\/p>\n<p>A loja de Franca fica na avenida Rio Negro, 1.200, no bairro S\u00e3o Miguel.<\/p>\n<p>SAIBA MAIS<\/p>\n<p>Multinacional abre inscri\u00e7\u00f5es para curso gratuito de qualifica\u00e7\u00e3o; h\u00e1 vagas em Ribeir\u00e3o<\/p>\n<h3 class=\"wp-block-heading\"><strong>FIQUE ON<\/strong><\/h3>\n<p>Fique ligado em tudo que acontece em Ribeir\u00e3o Preto e regi\u00e3o. Siga os perfis do\u00a0<strong>acidade on\u00a0<\/strong>no\u00a0<a href=\"https:\/\/www.instagram.com\/acidadeonribeirao\" target=\"_blank\" rel=\"noreferrer noopener\">Instagram<\/a>\u00a0e no\u00a0<a href=\"https:\/\/www.facebook.com\/acidadeonribeirao\" target=\"_blank\" rel=\"noreferrer noopener\">Facebook<\/a>.<\/p>\n<p>Receba not\u00edcias do acidade on no WhatsApp. Para entrar no grupo, basta\u00a0<a href=\"https:\/\/chat.whatsapp.com\/BjKQZ9oJwlz8VVT50NuePq\" target=\"_blank\" rel=\"noreferrer noopener\">clicar aqui<\/a>.<\/p>\n<p>Fa\u00e7a uma den\u00fancia ou sugira uma reportagem sobre Ribeir\u00e3o Preto e regi\u00e3o pelo WhatsApp: 16 99117 7802.<\/p>\n<p>VEJA TAMB\u00c9M<\/p>\n<p>Greve dos professores no DF acabou?<\/p>\n<p><!-- AI CONTENT END 1 -->\n<\/div>\n<\/div>\n<p><script async src=\"\/\/www.instagram.com\/embed.js\"><\/script><br \/>\n<br \/><br \/>\n<br \/><a href=\"https:\/\/www.acidadeon.com\/ribeiraopreto\/economia\/rede-atacadista-abre-40-vagas-de-emprego-na-regiao-de-ribeirao-preto\/\">Source link <\/a><\/p>\n<!-- CONTENT END 1 -->\n","protected":false},"excerpt":{"rendered":"<p>A rede atacadista Atacad\u00e3o abriu 40 vagas de emprego em Franca, a 80 quil\u00f4metros de Ribeir\u00e3o Preto. As oportunidades dispon\u00edveis s\u00e3o para os seguintes cargos:&#8230;<\/p>\n","protected":false},"author":1,"featured_media":73185,"comment_status":"open","ping_status":"open","sticky":false,"template":"","format":"standard","meta":{"advanced_seo_description":"","jetpack_seo_html_title":"","jetpack_seo_noindex":false,"jetpack_post_was_ever_published":false,"_jetpack_newsletter_access":"","_jetpack_dont_email_post_to_subs":false,"_jetpack_newsletter_tier_id":0,"_jetpack_memberships_contains_paywalled_content":false,"_jetpack_memberships_contains_paid_content":false,"footnotes":"","jetpack_publicize_message":"","jetpack_publicize_feature_enabled":true,"jetpack_social_post_already_shared":true,"jetpack_social_options":{"image_generator_settings":{"template":"highway","default_image_id":0,"font":"","enabled":false},"version":2}},"categories":[11],"tags":[],"class_list":["post-73184","post","type-post","status-publish","format-standard","has-post-thumbnail","hentry","category-noticias-de-ribeirao-preto-sp-e-regiao-ismael-colosi"],"jetpack_publicize_connections":[],"jetpack_featured_media_url":"https:\/\/i0.wp.com\/noticiasribeiraopreto.com.br\/wp-content\/uploads\/2025\/06\/17788_2024-12-23_18-21-24_jpg_2024-12-23_18-21-24.webp.webp?fit=2000%2C1333&ssl=1","jetpack-related-posts":[{"id":59543,"url":"https:\/\/noticiasribeiraopreto.com.br\/index.php\/2024\/10\/25\/rede-atacadista-oferece-50-vagas-de-emprego-em-ribeirao-preto\/","url_meta":{"origin":73184,"position":0},"title":"Rede atacadista oferece 50 vagas de emprego em Ribeir\u00e3o Preto","author":"noticiasribeiraopreto.com.br","date":"25 de October de 2024","format":false,"excerpt":"A rede atacadista Assa\u00ed anunciou a abertura de 50 vagas de emprego em Ribeir\u00e3o Preto. Tamb\u00e9m h\u00e1 oportunidade para pessoas com defici\u00eancia. Todas as vagas s\u00e3o efetivas e abrangem diferentes \u00e1reas operacionais da empresa. Confira: A\u00e7ougueiro Aprendiz operador de caixa Atendente de loja Atendente de loja \u2013 vendedor de cart\u00f5es\u2026","rel":"","context":"In &quot;Not\u00edcias de Ribeir\u00e3o Preto-SP e Regi\u00e3o&quot;","block_context":{"text":"Not\u00edcias de Ribeir\u00e3o Preto-SP e Regi\u00e3o","link":"https:\/\/noticiasribeiraopreto.com.br\/index.php\/category\/noticias-de-ribeirao-preto-sp-e-regiao-ismael-colosi\/"},"img":{"alt_text":"","src":"https:\/\/i0.wp.com\/noticiasribeiraopreto.com.br\/wp-content\/uploads\/2024\/10\/assai_nova_loja_2024-10-03_19-47-29_jpg_2024-10-03_19-47-30.webp.webp?fit=1200%2C648&ssl=1&resize=350%2C200","width":350,"height":200,"srcset":"https:\/\/i0.wp.com\/noticiasribeiraopreto.com.br\/wp-content\/uploads\/2024\/10\/assai_nova_loja_2024-10-03_19-47-29_jpg_2024-10-03_19-47-30.webp.webp?fit=1200%2C648&ssl=1&resize=350%2C200 1x, https:\/\/i0.wp.com\/noticiasribeiraopreto.com.br\/wp-content\/uploads\/2024\/10\/assai_nova_loja_2024-10-03_19-47-29_jpg_2024-10-03_19-47-30.webp.webp?fit=1200%2C648&ssl=1&resize=525%2C300 1.5x, https:\/\/i0.wp.com\/noticiasribeiraopreto.com.br\/wp-content\/uploads\/2024\/10\/assai_nova_loja_2024-10-03_19-47-29_jpg_2024-10-03_19-47-30.webp.webp?fit=1200%2C648&ssl=1&resize=700%2C400 2x, https:\/\/i0.wp.com\/noticiasribeiraopreto.com.br\/wp-content\/uploads\/2024\/10\/assai_nova_loja_2024-10-03_19-47-29_jpg_2024-10-03_19-47-30.webp.webp?fit=1200%2C648&ssl=1&resize=1050%2C600 3x"},"classes":[]},{"id":58965,"url":"https:\/\/noticiasribeiraopreto.com.br\/index.php\/2024\/10\/10\/atacadista-abre-mais-de-40-vagas-de-emprego-em-ribeirao-preto\/","url_meta":{"origin":73184,"position":1},"title":"Atacadista abre mais de 40 vagas de emprego em Ribeir\u00e3o Preto","author":"noticiasribeiraopreto.com.br","date":"10 de October de 2024","format":false,"excerpt":"O Atacad\u00e3o est\u00e1 com mais de 40 vagas de emprego abertas, em Ribeir\u00e3o Preto, com oportunidades em diferentes \u00e1reas e cargos e que n\u00e3o exigem tempo m\u00ednimo de experi\u00eancia. Para se candidatar, os interessados podem comparecer a uma das lojas do Atacad\u00e3o ou realizar o cadastro no site Pandap\u00e9 e\u2026","rel":"","context":"In &quot;Not\u00edcias de Ribeir\u00e3o Preto-SP e Regi\u00e3o&quot;","block_context":{"text":"Not\u00edcias de Ribeir\u00e3o Preto-SP e Regi\u00e3o","link":"https:\/\/noticiasribeiraopreto.com.br\/index.php\/category\/noticias-de-ribeirao-preto-sp-e-regiao-ismael-colosi\/"},"img":{"alt_text":"","src":"https:\/\/i0.wp.com\/noticiasribeiraopreto.com.br\/wp-content\/uploads\/2024\/10\/Copia-de-Copia-de-Copia-de-TAMANHO-EXATO-PARA-FOTOS-NO-SISTEMA-NOVO-12_2024-10-10_19-07-45_png_2024-10-10_19-07-46.webp.webp?fit=1200%2C675&ssl=1&resize=350%2C200","width":350,"height":200,"srcset":"https:\/\/i0.wp.com\/noticiasribeiraopreto.com.br\/wp-content\/uploads\/2024\/10\/Copia-de-Copia-de-Copia-de-TAMANHO-EXATO-PARA-FOTOS-NO-SISTEMA-NOVO-12_2024-10-10_19-07-45_png_2024-10-10_19-07-46.webp.webp?fit=1200%2C675&ssl=1&resize=350%2C200 1x, https:\/\/i0.wp.com\/noticiasribeiraopreto.com.br\/wp-content\/uploads\/2024\/10\/Copia-de-Copia-de-Copia-de-TAMANHO-EXATO-PARA-FOTOS-NO-SISTEMA-NOVO-12_2024-10-10_19-07-45_png_2024-10-10_19-07-46.webp.webp?fit=1200%2C675&ssl=1&resize=525%2C300 1.5x, https:\/\/i0.wp.com\/noticiasribeiraopreto.com.br\/wp-content\/uploads\/2024\/10\/Copia-de-Copia-de-Copia-de-TAMANHO-EXATO-PARA-FOTOS-NO-SISTEMA-NOVO-12_2024-10-10_19-07-45_png_2024-10-10_19-07-46.webp.webp?fit=1200%2C675&ssl=1&resize=700%2C400 2x, https:\/\/i0.wp.com\/noticiasribeiraopreto.com.br\/wp-content\/uploads\/2024\/10\/Copia-de-Copia-de-Copia-de-TAMANHO-EXATO-PARA-FOTOS-NO-SISTEMA-NOVO-12_2024-10-10_19-07-45_png_2024-10-10_19-07-46.webp.webp?fit=1200%2C675&ssl=1&resize=1050%2C600 3x"},"classes":[]},{"id":58969,"url":"https:\/\/noticiasribeiraopreto.com.br\/index.php\/2024\/10\/10\/atacadista-abre-mais-de-40-vagas-de-emprego-em-ribeirao-preto-2\/","url_meta":{"origin":73184,"position":2},"title":"Atacadista abre mais de 40 vagas de emprego em Ribeir\u00e3o Preto","author":"noticiasribeiraopreto.com.br","date":"10 de October de 2024","format":false,"excerpt":"O Atacad\u00e3o est\u00e1 com mais de 40 vagas de emprego abertas, em Ribeir\u00e3o Preto, com oportunidades em diferentes \u00e1reas e cargos e que n\u00e3o exigem tempo m\u00ednimo de experi\u00eancia. Para se candidatar, os interessados podem comparecer a uma das lojas do Atacad\u00e3o ou realizar o cadastro no site Pandap\u00e9 e\u2026","rel":"","context":"In &quot;Not\u00edcias de Ribeir\u00e3o Preto-SP e Regi\u00e3o&quot;","block_context":{"text":"Not\u00edcias de Ribeir\u00e3o Preto-SP e Regi\u00e3o","link":"https:\/\/noticiasribeiraopreto.com.br\/index.php\/category\/noticias-de-ribeirao-preto-sp-e-regiao-ismael-colosi\/"},"img":{"alt_text":"","src":"https:\/\/i0.wp.com\/noticiasribeiraopreto.com.br\/wp-content\/uploads\/2024\/10\/Copia-de-Copia-de-Copia-de-TAMANHO-EXATO-PARA-FOTOS-NO-SISTEMA-NOVO-12_2024-10-10_19-07-45_png_2024-10-10_19-07-46.webp.webp?fit=1200%2C675&ssl=1&resize=350%2C200","width":350,"height":200,"srcset":"https:\/\/i0.wp.com\/noticiasribeiraopreto.com.br\/wp-content\/uploads\/2024\/10\/Copia-de-Copia-de-Copia-de-TAMANHO-EXATO-PARA-FOTOS-NO-SISTEMA-NOVO-12_2024-10-10_19-07-45_png_2024-10-10_19-07-46.webp.webp?fit=1200%2C675&ssl=1&resize=350%2C200 1x, https:\/\/i0.wp.com\/noticiasribeiraopreto.com.br\/wp-content\/uploads\/2024\/10\/Copia-de-Copia-de-Copia-de-TAMANHO-EXATO-PARA-FOTOS-NO-SISTEMA-NOVO-12_2024-10-10_19-07-45_png_2024-10-10_19-07-46.webp.webp?fit=1200%2C675&ssl=1&resize=525%2C300 1.5x, https:\/\/i0.wp.com\/noticiasribeiraopreto.com.br\/wp-content\/uploads\/2024\/10\/Copia-de-Copia-de-Copia-de-TAMANHO-EXATO-PARA-FOTOS-NO-SISTEMA-NOVO-12_2024-10-10_19-07-45_png_2024-10-10_19-07-46.webp.webp?fit=1200%2C675&ssl=1&resize=700%2C400 2x, https:\/\/i0.wp.com\/noticiasribeiraopreto.com.br\/wp-content\/uploads\/2024\/10\/Copia-de-Copia-de-Copia-de-TAMANHO-EXATO-PARA-FOTOS-NO-SISTEMA-NOVO-12_2024-10-10_19-07-45_png_2024-10-10_19-07-46.webp.webp?fit=1200%2C675&ssl=1&resize=1050%2C600 3x"},"classes":[]},{"id":53167,"url":"https:\/\/noticiasribeiraopreto.com.br\/index.php\/2024\/06\/17\/rede-de-supermercados-abre-500-vagas-para-pessoas-com-mais-de-50-anos-no-interior-de-sp\/","url_meta":{"origin":73184,"position":3},"title":"Rede de supermercados abre 500 vagas para pessoas com mais de 50 anos no interior de SP","author":"noticiasribeiraopreto.com.br","date":"17 de June de 2024","format":false,"excerpt":"O grupo Savegnago est\u00e1 com 500 vagas abertas para pessoas com mais de 50 anos de idade, para atuarem em diversas cidades do interior de S\u00e3o Paulo (veja abaixo). Al\u00e9m das oportunidades para as 62 lojas do Savegnago e cinco do Paulist\u00e3o Atacadista, os interessados tamb\u00e9m podem se inscrever para\u2026","rel":"","context":"In &quot;Not\u00edcias de Ribeir\u00e3o Preto-SP e Regi\u00e3o&quot;","block_context":{"text":"Not\u00edcias de Ribeir\u00e3o Preto-SP e Regi\u00e3o","link":"https:\/\/noticiasribeiraopreto.com.br\/index.php\/category\/noticias-de-ribeirao-preto-sp-e-regiao-ismael-colosi\/"},"img":{"alt_text":"","src":"https:\/\/i0.wp.com\/noticiasribeiraopreto.com.br\/wp-content\/uploads\/2024\/06\/Copia-de-Copia-de-TAMANHO-EXATO-PARA-FOTOS-NO-SISTEMA-NOVO-6_2024-06-17_13-45-48_jpg_2024-06-17_13-45-48.webp.webp?fit=1200%2C675&ssl=1&resize=350%2C200","width":350,"height":200,"srcset":"https:\/\/i0.wp.com\/noticiasribeiraopreto.com.br\/wp-content\/uploads\/2024\/06\/Copia-de-Copia-de-TAMANHO-EXATO-PARA-FOTOS-NO-SISTEMA-NOVO-6_2024-06-17_13-45-48_jpg_2024-06-17_13-45-48.webp.webp?fit=1200%2C675&ssl=1&resize=350%2C200 1x, https:\/\/i0.wp.com\/noticiasribeiraopreto.com.br\/wp-content\/uploads\/2024\/06\/Copia-de-Copia-de-TAMANHO-EXATO-PARA-FOTOS-NO-SISTEMA-NOVO-6_2024-06-17_13-45-48_jpg_2024-06-17_13-45-48.webp.webp?fit=1200%2C675&ssl=1&resize=525%2C300 1.5x, https:\/\/i0.wp.com\/noticiasribeiraopreto.com.br\/wp-content\/uploads\/2024\/06\/Copia-de-Copia-de-TAMANHO-EXATO-PARA-FOTOS-NO-SISTEMA-NOVO-6_2024-06-17_13-45-48_jpg_2024-06-17_13-45-48.webp.webp?fit=1200%2C675&ssl=1&resize=700%2C400 2x, https:\/\/i0.wp.com\/noticiasribeiraopreto.com.br\/wp-content\/uploads\/2024\/06\/Copia-de-Copia-de-TAMANHO-EXATO-PARA-FOTOS-NO-SISTEMA-NOVO-6_2024-06-17_13-45-48_jpg_2024-06-17_13-45-48.webp.webp?fit=1200%2C675&ssl=1&resize=1050%2C600 3x"},"classes":[]},{"id":58683,"url":"https:\/\/noticiasribeiraopreto.com.br\/index.php\/2024\/10\/03\/atacadista-abre-vagas-de-emprego-em-ribeirao-preto\/","url_meta":{"origin":73184,"position":4},"title":"Atacadista abre vagas de emprego em Ribeir\u00e3o Preto","author":"noticiasribeiraopreto.com.br","date":"3 de October de 2024","format":false,"excerpt":"Para quem est\u00e1 na procura de emprego, o Assa\u00ed Atacadista est\u00e1 com cerca de 40 vagas efetivas abertas para contrata\u00e7\u00e3o imediata, nas lojas da rede em Ribeir\u00e3o Preto. Todas as vagas s\u00e3o inclusivas para pessoas com defici\u00eancia e abrangem diferentes \u00e1reas operacionais da Companhia. Al\u00e9m das fun\u00e7\u00f5es de lideran\u00e7as, t\u00e9cnicas\u2026","rel":"","context":"In &quot;Not\u00edcias de Ribeir\u00e3o Preto-SP e Regi\u00e3o&quot;","block_context":{"text":"Not\u00edcias de Ribeir\u00e3o Preto-SP e Regi\u00e3o","link":"https:\/\/noticiasribeiraopreto.com.br\/index.php\/category\/noticias-de-ribeirao-preto-sp-e-regiao-ismael-colosi\/"},"img":{"alt_text":"","src":"https:\/\/i0.wp.com\/noticiasribeiraopreto.com.br\/wp-content\/uploads\/2024\/10\/assai_nova_loja_2024-10-03_19-47-29_jpg_2024-10-03_19-47-30.webp.webp?fit=1200%2C648&ssl=1&resize=350%2C200","width":350,"height":200,"srcset":"https:\/\/i0.wp.com\/noticiasribeiraopreto.com.br\/wp-content\/uploads\/2024\/10\/assai_nova_loja_2024-10-03_19-47-29_jpg_2024-10-03_19-47-30.webp.webp?fit=1200%2C648&ssl=1&resize=350%2C200 1x, https:\/\/i0.wp.com\/noticiasribeiraopreto.com.br\/wp-content\/uploads\/2024\/10\/assai_nova_loja_2024-10-03_19-47-29_jpg_2024-10-03_19-47-30.webp.webp?fit=1200%2C648&ssl=1&resize=525%2C300 1.5x, https:\/\/i0.wp.com\/noticiasribeiraopreto.com.br\/wp-content\/uploads\/2024\/10\/assai_nova_loja_2024-10-03_19-47-29_jpg_2024-10-03_19-47-30.webp.webp?fit=1200%2C648&ssl=1&resize=700%2C400 2x, https:\/\/i0.wp.com\/noticiasribeiraopreto.com.br\/wp-content\/uploads\/2024\/10\/assai_nova_loja_2024-10-03_19-47-29_jpg_2024-10-03_19-47-30.webp.webp?fit=1200%2C648&ssl=1&resize=1050%2C600 3x"},"classes":[]},{"id":71388,"url":"https:\/\/noticiasribeiraopreto.com.br\/index.php\/2025\/06\/05\/rede-atacadista-oferece-150-vagas-de-emprego-em-ribeirao-preto-veja-como-se-candidatar\/","url_meta":{"origin":73184,"position":5},"title":"Rede atacadista oferece 150 vagas de emprego em Ribeir\u00e3o Preto; Veja como se candidatar","author":"noticiasribeiraopreto.com.br","date":"5 de June de 2025","format":false,"excerpt":"A rede atacadista Assa\u00ed anunciou que est\u00e1 com 150 vagas de emprego abertas nas quatro lojas de Ribeir\u00e3o Preto. Entre as principais oportunidades est\u00e3o vagas em cargos como operador de loja e de caixa. Tamb\u00e9m h\u00e1 vagas para pessoas com defici\u00eancia. Os interessados devem se inscrever pela internet (clique aqui)\u2026","rel":"","context":"In &quot;Not\u00edcias de Ribeir\u00e3o Preto-SP e Regi\u00e3o&quot;","block_context":{"text":"Not\u00edcias de Ribeir\u00e3o Preto-SP e Regi\u00e3o","link":"https:\/\/noticiasribeiraopreto.com.br\/index.php\/category\/noticias-de-ribeirao-preto-sp-e-regiao-ismael-colosi\/"},"img":{"alt_text":"","src":"https:\/\/i0.wp.com\/noticiasribeiraopreto.com.br\/wp-content\/uploads\/2025\/06\/WhatsApp-Image-2025-06-05-at-11.29.12_2025-06-05_14-29-48.webp.webp?fit=1200%2C900&ssl=1&resize=350%2C200","width":350,"height":200,"srcset":"https:\/\/i0.wp.com\/noticiasribeiraopreto.com.br\/wp-content\/uploads\/2025\/06\/WhatsApp-Image-2025-06-05-at-11.29.12_2025-06-05_14-29-48.webp.webp?fit=1200%2C900&ssl=1&resize=350%2C200 1x, https:\/\/i0.wp.com\/noticiasribeiraopreto.com.br\/wp-content\/uploads\/2025\/06\/WhatsApp-Image-2025-06-05-at-11.29.12_2025-06-05_14-29-48.webp.webp?fit=1200%2C900&ssl=1&resize=525%2C300 1.5x, https:\/\/i0.wp.com\/noticiasribeiraopreto.com.br\/wp-content\/uploads\/2025\/06\/WhatsApp-Image-2025-06-05-at-11.29.12_2025-06-05_14-29-48.webp.webp?fit=1200%2C900&ssl=1&resize=700%2C400 2x, https:\/\/i0.wp.com\/noticiasribeiraopreto.com.br\/wp-content\/uploads\/2025\/06\/WhatsApp-Image-2025-06-05-at-11.29.12_2025-06-05_14-29-48.webp.webp?fit=1200%2C900&ssl=1&resize=1050%2C600 3x"},"classes":[]}],"jetpack_sharing_enabled":true,"jetpack_shortlink":"https:\/\/wp.me\/peQAOb-j2o","_links":{"self":[{"href":"https:\/\/noticiasribeiraopreto.com.br\/index.php\/wp-json\/wp\/v2\/posts\/73184","targetHints":{"allow":["GET"]}}],"collection":[{"href":"https:\/\/noticiasribeiraopreto.com.br\/index.php\/wp-json\/wp\/v2\/posts"}],"about":[{"href":"https:\/\/noticiasribeiraopreto.com.br\/index.php\/wp-json\/wp\/v2\/types\/post"}],"author":[{"embeddable":true,"href":"https:\/\/noticiasribeiraopreto.com.br\/index.php\/wp-json\/wp\/v2\/users\/1"}],"replies":[{"embeddable":true,"href":"https:\/\/noticiasribeiraopreto.com.br\/index.php\/wp-json\/wp\/v2\/comments?post=73184"}],"version-history":[{"count":0,"href":"https:\/\/noticiasribeiraopreto.com.br\/index.php\/wp-json\/wp\/v2\/posts\/73184\/revisions"}],"wp:featuredmedia":[{"embeddable":true,"href":"https:\/\/noticiasribeiraopreto.com.br\/index.php\/wp-json\/wp\/v2\/media\/73185"}],"wp:attachment":[{"href":"https:\/\/noticiasribeiraopreto.com.br\/index.php\/wp-json\/wp\/v2\/media?parent=73184"}],"wp:term":[{"taxonomy":"category","embeddable":true,"href":"https:\/\/noticiasribeiraopreto.com.br\/index.php\/wp-json\/wp\/v2\/categories?post=73184"},{"taxonomy":"post_tag","embeddable":true,"href":"https:\/\/noticiasribeiraopreto.com.br\/index.php\/wp-json\/wp\/v2\/tags?post=73184"}],"curies":[{"name":"wp","href":"https:\/\/api.w.org\/{rel}","templated":true}]}}