{"id":7320,"date":"2023-11-27T23:53:06","date_gmt":"2023-11-28T02:53:06","guid":{"rendered":"https:\/\/noticiasribeiraopreto.com.br\/index.php\/2023\/11\/27\/video-do-acidente-que-matou-seis-pessoas-na-rodovia-fernao-dias-mostra-como-tudo-aconteceu\/"},"modified":"2023-11-27T23:53:06","modified_gmt":"2023-11-28T02:53:06","slug":"video-do-acidente-que-matou-seis-pessoas-na-rodovia-fernao-dias-mostra-como-tudo-aconteceu","status":"publish","type":"post","link":"https:\/\/noticiasribeiraopreto.com.br\/index.php\/2023\/11\/27\/video-do-acidente-que-matou-seis-pessoas-na-rodovia-fernao-dias-mostra-como-tudo-aconteceu\/","title":{"rendered":"V\u00eddeo do acidente que matou seis pessoas na Rodovia Fern\u00e3o Dias mostra como tudo aconteceu"},"content":{"rendered":"<div class='code-block code-block-1' style='margin: 8px 0 8px auto; text-align: right; display: block; clear: both;'>\n<p><a href=\"https:\/\/wa.link\/vpicfd\"><img data-recalc-dims=\"1\" class=\"wp-image-4922\" style=\"aspect-ratio: 2.0253164556962027; width: 561px; height: auto;\" src=\"https:\/\/i0.wp.com\/ismaelcolosi.com.br\/wp-content\/uploads\/2023\/11\/grupo-de-empregos-whatsapp-e-facebook-ismael-colosi-vagas.jpg?ssl=1\" alt=\"\" \/><\/a><\/p>\n<!-- \/wp:image -->\n<\/div>\n<p> <br \/>\n<\/p>\n<div itemprop=\"text\">\n<p>Uma trag\u00e9dia chocante ocorreu na Serra de Igarap\u00e9, na Rodovia Fern\u00e3o Dias, onde um grave acidente resultou na morte de seis pessoas. Um v\u00eddeo capturado pela concession\u00e1ria Arteris Fern\u00e3o Dias registrou o momento exato do acidente, que envolveu 13 ve\u00edculos e chocou a comunidade local e nacional.<\/p>\n<p>O v\u00eddeo mostra uma reten\u00e7\u00e3o no tr\u00e2nsito da via momentos antes do acidente. Uma carreta, carregada com 27 toneladas de min\u00e9rio, desceu a estrada em alta velocidade e arrastou diversos ve\u00edculos \u00e0 frente.<\/p>\n<p>A viol\u00eancia do impacto e a magnitude do acidente foram claramente vis\u00edveis nas imagens, que rapidamente se espalharam pelas redes sociais e meios de comunica\u00e7\u00e3o.<\/p>\n<p>O motorista da carreta, que fugiu do local ap\u00f3s o acidente, estava transportando a carga de Itatiaiu\u00e7u para Sarzedo, ambas cidades da Grande Belo Horizonte.<\/p>\n<p>A pol\u00edcia iniciou uma busca intensa pelo motorista, cuja a\u00e7\u00e3o imprudente causou uma das mais graves trag\u00e9dias rodovi\u00e1rias da regi\u00e3o em tempos recentes.<\/p>\n<p>Este acidente ressalta a import\u00e2ncia da seguran\u00e7a nas estradas e a necessidade de medidas rigorosas para prevenir tais ocorr\u00eancias.<\/p>\n<p>A Rodovia Fern\u00e3o Dias, uma das mais movimentadas do estado de Minas Gerais, \u00e9 conhecida por seus desafios de tr\u00e1fego e condi\u00e7\u00f5es de estrada, tornando a seguran\u00e7a uma preocupa\u00e7\u00e3o constante para motoristas e autoridades.<\/p>\n<p>Veja o v\u00eddeo das c\u00e2meras da concession\u00e1ria:<\/p>\n<p><iframe loading=\"lazy\" title=\"V\u00eddeo mostra momento do acidente que deixou mortos na Fern\u00e3o Dias; veja\" width=\"500\" height=\"281\" src=\"https:\/\/www.youtube.com\/embed\/-ISVVIakotg?feature=oembed\" frameborder=\"0\" allow=\"accelerometer; autoplay; clipboard-write; encrypted-media; gyroscope; picture-in-picture; web-share\" referrerpolicy=\"strict-origin-when-cross-origin\" allowfullscreen><\/iframe><span data-mce-type=\"bookmark\" style=\"display: inline-block; width: 0px; overflow: hidden; line-height: 0;\" class=\"mce_SELRES_start\">\ufeff<\/span><\/iframe><\/p>\n<p>A comunidade local e os familiares das v\u00edtimas buscam respostas e justi\u00e7a. Este incidente serve como um lembrete sombrio dos perigos nas estradas e da necessidade de responsabilidade e cuidado ao volante.<\/p>\n<\/div>\n<p><br \/>\n<br \/><a href=\"https:\/\/fnmais.com\/video-acidente-que-matou-seis-pessoas-na-rodovia-fernao-dias-mostra-como-tudo-aconteceu\/\">Source link <\/a><\/p>\n<!-- CONTENT END 1 -->\n","protected":false},"excerpt":{"rendered":"<p>Uma trag\u00e9dia chocante ocorreu na Serra de Igarap\u00e9, na Rodovia Fern\u00e3o Dias, onde um grave acidente resultou na morte de seis pessoas. Um v\u00eddeo capturado&#8230;<\/p>\n","protected":false},"author":1,"featured_media":7321,"comment_status":"open","ping_status":"open","sticky":false,"template":"","format":"standard","meta":{"advanced_seo_description":"","jetpack_seo_html_title":"","jetpack_seo_noindex":false,"jetpack_post_was_ever_published":false,"_jetpack_newsletter_access":"","_jetpack_dont_email_post_to_subs":false,"_jetpack_newsletter_tier_id":0,"_jetpack_memberships_contains_paywalled_content":false,"_jetpack_memberships_contains_paid_content":false,"footnotes":"","jetpack_publicize_message":"","jetpack_publicize_feature_enabled":true,"jetpack_social_post_already_shared":true,"jetpack_social_options":{"image_generator_settings":{"template":"highway","default_image_id":0,"font":"","enabled":false},"version":2}},"categories":[1],"tags":[],"class_list":["post-7320","post","type-post","status-publish","format-standard","has-post-thumbnail","hentry","category-blog"],"jetpack_publicize_connections":[],"jetpack_featured_media_url":"https:\/\/i0.wp.com\/noticiasribeiraopreto.com.br\/wp-content\/uploads\/2023\/11\/postimg-65654ca04c6486662.jpg?fit=1200%2C628&ssl=1","jetpack-related-posts":[{"id":7142,"url":"https:\/\/noticiasribeiraopreto.com.br\/index.php\/2023\/11\/27\/tragedia-na-br-381-acidente-envolvendo-11-veiculos-deixa-pelo-menos-3-vitimas-fatais-e-numero-feridos-ainda-e-desconhecido\/","url_meta":{"origin":7320,"position":0},"title":"Trag\u00e9dia na BR-381: Acidente envolvendo 11 ve\u00edculos deixa pelo menos 3 v\u00edtimas fatais e n\u00famero feridos ainda \u00e9 desconhecido","author":"noticiasribeiraopreto.com.br","date":"27 de November de 2023","format":false,"excerpt":"Um acidente grave envolvendo 11 ve\u00edculos resultou em pelo menos tr\u00eas \u00f3bitos no final da manh\u00e3 desta segunda-feira (27) no quil\u00f4metro 517 da Rodovia Fern\u00e3o Dias, BR-381, pr\u00f3ximo a Igarap\u00e9, na regi\u00e3o metropolitana de Belo Horizonte.Segundo informa\u00e7\u00f5es da Arteris, a concession\u00e1ria respons\u00e1vel pelo trecho, a colis\u00e3o inclui oito autom\u00f3veis de\u2026","rel":"","context":"In &quot;Blog&quot;","block_context":{"text":"Blog","link":"https:\/\/noticiasribeiraopreto.com.br\/index.php\/category\/blog\/"},"img":{"alt_text":"","src":"https:\/\/i0.wp.com\/noticiasribeiraopreto.com.br\/wp-content\/uploads\/2023\/11\/postimg-6564d2d1357673855.jpg?fit=1200%2C628&ssl=1&resize=350%2C200","width":350,"height":200,"srcset":"https:\/\/i0.wp.com\/noticiasribeiraopreto.com.br\/wp-content\/uploads\/2023\/11\/postimg-6564d2d1357673855.jpg?fit=1200%2C628&ssl=1&resize=350%2C200 1x, https:\/\/i0.wp.com\/noticiasribeiraopreto.com.br\/wp-content\/uploads\/2023\/11\/postimg-6564d2d1357673855.jpg?fit=1200%2C628&ssl=1&resize=525%2C300 1.5x, https:\/\/i0.wp.com\/noticiasribeiraopreto.com.br\/wp-content\/uploads\/2023\/11\/postimg-6564d2d1357673855.jpg?fit=1200%2C628&ssl=1&resize=700%2C400 2x, https:\/\/i0.wp.com\/noticiasribeiraopreto.com.br\/wp-content\/uploads\/2023\/11\/postimg-6564d2d1357673855.jpg?fit=1200%2C628&ssl=1&resize=1050%2C600 3x"},"classes":[]},{"id":7589,"url":"https:\/\/noticiasribeiraopreto.com.br\/index.php\/2023\/11\/28\/quem-sao-as-vitimas-de-grave-acidente-na-fernao-dias-que-causou-6-falecimentos-eram-da-mesma-familia-e-outros-iam-para-consulta\/","url_meta":{"origin":7320,"position":1},"title":"Quem s\u00e3o as v\u00edtimas de grave acidente na Fern\u00e3o Dias que causou 6 falecimentos; eram da mesma fam\u00edlia e outros iam para consulta","author":"noticiasribeiraopreto.com.br","date":"28 de November de 2023","format":false,"excerpt":"Nesta segunda-feira, dia 27 de novembro, um tr\u00e1gico acidente aconteceu em uma rodovia e tirou a vida de seis pessoas. A situa\u00e7\u00e3o ocorreu na rodovia Fern\u00e3o Dias, na regi\u00e3o de Minas Gerais, em Belo Horizonte. Segundo o que foi informado, quatro v\u00edtimas eram da mesma fam\u00edlia.O local \u00e9 pr\u00f3ximo de\u2026","rel":"","context":"In &quot;Blog&quot;","block_context":{"text":"Blog","link":"https:\/\/noticiasribeiraopreto.com.br\/index.php\/category\/blog\/"},"img":{"alt_text":"","src":"https:\/\/i0.wp.com\/noticiasribeiraopreto.com.br\/wp-content\/uploads\/2023\/11\/postimg-656613f0c75073881.jpg?fit=1200%2C628&ssl=1&resize=350%2C200","width":350,"height":200,"srcset":"https:\/\/i0.wp.com\/noticiasribeiraopreto.com.br\/wp-content\/uploads\/2023\/11\/postimg-656613f0c75073881.jpg?fit=1200%2C628&ssl=1&resize=350%2C200 1x, https:\/\/i0.wp.com\/noticiasribeiraopreto.com.br\/wp-content\/uploads\/2023\/11\/postimg-656613f0c75073881.jpg?fit=1200%2C628&ssl=1&resize=525%2C300 1.5x, https:\/\/i0.wp.com\/noticiasribeiraopreto.com.br\/wp-content\/uploads\/2023\/11\/postimg-656613f0c75073881.jpg?fit=1200%2C628&ssl=1&resize=700%2C400 2x, https:\/\/i0.wp.com\/noticiasribeiraopreto.com.br\/wp-content\/uploads\/2023\/11\/postimg-656613f0c75073881.jpg?fit=1200%2C628&ssl=1&resize=1050%2C600 3x"},"classes":[]},{"id":6353,"url":"https:\/\/noticiasribeiraopreto.com.br\/index.php\/2023\/11\/25\/dois-onibus-com-69-pessoas-sofrem-acidente-em-mg-e-obito-ja-foi-confirmado\/","url_meta":{"origin":7320,"position":2},"title":"Dois \u00f4nibus com 69 pessoas sofrem acidente em MG e \u00f3bito j\u00e1 foi confirmado","author":"noticiasribeiraopreto.com.br","date":"25 de November de 2023","format":false,"excerpt":"Um grave acidente interditou a pista da Rodovia Fern\u00e3o Dias neste fim de semana. Dois \u00f4nibus colidiram com dezenas de pessoas a bordo. Antes do encerramento desta mat\u00e9ria, j\u00e1 havia sido confirmado o primeiro \u00f3bito.O acidente ocorreu na madrugada deste s\u00e1bado (25) nas proximidades do munic\u00edpio de S\u00e3o Sebasti\u00e3o da\u2026","rel":"","context":"In &quot;Blog&quot;","block_context":{"text":"Blog","link":"https:\/\/noticiasribeiraopreto.com.br\/index.php\/category\/blog\/"},"img":{"alt_text":"","src":"https:\/\/i0.wp.com\/noticiasribeiraopreto.com.br\/wp-content\/uploads\/2023\/11\/postimg-65623672280347745.jpg?fit=1200%2C628&ssl=1&resize=350%2C200","width":350,"height":200,"srcset":"https:\/\/i0.wp.com\/noticiasribeiraopreto.com.br\/wp-content\/uploads\/2023\/11\/postimg-65623672280347745.jpg?fit=1200%2C628&ssl=1&resize=350%2C200 1x, https:\/\/i0.wp.com\/noticiasribeiraopreto.com.br\/wp-content\/uploads\/2023\/11\/postimg-65623672280347745.jpg?fit=1200%2C628&ssl=1&resize=525%2C300 1.5x, https:\/\/i0.wp.com\/noticiasribeiraopreto.com.br\/wp-content\/uploads\/2023\/11\/postimg-65623672280347745.jpg?fit=1200%2C628&ssl=1&resize=700%2C400 2x, https:\/\/i0.wp.com\/noticiasribeiraopreto.com.br\/wp-content\/uploads\/2023\/11\/postimg-65623672280347745.jpg?fit=1200%2C628&ssl=1&resize=1050%2C600 3x"},"classes":[]},{"id":7158,"url":"https:\/\/noticiasribeiraopreto.com.br\/index.php\/2023\/11\/27\/br-381-acidente-com-10-veiculos-deixa-6-motos-em-mg-no-mesmo-local-da-tragedia-com-os-torcedores-do-corinthians\/","url_meta":{"origin":7320,"position":3},"title":"BR-381: Acidente com 10 ve\u00edculos deixa 6 motos em MG, no mesmo local da trag\u00e9dia com os torcedores do Corinthians","author":"noticiasribeiraopreto.com.br","date":"27 de November de 2023","format":false,"excerpt":"Subiu para seis\u00a0 o n\u00famero de pessoas que perderam a vida na tarde desta segunda-feira (27) na Rodovia Fern\u00e3o Dias, na Serra de Igarap\u00e9, 3m um dos trchos da BR-381 que conta Regi\u00e3o Metropolitana de Belo Horizonte.Este \u00e9 o mesmo trecho onde sete torcedores do Corinthians faleceram em agosto deste\u2026","rel":"","context":"In &quot;Blog&quot;","block_context":{"text":"Blog","link":"https:\/\/noticiasribeiraopreto.com.br\/index.php\/category\/blog\/"},"img":{"alt_text":"","src":"https:\/\/i0.wp.com\/noticiasribeiraopreto.com.br\/wp-content\/uploads\/2023\/11\/postimg-6564eee3809b28268.jpg?fit=1200%2C628&ssl=1&resize=350%2C200","width":350,"height":200,"srcset":"https:\/\/i0.wp.com\/noticiasribeiraopreto.com.br\/wp-content\/uploads\/2023\/11\/postimg-6564eee3809b28268.jpg?fit=1200%2C628&ssl=1&resize=350%2C200 1x, https:\/\/i0.wp.com\/noticiasribeiraopreto.com.br\/wp-content\/uploads\/2023\/11\/postimg-6564eee3809b28268.jpg?fit=1200%2C628&ssl=1&resize=525%2C300 1.5x, https:\/\/i0.wp.com\/noticiasribeiraopreto.com.br\/wp-content\/uploads\/2023\/11\/postimg-6564eee3809b28268.jpg?fit=1200%2C628&ssl=1&resize=700%2C400 2x, https:\/\/i0.wp.com\/noticiasribeiraopreto.com.br\/wp-content\/uploads\/2023\/11\/postimg-6564eee3809b28268.jpg?fit=1200%2C628&ssl=1&resize=1050%2C600 3x"},"classes":[]},{"id":28606,"url":"https:\/\/noticiasribeiraopreto.com.br\/index.php\/2024\/01\/16\/gravissimo-acidente-entre-carro-e-caminhoes-deixa-tres-mortos-incluindo-duas-criancas\/","url_meta":{"origin":7320,"position":4},"title":"Grav\u00edssimo acidente entre carro e caminh\u00f5es deixa tr\u00eas mortos, incluindo duas crian\u00e7as","author":"noticiasribeiraopreto.com.br","date":"16 de January de 2024","format":false,"excerpt":"Um acidente devastador ocorreu na noite da \u00faltima segunda, dia 15 de janeiro, na Via Dutra, em S\u00e3o Paulo, resultando na morte de tr\u00eas pessoas, incluindo duas crian\u00e7as.O incidente, que aconteceu por volta das 22h, envolveu um ve\u00edculo de passeio e dois caminh\u00f5es, deixando tamb\u00e9m dois feridos.Durante um congestionamento na\u2026","rel":"","context":"In &quot;Blog&quot;","block_context":{"text":"Blog","link":"https:\/\/noticiasribeiraopreto.com.br\/index.php\/category\/blog\/"},"img":{"alt_text":"","src":"https:\/\/i0.wp.com\/noticiasribeiraopreto.com.br\/wp-content\/uploads\/2024\/01\/postimg-65a671d5e813c8893.jpg?fit=1200%2C628&ssl=1&resize=350%2C200","width":350,"height":200,"srcset":"https:\/\/i0.wp.com\/noticiasribeiraopreto.com.br\/wp-content\/uploads\/2024\/01\/postimg-65a671d5e813c8893.jpg?fit=1200%2C628&ssl=1&resize=350%2C200 1x, https:\/\/i0.wp.com\/noticiasribeiraopreto.com.br\/wp-content\/uploads\/2024\/01\/postimg-65a671d5e813c8893.jpg?fit=1200%2C628&ssl=1&resize=525%2C300 1.5x, https:\/\/i0.wp.com\/noticiasribeiraopreto.com.br\/wp-content\/uploads\/2024\/01\/postimg-65a671d5e813c8893.jpg?fit=1200%2C628&ssl=1&resize=700%2C400 2x, https:\/\/i0.wp.com\/noticiasribeiraopreto.com.br\/wp-content\/uploads\/2024\/01\/postimg-65a671d5e813c8893.jpg?fit=1200%2C628&ssl=1&resize=1050%2C600 3x"},"classes":[]},{"id":63813,"url":"https:\/\/noticiasribeiraopreto.com.br\/index.php\/2025\/02\/22\/motorista-morre-apos-acidente-entre-carro-e-carreta-na-rodovia-anhanguera\/","url_meta":{"origin":7320,"position":5},"title":"Motorista morre ap\u00f3s acidente entre carro e carreta na rodovia Anhanguera","author":"noticiasribeiraopreto.com.br","date":"22 de February de 2025","format":false,"excerpt":"Uma pessoa morreu ap\u00f3s um acidente de tr\u00e2nsito envolvendo uma carreta e um carro na rodovia Anhanguera (SP-330), em Igarapava, cidade a cerca de 130 quil\u00f4metros de Ribeir\u00e3o Preto, na noite desta sexta-feira (21). O acidente aconteceu pr\u00f3ximo ao km 441. De acordo com as informa\u00e7\u00f5es do CCI (Centro de\u2026","rel":"","context":"In &quot;Not\u00edcias de Ribeir\u00e3o Preto-SP e Regi\u00e3o&quot;","block_context":{"text":"Not\u00edcias de Ribeir\u00e3o Preto-SP e Regi\u00e3o","link":"https:\/\/noticiasribeiraopreto.com.br\/index.php\/category\/noticias-de-ribeirao-preto-sp-e-regiao-ismael-colosi\/"},"img":{"alt_text":"","src":"https:\/\/i0.wp.com\/noticiasribeiraopreto.com.br\/wp-content\/uploads\/2025\/02\/Copia-de-Copia-de-Copia-de-TAMANHO-EXATO-PARA-FOTOS-NO-SISTEMA-NOVO-2025-02-22T145326.694_2025-02-22_17-53-41_png_2025-02-22_17-53-41.webp.webp?fit=1200%2C675&ssl=1&resize=350%2C200","width":350,"height":200,"srcset":"https:\/\/i0.wp.com\/noticiasribeiraopreto.com.br\/wp-content\/uploads\/2025\/02\/Copia-de-Copia-de-Copia-de-TAMANHO-EXATO-PARA-FOTOS-NO-SISTEMA-NOVO-2025-02-22T145326.694_2025-02-22_17-53-41_png_2025-02-22_17-53-41.webp.webp?fit=1200%2C675&ssl=1&resize=350%2C200 1x, https:\/\/i0.wp.com\/noticiasribeiraopreto.com.br\/wp-content\/uploads\/2025\/02\/Copia-de-Copia-de-Copia-de-TAMANHO-EXATO-PARA-FOTOS-NO-SISTEMA-NOVO-2025-02-22T145326.694_2025-02-22_17-53-41_png_2025-02-22_17-53-41.webp.webp?fit=1200%2C675&ssl=1&resize=525%2C300 1.5x, https:\/\/i0.wp.com\/noticiasribeiraopreto.com.br\/wp-content\/uploads\/2025\/02\/Copia-de-Copia-de-Copia-de-TAMANHO-EXATO-PARA-FOTOS-NO-SISTEMA-NOVO-2025-02-22T145326.694_2025-02-22_17-53-41_png_2025-02-22_17-53-41.webp.webp?fit=1200%2C675&ssl=1&resize=700%2C400 2x, https:\/\/i0.wp.com\/noticiasribeiraopreto.com.br\/wp-content\/uploads\/2025\/02\/Copia-de-Copia-de-Copia-de-TAMANHO-EXATO-PARA-FOTOS-NO-SISTEMA-NOVO-2025-02-22T145326.694_2025-02-22_17-53-41_png_2025-02-22_17-53-41.webp.webp?fit=1200%2C675&ssl=1&resize=1050%2C600 3x"},"classes":[]}],"jetpack_sharing_enabled":true,"jetpack_shortlink":"https:\/\/wp.me\/peQAOb-1U4","_links":{"self":[{"href":"https:\/\/noticiasribeiraopreto.com.br\/index.php\/wp-json\/wp\/v2\/posts\/7320","targetHints":{"allow":["GET"]}}],"collection":[{"href":"https:\/\/noticiasribeiraopreto.com.br\/index.php\/wp-json\/wp\/v2\/posts"}],"about":[{"href":"https:\/\/noticiasribeiraopreto.com.br\/index.php\/wp-json\/wp\/v2\/types\/post"}],"author":[{"embeddable":true,"href":"https:\/\/noticiasribeiraopreto.com.br\/index.php\/wp-json\/wp\/v2\/users\/1"}],"replies":[{"embeddable":true,"href":"https:\/\/noticiasribeiraopreto.com.br\/index.php\/wp-json\/wp\/v2\/comments?post=7320"}],"version-history":[{"count":0,"href":"https:\/\/noticiasribeiraopreto.com.br\/index.php\/wp-json\/wp\/v2\/posts\/7320\/revisions"}],"wp:featuredmedia":[{"embeddable":true,"href":"https:\/\/noticiasribeiraopreto.com.br\/index.php\/wp-json\/wp\/v2\/media\/7321"}],"wp:attachment":[{"href":"https:\/\/noticiasribeiraopreto.com.br\/index.php\/wp-json\/wp\/v2\/media?parent=7320"}],"wp:term":[{"taxonomy":"category","embeddable":true,"href":"https:\/\/noticiasribeiraopreto.com.br\/index.php\/wp-json\/wp\/v2\/categories?post=7320"},{"taxonomy":"post_tag","embeddable":true,"href":"https:\/\/noticiasribeiraopreto.com.br\/index.php\/wp-json\/wp\/v2\/tags?post=7320"}],"curies":[{"name":"wp","href":"https:\/\/api.w.org\/{rel}","templated":true}]}}