{"id":73203,"date":"2025-06-26T20:05:26","date_gmt":"2025-06-26T23:05:26","guid":{"rendered":"https:\/\/noticiasribeiraopreto.com.br\/index.php\/2025\/06\/26\/comercial-confirma-torcida-unica-no-classico-contra-o-botafogo-pela-copa-paulista\/"},"modified":"2025-06-26T20:05:26","modified_gmt":"2025-06-26T23:05:26","slug":"comercial-confirma-torcida-unica-no-classico-contra-o-botafogo-pela-copa-paulista","status":"publish","type":"post","link":"https:\/\/noticiasribeiraopreto.com.br\/index.php\/2025\/06\/26\/comercial-confirma-torcida-unica-no-classico-contra-o-botafogo-pela-copa-paulista\/","title":{"rendered":"Comercial confirma torcida \u00fanica no cl\u00e1ssico contra o Botafogo pela Copa Paulista"},"content":{"rendered":"<div class='code-block code-block-1' style='margin: 8px 0 8px auto; text-align: right; display: block; clear: both;'>\n<p><a href=\"https:\/\/wa.link\/vpicfd\"><img data-recalc-dims=\"1\" class=\"wp-image-4922\" style=\"aspect-ratio: 2.0253164556962027; width: 561px; height: auto;\" src=\"https:\/\/i0.wp.com\/ismaelcolosi.com.br\/wp-content\/uploads\/2023\/11\/grupo-de-empregos-whatsapp-e-facebook-ismael-colosi-vagas.jpg?ssl=1\" alt=\"\" \/><\/a><\/p>\n<!-- \/wp:image -->\n<\/div>\n<p> <br \/>\n<\/p>\n<div data-td-block-uid=\"tdi_95\">\n<div class=\"tdb-block-inner td-fix-index\">\n<p>O <strong>Comercial Futebol Clube<\/strong> anunciou, na tarde desta quinta-feira (26), <strong>que realizar\u00e1 o cl\u00e1ssico Come-Fogo com torcida \u00fanica no dia 2 de julho<\/strong>, no est\u00e1dio Palma Travassos, em Ribeir\u00e3o Preto.<\/p>\n<p><mark style=\"background-color:#fcb900\" class=\"has-inline-color\">A partida ter\u00e1 acesso exclusivo aos torcedores do Bafo<\/mark>, mandante do confronto.<\/p>\n<p>A medida cumpre a Portaria FPF n\u00ba 80\/24, de 23 de abril de 2024, que o Minist\u00e9rio P\u00fablico renovou. Assim como nos anos anteriores, <strong>todos os cl\u00e1ssicos entre Comercial e Botafogo em 2025<\/strong> \u2013 tanto nas categorias de base quanto no profissional \u2013 <strong>contar\u00e3o apenas com a presen\u00e7a da torcida do clube mandante.<\/strong><\/p>\n<p>A orienta\u00e7\u00e3o tem como objetivo refor\u00e7ar a seguran\u00e7a dos torcedores e evitar conflitos dentro e fora dos est\u00e1dios. O Comercial ainda deve divulgar informa\u00e7\u00f5es sobre a venda de ingressos e orienta\u00e7\u00f5es de acesso para o jogo, v\u00e1lido pela Copa Paulista.<\/p>\n<hr class=\"wp-block-separator has-alpha-channel-opacity\"\/>\n<p>SAIBA MAIS<br \/>Filmes de a\u00e7\u00e3o, m\u00fasica e terror chegam aos cinemas de Ribeir\u00e3o Preto; Veja estreias<\/p>\n<h4 class=\"wp-block-heading\"><strong>FIQUE ON<\/strong><\/h4>\n<p>Fique ligado em tudo que acontece em Ribeir\u00e3o Preto e regi\u00e3o. Siga os perfis do <strong>acidade on <\/strong>no <a href=\"https:\/\/www.instagram.com\/acidadeonribeirao\" target=\"_blank\" rel=\"noreferrer noopener\">Instagram<\/a> e no <a href=\"https:\/\/www.facebook.com\/acidadeonribeirao\" target=\"_blank\" rel=\"noreferrer noopener\">Facebook<\/a>.<\/p>\n<p>Receba not\u00edcias do acidade on no WhatsApp. Para entrar no grupo, basta <a href=\"https:\/\/chat.whatsapp.com\/BjKQZ9oJwlz8VVT50NuePq\" target=\"_blank\" rel=\"noreferrer noopener\">clicar aqui<\/a>.<\/p>\n<p>Fa\u00e7a uma den\u00fancia ou sugira uma reportagem sobre Ribeir\u00e3o Preto e regi\u00e3o pelo WhatsApp: 16 99117 7802.<\/p>\n<p>VEJA TAMB\u00c9M<br \/>Maisa Silva e Gabigol est\u00e3o juntos?<\/p>\n<p><!-- AI CONTENT END 1 -->\n<\/div>\n<\/div>\n<p><script async src=\"\/\/www.instagram.com\/embed.js\"><\/script><br \/>\n<br \/><br \/>\n<br \/><a href=\"https:\/\/www.acidadeon.com\/ribeiraopreto\/esportes\/comercial-confirma-torcida-unica-no-classico-contra-o-botafogo-pela-copa-paulista\/\">Source link <\/a><\/p>\n<!-- CONTENT END 1 -->\n","protected":false},"excerpt":{"rendered":"<p>O Comercial Futebol Clube anunciou, na tarde desta quinta-feira (26), que realizar\u00e1 o cl\u00e1ssico Come-Fogo com torcida \u00fanica no dia 2 de julho, no est\u00e1dio&#8230;<\/p>\n","protected":false},"author":1,"featured_media":73204,"comment_status":"open","ping_status":"open","sticky":false,"template":"","format":"standard","meta":{"advanced_seo_description":"","jetpack_seo_html_title":"","jetpack_seo_noindex":false,"jetpack_post_was_ever_published":false,"_jetpack_newsletter_access":"","_jetpack_dont_email_post_to_subs":false,"_jetpack_newsletter_tier_id":0,"_jetpack_memberships_contains_paywalled_content":false,"_jetpack_memberships_contains_paid_content":false,"footnotes":"","jetpack_publicize_message":"","jetpack_publicize_feature_enabled":true,"jetpack_social_post_already_shared":true,"jetpack_social_options":{"image_generator_settings":{"template":"highway","default_image_id":0,"font":"","enabled":false},"version":2}},"categories":[11],"tags":[],"class_list":["post-73203","post","type-post","status-publish","format-standard","has-post-thumbnail","hentry","category-noticias-de-ribeirao-preto-sp-e-regiao-ismael-colosi"],"jetpack_publicize_connections":[],"jetpack_featured_media_url":"https:\/\/i0.wp.com\/noticiasribeiraopreto.com.br\/wp-content\/uploads\/2025\/06\/Copia-de-Copia-de-TAMANHO-EXATO-PARA-FOTOS-NO-SISTEMA-NOVO-61.jpg?fit=1200%2C675&ssl=1","jetpack-related-posts":[{"id":73269,"url":"https:\/\/noticiasribeiraopreto.com.br\/index.php\/2025\/06\/28\/come-fogo-tera-torcida-unica-mais-uma-vez\/","url_meta":{"origin":73203,"position":0},"title":"Come-Fogo ter\u00e1 torcida \u00fanica mais uma vez","author":"noticiasribeiraopreto.com.br","date":"28 de June de 2025","format":false,"excerpt":"28 de junho de 2025 12:441 Compartilhar0 O Comercial iniciou a venda de ingressos para o cl\u00e1ssico com o Botafogo, que ser\u00e1 disputado na pr\u00f3xima quarta-feira (2), \u00e0s 19h, no Est\u00e1dio Palma Travassos, pela terceira rodada da Copa Paulista. Assim como tem acontecido nos \u00faltimos anos, o Come-Fogo ter\u00e1 torcida\u2026","rel":"","context":"In &quot;Not\u00edcias de Ribeir\u00e3o Preto-SP e Regi\u00e3o&quot;","block_context":{"text":"Not\u00edcias de Ribeir\u00e3o Preto-SP e Regi\u00e3o","link":"https:\/\/noticiasribeiraopreto.com.br\/index.php\/category\/noticias-de-ribeirao-preto-sp-e-regiao-ismael-colosi\/"},"img":{"alt_text":"","src":"https:\/\/i0.wp.com\/noticiasribeiraopreto.com.br\/wp-content\/uploads\/2025\/06\/2-Torcida-Comercial-Raul-Ramos.jpg?fit=799%2C533&ssl=1&resize=350%2C200","width":350,"height":200,"srcset":"https:\/\/i0.wp.com\/noticiasribeiraopreto.com.br\/wp-content\/uploads\/2025\/06\/2-Torcida-Comercial-Raul-Ramos.jpg?fit=799%2C533&ssl=1&resize=350%2C200 1x, https:\/\/i0.wp.com\/noticiasribeiraopreto.com.br\/wp-content\/uploads\/2025\/06\/2-Torcida-Comercial-Raul-Ramos.jpg?fit=799%2C533&ssl=1&resize=525%2C300 1.5x, https:\/\/i0.wp.com\/noticiasribeiraopreto.com.br\/wp-content\/uploads\/2025\/06\/2-Torcida-Comercial-Raul-Ramos.jpg?fit=799%2C533&ssl=1&resize=700%2C400 2x"},"classes":[]},{"id":48043,"url":"https:\/\/noticiasribeiraopreto.com.br\/index.php\/2024\/04\/30\/entenda-por-que-o-classico-come-fogo-sera-disputado-com-torcida-unica\/","url_meta":{"origin":73203,"position":1},"title":"Entenda por que o cl\u00e1ssico Come-Fogo ser\u00e1 disputado com torcida \u00fanica","author":"noticiasribeiraopreto.com.br","date":"30 de April de 2024","format":false,"excerpt":"Os cl\u00e1ssicos Come-Fogo, que voltar\u00e3o a ser realizados em 2024, durante a Copa Paulista, ser\u00e3o disputados com torcida \u00fanica. A medida foi publicada na semana passada pela FPF (Federa\u00e7\u00e3o Paulista de Futebol). A norma j\u00e1 foi v\u00e1lida para o Come-Fogo sub-20, disputado no \u00faltimo s\u00e1bado (27), no est\u00e1dio Palma Travassos,\u2026","rel":"","context":"In &quot;Not\u00edcias de Ribeir\u00e3o Preto-SP e Regi\u00e3o&quot;","block_context":{"text":"Not\u00edcias de Ribeir\u00e3o Preto-SP e Regi\u00e3o","link":"https:\/\/noticiasribeiraopreto.com.br\/index.php\/category\/noticias-de-ribeirao-preto-sp-e-regiao-ismael-colosi\/"},"img":{"alt_text":"","src":"https:\/\/i0.wp.com\/noticiasribeiraopreto.com.br\/wp-content\/uploads\/2024\/04\/come-fogo.webp.webp?fit=979%2C648&ssl=1&resize=350%2C200","width":350,"height":200,"srcset":"https:\/\/i0.wp.com\/noticiasribeiraopreto.com.br\/wp-content\/uploads\/2024\/04\/come-fogo.webp.webp?fit=979%2C648&ssl=1&resize=350%2C200 1x, https:\/\/i0.wp.com\/noticiasribeiraopreto.com.br\/wp-content\/uploads\/2024\/04\/come-fogo.webp.webp?fit=979%2C648&ssl=1&resize=525%2C300 1.5x, https:\/\/i0.wp.com\/noticiasribeiraopreto.com.br\/wp-content\/uploads\/2024\/04\/come-fogo.webp.webp?fit=979%2C648&ssl=1&resize=700%2C400 2x"},"classes":[]},{"id":56214,"url":"https:\/\/noticiasribeiraopreto.com.br\/index.php\/2024\/08\/11\/ingressos-para-o-classico-come-fogo-em-ribeirao-preto-ainda-estao-disponiveis\/","url_meta":{"origin":73203,"position":2},"title":"Ingressos para o cl\u00e1ssico Come-Fogo em Ribeir\u00e3o Preto ainda est\u00e3o dispon\u00edveis","author":"noticiasribeiraopreto.com.br","date":"11 de August de 2024","format":false,"excerpt":"Os torcedores do Comercial ainda podem adquirir os ingressos para o cl\u00e1ssico Come-Fogo, que acontece nesta segunda-feira (12). O jogo pela 9\u00aa rodada da Copa Paulista est\u00e1 marcado para \u00e0s 20h, no est\u00e1dio Palma Travassos, na zona Leste de Ribeir\u00e3o Preto. Por determina\u00e7\u00e3o da Federa\u00e7\u00e3o Paulista de Futebol (FPF), ap\u00f3s\u2026","rel":"","context":"In &quot;Not\u00edcias de Ribeir\u00e3o Preto-SP e Regi\u00e3o&quot;","block_context":{"text":"Not\u00edcias de Ribeir\u00e3o Preto-SP e Regi\u00e3o","link":"https:\/\/noticiasribeiraopreto.com.br\/index.php\/category\/noticias-de-ribeirao-preto-sp-e-regiao-ismael-colosi\/"},"img":{"alt_text":"","src":"https:\/\/i0.wp.com\/noticiasribeiraopreto.com.br\/wp-content\/uploads\/2024\/08\/comefogo_2024-07-09_23-49-06_jpeg_2024-07-09_23-49-06.webp.webp?fit=1200%2C915&ssl=1&resize=350%2C200","width":350,"height":200,"srcset":"https:\/\/i0.wp.com\/noticiasribeiraopreto.com.br\/wp-content\/uploads\/2024\/08\/comefogo_2024-07-09_23-49-06_jpeg_2024-07-09_23-49-06.webp.webp?fit=1200%2C915&ssl=1&resize=350%2C200 1x, https:\/\/i0.wp.com\/noticiasribeiraopreto.com.br\/wp-content\/uploads\/2024\/08\/comefogo_2024-07-09_23-49-06_jpeg_2024-07-09_23-49-06.webp.webp?fit=1200%2C915&ssl=1&resize=525%2C300 1.5x, https:\/\/i0.wp.com\/noticiasribeiraopreto.com.br\/wp-content\/uploads\/2024\/08\/comefogo_2024-07-09_23-49-06_jpeg_2024-07-09_23-49-06.webp.webp?fit=1200%2C915&ssl=1&resize=700%2C400 2x, https:\/\/i0.wp.com\/noticiasribeiraopreto.com.br\/wp-content\/uploads\/2024\/08\/comefogo_2024-07-09_23-49-06_jpeg_2024-07-09_23-49-06.webp.webp?fit=1200%2C915&ssl=1&resize=1050%2C600 3x"},"classes":[]},{"id":54315,"url":"https:\/\/noticiasribeiraopreto.com.br\/index.php\/2024\/07\/08\/saiba-como-comprar-ingressos-para-o-classico-come-fogo-em-ribeirao-preto\/","url_meta":{"origin":73203,"position":3},"title":"Saiba como comprar ingressos para o cl\u00e1ssico Come-Fogo em Ribeir\u00e3o Preto","author":"noticiasribeiraopreto.com.br","date":"8 de July de 2024","format":false,"excerpt":"Os torcedores do Botafogo podem adquirir os ingressos para o cl\u00e1ssico Come-Fogo, que acontece nesta ter\u00e7a-feira (9), na bilheteria do est\u00e1dio Santa Cruz\/Arena Nicnet, na zona Leste de Ribeir\u00e3o Preto ou de forma on-line (clique aqui). O jogo pela quarta rodada da Copa Paulista est\u00e1 marcado para \u00e0s 19h, no\u2026","rel":"","context":"In &quot;Not\u00edcias de Ribeir\u00e3o Preto-SP e Regi\u00e3o&quot;","block_context":{"text":"Not\u00edcias de Ribeir\u00e3o Preto-SP e Regi\u00e3o","link":"https:\/\/noticiasribeiraopreto.com.br\/index.php\/category\/noticias-de-ribeirao-preto-sp-e-regiao-ismael-colosi\/"},"img":{"alt_text":"","src":"https:\/\/i0.wp.com\/noticiasribeiraopreto.com.br\/wp-content\/uploads\/2024\/07\/come-fogo_2024-07-08_15-21-10.webp.webp?fit=979%2C648&ssl=1&resize=350%2C200","width":350,"height":200,"srcset":"https:\/\/i0.wp.com\/noticiasribeiraopreto.com.br\/wp-content\/uploads\/2024\/07\/come-fogo_2024-07-08_15-21-10.webp.webp?fit=979%2C648&ssl=1&resize=350%2C200 1x, https:\/\/i0.wp.com\/noticiasribeiraopreto.com.br\/wp-content\/uploads\/2024\/07\/come-fogo_2024-07-08_15-21-10.webp.webp?fit=979%2C648&ssl=1&resize=525%2C300 1.5x, https:\/\/i0.wp.com\/noticiasribeiraopreto.com.br\/wp-content\/uploads\/2024\/07\/come-fogo_2024-07-08_15-21-10.webp.webp?fit=979%2C648&ssl=1&resize=700%2C400 2x"},"classes":[]},{"id":56463,"url":"https:\/\/noticiasribeiraopreto.com.br\/index.php\/2024\/08\/14\/ingressos-para-o-classico-come-fogo-em-ribeirao-preto-ainda-estao-disponiveis-2\/","url_meta":{"origin":73203,"position":4},"title":"Ingressos para o Cl\u00e1ssico Come-Fogo em Ribeir\u00e3o Preto Ainda Est\u00e3o Dispon\u00edveis \u2013 Folha de Ribeir\u00e3o","author":"noticiasribeiraopreto.com.br","date":"14 de August de 2024","format":false,"excerpt":"Ribeir\u00e3o Preto, SP\u00a0\u2013 Os torcedores que ainda n\u00e3o garantiram seus ingressos para o cl\u00e1ssico Come-Fogo t\u00eam uma \u00faltima chance de assistir ao confronto entre Botafogo-SP e Comercial-SP. A partida, que promete ser emocionante, ser\u00e1 realizada no pr\u00f3ximo domingo no Est\u00e1dio Santa Cruz. Os ingressos est\u00e3o dispon\u00edveis para compra online e\u2026","rel":"","context":"In &quot;Not\u00edcias de Ribeir\u00e3o Preto-SP e Regi\u00e3o&quot;","block_context":{"text":"Not\u00edcias de Ribeir\u00e3o Preto-SP e Regi\u00e3o","link":"https:\/\/noticiasribeiraopreto.com.br\/index.php\/category\/noticias-de-ribeirao-preto-sp-e-regiao-ismael-colosi\/"},"img":{"alt_text":"","src":"https:\/\/i0.wp.com\/noticiasribeiraopreto.com.br\/wp-content\/uploads\/2024\/08\/dd75c6b752abbaa360f7b00499f56b55.jpg?fit=568%2C454&ssl=1&resize=350%2C200","width":350,"height":200,"srcset":"https:\/\/i0.wp.com\/noticiasribeiraopreto.com.br\/wp-content\/uploads\/2024\/08\/dd75c6b752abbaa360f7b00499f56b55.jpg?fit=568%2C454&ssl=1&resize=350%2C200 1x, https:\/\/i0.wp.com\/noticiasribeiraopreto.com.br\/wp-content\/uploads\/2024\/08\/dd75c6b752abbaa360f7b00499f56b55.jpg?fit=568%2C454&ssl=1&resize=525%2C300 1.5x"},"classes":[]},{"id":75307,"url":"https:\/\/noticiasribeiraopreto.com.br\/index.php\/2025\/08\/06\/comercial-bate-botafogo-no-come-fogo-175-e-quebra-tabus\/","url_meta":{"origin":73203,"position":5},"title":"Comercial bate Botafogo no Come-Fogo 175 e quebra tabus","author":"noticiasribeiraopreto.com.br","date":"6 de August de 2025","format":false,"excerpt":"Bafo volta bate rival pela segunda vez na Copa Paulista e volta a liderar grupo 6 de agosto de 2025 21:164 Compartilhar1 Por Hugo Luque O Comercial venceu o Botafogo por 2 a 0 nesta quarta-feira (6), no Est\u00e1dio Santa Cruz\/Arena Nicnet, pela oitava rodada do Grupo 2 da Copa\u2026","rel":"","context":"In &quot;Not\u00edcias de Ribeir\u00e3o Preto-SP e Regi\u00e3o&quot;","block_context":{"text":"Not\u00edcias de Ribeir\u00e3o Preto-SP e Regi\u00e3o","link":"https:\/\/noticiasribeiraopreto.com.br\/index.php\/category\/noticias-de-ribeirao-preto-sp-e-regiao-ismael-colosi\/"},"img":{"alt_text":"","src":"https:\/\/i0.wp.com\/noticiasribeiraopreto.com.br\/wp-content\/uploads\/2025\/08\/Botafogo-x-Comercial-Raul-Ramos-scaled.jpg?fit=1200%2C800&ssl=1&resize=350%2C200","width":350,"height":200,"srcset":"https:\/\/i0.wp.com\/noticiasribeiraopreto.com.br\/wp-content\/uploads\/2025\/08\/Botafogo-x-Comercial-Raul-Ramos-scaled.jpg?fit=1200%2C800&ssl=1&resize=350%2C200 1x, https:\/\/i0.wp.com\/noticiasribeiraopreto.com.br\/wp-content\/uploads\/2025\/08\/Botafogo-x-Comercial-Raul-Ramos-scaled.jpg?fit=1200%2C800&ssl=1&resize=525%2C300 1.5x, https:\/\/i0.wp.com\/noticiasribeiraopreto.com.br\/wp-content\/uploads\/2025\/08\/Botafogo-x-Comercial-Raul-Ramos-scaled.jpg?fit=1200%2C800&ssl=1&resize=700%2C400 2x, https:\/\/i0.wp.com\/noticiasribeiraopreto.com.br\/wp-content\/uploads\/2025\/08\/Botafogo-x-Comercial-Raul-Ramos-scaled.jpg?fit=1200%2C800&ssl=1&resize=1050%2C600 3x"},"classes":[]}],"jetpack_sharing_enabled":true,"jetpack_shortlink":"https:\/\/wp.me\/peQAOb-j2H","_links":{"self":[{"href":"https:\/\/noticiasribeiraopreto.com.br\/index.php\/wp-json\/wp\/v2\/posts\/73203","targetHints":{"allow":["GET"]}}],"collection":[{"href":"https:\/\/noticiasribeiraopreto.com.br\/index.php\/wp-json\/wp\/v2\/posts"}],"about":[{"href":"https:\/\/noticiasribeiraopreto.com.br\/index.php\/wp-json\/wp\/v2\/types\/post"}],"author":[{"embeddable":true,"href":"https:\/\/noticiasribeiraopreto.com.br\/index.php\/wp-json\/wp\/v2\/users\/1"}],"replies":[{"embeddable":true,"href":"https:\/\/noticiasribeiraopreto.com.br\/index.php\/wp-json\/wp\/v2\/comments?post=73203"}],"version-history":[{"count":0,"href":"https:\/\/noticiasribeiraopreto.com.br\/index.php\/wp-json\/wp\/v2\/posts\/73203\/revisions"}],"wp:featuredmedia":[{"embeddable":true,"href":"https:\/\/noticiasribeiraopreto.com.br\/index.php\/wp-json\/wp\/v2\/media\/73204"}],"wp:attachment":[{"href":"https:\/\/noticiasribeiraopreto.com.br\/index.php\/wp-json\/wp\/v2\/media?parent=73203"}],"wp:term":[{"taxonomy":"category","embeddable":true,"href":"https:\/\/noticiasribeiraopreto.com.br\/index.php\/wp-json\/wp\/v2\/categories?post=73203"},{"taxonomy":"post_tag","embeddable":true,"href":"https:\/\/noticiasribeiraopreto.com.br\/index.php\/wp-json\/wp\/v2\/tags?post=73203"}],"curies":[{"name":"wp","href":"https:\/\/api.w.org\/{rel}","templated":true}]}}