{"id":73209,"date":"2025-06-26T22:33:16","date_gmt":"2025-06-27T01:33:16","guid":{"rendered":"https:\/\/noticiasribeiraopreto.com.br\/index.php\/2025\/06\/26\/criancas-e-adolescentes-com-diabetes-tipo-1-vao-receber-sensor-digital-de-glicose-em-ribeirao\/"},"modified":"2025-06-26T22:33:16","modified_gmt":"2025-06-27T01:33:16","slug":"criancas-e-adolescentes-com-diabetes-tipo-1-vao-receber-sensor-digital-de-glicose-em-ribeirao","status":"publish","type":"post","link":"https:\/\/noticiasribeiraopreto.com.br\/index.php\/2025\/06\/26\/criancas-e-adolescentes-com-diabetes-tipo-1-vao-receber-sensor-digital-de-glicose-em-ribeirao\/","title":{"rendered":"Crian\u00e7as e adolescentes com diabetes tipo 1 v\u00e3o receber sensor digital de glicose em Ribeir\u00e3o"},"content":{"rendered":"<div class='code-block code-block-1' style='margin: 8px 0 8px auto; text-align: right; display: block; clear: both;'>\n<p><a href=\"https:\/\/wa.link\/vpicfd\"><img data-recalc-dims=\"1\" class=\"wp-image-4922\" style=\"aspect-ratio: 2.0253164556962027; width: 561px; height: auto;\" src=\"https:\/\/i0.wp.com\/ismaelcolosi.com.br\/wp-content\/uploads\/2023\/11\/grupo-de-empregos-whatsapp-e-facebook-ismael-colosi-vagas.jpg?ssl=1\" alt=\"\" \/><\/a><\/p>\n<!-- \/wp:image -->\n<\/div>\n<p> <br \/>\n<\/p>\n<div data-td-block-uid=\"tdi_95\">\n<div class=\"tdb-block-inner td-fix-index\">\n<p>A Secretaria da Sa\u00fade de <strong>Ribeir\u00e3o Preto <\/strong>vai come\u00e7ar a <strong>distribuir sensores digitais de glicose para crian\u00e7as e adolescentes com diabetes tipo 1 atendidos pela rede p\u00fablica<\/strong>. A a\u00e7\u00e3o beneficia <strong>228 pacientes com idades entre 2 e 18 anos incompletos.<\/strong><\/p>\n<p>O sensor digital substitui o m\u00e9todo tradicional de medi\u00e7\u00e3o com agulhas. O paciente aplica o dispositivo com um adesivo na parte de tr\u00e1s do bra\u00e7o e acessa as medi\u00e7\u00f5es de glicose de forma cont\u00ednua por um leitor ou aplicativo de celular.<\/p>\n<p><strong>As equipes das unidades de sa\u00fade realizam o acompanhamento dos pacientes<\/strong>, far\u00e3o a entrega dos sensores e v\u00e3o explicar \u00e0s fam\u00edlias como usar o equipamento corretamente. J\u00e1 os profissionais da rede municipal avaliam os crit\u00e9rios cl\u00ednicos e definem quais pacientes est\u00e3o aptos a receber o dispositivo.<\/p>\n<hr class=\"wp-block-separator has-alpha-channel-opacity\"\/>\n<p>SAIBA MAIS<\/p>\n<p>Pedala Ribeir\u00e3o tem inscri\u00e7\u00f5es abertas at\u00e9 esta quinta-feira; veja como participar <mark style=\"background-color:#ffffff\" class=\"has-inline-color has-white-color\">contudo,<\/mark><\/p>\n<h2 class=\"wp-block-heading\"><strong>FIQUE ON<\/strong><\/h2>\n<p>Quer ficar por dentro de tudo que acontece em Ribeir\u00e3o Preto e regi\u00e3o? Ent\u00e3o siga os perfis do\u202facidade on\u202fno\u202f<a href=\"https:\/\/www.instagram.com\/acidadeonribeirao\" target=\"_blank\" rel=\"noreferrer noopener\">Instagram<\/a>\u202fe no\u202f<a href=\"https:\/\/www.facebook.com\/acidadeonribeirao\/\" target=\"_blank\" rel=\"noreferrer noopener\">Facebook<\/a>.<\/p>\n<p>Al\u00e9m disso, voc\u00ea pode receber as principais not\u00edcias diretamente no WhatsApp. Para isso, basta\u00a0<a href=\"https:\/\/chat.whatsapp.com\/BjKQZ9oJwlz8VVT50NuePq\" target=\"_blank\" rel=\"noreferrer noopener\">entrar no grupo clicando aqui<\/a>.<\/p>\n<p>Por fim, se quiser fazer uma den\u00fancia ou sugerir uma reportagem sobre Ribeir\u00e3o Preto e regi\u00e3o, envie uma mensagem pelo WhatsApp: (16) 99117-7802.<\/p>\n<p>VEJA TAMB\u00c9M<\/p>\n<p>Qual \u00e9 o segredo de Carmem em \u2018A Viagem\u2019? <mark style=\"background-color:#ffffff\" class=\"has-inline-color has-white-color\">contudo,<\/mark><\/p>\n<p><!-- AI CONTENT END 1 -->\n<\/div>\n<\/div>\n<p><script async src=\"\/\/www.instagram.com\/embed.js\"><\/script><br \/>\n<br \/><br \/>\n<br \/><a href=\"https:\/\/www.acidadeon.com\/ribeiraopreto\/cotidiano\/criancas-e-adolescentes-com-diabetes-tipo-1-vao-receber-sensor-digital-de-glicose-em-ribeirao\/\">Source link <\/a><\/p>\n<!-- CONTENT END 1 -->\n","protected":false},"excerpt":{"rendered":"<p>A Secretaria da Sa\u00fade de Ribeir\u00e3o Preto vai come\u00e7ar a distribuir sensores digitais de glicose para crian\u00e7as e adolescentes com diabetes tipo 1 atendidos pela&#8230;<\/p>\n","protected":false},"author":1,"featured_media":73210,"comment_status":"open","ping_status":"open","sticky":false,"template":"","format":"standard","meta":{"advanced_seo_description":"","jetpack_seo_html_title":"","jetpack_seo_noindex":false,"jetpack_post_was_ever_published":false,"_jetpack_newsletter_access":"","_jetpack_dont_email_post_to_subs":false,"_jetpack_newsletter_tier_id":0,"_jetpack_memberships_contains_paywalled_content":false,"_jetpack_memberships_contains_paid_content":false,"footnotes":"","jetpack_publicize_message":"","jetpack_publicize_feature_enabled":true,"jetpack_social_post_already_shared":true,"jetpack_social_options":{"image_generator_settings":{"template":"highway","default_image_id":0,"font":"","enabled":false},"version":2}},"categories":[11],"tags":[],"class_list":["post-73209","post","type-post","status-publish","format-standard","has-post-thumbnail","hentry","category-noticias-de-ribeirao-preto-sp-e-regiao-ismael-colosi"],"jetpack_publicize_connections":[],"jetpack_featured_media_url":"https:\/\/i0.wp.com\/noticiasribeiraopreto.com.br\/wp-content\/uploads\/2025\/06\/Copia-de-Copia-de-Copia-de-TAMANHO-EXATO-PARA-FOTOS-NO-SISTEMA-NOVO-2025-06-26T200203.625_2025-06-26_23-02-14.webp.webp?fit=1200%2C675&ssl=1","jetpack-related-posts":[{"id":73271,"url":"https:\/\/noticiasribeiraopreto.com.br\/index.php\/2025\/06\/28\/saude-vai-fornecer-sensor-de-glicose\/","url_meta":{"origin":73209,"position":0},"title":"Sa\u00fade vai fornecer sensor de glicose","author":"noticiasribeiraopreto.com.br","date":"28 de June de 2025","format":false,"excerpt":"A prefeitura de Ribeir\u00e3o Preto deu mais um passo importante no cuidado com a sa\u00fade das crian\u00e7as e adolescentes da rede p\u00fablica: 228 pacientes com diabetes tipo 1, com idades entre 2 e 18 anos incompletos, passam a receber gratuitamente o sensor digital de monitoramento cont\u00ednuo de glicose, por meio\u2026","rel":"","context":"In &quot;Not\u00edcias de Ribeir\u00e3o Preto-SP e Regi\u00e3o&quot;","block_context":{"text":"Not\u00edcias de Ribeir\u00e3o Preto-SP e Regi\u00e3o","link":"https:\/\/noticiasribeiraopreto.com.br\/index.php\/category\/noticias-de-ribeirao-preto-sp-e-regiao-ismael-colosi\/"},"img":{"alt_text":"","src":"https:\/\/i0.wp.com\/noticiasribeiraopreto.com.br\/wp-content\/uploads\/2025\/06\/Diabetes-Detalhe-Fernando-Gonzaga.jpg?fit=1200%2C800&ssl=1&resize=350%2C200","width":350,"height":200,"srcset":"https:\/\/i0.wp.com\/noticiasribeiraopreto.com.br\/wp-content\/uploads\/2025\/06\/Diabetes-Detalhe-Fernando-Gonzaga.jpg?fit=1200%2C800&ssl=1&resize=350%2C200 1x, https:\/\/i0.wp.com\/noticiasribeiraopreto.com.br\/wp-content\/uploads\/2025\/06\/Diabetes-Detalhe-Fernando-Gonzaga.jpg?fit=1200%2C800&ssl=1&resize=525%2C300 1.5x, https:\/\/i0.wp.com\/noticiasribeiraopreto.com.br\/wp-content\/uploads\/2025\/06\/Diabetes-Detalhe-Fernando-Gonzaga.jpg?fit=1200%2C800&ssl=1&resize=700%2C400 2x, https:\/\/i0.wp.com\/noticiasribeiraopreto.com.br\/wp-content\/uploads\/2025\/06\/Diabetes-Detalhe-Fernando-Gonzaga.jpg?fit=1200%2C800&ssl=1&resize=1050%2C600 3x"},"classes":[]},{"id":82207,"url":"https:\/\/noticiasribeiraopreto.com.br\/index.php\/2026\/02\/07\/sus-inicia-transicao-de-insulina-humana-para-a-de-acao-prolongada\/","url_meta":{"origin":73209,"position":1},"title":"SUS inicia transi\u00e7\u00e3o de insulina humana para a de a\u00e7\u00e3o prolongada","author":"noticiasribeiraopreto.com.br","date":"7 de February de 2026","format":false,"excerpt":"O Minist\u00e9rio da Sa\u00fade iniciou o processo de transi\u00e7\u00e3o do uso da insulina humana (NPH) para a insulina an\u00e1loga de a\u00e7\u00e3o prolongada, a glargina, no SUS (Sistema \u00danico de Sa\u00fade). A iniciativa pretende beneficiar pessoas que vivem com diabetes Mellitus e amplia as op\u00e7\u00f5es terap\u00eauticas na rede p\u00fablica de sa\u00fade.\u2026","rel":"","context":"In &quot;Not\u00edcias de Ribeir\u00e3o Preto-SP e Regi\u00e3o&quot;","block_context":{"text":"Not\u00edcias de Ribeir\u00e3o Preto-SP e Regi\u00e3o","link":"https:\/\/noticiasribeiraopreto.com.br\/index.php\/category\/noticias-de-ribeirao-preto-sp-e-regiao-ismael-colosi\/"},"img":{"alt_text":"","src":"https:\/\/i0.wp.com\/noticiasribeiraopreto.com.br\/wp-content\/uploads\/2026\/02\/glargina_2026-02-06_19-34-36.webp.webp?fit=1200%2C553&ssl=1&resize=350%2C200","width":350,"height":200,"srcset":"https:\/\/i0.wp.com\/noticiasribeiraopreto.com.br\/wp-content\/uploads\/2026\/02\/glargina_2026-02-06_19-34-36.webp.webp?fit=1200%2C553&ssl=1&resize=350%2C200 1x, https:\/\/i0.wp.com\/noticiasribeiraopreto.com.br\/wp-content\/uploads\/2026\/02\/glargina_2026-02-06_19-34-36.webp.webp?fit=1200%2C553&ssl=1&resize=525%2C300 1.5x, https:\/\/i0.wp.com\/noticiasribeiraopreto.com.br\/wp-content\/uploads\/2026\/02\/glargina_2026-02-06_19-34-36.webp.webp?fit=1200%2C553&ssl=1&resize=700%2C400 2x, https:\/\/i0.wp.com\/noticiasribeiraopreto.com.br\/wp-content\/uploads\/2026\/02\/glargina_2026-02-06_19-34-36.webp.webp?fit=1200%2C553&ssl=1&resize=1050%2C600 3x"},"classes":[]},{"id":14709,"url":"https:\/\/noticiasribeiraopreto.com.br\/index.php\/2023\/12\/12\/beber-este-cha-todo-dia-reduz-risco-de-diabetes-em-ate-53-revela-estudo\/","url_meta":{"origin":73209,"position":2},"title":"Beber este ch\u00e1 todo dia reduz risco de diabetes em at\u00e9 53%, revela estudo","author":"noticiasribeiraopreto.com.br","date":"12 de December de 2023","format":false,"excerpt":"Cr\u00e9ditos: iStock\/brizmakerRela\u00e7\u00e3o entre consumo di\u00e1rio de ch\u00e1 e diabetes De acordo com um estudo conduzido pela Universidade de Adelaide, na Austr\u00e1lia, um costume di\u00e1rio simples, como tomar ch\u00e1 preto,\u00a0pode auxiliar significativamente na redu\u00e7\u00e3o do risco de desenvolver diabetes tipo 2 em adultos. Comparando com indiv\u00edduos que n\u00e3o possuem o h\u00e1bito\u2026","rel":"","context":"In &quot;Variedades&quot;","block_context":{"text":"Variedades","link":"https:\/\/noticiasribeiraopreto.com.br\/index.php\/category\/variedades\/"},"img":{"alt_text":"","src":"https:\/\/i0.wp.com\/noticiasribeiraopreto.com.br\/wp-content\/uploads\/2023\/12\/istock-1178085112-e1702387899812.jpg?fit=1200%2C638&ssl=1&resize=350%2C200","width":350,"height":200,"srcset":"https:\/\/i0.wp.com\/noticiasribeiraopreto.com.br\/wp-content\/uploads\/2023\/12\/istock-1178085112-e1702387899812.jpg?fit=1200%2C638&ssl=1&resize=350%2C200 1x, https:\/\/i0.wp.com\/noticiasribeiraopreto.com.br\/wp-content\/uploads\/2023\/12\/istock-1178085112-e1702387899812.jpg?fit=1200%2C638&ssl=1&resize=525%2C300 1.5x, https:\/\/i0.wp.com\/noticiasribeiraopreto.com.br\/wp-content\/uploads\/2023\/12\/istock-1178085112-e1702387899812.jpg?fit=1200%2C638&ssl=1&resize=700%2C400 2x, https:\/\/i0.wp.com\/noticiasribeiraopreto.com.br\/wp-content\/uploads\/2023\/12\/istock-1178085112-e1702387899812.jpg?fit=1200%2C638&ssl=1&resize=1050%2C600 3x"},"classes":[]},{"id":65711,"url":"https:\/\/noticiasribeiraopreto.com.br\/index.php\/2025\/03\/23\/sus-ofertara-medicamento-de-r-7-milhoes-para-tratamento-de-ame\/","url_meta":{"origin":73209,"position":3},"title":"SUS ofertar\u00e1 medicamento de R$ 7 milh\u00f5es para tratamento de AME","author":"noticiasribeiraopreto.com.br","date":"23 de March de 2025","format":false,"excerpt":"O Minist\u00e9rio da Sa\u00fade anuncia uma estrat\u00e9gia in\u00e9dita para viabilizar a compra do medicamento Zolgensma, utilizado no tratamento da AME (Atrofia Muscular Espinhal) tipo 1. O medicamento, que custa R$ 7 milh\u00f5es, ser\u00e1 oferecido pelo SUS (Sistema \u00danico de Sa\u00fade). Um Acordo de Compartilhamento de Risco baseado em desempenho foi\u2026","rel":"","context":"In &quot;Not\u00edcias de Ribeir\u00e3o Preto-SP e Regi\u00e3o&quot;","block_context":{"text":"Not\u00edcias de Ribeir\u00e3o Preto-SP e Regi\u00e3o","link":"https:\/\/noticiasribeiraopreto.com.br\/index.php\/category\/noticias-de-ribeirao-preto-sp-e-regiao-ismael-colosi\/"},"img":{"alt_text":"","src":"https:\/\/i0.wp.com\/noticiasribeiraopreto.com.br\/wp-content\/uploads\/2025\/03\/sus_2025-03-23_15-26-55_jpg_2025-03-23_15-26-55.webp.webp?fit=763%2C457&ssl=1&resize=350%2C200","width":350,"height":200,"srcset":"https:\/\/i0.wp.com\/noticiasribeiraopreto.com.br\/wp-content\/uploads\/2025\/03\/sus_2025-03-23_15-26-55_jpg_2025-03-23_15-26-55.webp.webp?fit=763%2C457&ssl=1&resize=350%2C200 1x, https:\/\/i0.wp.com\/noticiasribeiraopreto.com.br\/wp-content\/uploads\/2025\/03\/sus_2025-03-23_15-26-55_jpg_2025-03-23_15-26-55.webp.webp?fit=763%2C457&ssl=1&resize=525%2C300 1.5x, https:\/\/i0.wp.com\/noticiasribeiraopreto.com.br\/wp-content\/uploads\/2025\/03\/sus_2025-03-23_15-26-55_jpg_2025-03-23_15-26-55.webp.webp?fit=763%2C457&ssl=1&resize=700%2C400 2x"},"classes":[]},{"id":74117,"url":"https:\/\/noticiasribeiraopreto.com.br\/index.php\/2025\/07\/16\/novo-centro-de-transplante-de-medula-em-ribeirao-preto-atende-criancas-e-adolescentes\/","url_meta":{"origin":73209,"position":4},"title":"Novo centro de transplante de medula em Ribeir\u00e3o Preto atende crian\u00e7as e adolescentes","author":"noticiasribeiraopreto.com.br","date":"16 de July de 2025","format":false,"excerpt":"A Hapvida inaugurou um novo centro de transplante de medula \u00f3ssea em Ribeir\u00e3o Preto. A unidade fica no Hospital Sinh\u00e1 Junqueira e \u00e9 voltado exclusivamente ao p\u00fablico infantil e adolescente. Com a abertura do servi\u00e7o, pacientes de at\u00e9 18 anos com doen\u00e7as como leucemias, linfomas, anemias graves e outras condi\u00e7\u00f5es\u2026","rel":"","context":"In &quot;Not\u00edcias de Ribeir\u00e3o Preto-SP e Regi\u00e3o&quot;","block_context":{"text":"Not\u00edcias de Ribeir\u00e3o Preto-SP e Regi\u00e3o","link":"https:\/\/noticiasribeiraopreto.com.br\/index.php\/category\/noticias-de-ribeirao-preto-sp-e-regiao-ismael-colosi\/"},"img":{"alt_text":"","src":"https:\/\/i0.wp.com\/noticiasribeiraopreto.com.br\/wp-content\/uploads\/2025\/07\/hospital-sinha-junqueira_2025-07-16_14-16-44.webp.webp?fit=1200%2C800&ssl=1&resize=350%2C200","width":350,"height":200,"srcset":"https:\/\/i0.wp.com\/noticiasribeiraopreto.com.br\/wp-content\/uploads\/2025\/07\/hospital-sinha-junqueira_2025-07-16_14-16-44.webp.webp?fit=1200%2C800&ssl=1&resize=350%2C200 1x, https:\/\/i0.wp.com\/noticiasribeiraopreto.com.br\/wp-content\/uploads\/2025\/07\/hospital-sinha-junqueira_2025-07-16_14-16-44.webp.webp?fit=1200%2C800&ssl=1&resize=525%2C300 1.5x, https:\/\/i0.wp.com\/noticiasribeiraopreto.com.br\/wp-content\/uploads\/2025\/07\/hospital-sinha-junqueira_2025-07-16_14-16-44.webp.webp?fit=1200%2C800&ssl=1&resize=700%2C400 2x, https:\/\/i0.wp.com\/noticiasribeiraopreto.com.br\/wp-content\/uploads\/2025\/07\/hospital-sinha-junqueira_2025-07-16_14-16-44.webp.webp?fit=1200%2C800&ssl=1&resize=1050%2C600 3x"},"classes":[]},{"id":68752,"url":"https:\/\/noticiasribeiraopreto.com.br\/index.php\/2025\/04\/28\/atendimento-do-sus-em-sp-pode-ser-avaliado-por-whatsapp-veja-como\/","url_meta":{"origin":73209,"position":5},"title":"Atendimento do SUS em SP pode ser avaliado por WhatsApp; veja como","author":"noticiasribeiraopreto.com.br","date":"28 de April de 2025","format":false,"excerpt":"Pacientes do Sistema \u00danico de Sa\u00fade (SUS) em S\u00e3o Paulo passam a contar com um novo canal digital para avaliar o atendimento recebido nas unidades da rede p\u00fablica estadual. A iniciativa, lan\u00e7ada pela Secretaria de Estado da Sa\u00fade de S\u00e3o Paulo (SES-SP), nesta segunda-feira (28), utiliza o WhatsApp e o\u2026","rel":"","context":"In &quot;Not\u00edcias de Ribeir\u00e3o Preto-SP e Regi\u00e3o&quot;","block_context":{"text":"Not\u00edcias de Ribeir\u00e3o Preto-SP e Regi\u00e3o","link":"https:\/\/noticiasribeiraopreto.com.br\/index.php\/category\/noticias-de-ribeirao-preto-sp-e-regiao-ismael-colosi\/"},"img":{"alt_text":"","src":"https:\/\/i0.wp.com\/noticiasribeiraopreto.com.br\/wp-content\/uploads\/2025\/03\/sus_2025-03-23_15-26-55_jpg_2025-03-23_15-26-55.webp.webp?fit=763%2C457&ssl=1&resize=350%2C200","width":350,"height":200,"srcset":"https:\/\/i0.wp.com\/noticiasribeiraopreto.com.br\/wp-content\/uploads\/2025\/03\/sus_2025-03-23_15-26-55_jpg_2025-03-23_15-26-55.webp.webp?fit=763%2C457&ssl=1&resize=350%2C200 1x, https:\/\/i0.wp.com\/noticiasribeiraopreto.com.br\/wp-content\/uploads\/2025\/03\/sus_2025-03-23_15-26-55_jpg_2025-03-23_15-26-55.webp.webp?fit=763%2C457&ssl=1&resize=525%2C300 1.5x, https:\/\/i0.wp.com\/noticiasribeiraopreto.com.br\/wp-content\/uploads\/2025\/03\/sus_2025-03-23_15-26-55_jpg_2025-03-23_15-26-55.webp.webp?fit=763%2C457&ssl=1&resize=700%2C400 2x"},"classes":[]}],"jetpack_sharing_enabled":true,"jetpack_shortlink":"https:\/\/wp.me\/peQAOb-j2N","_links":{"self":[{"href":"https:\/\/noticiasribeiraopreto.com.br\/index.php\/wp-json\/wp\/v2\/posts\/73209","targetHints":{"allow":["GET"]}}],"collection":[{"href":"https:\/\/noticiasribeiraopreto.com.br\/index.php\/wp-json\/wp\/v2\/posts"}],"about":[{"href":"https:\/\/noticiasribeiraopreto.com.br\/index.php\/wp-json\/wp\/v2\/types\/post"}],"author":[{"embeddable":true,"href":"https:\/\/noticiasribeiraopreto.com.br\/index.php\/wp-json\/wp\/v2\/users\/1"}],"replies":[{"embeddable":true,"href":"https:\/\/noticiasribeiraopreto.com.br\/index.php\/wp-json\/wp\/v2\/comments?post=73209"}],"version-history":[{"count":0,"href":"https:\/\/noticiasribeiraopreto.com.br\/index.php\/wp-json\/wp\/v2\/posts\/73209\/revisions"}],"wp:featuredmedia":[{"embeddable":true,"href":"https:\/\/noticiasribeiraopreto.com.br\/index.php\/wp-json\/wp\/v2\/media\/73210"}],"wp:attachment":[{"href":"https:\/\/noticiasribeiraopreto.com.br\/index.php\/wp-json\/wp\/v2\/media?parent=73209"}],"wp:term":[{"taxonomy":"category","embeddable":true,"href":"https:\/\/noticiasribeiraopreto.com.br\/index.php\/wp-json\/wp\/v2\/categories?post=73209"},{"taxonomy":"post_tag","embeddable":true,"href":"https:\/\/noticiasribeiraopreto.com.br\/index.php\/wp-json\/wp\/v2\/tags?post=73209"}],"curies":[{"name":"wp","href":"https:\/\/api.w.org\/{rel}","templated":true}]}}