{"id":73212,"date":"2025-06-27T09:24:42","date_gmt":"2025-06-27T12:24:42","guid":{"rendered":"https:\/\/noticiasribeiraopreto.com.br\/index.php\/2025\/06\/27\/morre-o-advogado-marcelo-viana-salomao\/"},"modified":"2025-06-27T09:24:42","modified_gmt":"2025-06-27T12:24:42","slug":"morre-o-advogado-marcelo-viana-salomao","status":"publish","type":"post","link":"https:\/\/noticiasribeiraopreto.com.br\/index.php\/2025\/06\/27\/morre-o-advogado-marcelo-viana-salomao\/","title":{"rendered":"Morre o advogado Marcelo Viana Salom\u00e3o"},"content":{"rendered":"<div class='code-block code-block-1' style='margin: 8px 0 8px auto; text-align: right; display: block; clear: both;'>\n<p><a href=\"https:\/\/wa.link\/vpicfd\"><img data-recalc-dims=\"1\" class=\"wp-image-4922\" style=\"aspect-ratio: 2.0253164556962027; width: 561px; height: auto;\" src=\"https:\/\/i0.wp.com\/ismaelcolosi.com.br\/wp-content\/uploads\/2023\/11\/grupo-de-empregos-whatsapp-e-facebook-ismael-colosi-vagas.jpg?ssl=1\" alt=\"\" \/><\/a><\/p>\n<!-- \/wp:image -->\n<\/div>\n<p> <br \/>\n<\/p>\n<div id=\"post-429904\">\n<header class=\"entry-header penci-entry-header penci-title-center\">\n<p>\n\t\t\t\t\t\t\t\t\t<span class=\"entry-meta-item penci-posted-on\"><i class=\"fa fa-clock-o\"\/><time class=\"entry-date published updated\" datetime=\"2025-06-27T09:19:19-03:00\">27 de junho de 2025 09:19<\/time><\/span><span class=\"entry-meta-item penci-post-countview\"><span class=\"entry-meta-item penci-post-countview penci_post-meta_item\"><i class=\"fa fa-eye\"\/><span class=\"penci-post-countview-number penci-post-countview-p429904\">3<\/span><\/span><\/span>\t\t\t\t\t\t\t\t<\/p>\n<p><!-- .entry-meta --><br \/>\n\t\t\t\t\t\t\t\t<span class=\"penci-social-buttons penci-social-share-footer\"><span class=\"penci-social-share-text\">Compartilhar<\/span><a href=\"#\" class=\"penci-post-like penci_post-meta_item  single-like-button penci-social-item like\" data-post_id=\"429904\" title=\"Like\" data-like=\"Like\" data-unlike=\"Unlike\"><i class=\"fa fa-thumbs-o-up\"\/><span class=\"penci-share-number\">0<\/span><\/a><i class=\"fa fa-facebook\"\/><a class=\"penci-social-item twitter\" target=\"_blank\" rel=\"noopener\" title=\"\" href=\"https:\/\/twitter.com\/intent\/tweet?text=Morre%20o%20advogado%20Marcelo%20Viana%20Salom\u00e3o%20-%20https:\/\/www.tribunaribeirao.com.br\/morre-o-advogado-marcelo-viana-salomao\/\"><i class=\"fa fa-twitter\"\/><\/a><i class=\"fa fa-linkedin\"\/><i class=\"fa fa-whatsapp\"\/><i class=\"fa fa-telegram\"\/><i class=\"fa fa-envelope\"\/><\/span>\t\t\t\t\t\t\t<\/header>\n<p><!-- .entry-header --><\/p>\n<div class=\"penci-entry-content entry-content\">\n<p>O escrit\u00f3rio Brasil Salom\u00e3o e Matthes Advocacia informou, por meio de sua assessoria de comunica\u00e7\u00e3o, o falecimento de seu s\u00f3cio-presidente, Marcelo Viana Salom\u00e3o. Advogado renomado, Marcelo atuava na \u00e1rea tribut\u00e1ria e h\u00e1 d\u00e9cadas estava na lideran\u00e7a do escrit\u00f3rio, um dos mais tradicionais do pa\u00eds.<\/p>\n<p>O vel\u00f3rio e as cerim\u00f4nias de despedida est\u00e3o sendo organizados pela fam\u00edlia e pelo escrit\u00f3rio, que agradeceram pelas manifesta\u00e7\u00f5es de carinho e solidariedade.<\/p>\n<p>Marcelo deixa esposa, filhos, amigos e colegas.<\/p>\n<p>A causa da morte n\u00e3o foi informada.<\/p>\n<p>Essa not\u00edcia ser\u00e1 atualizada com informa\u00e7\u00f5es sobre vel\u00f3rio e sepultamento.<\/p>\n<\/div>\n<p><!-- .entry-content --><\/p>\n<footer class=\"penci-entry-footer\">\n\t\t\t\t\t\t\t\t<span class=\"penci-social-buttons penci-social-share-footer\"><span class=\"penci-social-share-text\">Compartilhar<\/span><a href=\"#\" class=\"penci-post-like penci_post-meta_item  single-like-button penci-social-item like\" data-post_id=\"429904\" title=\"Like\" data-like=\"Like\" data-unlike=\"Unlike\"><i class=\"fa fa-thumbs-o-up\"\/><span class=\"penci-share-number\">0<\/span><\/a><i class=\"fa fa-facebook\"\/><a class=\"penci-social-item twitter\" target=\"_blank\" rel=\"noopener\" title=\"\" href=\"https:\/\/twitter.com\/intent\/tweet?text=Morre%20o%20advogado%20Marcelo%20Viana%20Salom\u00e3o%20-%20https:\/\/www.tribunaribeirao.com.br\/morre-o-advogado-marcelo-viana-salomao\/\"><i class=\"fa fa-twitter\"\/><\/a><i class=\"fa fa-linkedin\"\/><i class=\"fa fa-whatsapp\"\/><i class=\"fa fa-telegram\"\/><i class=\"fa fa-envelope\"\/><\/span>\t\t\t\t\t\t\t<\/footer>\n<p><!-- .entry-footer -->\n\t\t\t\t\t\t<\/div>\n<p><script async src=\"\/\/platform.twitter.com\/widgets.js\" charset=\"utf-8\"><\/script><br \/>\n<br \/><br \/>\n<br \/><a href=\"https:\/\/www.tribunaribeirao.com.br\/morre-o-advogado-marcelo-viana-salomao\/\">Source link <\/a><\/p>\n<!-- CONTENT END 1 -->\n","protected":false},"excerpt":{"rendered":"<p>27 de junho de 2025 09:193 Compartilhar0 O escrit\u00f3rio Brasil Salom\u00e3o e Matthes Advocacia informou, por meio de sua assessoria de comunica\u00e7\u00e3o, o falecimento de&#8230;<\/p>\n","protected":false},"author":1,"featured_media":73213,"comment_status":"open","ping_status":"open","sticky":false,"template":"","format":"standard","meta":{"advanced_seo_description":"","jetpack_seo_html_title":"","jetpack_seo_noindex":false,"jetpack_post_was_ever_published":false,"_jetpack_newsletter_access":"","_jetpack_dont_email_post_to_subs":false,"_jetpack_newsletter_tier_id":0,"_jetpack_memberships_contains_paywalled_content":false,"_jetpack_memberships_contains_paid_content":false,"footnotes":"","jetpack_publicize_message":"","jetpack_publicize_feature_enabled":true,"jetpack_social_post_already_shared":true,"jetpack_social_options":{"image_generator_settings":{"template":"highway","default_image_id":0,"font":"","enabled":false},"version":2}},"categories":[11],"tags":[],"class_list":["post-73212","post","type-post","status-publish","format-standard","has-post-thumbnail","hentry","category-noticias-de-ribeirao-preto-sp-e-regiao-ismael-colosi"],"jetpack_publicize_connections":[],"jetpack_featured_media_url":"https:\/\/i0.wp.com\/noticiasribeiraopreto.com.br\/wp-content\/uploads\/2025\/06\/MARCELOSALOMAO.jpg?fit=1000%2C625&ssl=1","jetpack-related-posts":[{"id":73598,"url":"https:\/\/noticiasribeiraopreto.com.br\/index.php\/2025\/07\/05\/morre-aos-83-anos-o-advogado-brasil-salomao\/","url_meta":{"origin":73212,"position":0},"title":"Morre, aos 83 anos, o advogado Brasil Salom\u00e3o","author":"noticiasribeiraopreto.com.br","date":"5 de July de 2025","format":false,"excerpt":"5 de julho de 2025 16:0914 Compartilhar0 Morreu neste s\u00e1bado, 5 de julho, o advogado Brasil do Pinhal Pereira Salom\u00e3o, aos 83 anos, em Ribeir\u00e3o Preto. Fundador do tradicional escrit\u00f3rio Brasil Salom\u00e3o e Matthes Advocacia, ele era considerado uma das maiores refer\u00eancias no Direito Tribut\u00e1rio do pa\u00eds. O vel\u00f3rio ser\u00e1\u2026","rel":"","context":"In &quot;Not\u00edcias de Ribeir\u00e3o Preto-SP e Regi\u00e3o&quot;","block_context":{"text":"Not\u00edcias de Ribeir\u00e3o Preto-SP e Regi\u00e3o","link":"https:\/\/noticiasribeiraopreto.com.br\/index.php\/category\/noticias-de-ribeirao-preto-sp-e-regiao-ismael-colosi\/"},"img":{"alt_text":"","src":"https:\/\/i0.wp.com\/noticiasribeiraopreto.com.br\/wp-content\/uploads\/2025\/07\/Brasil.jpg?fit=600%2C397&ssl=1&resize=350%2C200","width":350,"height":200,"srcset":"https:\/\/i0.wp.com\/noticiasribeiraopreto.com.br\/wp-content\/uploads\/2025\/07\/Brasil.jpg?fit=600%2C397&ssl=1&resize=350%2C200 1x, https:\/\/i0.wp.com\/noticiasribeiraopreto.com.br\/wp-content\/uploads\/2025\/07\/Brasil.jpg?fit=600%2C397&ssl=1&resize=525%2C300 1.5x"},"classes":[]},{"id":73239,"url":"https:\/\/noticiasribeiraopreto.com.br\/index.php\/2025\/06\/27\/morre-o-advogado-marcelo-viana-salomao-aos-56-anos\/","url_meta":{"origin":73212,"position":1},"title":"Morre o advogado Marcelo Viana Salom\u00e3o, aos 56 anos","author":"noticiasribeiraopreto.com.br","date":"27 de June de 2025","format":false,"excerpt":"O advogado\u00a0Marcelo Viana Salom\u00e3o morreu nesta sexta-feira (27), aos 56 anos. Ele era s\u00f3cio presidente do escrit\u00f3rio de Brasil Salom\u00e3o e Matthes Advocacia, de Ribeir\u00e3o Preto. A causa da morte n\u00e3o foi divulgada. Al\u00e9m de advogado, Marcelo era professor, palestrante e autor. O profissional participou do processo de expans\u00e3o nacional\u2026","rel":"","context":"In &quot;Not\u00edcias de Ribeir\u00e3o Preto-SP e Regi\u00e3o&quot;","block_context":{"text":"Not\u00edcias de Ribeir\u00e3o Preto-SP e Regi\u00e3o","link":"https:\/\/noticiasribeiraopreto.com.br\/index.php\/category\/noticias-de-ribeirao-preto-sp-e-regiao-ismael-colosi\/"},"img":{"alt_text":"","src":"https:\/\/i0.wp.com\/noticiasribeiraopreto.com.br\/wp-content\/uploads\/2025\/06\/ADVOGADO_2025-06-27_17-34-47.webp.webp?fit=1200%2C947&ssl=1&resize=350%2C200","width":350,"height":200,"srcset":"https:\/\/i0.wp.com\/noticiasribeiraopreto.com.br\/wp-content\/uploads\/2025\/06\/ADVOGADO_2025-06-27_17-34-47.webp.webp?fit=1200%2C947&ssl=1&resize=350%2C200 1x, https:\/\/i0.wp.com\/noticiasribeiraopreto.com.br\/wp-content\/uploads\/2025\/06\/ADVOGADO_2025-06-27_17-34-47.webp.webp?fit=1200%2C947&ssl=1&resize=525%2C300 1.5x, https:\/\/i0.wp.com\/noticiasribeiraopreto.com.br\/wp-content\/uploads\/2025\/06\/ADVOGADO_2025-06-27_17-34-47.webp.webp?fit=1200%2C947&ssl=1&resize=700%2C400 2x, https:\/\/i0.wp.com\/noticiasribeiraopreto.com.br\/wp-content\/uploads\/2025\/06\/ADVOGADO_2025-06-27_17-34-47.webp.webp?fit=1200%2C947&ssl=1&resize=1050%2C600 3x"},"classes":[]},{"id":73602,"url":"https:\/\/noticiasribeiraopreto.com.br\/index.php\/2025\/07\/05\/morre-o-advogado-brasil-salomao-aos-83-anos\/","url_meta":{"origin":73212,"position":2},"title":"Morre o advogado Brasil Salom\u00e3o, aos 83 anos","author":"noticiasribeiraopreto.com.br","date":"5 de July de 2025","format":false,"excerpt":"O advogado Brasil do Pinhal Pereira Salom\u00e3o morreu neste s\u00e1bado (5), aos 83 anos. Ele fundou o escrit\u00f3rio Brasil Salom\u00e3o e Matthes Advocacia, de Ribeir\u00e3o Preto, que publicou nota informando sobre o seu falecimento. As causas da morte ainda n\u00e3o foram divulgadas. Na sexta-feira (27), o filho dele, o advogado\u00a0Marcelo\u2026","rel":"","context":"In &quot;Not\u00edcias de Ribeir\u00e3o Preto-SP e Regi\u00e3o&quot;","block_context":{"text":"Not\u00edcias de Ribeir\u00e3o Preto-SP e Regi\u00e3o","link":"https:\/\/noticiasribeiraopreto.com.br\/index.php\/category\/noticias-de-ribeirao-preto-sp-e-regiao-ismael-colosi\/"},"img":{"alt_text":"","src":"https:\/\/i0.wp.com\/noticiasribeiraopreto.com.br\/wp-content\/uploads\/2025\/07\/BRASIL-SALOMAO_2025-07-05_18-56-42.webp.webp?fit=1200%2C899&ssl=1&resize=350%2C200","width":350,"height":200,"srcset":"https:\/\/i0.wp.com\/noticiasribeiraopreto.com.br\/wp-content\/uploads\/2025\/07\/BRASIL-SALOMAO_2025-07-05_18-56-42.webp.webp?fit=1200%2C899&ssl=1&resize=350%2C200 1x, https:\/\/i0.wp.com\/noticiasribeiraopreto.com.br\/wp-content\/uploads\/2025\/07\/BRASIL-SALOMAO_2025-07-05_18-56-42.webp.webp?fit=1200%2C899&ssl=1&resize=525%2C300 1.5x, https:\/\/i0.wp.com\/noticiasribeiraopreto.com.br\/wp-content\/uploads\/2025\/07\/BRASIL-SALOMAO_2025-07-05_18-56-42.webp.webp?fit=1200%2C899&ssl=1&resize=700%2C400 2x, https:\/\/i0.wp.com\/noticiasribeiraopreto.com.br\/wp-content\/uploads\/2025\/07\/BRASIL-SALOMAO_2025-07-05_18-56-42.webp.webp?fit=1200%2C899&ssl=1&resize=1050%2C600 3x"},"classes":[]},{"id":74437,"url":"https:\/\/noticiasribeiraopreto.com.br\/index.php\/2025\/07\/22\/complexo-viario-homenageara-marcelo-e-brasil-salomao\/","url_meta":{"origin":73212,"position":3},"title":"Complexo Vi\u00e1rio homenagear\u00e1 Marcelo e Brasil Salom\u00e3o","author":"noticiasribeiraopreto.com.br","date":"22 de July de 2025","format":false,"excerpt":"22 de julho de 2025 18:123 Compartilhar0 O Complexo vi\u00e1rio formado por duas pontes que ligar\u00e3o as avenidas Le\u00e3o XIII e Carlos Consoni, entre as zonas Leste e Sul de Ribeir\u00e3o Preto, homenagear\u00e3o o advogado Brasil Salom\u00e3o e seu filho Marcelo Salom\u00e3o, falecidos recentemente. O Decreto do prefeito Ricardo Silva\u2026","rel":"","context":"In &quot;Not\u00edcias de Ribeir\u00e3o Preto-SP e Regi\u00e3o&quot;","block_context":{"text":"Not\u00edcias de Ribeir\u00e3o Preto-SP e Regi\u00e3o","link":"https:\/\/noticiasribeiraopreto.com.br\/index.php\/category\/noticias-de-ribeirao-preto-sp-e-regiao-ismael-colosi\/"},"img":{"alt_text":"","src":"https:\/\/i0.wp.com\/noticiasribeiraopreto.com.br\/wp-content\/uploads\/2025\/07\/mm.jpg?fit=702%2C439&ssl=1&resize=350%2C200","width":350,"height":200,"srcset":"https:\/\/i0.wp.com\/noticiasribeiraopreto.com.br\/wp-content\/uploads\/2025\/07\/mm.jpg?fit=702%2C439&ssl=1&resize=350%2C200 1x, https:\/\/i0.wp.com\/noticiasribeiraopreto.com.br\/wp-content\/uploads\/2025\/07\/mm.jpg?fit=702%2C439&ssl=1&resize=525%2C300 1.5x, https:\/\/i0.wp.com\/noticiasribeiraopreto.com.br\/wp-content\/uploads\/2025\/07\/mm.jpg?fit=702%2C439&ssl=1&resize=700%2C400 2x"},"classes":[]},{"id":78402,"url":"https:\/\/noticiasribeiraopreto.com.br\/index.php\/2025\/10\/09\/laudo-atesta-que-homem-acusado-de-matar-vizinho-nao-tem-problemas-mentais\/","url_meta":{"origin":73212,"position":4},"title":"Laudo atesta que homem acusado de matar vizinho n\u00e3o tem problemas mentais","author":"noticiasribeiraopreto.com.br","date":"9 de October de 2025","format":false,"excerpt":"Um laudo psiqui\u00e1trico solicitado pela Justi\u00e7a atestou que o homem acusado de matar vizinho em Ribeir\u00e3o Preto n\u00e3o tem problemas mentais. Por conta disso, S\u00e9rgio Salom\u00e3o Fernandes poder\u00e1 ser levado ao J\u00fari Popular. O psiqui\u00e1trico entende que S\u00e9rgio Salom\u00e3o tinha capacidade de entender o que estava fazendo no momento do\u2026","rel":"","context":"In &quot;Not\u00edcias de Ribeir\u00e3o Preto-SP e Regi\u00e3o&quot;","block_context":{"text":"Not\u00edcias de Ribeir\u00e3o Preto-SP e Regi\u00e3o","link":"https:\/\/noticiasribeiraopreto.com.br\/index.php\/category\/noticias-de-ribeirao-preto-sp-e-regiao-ismael-colosi\/"},"img":{"alt_text":"","src":"https:\/\/i0.wp.com\/noticiasribeiraopreto.com.br\/wp-content\/uploads\/2025\/10\/suspeito-agredir-idoso_2024-06-27_23-46-06_png_2024-06-27_23-46-06.webp.webp?fit=984%2C554&ssl=1&resize=350%2C200","width":350,"height":200,"srcset":"https:\/\/i0.wp.com\/noticiasribeiraopreto.com.br\/wp-content\/uploads\/2025\/10\/suspeito-agredir-idoso_2024-06-27_23-46-06_png_2024-06-27_23-46-06.webp.webp?fit=984%2C554&ssl=1&resize=350%2C200 1x, https:\/\/i0.wp.com\/noticiasribeiraopreto.com.br\/wp-content\/uploads\/2025\/10\/suspeito-agredir-idoso_2024-06-27_23-46-06_png_2024-06-27_23-46-06.webp.webp?fit=984%2C554&ssl=1&resize=525%2C300 1.5x, https:\/\/i0.wp.com\/noticiasribeiraopreto.com.br\/wp-content\/uploads\/2025\/10\/suspeito-agredir-idoso_2024-06-27_23-46-06_png_2024-06-27_23-46-06.webp.webp?fit=984%2C554&ssl=1&resize=700%2C400 2x"},"classes":[]},{"id":76019,"url":"https:\/\/noticiasribeiraopreto.com.br\/index.php\/2025\/08\/20\/empresario-acusado-de-matar-irmao-e-advogada-em-jardinopolis-e-preso-na-bahia\/","url_meta":{"origin":73212,"position":5},"title":"Empres\u00e1rio acusado de matar irm\u00e3o e advogada em Jardin\u00f3polis \u00e9 preso na Bahia","author":"noticiasribeiraopreto.com.br","date":"20 de August de 2025","format":false,"excerpt":"O empres\u00e1rio Carlos Alberto Orioli Salom\u00e3o, suspeito de matar o irm\u00e3o e uma advogada em outubro do ano passado, em Jardin\u00f3polis, na regi\u00e3o de Ribeir\u00e3o Preto, foi preso nesta quarta-feira (20), no estado da Bahia. Segundo as informa\u00e7\u00f5es, o filho de Carlos, Bruno Carlos Orioli, e o funcion\u00e1rio, Wagner Queiroz\u2026","rel":"","context":"In &quot;Not\u00edcias de Ribeir\u00e3o Preto-SP e Regi\u00e3o&quot;","block_context":{"text":"Not\u00edcias de Ribeir\u00e3o Preto-SP e Regi\u00e3o","link":"https:\/\/noticiasribeiraopreto.com.br\/index.php\/category\/noticias-de-ribeirao-preto-sp-e-regiao-ismael-colosi\/"},"img":{"alt_text":"","src":"https:\/\/i0.wp.com\/noticiasribeiraopreto.com.br\/wp-content\/uploads\/2025\/08\/calos-salomao_2025-08-20_14-43-53.webp.webp?fit=1200%2C720&ssl=1&resize=350%2C200","width":350,"height":200,"srcset":"https:\/\/i0.wp.com\/noticiasribeiraopreto.com.br\/wp-content\/uploads\/2025\/08\/calos-salomao_2025-08-20_14-43-53.webp.webp?fit=1200%2C720&ssl=1&resize=350%2C200 1x, https:\/\/i0.wp.com\/noticiasribeiraopreto.com.br\/wp-content\/uploads\/2025\/08\/calos-salomao_2025-08-20_14-43-53.webp.webp?fit=1200%2C720&ssl=1&resize=525%2C300 1.5x, https:\/\/i0.wp.com\/noticiasribeiraopreto.com.br\/wp-content\/uploads\/2025\/08\/calos-salomao_2025-08-20_14-43-53.webp.webp?fit=1200%2C720&ssl=1&resize=700%2C400 2x, https:\/\/i0.wp.com\/noticiasribeiraopreto.com.br\/wp-content\/uploads\/2025\/08\/calos-salomao_2025-08-20_14-43-53.webp.webp?fit=1200%2C720&ssl=1&resize=1050%2C600 3x"},"classes":[]}],"jetpack_sharing_enabled":true,"jetpack_shortlink":"https:\/\/wp.me\/peQAOb-j2Q","_links":{"self":[{"href":"https:\/\/noticiasribeiraopreto.com.br\/index.php\/wp-json\/wp\/v2\/posts\/73212","targetHints":{"allow":["GET"]}}],"collection":[{"href":"https:\/\/noticiasribeiraopreto.com.br\/index.php\/wp-json\/wp\/v2\/posts"}],"about":[{"href":"https:\/\/noticiasribeiraopreto.com.br\/index.php\/wp-json\/wp\/v2\/types\/post"}],"author":[{"embeddable":true,"href":"https:\/\/noticiasribeiraopreto.com.br\/index.php\/wp-json\/wp\/v2\/users\/1"}],"replies":[{"embeddable":true,"href":"https:\/\/noticiasribeiraopreto.com.br\/index.php\/wp-json\/wp\/v2\/comments?post=73212"}],"version-history":[{"count":0,"href":"https:\/\/noticiasribeiraopreto.com.br\/index.php\/wp-json\/wp\/v2\/posts\/73212\/revisions"}],"wp:featuredmedia":[{"embeddable":true,"href":"https:\/\/noticiasribeiraopreto.com.br\/index.php\/wp-json\/wp\/v2\/media\/73213"}],"wp:attachment":[{"href":"https:\/\/noticiasribeiraopreto.com.br\/index.php\/wp-json\/wp\/v2\/media?parent=73212"}],"wp:term":[{"taxonomy":"category","embeddable":true,"href":"https:\/\/noticiasribeiraopreto.com.br\/index.php\/wp-json\/wp\/v2\/categories?post=73212"},{"taxonomy":"post_tag","embeddable":true,"href":"https:\/\/noticiasribeiraopreto.com.br\/index.php\/wp-json\/wp\/v2\/tags?post=73212"}],"curies":[{"name":"wp","href":"https:\/\/api.w.org\/{rel}","templated":true}]}}