{"id":73214,"date":"2025-06-27T10:09:28","date_gmt":"2025-06-27T13:09:28","guid":{"rendered":"https:\/\/noticiasribeiraopreto.com.br\/index.php\/2025\/06\/27\/caixa-negocia-dividas-com-90-de-desconto\/"},"modified":"2025-06-27T10:09:28","modified_gmt":"2025-06-27T13:09:28","slug":"caixa-negocia-dividas-com-90-de-desconto","status":"publish","type":"post","link":"https:\/\/noticiasribeiraopreto.com.br\/index.php\/2025\/06\/27\/caixa-negocia-dividas-com-90-de-desconto\/","title":{"rendered":"Caixa negocia d\u00edvidas com 90% de desconto"},"content":{"rendered":"<div class='code-block code-block-1' style='margin: 8px 0 8px auto; text-align: right; display: block; clear: both;'>\n<p><a href=\"https:\/\/wa.link\/vpicfd\"><img data-recalc-dims=\"1\" class=\"wp-image-4922\" style=\"aspect-ratio: 2.0253164556962027; width: 561px; height: auto;\" src=\"https:\/\/i0.wp.com\/ismaelcolosi.com.br\/wp-content\/uploads\/2023\/11\/grupo-de-empregos-whatsapp-e-facebook-ismael-colosi-vagas.jpg?ssl=1\" alt=\"\" \/><\/a><\/p>\n<!-- \/wp:image -->\n<\/div>\n<p> <br \/>\n<\/p>\n<div id=\"\">\n<p>\n\t\t\t\t\t\t\t\t\t<span class=\"entry-meta-item penci-posted-on\"><i class=\"fa fa-clock-o\"\/><time class=\"entry-date published updated\" datetime=\"2025-06-27T10:04:19-03:00\">27 de junho de 2025 10:04<\/time><\/span><span class=\"entry-meta-item penci-post-countview\"><span class=\"entry-meta-item penci-post-countview penci_post-meta_item\"><i class=\"fa fa-eye\"\/><span class=\"penci-post-countview-number penci-post-countview-p429919\">2<\/span><\/span><\/span>\t\t\t\t\t\t\t\t<\/p>\n<p><!-- .entry-meta --><br \/>\n\t\t\t\t\t\t\t\t<span class=\"penci-social-buttons penci-social-share-footer\"><span class=\"penci-social-share-text\">Compartilhar<\/span><a href=\"#\" class=\"penci-post-like penci_post-meta_item  single-like-button penci-social-item like\" data-post_id=\"429919\" title=\"Like\" data-like=\"Like\" data-unlike=\"Unlike\"><i class=\"fa fa-thumbs-o-up\"\/><span class=\"penci-share-number\">0<\/span><\/a><i class=\"fa fa-facebook\"\/><a class=\"penci-social-item twitter\" target=\"_blank\" rel=\"noopener\" title=\"\" href=\"https:\/\/twitter.com\/intent\/tweet?text=Caixa%20negocia%20d\u00edvidas%20com%2090%20de%20desconto%20-%20https:\/\/www.tribunaribeirao.com.br\/caixa-negocia-dividas-com-90-de-desconto\/\"><i class=\"fa fa-twitter\"\/><\/a><i class=\"fa fa-linkedin\"\/><i class=\"fa fa-whatsapp\"\/><i class=\"fa fa-telegram\"\/><i class=\"fa fa-envelope\"\/><\/span>\t\t\t\t\t\t\t<\/div>\n<div>\n<p>Tudo em Dia Caixa \u00e9 o nome da campanha que a Caixa Econ\u00f4mica Federal lan\u00e7ou para ajudar os clientes (pessoas f\u00edsicas e empresas) a quitarem suas d\u00edvidas comerciais, com at\u00e9 90% de desconto. O banco p\u00fablico estima que cerca de 5,8 milh\u00f5es de clientes, sendo 5,3 milh\u00f5es de pessoas f\u00edsicas e 476 mil pessoas jur\u00eddicas, podem regularizar seus d\u00e9bitos, abrangendo um total de 8,5 milh\u00f5es de contratos.<\/p>\n<p>Mais de 85% dos clientes deste p\u00fablico alvo da campanha podem liquidar suas d\u00edvidas pagando at\u00e9 R$ 2 mil, calcula a institui\u00e7\u00e3o financeira. N\u00e3o h\u00e1 limite de d\u00edvida. Ap\u00f3s o pagamento do boleto, o contrato \u00e9 confirmado. Com isso, o nome do cliente ser\u00e1 retirado dos cadastros de restri\u00e7\u00e3o de cr\u00e9dito (como SPC\/Serasa) em at\u00e9 cinco dias \u00fateis e a pessoa volta a ter acesso a cr\u00e9dito.<\/p>\n<p>As negocia\u00e7\u00f5es dos d\u00e9bitos em atraso podem ser realizadas presencialmente por canais digitais e remotos do banco \u2013 em qualquer ag\u00eancia banc\u00e1ria da Caixa Econ\u00f4mica Federal. Em casas lot\u00e9ricas, \u00e9 poss\u00edvel ter acesso \u00e0s condi\u00e7\u00f5es especiais para quita\u00e7\u00e3o de valores at\u00e9 R$ 5 mil, informando o Cadastro de Pessoa F\u00edsica (CPF).<\/p>\n<p>Tamb\u00e9m h\u00e1 negocia\u00e7\u00e3o no site da campanha Tudo em Dia Caixa;<br \/>pelo aplicativo Cart\u00f5es Caixa; pelo WhatsApp 0800 104 0104, dispon\u00edvel de segunda a sexta-feira, exceto feriados (das oito \u00e0s 18 horas); e pelo telefone Al\u00f4 Caixa: 4004 0104 (para liga\u00e7\u00f5es feitas a partir de uma das 27 capitais) e 0800 104 0 104 (demais localidades), entre oito e 20 horas.<\/p>\n<p>Durante o per\u00edodo da campanha, o caminh\u00e3o Tudo em Dia Caixa estar\u00e1 presente em v\u00e1rias cidades prestando atendimento em locais de f\u00e1cil acesso. A rota atualizada com as cidades que receber\u00e3o o caminh\u00e3o pode ser consultada no site da Caixa. Esty\u00e1 \u00e9 a terceira edi\u00e7\u00e3o do programa, que teve in\u00edcio em 2023.<\/p>\n<p>As d\u00edvidas em atraso fora da campanha de descontos e aquelas de contratos habitacionais tamb\u00e9m podem ter condi\u00e7\u00f5es de especiais para negocia\u00e7\u00e3o, esclareceu o banco. Para estes casos, a Caixa tamb\u00e9m disponibiliza \u00a0\u00a0\u00a0\u00a0renegocia\u00e7\u00e3o de d\u00edvidas em at\u00e9 120 meses (dez anos).<\/p>\n<p>Ainda tem\u00a0 parcelamento das faturas e de cart\u00f5es de cr\u00e9dito pelo aplicativo cart\u00f5es Caixa. J\u00e1 os titulares de contratos habitacionais em atraso podem usar seu saldo do Fundo de Garantia do Tempo de Servi\u00e7o (FGTS) para pagar at\u00e9 80% da presta\u00e7\u00e3o mensal do financiamento habitacional, compreendendo at\u00e9 seis presta\u00e7\u00f5es em atraso.<\/p>\n<p>Ou incorporar encargos ao saldo da d\u00edvida, de acordo com o enquadramento do contrato nas condi\u00e7\u00f5es negociais disponibilizadas pela Caixa e pedir pausa no pagamento das presta\u00e7\u00f5es, de acordo com o perfil do contrato.\u200b S\u00e3o exemplos de contratos habitacionais: financiamentos para compra de im\u00f3veis novos ou usados; aquisi\u00e7\u00e3o de terreno e constru\u00e7\u00e3o; reforma ou amplia\u00e7\u00e3o de im\u00f3vel. As negocia\u00e7\u00f5es podem ser feitas por meio do aplicativo Habita\u00e7\u00e3o Caixa.<\/p>\n<\/div>\n<p><script async src=\"\/\/platform.twitter.com\/widgets.js\" charset=\"utf-8\"><\/script><br \/>\n<br \/><br \/>\n<br \/><a href=\"https:\/\/www.tribunaribeirao.com.br\/caixa-negocia-dividas-com-90-de-desconto\/\">Source link <\/a><\/p>\n<!-- CONTENT END 1 -->\n","protected":false},"excerpt":{"rendered":"<p>27 de junho de 2025 10:042 Compartilhar0 Tudo em Dia Caixa \u00e9 o nome da campanha que a Caixa Econ\u00f4mica Federal lan\u00e7ou para ajudar os&#8230;<\/p>\n","protected":false},"author":1,"featured_media":73215,"comment_status":"open","ping_status":"open","sticky":false,"template":"","format":"standard","meta":{"advanced_seo_description":"","jetpack_seo_html_title":"","jetpack_seo_noindex":false,"jetpack_post_was_ever_published":false,"_jetpack_newsletter_access":"","_jetpack_dont_email_post_to_subs":false,"_jetpack_newsletter_tier_id":0,"_jetpack_memberships_contains_paywalled_content":false,"_jetpack_memberships_contains_paid_content":false,"footnotes":"","jetpack_publicize_message":"","jetpack_publicize_feature_enabled":true,"jetpack_social_post_already_shared":true,"jetpack_social_options":{"image_generator_settings":{"template":"highway","default_image_id":0,"font":"","enabled":false},"version":2}},"categories":[11],"tags":[],"class_list":["post-73214","post","type-post","status-publish","format-standard","has-post-thumbnail","hentry","category-noticias-de-ribeirao-preto-sp-e-regiao-ismael-colosi"],"jetpack_publicize_connections":[],"jetpack_featured_media_url":"https:\/\/i0.wp.com\/noticiasribeiraopreto.com.br\/wp-content\/uploads\/2025\/06\/Caixa-Marcelo-Camargo-Ag.Br_.jpg?fit=1170%2C700&ssl=1","jetpack-related-posts":[{"id":62200,"url":"https:\/\/noticiasribeiraopreto.com.br\/index.php\/2025\/01\/07\/iptu-2025-prazo-para-pagamento-com-desconto-de-10-termina-nesta-semana-em-ribeirao-preto\/","url_meta":{"origin":73214,"position":0},"title":"IPTU 2025: Prazo para pagamento com desconto de 10% termina nesta semana em Ribeir\u00e3o Preto","author":"noticiasribeiraopreto.com.br","date":"7 de January de 2025","format":false,"excerpt":"O prazo para pagar o IPTU (Imposto Predial e Territorial Urbano) 2025 com desconto de 10% \u00e0 vista termina na pr\u00f3xima sexta-feira (10), em Ribeir\u00e3o Preto. O imposto tamb\u00e9m pode ser pago de forma parcelada em 12 veze, mas sem o desconto. Neste ano, o reajuste foi de 4,6%, de\u2026","rel":"","context":"In &quot;Not\u00edcias de Ribeir\u00e3o Preto-SP e Regi\u00e3o&quot;","block_context":{"text":"Not\u00edcias de Ribeir\u00e3o Preto-SP e Regi\u00e3o","link":"https:\/\/noticiasribeiraopreto.com.br\/index.php\/category\/noticias-de-ribeirao-preto-sp-e-regiao-ismael-colosi\/"},"img":{"alt_text":"","src":"https:\/\/i0.wp.com\/noticiasribeiraopreto.com.br\/wp-content\/uploads\/2025\/01\/Capturar-2.jpg?fit=956%2C625&ssl=1&resize=350%2C200","width":350,"height":200,"srcset":"https:\/\/i0.wp.com\/noticiasribeiraopreto.com.br\/wp-content\/uploads\/2025\/01\/Capturar-2.jpg?fit=956%2C625&ssl=1&resize=350%2C200 1x, https:\/\/i0.wp.com\/noticiasribeiraopreto.com.br\/wp-content\/uploads\/2025\/01\/Capturar-2.jpg?fit=956%2C625&ssl=1&resize=525%2C300 1.5x, https:\/\/i0.wp.com\/noticiasribeiraopreto.com.br\/wp-content\/uploads\/2025\/01\/Capturar-2.jpg?fit=956%2C625&ssl=1&resize=700%2C400 2x"},"classes":[]},{"id":21081,"url":"https:\/\/noticiasribeiraopreto.com.br\/index.php\/2023\/12\/27\/fies-revela-que-alunos-terao-uma-nova-chance-para-quitar-seus-debitos\/","url_meta":{"origin":73214,"position":1},"title":"FIES revela que alunos ter\u00e3o uma nova chance para quitar seus d\u00e9bitos","author":"noticiasribeiraopreto.com.br","date":"27 de December de 2023","format":false,"excerpt":"A Caixa Econ\u00f4mica Federal, encarregada das negocia\u00e7\u00f5es do FIES (Fundo de Financiamento Estudantil), j\u00e1 fechou acordos totalizando R$ 5 bilh\u00f5es, conforme anunciado. A possibilidade de acordo permanece em aberto, permitindo iniciar 2024 sem pend\u00eancias financeiras. Condi\u00e7\u00f5es especiais est\u00e3o dispon\u00edveis para todos os interessados. Renegociar d\u00edvidas do FIES At\u00e9 21 de\u2026","rel":"","context":"In &quot;Vagas de Emprego em Ribeir\u00e3o Preto-SP&quot;","block_context":{"text":"Vagas de Emprego em Ribeir\u00e3o Preto-SP","link":"https:\/\/noticiasribeiraopreto.com.br\/index.php\/category\/empregos-classificados-vagas-trabalho\/vagas-de-empregos-em-ribeirao-preto-regiao-brasil\/"},"img":{"alt_text":"","src":"","width":0,"height":0},"classes":[]},{"id":75616,"url":"https:\/\/noticiasribeiraopreto.com.br\/index.php\/2025\/08\/12\/ribeirao-preto-anuncia-refis-com-parcelamento-das-dividas-em-ate-120-meses\/","url_meta":{"origin":73214,"position":2},"title":"Ribeir\u00e3o Preto anuncia Refis com parcelamento das d\u00edvidas em at\u00e9 120 meses","author":"noticiasribeiraopreto.com.br","date":"12 de August de 2025","format":false,"excerpt":"A Prefeitura de Ribeir\u00e3o Preto anunciou nesta ter\u00e7a-feira (12) o Programa Refis Ribeir\u00e3o, para renegocia\u00e7\u00e3o de d\u00edvidas junto \u00e0 Administra\u00e7\u00e3o Municipal e a Saerp (Secretaria de \u00c1gua e Esgoto de Ribeir\u00e3o Preto). O secret\u00e1rio da Fazenda Fernando Oliveira Soares estima aumentar a arrecada\u00e7\u00e3o da prefeitura em R$ 10 milh\u00f5es. De\u2026","rel":"","context":"In &quot;Not\u00edcias de Ribeir\u00e3o Preto-SP e Regi\u00e3o&quot;","block_context":{"text":"Not\u00edcias de Ribeir\u00e3o Preto-SP e Regi\u00e3o","link":"https:\/\/noticiasribeiraopreto.com.br\/index.php\/category\/noticias-de-ribeirao-preto-sp-e-regiao-ismael-colosi\/"},"img":{"alt_text":"","src":"https:\/\/i0.wp.com\/noticiasribeiraopreto.com.br\/wp-content\/uploads\/2025\/07\/prefeito-ricardo-silva_2025-07-31_20-57-54.webp.webp?fit=1200%2C800&ssl=1&resize=350%2C200","width":350,"height":200,"srcset":"https:\/\/i0.wp.com\/noticiasribeiraopreto.com.br\/wp-content\/uploads\/2025\/07\/prefeito-ricardo-silva_2025-07-31_20-57-54.webp.webp?fit=1200%2C800&ssl=1&resize=350%2C200 1x, https:\/\/i0.wp.com\/noticiasribeiraopreto.com.br\/wp-content\/uploads\/2025\/07\/prefeito-ricardo-silva_2025-07-31_20-57-54.webp.webp?fit=1200%2C800&ssl=1&resize=525%2C300 1.5x, https:\/\/i0.wp.com\/noticiasribeiraopreto.com.br\/wp-content\/uploads\/2025\/07\/prefeito-ricardo-silva_2025-07-31_20-57-54.webp.webp?fit=1200%2C800&ssl=1&resize=700%2C400 2x, https:\/\/i0.wp.com\/noticiasribeiraopreto.com.br\/wp-content\/uploads\/2025\/07\/prefeito-ricardo-silva_2025-07-31_20-57-54.webp.webp?fit=1200%2C800&ssl=1&resize=1050%2C600 3x"},"classes":[]},{"id":61517,"url":"https:\/\/noticiasribeiraopreto.com.br\/index.php\/2024\/12\/15\/saiba-ate-quando-vai-o-desconto-de-10-no-pagamento-do-iptu-em-ribeirao-preto\/","url_meta":{"origin":73214,"position":3},"title":"Saiba at\u00e9 quando vai o desconto de 10% no pagamento do IPTU em Ribeir\u00e3o Preto","author":"noticiasribeiraopreto.com.br","date":"15 de December de 2024","format":false,"excerpt":"Os propriet\u00e1rios de im\u00f3veis de Ribeir\u00e3o Preto poder\u00e3o receber o desconto de 10% na cobran\u00e7a do IPTU (Imposto Predial e Territorial Urbano) 2025 caso realizem o pagamento \u00e0 vista, com vencimento no dia 10 de janeiro de 2025. O imposto tamb\u00e9m pode ser quitado de forma parcelada, mas sem o\u2026","rel":"","context":"In &quot;Not\u00edcias de Ribeir\u00e3o Preto-SP e Regi\u00e3o&quot;","block_context":{"text":"Not\u00edcias de Ribeir\u00e3o Preto-SP e Regi\u00e3o","link":"https:\/\/noticiasribeiraopreto.com.br\/index.php\/category\/noticias-de-ribeirao-preto-sp-e-regiao-ismael-colosi\/"},"img":{"alt_text":"","src":"https:\/\/i0.wp.com\/noticiasribeiraopreto.com.br\/wp-content\/uploads\/2024\/12\/iptu_digital_-_foto_guilherme_sircili_17.jpg?fit=1200%2C800&ssl=1&resize=350%2C200","width":350,"height":200,"srcset":"https:\/\/i0.wp.com\/noticiasribeiraopreto.com.br\/wp-content\/uploads\/2024\/12\/iptu_digital_-_foto_guilherme_sircili_17.jpg?fit=1200%2C800&ssl=1&resize=350%2C200 1x, https:\/\/i0.wp.com\/noticiasribeiraopreto.com.br\/wp-content\/uploads\/2024\/12\/iptu_digital_-_foto_guilherme_sircili_17.jpg?fit=1200%2C800&ssl=1&resize=525%2C300 1.5x, https:\/\/i0.wp.com\/noticiasribeiraopreto.com.br\/wp-content\/uploads\/2024\/12\/iptu_digital_-_foto_guilherme_sircili_17.jpg?fit=1200%2C800&ssl=1&resize=700%2C400 2x, https:\/\/i0.wp.com\/noticiasribeiraopreto.com.br\/wp-content\/uploads\/2024\/12\/iptu_digital_-_foto_guilherme_sircili_17.jpg?fit=1200%2C800&ssl=1&resize=1050%2C600 3x"},"classes":[]},{"id":76516,"url":"https:\/\/noticiasribeiraopreto.com.br\/index.php\/2025\/08\/30\/refis-2025-veja-como-regularizar-debitos-com-a-prefeitura-de-ribeirao-preto\/","url_meta":{"origin":73214,"position":4},"title":"Refis 2025: Veja como regularizar d\u00e9bitos com a Prefeitura de Ribeir\u00e3o Preto","author":"noticiasribeiraopreto.com.br","date":"30 de August de 2025","format":false,"excerpt":"Come\u00e7a nesta segunda-feira (1\u00ba), o programa \u201cRefis Ribeir\u00e3o 2025\u201d, que oferecer\u00e1 condi\u00e7\u00f5es especiais para a regulariza\u00e7\u00e3o de d\u00e9bitos tribut\u00e1rios \u2013 veja como participar logo abaixo. O projeto foi aprovado pela C\u00e2mara Municipal no dia 18 de agosto, pela maioria dos vereadores presentes. A estimativa do secret\u00e1rio da Fazenda, Fernando Oliveira\u2026","rel":"","context":"In &quot;Not\u00edcias de Ribeir\u00e3o Preto-SP e Regi\u00e3o&quot;","block_context":{"text":"Not\u00edcias de Ribeir\u00e3o Preto-SP e Regi\u00e3o","link":"https:\/\/noticiasribeiraopreto.com.br\/index.php\/category\/noticias-de-ribeirao-preto-sp-e-regiao-ismael-colosi\/"},"img":{"alt_text":"","src":"https:\/\/i0.wp.com\/noticiasribeiraopreto.com.br\/wp-content\/uploads\/2025\/08\/Copia-de-Copia-de-Copia-de-TAMANHO-EXATO-PARA-FOTOS-NO-SISTEMA-NOVO-2025-08-30T131113.589_2025-08-30_16-11-25.webp.webp?fit=1200%2C675&ssl=1&resize=350%2C200","width":350,"height":200,"srcset":"https:\/\/i0.wp.com\/noticiasribeiraopreto.com.br\/wp-content\/uploads\/2025\/08\/Copia-de-Copia-de-Copia-de-TAMANHO-EXATO-PARA-FOTOS-NO-SISTEMA-NOVO-2025-08-30T131113.589_2025-08-30_16-11-25.webp.webp?fit=1200%2C675&ssl=1&resize=350%2C200 1x, https:\/\/i0.wp.com\/noticiasribeiraopreto.com.br\/wp-content\/uploads\/2025\/08\/Copia-de-Copia-de-Copia-de-TAMANHO-EXATO-PARA-FOTOS-NO-SISTEMA-NOVO-2025-08-30T131113.589_2025-08-30_16-11-25.webp.webp?fit=1200%2C675&ssl=1&resize=525%2C300 1.5x, https:\/\/i0.wp.com\/noticiasribeiraopreto.com.br\/wp-content\/uploads\/2025\/08\/Copia-de-Copia-de-Copia-de-TAMANHO-EXATO-PARA-FOTOS-NO-SISTEMA-NOVO-2025-08-30T131113.589_2025-08-30_16-11-25.webp.webp?fit=1200%2C675&ssl=1&resize=700%2C400 2x, https:\/\/i0.wp.com\/noticiasribeiraopreto.com.br\/wp-content\/uploads\/2025\/08\/Copia-de-Copia-de-Copia-de-TAMANHO-EXATO-PARA-FOTOS-NO-SISTEMA-NOVO-2025-08-30T131113.589_2025-08-30_16-11-25.webp.webp?fit=1200%2C675&ssl=1&resize=1050%2C600 3x"},"classes":[]},{"id":80994,"url":"https:\/\/noticiasribeiraopreto.com.br\/index.php\/2025\/12\/20\/ultimos-dias-do-refis-ribeirao-2025-veja-como-renegociar\/","url_meta":{"origin":73214,"position":5},"title":"\u00daltimos dias do Refis Ribeir\u00e3o 2025; veja como renegociar","author":"noticiasribeiraopreto.com.br","date":"20 de December de 2025","format":false,"excerpt":"O prazo para ades\u00e3o ao Programa de Recupera\u00e7\u00e3o Fiscal Refis Ribeir\u00e3o 2025 entra na reta final e termina em 23 de dezembro. O programa j\u00e1 ultrapassa R$ 18 milh\u00f5es em renegocia\u00e7\u00f5es e contabiliza 58.706 transa\u00e7\u00f5es, segundo dados da Secretaria Municipal da Fazenda de Ribeir\u00e3o Preto. O Refis permite a regulariza\u00e7\u00e3o\u2026","rel":"","context":"In &quot;Not\u00edcias de Ribeir\u00e3o Preto-SP e Regi\u00e3o&quot;","block_context":{"text":"Not\u00edcias de Ribeir\u00e3o Preto-SP e Regi\u00e3o","link":"https:\/\/noticiasribeiraopreto.com.br\/index.php\/category\/noticias-de-ribeirao-preto-sp-e-regiao-ismael-colosi\/"},"img":{"alt_text":"","src":"https:\/\/i0.wp.com\/noticiasribeiraopreto.com.br\/wp-content\/uploads\/2025\/12\/poupatempo_ribeirao_1024x576_03092020171438_2025-12-19_19-33-57.webp.webp?fit=1024%2C576&ssl=1&resize=350%2C200","width":350,"height":200,"srcset":"https:\/\/i0.wp.com\/noticiasribeiraopreto.com.br\/wp-content\/uploads\/2025\/12\/poupatempo_ribeirao_1024x576_03092020171438_2025-12-19_19-33-57.webp.webp?fit=1024%2C576&ssl=1&resize=350%2C200 1x, https:\/\/i0.wp.com\/noticiasribeiraopreto.com.br\/wp-content\/uploads\/2025\/12\/poupatempo_ribeirao_1024x576_03092020171438_2025-12-19_19-33-57.webp.webp?fit=1024%2C576&ssl=1&resize=525%2C300 1.5x, https:\/\/i0.wp.com\/noticiasribeiraopreto.com.br\/wp-content\/uploads\/2025\/12\/poupatempo_ribeirao_1024x576_03092020171438_2025-12-19_19-33-57.webp.webp?fit=1024%2C576&ssl=1&resize=700%2C400 2x"},"classes":[]}],"jetpack_sharing_enabled":true,"jetpack_shortlink":"https:\/\/wp.me\/peQAOb-j2S","_links":{"self":[{"href":"https:\/\/noticiasribeiraopreto.com.br\/index.php\/wp-json\/wp\/v2\/posts\/73214","targetHints":{"allow":["GET"]}}],"collection":[{"href":"https:\/\/noticiasribeiraopreto.com.br\/index.php\/wp-json\/wp\/v2\/posts"}],"about":[{"href":"https:\/\/noticiasribeiraopreto.com.br\/index.php\/wp-json\/wp\/v2\/types\/post"}],"author":[{"embeddable":true,"href":"https:\/\/noticiasribeiraopreto.com.br\/index.php\/wp-json\/wp\/v2\/users\/1"}],"replies":[{"embeddable":true,"href":"https:\/\/noticiasribeiraopreto.com.br\/index.php\/wp-json\/wp\/v2\/comments?post=73214"}],"version-history":[{"count":0,"href":"https:\/\/noticiasribeiraopreto.com.br\/index.php\/wp-json\/wp\/v2\/posts\/73214\/revisions"}],"wp:featuredmedia":[{"embeddable":true,"href":"https:\/\/noticiasribeiraopreto.com.br\/index.php\/wp-json\/wp\/v2\/media\/73215"}],"wp:attachment":[{"href":"https:\/\/noticiasribeiraopreto.com.br\/index.php\/wp-json\/wp\/v2\/media?parent=73214"}],"wp:term":[{"taxonomy":"category","embeddable":true,"href":"https:\/\/noticiasribeiraopreto.com.br\/index.php\/wp-json\/wp\/v2\/categories?post=73214"},{"taxonomy":"post_tag","embeddable":true,"href":"https:\/\/noticiasribeiraopreto.com.br\/index.php\/wp-json\/wp\/v2\/tags?post=73214"}],"curies":[{"name":"wp","href":"https:\/\/api.w.org\/{rel}","templated":true}]}}