{"id":73216,"date":"2025-06-27T10:28:26","date_gmt":"2025-06-27T13:28:26","guid":{"rendered":"https:\/\/noticiasribeiraopreto.com.br\/index.php\/2025\/06\/27\/confessionario-tribuna-ribeirao-36\/"},"modified":"2025-06-27T10:28:26","modified_gmt":"2025-06-27T13:28:26","slug":"confessionario-tribuna-ribeirao-36","status":"publish","type":"post","link":"https:\/\/noticiasribeiraopreto.com.br\/index.php\/2025\/06\/27\/confessionario-tribuna-ribeirao-36\/","title":{"rendered":"Confession\u00e1rio &#8211; Tribuna Ribeir\u00e3o"},"content":{"rendered":"<div class='code-block code-block-1' style='margin: 8px 0 8px auto; text-align: right; display: block; clear: both;'>\n<p><a href=\"https:\/\/wa.link\/vpicfd\"><img data-recalc-dims=\"1\" class=\"wp-image-4922\" style=\"aspect-ratio: 2.0253164556962027; width: 561px; height: auto;\" src=\"https:\/\/i0.wp.com\/ismaelcolosi.com.br\/wp-content\/uploads\/2023\/11\/grupo-de-empregos-whatsapp-e-facebook-ismael-colosi-vagas.jpg?ssl=1\" alt=\"\" \/><\/a><\/p>\n<!-- \/wp:image -->\n<\/div>\n<p> <br \/>\n<\/p>\n<div id=\"post-429935\">\n<header class=\"entry-header penci-entry-header penci-title-center\">\n<p>\n\t\t\t\t\t\t\t\t\t<span class=\"entry-meta-item penci-posted-on\"><i class=\"fa fa-clock-o\"\/><time class=\"entry-date published updated\" datetime=\"2025-06-27T10:27:51-03:00\">27 de junho de 2025 10:27<\/time><\/span><span class=\"entry-meta-item penci-post-countview\"><span class=\"entry-meta-item penci-post-countview penci_post-meta_item\"><i class=\"fa fa-eye\"\/><span class=\"penci-post-countview-number penci-post-countview-p429935\">2<\/span><\/span><\/span>\t\t\t\t\t\t\t\t<\/p>\n<p><!-- .entry-meta --><br \/>\n\t\t\t\t\t\t\t\t<span class=\"penci-social-buttons penci-social-share-footer\"><span class=\"penci-social-share-text\">Compartilhar<\/span><a href=\"#\" class=\"penci-post-like penci_post-meta_item  single-like-button penci-social-item like\" data-post_id=\"429935\" title=\"Like\" data-like=\"Like\" data-unlike=\"Unlike\"><i class=\"fa fa-thumbs-o-up\"\/><span class=\"penci-share-number\">0<\/span><\/a><i class=\"fa fa-facebook\"\/><a class=\"penci-social-item twitter\" target=\"_blank\" rel=\"noopener\" title=\"\" href=\"https:\/\/twitter.com\/intent\/tweet?text=Confession\u00e1rio%20-%20https:\/\/www.tribunaribeirao.com.br\/confessionario-67\/\"><i class=\"fa fa-twitter\"\/><\/a><i class=\"fa fa-linkedin\"\/><i class=\"fa fa-whatsapp\"\/><i class=\"fa fa-telegram\"\/><i class=\"fa fa-envelope\"\/><\/span>\t\t\t\t\t\t\t<\/header>\n<p><!-- .entry-header --><\/p>\n<div class=\"entry-media penci-entry-media\">\n<div class=\"post-format-meta \"><img data-recalc-dims=\"1\" loading=\"lazy\" width=\"848\" height=\"477\" src=\"https:\/\/i0.wp.com\/www.tribunaribeirao.com.br\/wp-content\/uploads\/2025\/06\/mdbcon.jpeg?resize=848%2C477&#038;ssl=1\" class=\"attachment-penci-thumb-960-auto size-penci-thumb-960-auto wp-post-image\" alt=\"\" decoding=\"async\" srcset=\"https:\/\/www.tribunaribeirao.com.br\/wp-content\/uploads\/2025\/06\/mdbcon.jpeg 848w, https:\/\/www.tribunaribeirao.com.br\/wp-content\/uploads\/2025\/06\/mdbcon-300x169.jpeg 300w, https:\/\/www.tribunaribeirao.com.br\/wp-content\/uploads\/2025\/06\/mdbcon-768x432.jpeg 768w, https:\/\/www.tribunaribeirao.com.br\/wp-content\/uploads\/2025\/06\/mdbcon-711x400.jpeg 711w, https:\/\/www.tribunaribeirao.com.br\/wp-content\/uploads\/2025\/06\/mdbcon-585x329.jpeg 585w\" sizes=\"auto, (max-width: 848px) 100vw, 848px\"\/><\/div>\n<\/p><\/div>\n<div class=\"penci-entry-content entry-content\">\n<p><strong>Medebistas fazem elei\u00e7\u00e3o para presidente do Diret\u00f3rio Municipal<\/strong><\/p>\n<p>O Movimento Democr\u00e1tico Brasileiro (MDB) realiza, neste s\u00e1bado, 28, conven\u00e7\u00e3o para eleger o presidente da legenda em Ribeir\u00e3o Preto para o per\u00edodo de 2025 a 2027. O atual ocupante do cargo, o ex-vereador Marinho Sampaio, e o vice, vereador Igor Oliveira, dever\u00e3o ser reconduzidos, j\u00e1 que n\u00e3o existe chapa oposicionista na disputa.<\/p>\n<p>Participam do evento, o presidente nacional do MDB, o deputado federal Baleia Rossi; o deputado estadual, L\u00e9o Oliveira e o vice-prefeito de Ribeir\u00e3o Preto, Alessandro Maraca, entre outras autoridades. A legenda tem cerca de seis mil filiados em Ribeir\u00e3o Preto. A elei\u00e7\u00e3o ser\u00e1 realizada das oito horas ao meio-dia na avenida Independ\u00eancia, 3.797, Zona Sul da cidade.<\/p>\n<\/div>\n<p><!-- .entry-content --><\/p>\n<footer class=\"penci-entry-footer\">\n\t\t\t\t\t\t\t\t<span class=\"penci-social-buttons penci-social-share-footer\"><span class=\"penci-social-share-text\">Compartilhar<\/span><a href=\"#\" class=\"penci-post-like penci_post-meta_item  single-like-button penci-social-item like\" data-post_id=\"429935\" title=\"Like\" data-like=\"Like\" data-unlike=\"Unlike\"><i class=\"fa fa-thumbs-o-up\"\/><span class=\"penci-share-number\">0<\/span><\/a><i class=\"fa fa-facebook\"\/><a class=\"penci-social-item twitter\" target=\"_blank\" rel=\"noopener\" title=\"\" href=\"https:\/\/twitter.com\/intent\/tweet?text=Confession\u00e1rio%20-%20https:\/\/www.tribunaribeirao.com.br\/confessionario-67\/\"><i class=\"fa fa-twitter\"\/><\/a><i class=\"fa fa-linkedin\"\/><i class=\"fa fa-whatsapp\"\/><i class=\"fa fa-telegram\"\/><i class=\"fa fa-envelope\"\/><\/span>\t\t\t\t\t\t\t<\/footer>\n<p><!-- .entry-footer -->\n\t\t\t\t\t\t<\/div>\n<p><script async src=\"\/\/platform.twitter.com\/widgets.js\" charset=\"utf-8\"><\/script><br \/>\n<br \/><br \/>\n<br \/><a href=\"https:\/\/www.tribunaribeirao.com.br\/confessionario-67\/\">Source link <\/a><\/p>\n<!-- CONTENT END 1 -->\n","protected":false},"excerpt":{"rendered":"<p>27 de junho de 2025 10:272 Compartilhar0 Medebistas fazem elei\u00e7\u00e3o para presidente do Diret\u00f3rio Municipal O Movimento Democr\u00e1tico Brasileiro (MDB) realiza, neste s\u00e1bado, 28, conven\u00e7\u00e3o&#8230;<\/p>\n","protected":false},"author":1,"featured_media":73217,"comment_status":"open","ping_status":"open","sticky":false,"template":"","format":"standard","meta":{"advanced_seo_description":"","jetpack_seo_html_title":"","jetpack_seo_noindex":false,"jetpack_post_was_ever_published":false,"_jetpack_newsletter_access":"","_jetpack_dont_email_post_to_subs":false,"_jetpack_newsletter_tier_id":0,"_jetpack_memberships_contains_paywalled_content":false,"_jetpack_memberships_contains_paid_content":false,"footnotes":"","jetpack_publicize_message":"","jetpack_publicize_feature_enabled":true,"jetpack_social_post_already_shared":true,"jetpack_social_options":{"image_generator_settings":{"template":"highway","default_image_id":0,"font":"","enabled":false},"version":2}},"categories":[11],"tags":[],"class_list":["post-73216","post","type-post","status-publish","format-standard","has-post-thumbnail","hentry","category-noticias-de-ribeirao-preto-sp-e-regiao-ismael-colosi"],"jetpack_publicize_connections":[],"jetpack_featured_media_url":"https:\/\/i0.wp.com\/noticiasribeiraopreto.com.br\/wp-content\/uploads\/2025\/06\/mdbcon.jpeg?fit=848%2C477&ssl=1","jetpack-related-posts":[{"id":73259,"url":"https:\/\/noticiasribeiraopreto.com.br\/index.php\/2025\/06\/28\/confessionario-tribuna-ribeirao-37\/","url_meta":{"origin":73216,"position":0},"title":"Confession\u00e1rio &#8211; Tribuna Ribeir\u00e3o","author":"noticiasribeiraopreto.com.br","date":"28 de June de 2025","format":false,"excerpt":"28 de junho de 2025 08:2527 de junho de 2025 18:168 Compartilhar0 Centro Administrativo Um tradicional col\u00e9gio do Centro de Ribeir\u00e3o, poder\u00e1 ser o destino do novo centro administrativo da prefeitura de Ribeir\u00e3o Preto. As partes n\u00e3o confirmam, mas tem acontecido reuni\u00f5es de negocia\u00e7\u00e3o entre os propriet\u00e1rios da escola e\u2026","rel":"","context":"In &quot;Not\u00edcias de Ribeir\u00e3o Preto-SP e Regi\u00e3o&quot;","block_context":{"text":"Not\u00edcias de Ribeir\u00e3o Preto-SP e Regi\u00e3o","link":"https:\/\/noticiasribeiraopreto.com.br\/index.php\/category\/noticias-de-ribeirao-preto-sp-e-regiao-ismael-colosi\/"},"img":{"alt_text":"","src":"https:\/\/i0.wp.com\/noticiasribeiraopreto.com.br\/wp-content\/uploads\/2025\/06\/Centro.jpg?fit=1186%2C640&ssl=1&resize=350%2C200","width":350,"height":200,"srcset":"https:\/\/i0.wp.com\/noticiasribeiraopreto.com.br\/wp-content\/uploads\/2025\/06\/Centro.jpg?fit=1186%2C640&ssl=1&resize=350%2C200 1x, https:\/\/i0.wp.com\/noticiasribeiraopreto.com.br\/wp-content\/uploads\/2025\/06\/Centro.jpg?fit=1186%2C640&ssl=1&resize=525%2C300 1.5x, https:\/\/i0.wp.com\/noticiasribeiraopreto.com.br\/wp-content\/uploads\/2025\/06\/Centro.jpg?fit=1186%2C640&ssl=1&resize=700%2C400 2x, https:\/\/i0.wp.com\/noticiasribeiraopreto.com.br\/wp-content\/uploads\/2025\/06\/Centro.jpg?fit=1186%2C640&ssl=1&resize=1050%2C600 3x"},"classes":[]},{"id":71626,"url":"https:\/\/noticiasribeiraopreto.com.br\/index.php\/2025\/06\/08\/confessionario-tribuna-ribeirao-28\/","url_meta":{"origin":73216,"position":1},"title":"Confession\u00e1rio &#8211; Tribuna Ribeir\u00e3o","author":"noticiasribeiraopreto.com.br","date":"8 de June de 2025","format":false,"excerpt":"8 de junho de 2025 10:098 de junho de 2025 10:101 Compartilhar0 Baly Brasil supera Red Bull no mercado nacional Um levantamento da NielsenIQ mostra que a Baly (uma marca nacional de energ\u00e9ticos) avan\u00e7ou 4,2 pontos percentuais de Share Volume MAT (12 meses m\u00f3veis \u2013 Canal Moderno) e se tornou\u2026","rel":"","context":"In &quot;Not\u00edcias de Ribeir\u00e3o Preto-SP e Regi\u00e3o&quot;","block_context":{"text":"Not\u00edcias de Ribeir\u00e3o Preto-SP e Regi\u00e3o","link":"https:\/\/noticiasribeiraopreto.com.br\/index.php\/category\/noticias-de-ribeirao-preto-sp-e-regiao-ismael-colosi\/"},"img":{"alt_text":"","src":"https:\/\/i0.wp.com\/noticiasribeiraopreto.com.br\/wp-content\/uploads\/2025\/06\/energeticos-red-bull-1024x684-1-scaled.jpg?fit=749%2C500&ssl=1&resize=350%2C200","width":350,"height":200,"srcset":"https:\/\/i0.wp.com\/noticiasribeiraopreto.com.br\/wp-content\/uploads\/2025\/06\/energeticos-red-bull-1024x684-1-scaled.jpg?fit=749%2C500&ssl=1&resize=350%2C200 1x, https:\/\/i0.wp.com\/noticiasribeiraopreto.com.br\/wp-content\/uploads\/2025\/06\/energeticos-red-bull-1024x684-1-scaled.jpg?fit=749%2C500&ssl=1&resize=525%2C300 1.5x, https:\/\/i0.wp.com\/noticiasribeiraopreto.com.br\/wp-content\/uploads\/2025\/06\/energeticos-red-bull-1024x684-1-scaled.jpg?fit=749%2C500&ssl=1&resize=700%2C400 2x"},"classes":[]},{"id":71592,"url":"https:\/\/noticiasribeiraopreto.com.br\/index.php\/2025\/06\/07\/confessionario-tribuna-ribeirao-27\/","url_meta":{"origin":73216,"position":2},"title":"Confession\u00e1rio &#8211; Tribuna Ribeir\u00e3o","author":"noticiasribeiraopreto.com.br","date":"7 de June de 2025","format":false,"excerpt":"7 de junho de 2025 19:407 de junho de 2025 19:431 Compartilhar0 Uma escultura de quase R$ 2 milh\u00f5es O governador de S\u00e3o Paulo, Tarc\u00edsio de Freitas, por meio da Secretaria de Turismo e Viagens do Estado (Setur-SP), investiu R$ 1.804.792,08 em uma escultura que homenageia o Boi Soberano (cl\u00e1ssico\u2026","rel":"","context":"In &quot;Not\u00edcias de Ribeir\u00e3o Preto-SP e Regi\u00e3o&quot;","block_context":{"text":"Not\u00edcias de Ribeir\u00e3o Preto-SP e Regi\u00e3o","link":"https:\/\/noticiasribeiraopreto.com.br\/index.php\/category\/noticias-de-ribeirao-preto-sp-e-regiao-ismael-colosi\/"},"img":{"alt_text":"","src":"https:\/\/i0.wp.com\/noticiasribeiraopreto.com.br\/wp-content\/uploads\/2025\/06\/confessionario-1-scaled.jpg?fit=800%2C461&ssl=1&resize=350%2C200","width":350,"height":200,"srcset":"https:\/\/i0.wp.com\/noticiasribeiraopreto.com.br\/wp-content\/uploads\/2025\/06\/confessionario-1-scaled.jpg?fit=800%2C461&ssl=1&resize=350%2C200 1x, https:\/\/i0.wp.com\/noticiasribeiraopreto.com.br\/wp-content\/uploads\/2025\/06\/confessionario-1-scaled.jpg?fit=800%2C461&ssl=1&resize=525%2C300 1.5x, https:\/\/i0.wp.com\/noticiasribeiraopreto.com.br\/wp-content\/uploads\/2025\/06\/confessionario-1-scaled.jpg?fit=800%2C461&ssl=1&resize=700%2C400 2x"},"classes":[]},{"id":71998,"url":"https:\/\/noticiasribeiraopreto.com.br\/index.php\/2025\/06\/12\/confessionario-tribuna-ribeirao-31\/","url_meta":{"origin":73216,"position":3},"title":"Confession\u00e1rio &#8211; Tribuna Ribeir\u00e3o","author":"noticiasribeiraopreto.com.br","date":"12 de June de 2025","format":false,"excerpt":"12 de junho de 2025 10:132 Compartilhar0 Fim do cas\u00f3rio A Opa Comunica\u00e7\u00e3o n\u00e3o vai mais responder pela comunica\u00e7\u00e3o da Associa\u00e7\u00e3o Comercial e Industrial de Ribeir\u00e3o Preto com a imprensa, a partir do dia 19 deste m\u00eas. A parceria durou oito anos. O jornalista Jairnei Cesar Caparelli j\u00e1 circula no\u2026","rel":"","context":"In &quot;Not\u00edcias de Ribeir\u00e3o Preto-SP e Regi\u00e3o&quot;","block_context":{"text":"Not\u00edcias de Ribeir\u00e3o Preto-SP e Regi\u00e3o","link":"https:\/\/noticiasribeiraopreto.com.br\/index.php\/category\/noticias-de-ribeirao-preto-sp-e-regiao-ismael-colosi\/"},"img":{"alt_text":"","src":"https:\/\/i0.wp.com\/noticiasribeiraopreto.com.br\/wp-content\/uploads\/2025\/06\/microfone.radio0709201436-scaled-1.jpg?fit=700%2C419&ssl=1&resize=350%2C200","width":350,"height":200,"srcset":"https:\/\/i0.wp.com\/noticiasribeiraopreto.com.br\/wp-content\/uploads\/2025\/06\/microfone.radio0709201436-scaled-1.jpg?fit=700%2C419&ssl=1&resize=350%2C200 1x, https:\/\/i0.wp.com\/noticiasribeiraopreto.com.br\/wp-content\/uploads\/2025\/06\/microfone.radio0709201436-scaled-1.jpg?fit=700%2C419&ssl=1&resize=525%2C300 1.5x, https:\/\/i0.wp.com\/noticiasribeiraopreto.com.br\/wp-content\/uploads\/2025\/06\/microfone.radio0709201436-scaled-1.jpg?fit=700%2C419&ssl=1&resize=700%2C400 2x"},"classes":[]},{"id":71782,"url":"https:\/\/noticiasribeiraopreto.com.br\/index.php\/2025\/06\/10\/confessionario-tribuna-ribeirao-29\/","url_meta":{"origin":73216,"position":4},"title":"Confession\u00e1rio &#8211; Tribuna Ribeir\u00e3o","author":"noticiasribeiraopreto.com.br","date":"10 de June de 2025","format":false,"excerpt":"10 de junho de 2025 10:257 Compartilhar0 PL quer Tarc\u00edsio Em entrevista \u00e0 R\u00e1dio Jovem Pan News de Ribeir\u00e3o Preto, o presidente nacional do Partido Liberal, Valdemar Costa Neto confirmou que o governador de S\u00e3o Paulo, Tarc\u00edsio de Freitas ser\u00e1 o candidato \u00e0 presidente da Rep\u00fablica pelo PL, caso o\u2026","rel":"","context":"In &quot;Not\u00edcias de Ribeir\u00e3o Preto-SP e Regi\u00e3o&quot;","block_context":{"text":"Not\u00edcias de Ribeir\u00e3o Preto-SP e Regi\u00e3o","link":"https:\/\/noticiasribeiraopreto.com.br\/index.php\/category\/noticias-de-ribeirao-preto-sp-e-regiao-ismael-colosi\/"},"img":{"alt_text":"","src":"https:\/\/i0.wp.com\/noticiasribeiraopreto.com.br\/wp-content\/uploads\/2025\/06\/pl_imprensa_mcajr_abr_2311222323-scaled.jpg?fit=667%2C500&ssl=1&resize=350%2C200","width":350,"height":200,"srcset":"https:\/\/i0.wp.com\/noticiasribeiraopreto.com.br\/wp-content\/uploads\/2025\/06\/pl_imprensa_mcajr_abr_2311222323-scaled.jpg?fit=667%2C500&ssl=1&resize=350%2C200 1x, https:\/\/i0.wp.com\/noticiasribeiraopreto.com.br\/wp-content\/uploads\/2025\/06\/pl_imprensa_mcajr_abr_2311222323-scaled.jpg?fit=667%2C500&ssl=1&resize=525%2C300 1.5x"},"classes":[]},{"id":72809,"url":"https:\/\/noticiasribeiraopreto.com.br\/index.php\/2025\/06\/21\/confessionario-tribuna-ribeirao-33\/","url_meta":{"origin":73216,"position":5},"title":"Confession\u00e1rio &#8211; Tribuna Ribeir\u00e3o","author":"noticiasribeiraopreto.com.br","date":"21 de June de 2025","format":false,"excerpt":"21 de junho de 2025 14:022 Compartilhar0 \u2013 Atividade empresarial: O Sincovarp est\u00e1 numa luta ferrenha contra a aprova\u00e7\u00e3o de uma lei municipal que prejudica o funcionamento de adegas e tabacarias da cidade; \u2013 For\u00e7a empres\u00e1rio! A Associa\u00e7\u00e3o Comercial e Industrial de Ribeir\u00e3o Preto (ACIRP) est\u00e1 patrocinando um campeonato de\u2026","rel":"","context":"In &quot;Not\u00edcias de Ribeir\u00e3o Preto-SP e Regi\u00e3o&quot;","block_context":{"text":"Not\u00edcias de Ribeir\u00e3o Preto-SP e Regi\u00e3o","link":"https:\/\/noticiasribeiraopreto.com.br\/index.php\/category\/noticias-de-ribeirao-preto-sp-e-regiao-ismael-colosi\/"},"img":{"alt_text":"","src":"https:\/\/i0.wp.com\/noticiasribeiraopreto.com.br\/wp-content\/uploads\/2025\/06\/Chopp-e-seus-beneficios-para-a-saude.jpg?fit=600%2C400&ssl=1&resize=350%2C200","width":350,"height":200,"srcset":"https:\/\/i0.wp.com\/noticiasribeiraopreto.com.br\/wp-content\/uploads\/2025\/06\/Chopp-e-seus-beneficios-para-a-saude.jpg?fit=600%2C400&ssl=1&resize=350%2C200 1x, https:\/\/i0.wp.com\/noticiasribeiraopreto.com.br\/wp-content\/uploads\/2025\/06\/Chopp-e-seus-beneficios-para-a-saude.jpg?fit=600%2C400&ssl=1&resize=525%2C300 1.5x"},"classes":[]}],"jetpack_sharing_enabled":true,"jetpack_shortlink":"https:\/\/wp.me\/peQAOb-j2U","_links":{"self":[{"href":"https:\/\/noticiasribeiraopreto.com.br\/index.php\/wp-json\/wp\/v2\/posts\/73216","targetHints":{"allow":["GET"]}}],"collection":[{"href":"https:\/\/noticiasribeiraopreto.com.br\/index.php\/wp-json\/wp\/v2\/posts"}],"about":[{"href":"https:\/\/noticiasribeiraopreto.com.br\/index.php\/wp-json\/wp\/v2\/types\/post"}],"author":[{"embeddable":true,"href":"https:\/\/noticiasribeiraopreto.com.br\/index.php\/wp-json\/wp\/v2\/users\/1"}],"replies":[{"embeddable":true,"href":"https:\/\/noticiasribeiraopreto.com.br\/index.php\/wp-json\/wp\/v2\/comments?post=73216"}],"version-history":[{"count":0,"href":"https:\/\/noticiasribeiraopreto.com.br\/index.php\/wp-json\/wp\/v2\/posts\/73216\/revisions"}],"wp:featuredmedia":[{"embeddable":true,"href":"https:\/\/noticiasribeiraopreto.com.br\/index.php\/wp-json\/wp\/v2\/media\/73217"}],"wp:attachment":[{"href":"https:\/\/noticiasribeiraopreto.com.br\/index.php\/wp-json\/wp\/v2\/media?parent=73216"}],"wp:term":[{"taxonomy":"category","embeddable":true,"href":"https:\/\/noticiasribeiraopreto.com.br\/index.php\/wp-json\/wp\/v2\/categories?post=73216"},{"taxonomy":"post_tag","embeddable":true,"href":"https:\/\/noticiasribeiraopreto.com.br\/index.php\/wp-json\/wp\/v2\/tags?post=73216"}],"curies":[{"name":"wp","href":"https:\/\/api.w.org\/{rel}","templated":true}]}}