{"id":73220,"date":"2025-06-27T10:57:21","date_gmt":"2025-06-27T13:57:21","guid":{"rendered":"https:\/\/noticiasribeiraopreto.com.br\/index.php\/2025\/06\/27\/usp-abre-inscricoes-para-curso-gratuito-de-ferias-na-escola-de-enfermagem-de-ribeirao-preto\/"},"modified":"2025-06-27T10:57:21","modified_gmt":"2025-06-27T13:57:21","slug":"usp-abre-inscricoes-para-curso-gratuito-de-ferias-na-escola-de-enfermagem-de-ribeirao-preto","status":"publish","type":"post","link":"https:\/\/noticiasribeiraopreto.com.br\/index.php\/2025\/06\/27\/usp-abre-inscricoes-para-curso-gratuito-de-ferias-na-escola-de-enfermagem-de-ribeirao-preto\/","title":{"rendered":"USP abre inscri\u00e7\u00f5es para curso gratuito de f\u00e9rias na Escola de Enfermagem de Ribeir\u00e3o Preto"},"content":{"rendered":"<div class='code-block code-block-1' style='margin: 8px 0 8px auto; text-align: right; display: block; clear: both;'>\n<p><a href=\"https:\/\/wa.link\/vpicfd\"><img data-recalc-dims=\"1\" class=\"wp-image-4922\" style=\"aspect-ratio: 2.0253164556962027; width: 561px; height: auto;\" src=\"https:\/\/i0.wp.com\/ismaelcolosi.com.br\/wp-content\/uploads\/2023\/11\/grupo-de-empregos-whatsapp-e-facebook-ismael-colosi-vagas.jpg?ssl=1\" alt=\"\" \/><\/a><\/p>\n<!-- \/wp:image -->\n<\/div>\n<p> <br \/>\n<\/p>\n<div data-td-block-uid=\"tdi_95\">\n<div class=\"tdb-block-inner td-fix-index\">\n<p><strong>A <a href=\"http:\/\/www.eerp.usp.br\/\">Escola de Enfermagem de Ribeir\u00e3o Preto da Universidade de S\u00e3o Paulo (EERP-USP)<\/a> abriu inscri\u00e7\u00f5es para um curso gratuito de f\u00e9rias, que ser\u00e1 realizado presencialmente de 14 a 18 de julho, das 8h \u00e0s 18h.<\/strong><\/p>\n<p>Podem participar <strong>estudantes <\/strong>do <strong>ensino m\u00e9dio da rede p\u00fablica<\/strong>, preferencialmente de Ribeir\u00e3o e regi\u00e3o.<\/p>\n<p>Segundo a EERP-USP, o projeto \u00e9 de car\u00e1ter extensionista e tem o objetivo aproximar os jovens da realidade da \u00e0rea da sa\u00fade.<\/p>\n<p>Durante o curso, que ser\u00e1 realizado nas depend\u00eancias da Escola de Enfermagem da USP, est\u00e3o previstas oficinas, palestras, atividades interativas e visitas aos espa\u00e7os acad\u00eamicos e laboratoriais.<\/p>\n<h2 class=\"wp-block-heading\"><strong>Como se inscrever?<\/strong><\/h2>\n<p>As inscri\u00e7\u00f5es  podem ser feitas pela internet, por meio de formul\u00e1rio online (<a href=\"https:\/\/docs.google.com\/forms\/d\/e\/1FAIpQLSf9DPQINWSqpQqw96zMOug0YUgYeUaz203Hlj5kWMtxxwzATg\/viewform\">clique aqui<\/a>).<\/p>\n<p>S\u00e3o 40 vagas dispon\u00edveis e os participantes ser\u00e3o selecionados com base nas informa\u00e7\u00f5es fornecidas no formul\u00e1rio.<\/p>\n<p>Os participantes receber\u00e3o certificado com carga hor\u00e1ria de 60 horas.<\/p>\n<p>SAIBA MAIS<\/p>\n<p>Nova frente fria no estado de SP? Confira como fica o tempo no fim de semana<\/p>\n<h3 class=\"wp-block-heading\"><strong>FIQUE ON<\/strong><\/h3>\n<p>Fique ligado em tudo que acontece em Ribeir\u00e3o Preto e regi\u00e3o. Siga os perfis do\u00a0<strong>acidade on\u00a0<\/strong>no\u00a0<a href=\"https:\/\/www.instagram.com\/acidadeonribeirao\" target=\"_blank\" rel=\"noreferrer noopener\">Instagram<\/a>\u00a0e no\u00a0<a href=\"https:\/\/www.facebook.com\/acidadeonribeirao\" target=\"_blank\" rel=\"noreferrer noopener\">Facebook<\/a>.<\/p>\n<p>Receba not\u00edcias do acidade on no WhatsApp. Para entrar no grupo, basta\u00a0<a href=\"https:\/\/chat.whatsapp.com\/BjKQZ9oJwlz8VVT50NuePq\" target=\"_blank\" rel=\"noreferrer noopener\">clicar aqui<\/a>.<\/p>\n<p>Fa\u00e7a uma den\u00fancia ou sugira uma reportagem sobre Ribeir\u00e3o Preto e regi\u00e3o pelo WhatsApp: 16 99117 7802.<\/p>\n<p>VEJA TAMB\u00c9M<\/p>\n<p>Quem s\u00e3o os alpinistas que resgataram corpo de brasileira em vulc\u00e3o na Indon\u00e9sia?<\/p>\n<p><!-- AI CONTENT END 1 -->\n<\/div>\n<\/div>\n<p><script async src=\"\/\/www.instagram.com\/embed.js\"><\/script><br \/>\n<br \/><br \/>\n<br \/><a href=\"https:\/\/www.acidadeon.com\/ribeiraopreto\/cotidiano\/usp-abre-inscricoes-para-curso-gratuito-de-ferias-na-escola-de-enfermagem-de-ribeirao-preto\/\">Source link <\/a><\/p>\n<!-- CONTENT END 1 -->\n","protected":false},"excerpt":{"rendered":"<p>A Escola de Enfermagem de Ribeir\u00e3o Preto da Universidade de S\u00e3o Paulo (EERP-USP) abriu inscri\u00e7\u00f5es para um curso gratuito de f\u00e9rias, que ser\u00e1 realizado presencialmente&#8230;<\/p>\n","protected":false},"author":1,"featured_media":73221,"comment_status":"open","ping_status":"open","sticky":false,"template":"","format":"standard","meta":{"advanced_seo_description":"","jetpack_seo_html_title":"","jetpack_seo_noindex":false,"jetpack_post_was_ever_published":false,"_jetpack_newsletter_access":"","_jetpack_dont_email_post_to_subs":false,"_jetpack_newsletter_tier_id":0,"_jetpack_memberships_contains_paywalled_content":false,"_jetpack_memberships_contains_paid_content":false,"footnotes":"","jetpack_publicize_message":"","jetpack_publicize_feature_enabled":true,"jetpack_social_post_already_shared":true,"jetpack_social_options":{"image_generator_settings":{"template":"highway","default_image_id":0,"font":"","enabled":false},"version":2}},"categories":[11],"tags":[],"class_list":["post-73220","post","type-post","status-publish","format-standard","has-post-thumbnail","hentry","category-noticias-de-ribeirao-preto-sp-e-regiao-ismael-colosi"],"jetpack_publicize_connections":[],"jetpack_featured_media_url":"https:\/\/i0.wp.com\/noticiasribeiraopreto.com.br\/wp-content\/uploads\/2025\/06\/AnyConv.com__escola-enfermagem-usp-ribeirao-preto-scaled.webp.webp?fit=2560%2C1707&ssl=1","jetpack-related-posts":[{"id":56954,"url":"https:\/\/noticiasribeiraopreto.com.br\/index.php\/2024\/08\/19\/quer-estudar-na-usp-ribeirao-preto-inscricoes-da-fuvest-comecam-hoje\/","url_meta":{"origin":73220,"position":0},"title":"Quer estudar na USP Ribeir\u00e3o Preto? Inscri\u00e7\u00f5es da Fuvest come\u00e7am hoje","author":"noticiasribeiraopreto.com.br","date":"19 de August de 2024","format":false,"excerpt":"Come\u00e7am \u00e0s 12h desta segunda-feira (19) as inscri\u00e7\u00f5es para Fuvest, vestibular que d\u00e1 acesso \u00e0 USP (Universidade de S\u00e3o Paulo). Ao todo, s\u00e3o 8.147 vagas disponibilizadas no vestibular, sendo 4.888 de ampla concorr\u00eancia, 2.053 reservadas para estudantes de escolas p\u00fablicas e 1.206 vagas para estudantes de escolas p\u00fablicas PPI (pretos\u2026","rel":"","context":"In &quot;Not\u00edcias de Ribeir\u00e3o Preto-SP e Regi\u00e3o&quot;","block_context":{"text":"Not\u00edcias de Ribeir\u00e3o Preto-SP e Regi\u00e3o","link":"https:\/\/noticiasribeiraopreto.com.br\/index.php\/category\/noticias-de-ribeirao-preto-sp-e-regiao-ismael-colosi\/"},"img":{"alt_text":"","src":"https:\/\/i0.wp.com\/noticiasribeiraopreto.com.br\/wp-content\/uploads\/2024\/08\/20170216_00_campus_ribeirao1.webp.webp?fit=800%2C420&ssl=1&resize=350%2C200","width":350,"height":200,"srcset":"https:\/\/i0.wp.com\/noticiasribeiraopreto.com.br\/wp-content\/uploads\/2024\/08\/20170216_00_campus_ribeirao1.webp.webp?fit=800%2C420&ssl=1&resize=350%2C200 1x, https:\/\/i0.wp.com\/noticiasribeiraopreto.com.br\/wp-content\/uploads\/2024\/08\/20170216_00_campus_ribeirao1.webp.webp?fit=800%2C420&ssl=1&resize=525%2C300 1.5x, https:\/\/i0.wp.com\/noticiasribeiraopreto.com.br\/wp-content\/uploads\/2024\/08\/20170216_00_campus_ribeirao1.webp.webp?fit=800%2C420&ssl=1&resize=700%2C400 2x"},"classes":[]},{"id":75024,"url":"https:\/\/noticiasribeiraopreto.com.br\/index.php\/2025\/08\/01\/professores-da-rede-publica-podem-se-inscrever-em-curso-gratuito-na-usp-de-ribeirao-preto\/","url_meta":{"origin":73220,"position":1},"title":"Professores da rede p\u00fablica podem se inscrever em curso gratuito na USP de Ribeir\u00e3o Preto","author":"noticiasribeiraopreto.com.br","date":"1 de August de 2025","format":false,"excerpt":"A Faculdade de Direito de Ribeir\u00e3o Preto (FDRP\/USP) est\u00e1 com inscri\u00e7\u00f5es abertas para o Curso de Capacita\u00e7\u00e3o em Direitos Humanos e Cidadania, voltado exclusivamente para professores da rede p\u00fablica de ensino b\u00e1sico. A forma\u00e7\u00e3o ser\u00e1 100% gratuita e presencial, com in\u00edcio previsto para o dia 13 de setembro de 2025.\u2026","rel":"","context":"In &quot;Not\u00edcias de Ribeir\u00e3o Preto-SP e Regi\u00e3o&quot;","block_context":{"text":"Not\u00edcias de Ribeir\u00e3o Preto-SP e Regi\u00e3o","link":"https:\/\/noticiasribeiraopreto.com.br\/index.php\/category\/noticias-de-ribeirao-preto-sp-e-regiao-ismael-colosi\/"},"img":{"alt_text":"","src":"https:\/\/i0.wp.com\/noticiasribeiraopreto.com.br\/wp-content\/uploads\/2025\/08\/Copia-de-Copia-de-Copia-de-TAMANHO-EXATO-PARA-FOTOS-NO-SISTEMA-NOVO-2025-08-01T161657.060_2025-08-01_19-17-18.webp.webp?fit=1200%2C675&ssl=1&resize=350%2C200","width":350,"height":200,"srcset":"https:\/\/i0.wp.com\/noticiasribeiraopreto.com.br\/wp-content\/uploads\/2025\/08\/Copia-de-Copia-de-Copia-de-TAMANHO-EXATO-PARA-FOTOS-NO-SISTEMA-NOVO-2025-08-01T161657.060_2025-08-01_19-17-18.webp.webp?fit=1200%2C675&ssl=1&resize=350%2C200 1x, https:\/\/i0.wp.com\/noticiasribeiraopreto.com.br\/wp-content\/uploads\/2025\/08\/Copia-de-Copia-de-Copia-de-TAMANHO-EXATO-PARA-FOTOS-NO-SISTEMA-NOVO-2025-08-01T161657.060_2025-08-01_19-17-18.webp.webp?fit=1200%2C675&ssl=1&resize=525%2C300 1.5x, https:\/\/i0.wp.com\/noticiasribeiraopreto.com.br\/wp-content\/uploads\/2025\/08\/Copia-de-Copia-de-Copia-de-TAMANHO-EXATO-PARA-FOTOS-NO-SISTEMA-NOVO-2025-08-01T161657.060_2025-08-01_19-17-18.webp.webp?fit=1200%2C675&ssl=1&resize=700%2C400 2x, https:\/\/i0.wp.com\/noticiasribeiraopreto.com.br\/wp-content\/uploads\/2025\/08\/Copia-de-Copia-de-Copia-de-TAMANHO-EXATO-PARA-FOTOS-NO-SISTEMA-NOVO-2025-08-01T161657.060_2025-08-01_19-17-18.webp.webp?fit=1200%2C675&ssl=1&resize=1050%2C600 3x"},"classes":[]},{"id":84142,"url":"https:\/\/noticiasribeiraopreto.com.br\/index.php\/2026\/04\/02\/saiba-como-agendar-sessoes-de-reiki-oferecidas-pela-usp-ribeirao-preto\/","url_meta":{"origin":73220,"position":2},"title":"Saiba como agendar sess\u00f5es de reiki oferecidas pela USP Ribeir\u00e3o Preto","author":"noticiasribeiraopreto.com.br","date":"2 de April de 2026","format":false,"excerpt":"Ler o resumo da not\u00edcia Saiba como agendar sess\u00f5es de reiki oferecidas pela USP Ribeir\u00e3o Preto O projeto de extens\u00e3o Reikilibra USP, desenvolvido pela EERP (Escola de Enfermagem de Ribeir\u00e3o Preto), conta com agendamento dispon\u00edvel para interessados em sess\u00f5es de reiki. Os atendimentos ocorrem ao longo de todo o ano,\u2026","rel":"","context":"In &quot;Not\u00edcias de Ribeir\u00e3o Preto-SP e Regi\u00e3o&quot;","block_context":{"text":"Not\u00edcias de Ribeir\u00e3o Preto-SP e Regi\u00e3o","link":"https:\/\/noticiasribeiraopreto.com.br\/index.php\/category\/noticias-de-ribeirao-preto-sp-e-regiao-ismael-colosi\/"},"img":{"alt_text":"","src":"https:\/\/i0.wp.com\/noticiasribeiraopreto.com.br\/wp-content\/uploads\/2026\/04\/reiki_2026-04-02_17-59-08.webp.webp?fit=1200%2C800&ssl=1&resize=350%2C200","width":350,"height":200,"srcset":"https:\/\/i0.wp.com\/noticiasribeiraopreto.com.br\/wp-content\/uploads\/2026\/04\/reiki_2026-04-02_17-59-08.webp.webp?fit=1200%2C800&ssl=1&resize=350%2C200 1x, https:\/\/i0.wp.com\/noticiasribeiraopreto.com.br\/wp-content\/uploads\/2026\/04\/reiki_2026-04-02_17-59-08.webp.webp?fit=1200%2C800&ssl=1&resize=525%2C300 1.5x, https:\/\/i0.wp.com\/noticiasribeiraopreto.com.br\/wp-content\/uploads\/2026\/04\/reiki_2026-04-02_17-59-08.webp.webp?fit=1200%2C800&ssl=1&resize=700%2C400 2x, https:\/\/i0.wp.com\/noticiasribeiraopreto.com.br\/wp-content\/uploads\/2026\/04\/reiki_2026-04-02_17-59-08.webp.webp?fit=1200%2C800&ssl=1&resize=1050%2C600 3x"},"classes":[]},{"id":75149,"url":"https:\/\/noticiasribeiraopreto.com.br\/index.php\/2025\/08\/04\/usp-ribeirao-abre-inscricoes-para-cursinho-pre-vestibular-gratuito-veja-como-participar\/","url_meta":{"origin":73220,"position":3},"title":"USP Ribeir\u00e3o abre inscri\u00e7\u00f5es para cursinho pr\u00e9-vestibular gratuito; veja como participar","author":"noticiasribeiraopreto.com.br","date":"4 de August de 2025","format":false,"excerpt":"A Faculdade de Filosofia, Ci\u00eancias e Letras de Ribeir\u00e3o Preto (FFCLRP) da USP abriu inscri\u00e7\u00f5es para seu cursinho pr\u00e9-vestibular gratuito. O programa, destinado a estudantes de escolas p\u00fablicas que conclu\u00edram ou cursam o ensino m\u00e9dio, prepara para os processos seletivos universit\u00e1rios. O curso integra o Projeto de Ensino Interdisciplinar Comunit\u00e1rio\u2026","rel":"","context":"In &quot;Not\u00edcias de Ribeir\u00e3o Preto-SP e Regi\u00e3o&quot;","block_context":{"text":"Not\u00edcias de Ribeir\u00e3o Preto-SP e Regi\u00e3o","link":"https:\/\/noticiasribeiraopreto.com.br\/index.php\/category\/noticias-de-ribeirao-preto-sp-e-regiao-ismael-colosi\/"},"img":{"alt_text":"","src":"https:\/\/i0.wp.com\/noticiasribeiraopreto.com.br\/wp-content\/uploads\/2025\/08\/Copia-de-Copia-de-Copia-de-TAMANHO-EXATO-PARA-FOTOS-NO-SISTEMA-NOVO-2025-08-04T143428.110_2025-08-04_17-34-46.webp.webp?fit=1200%2C675&ssl=1&resize=350%2C200","width":350,"height":200,"srcset":"https:\/\/i0.wp.com\/noticiasribeiraopreto.com.br\/wp-content\/uploads\/2025\/08\/Copia-de-Copia-de-Copia-de-TAMANHO-EXATO-PARA-FOTOS-NO-SISTEMA-NOVO-2025-08-04T143428.110_2025-08-04_17-34-46.webp.webp?fit=1200%2C675&ssl=1&resize=350%2C200 1x, https:\/\/i0.wp.com\/noticiasribeiraopreto.com.br\/wp-content\/uploads\/2025\/08\/Copia-de-Copia-de-Copia-de-TAMANHO-EXATO-PARA-FOTOS-NO-SISTEMA-NOVO-2025-08-04T143428.110_2025-08-04_17-34-46.webp.webp?fit=1200%2C675&ssl=1&resize=525%2C300 1.5x, https:\/\/i0.wp.com\/noticiasribeiraopreto.com.br\/wp-content\/uploads\/2025\/08\/Copia-de-Copia-de-Copia-de-TAMANHO-EXATO-PARA-FOTOS-NO-SISTEMA-NOVO-2025-08-04T143428.110_2025-08-04_17-34-46.webp.webp?fit=1200%2C675&ssl=1&resize=700%2C400 2x, https:\/\/i0.wp.com\/noticiasribeiraopreto.com.br\/wp-content\/uploads\/2025\/08\/Copia-de-Copia-de-Copia-de-TAMANHO-EXATO-PARA-FOTOS-NO-SISTEMA-NOVO-2025-08-04T143428.110_2025-08-04_17-34-46.webp.webp?fit=1200%2C675&ssl=1&resize=1050%2C600 3x"},"classes":[]},{"id":64676,"url":"https:\/\/noticiasribeiraopreto.com.br\/index.php\/2025\/03\/11\/hc-ribeirao-e-usp-abrem-concursos-publicos-com-salarios-de-ate-r-15-mil\/","url_meta":{"origin":73220,"position":4},"title":"HC Ribeir\u00e3o e USP abrem concursos p\u00fablicos com sal\u00e1rios de at\u00e9 R$ 15 mil","author":"noticiasribeiraopreto.com.br","date":"11 de March de 2025","format":false,"excerpt":"O HC-RP (Hospital das Cl\u00ednicas de Ribeir\u00e3o Preto) e a USP (Universidade de S\u00e3o Paulo) publicaram nesta ter\u00e7a-feira (11) tr\u00eas editais de concurso p\u00fablico. Os sal\u00e1rios para os cargos variam entre R$ 2,7 mil e R$ 15,4 mil. Veja as vagas USP A Escola de Enfermagem de Ribeir\u00e3o Preto da\u2026","rel":"","context":"In &quot;Not\u00edcias de Ribeir\u00e3o Preto-SP e Regi\u00e3o&quot;","block_context":{"text":"Not\u00edcias de Ribeir\u00e3o Preto-SP e Regi\u00e3o","link":"https:\/\/noticiasribeiraopreto.com.br\/index.php\/category\/noticias-de-ribeirao-preto-sp-e-regiao-ismael-colosi\/"},"img":{"alt_text":"","src":"https:\/\/i0.wp.com\/noticiasribeiraopreto.com.br\/wp-content\/uploads\/2025\/01\/Copia-de-Copia-de-TAMANHO-EXATO-PARA-FOTOS-NO-SISTEMA-NOVO_2024-07-10_14-29-47_jpg_2024-07-10_14-29-47.webp.webp?fit=1200%2C675&ssl=1&resize=350%2C200","width":350,"height":200,"srcset":"https:\/\/i0.wp.com\/noticiasribeiraopreto.com.br\/wp-content\/uploads\/2025\/01\/Copia-de-Copia-de-TAMANHO-EXATO-PARA-FOTOS-NO-SISTEMA-NOVO_2024-07-10_14-29-47_jpg_2024-07-10_14-29-47.webp.webp?fit=1200%2C675&ssl=1&resize=350%2C200 1x, https:\/\/i0.wp.com\/noticiasribeiraopreto.com.br\/wp-content\/uploads\/2025\/01\/Copia-de-Copia-de-TAMANHO-EXATO-PARA-FOTOS-NO-SISTEMA-NOVO_2024-07-10_14-29-47_jpg_2024-07-10_14-29-47.webp.webp?fit=1200%2C675&ssl=1&resize=525%2C300 1.5x, https:\/\/i0.wp.com\/noticiasribeiraopreto.com.br\/wp-content\/uploads\/2025\/01\/Copia-de-Copia-de-TAMANHO-EXATO-PARA-FOTOS-NO-SISTEMA-NOVO_2024-07-10_14-29-47_jpg_2024-07-10_14-29-47.webp.webp?fit=1200%2C675&ssl=1&resize=700%2C400 2x, https:\/\/i0.wp.com\/noticiasribeiraopreto.com.br\/wp-content\/uploads\/2025\/01\/Copia-de-Copia-de-TAMANHO-EXATO-PARA-FOTOS-NO-SISTEMA-NOVO_2024-07-10_14-29-47_jpg_2024-07-10_14-29-47.webp.webp?fit=1200%2C675&ssl=1&resize=1050%2C600 3x"},"classes":[]},{"id":62959,"url":"https:\/\/noticiasribeiraopreto.com.br\/index.php\/2025\/01\/29\/usp-abre-vagas-de-cursos-gratuitos-para-idosos-em-ribeirao-preto-veja-como-participar\/","url_meta":{"origin":73220,"position":5},"title":"USP abre vagas de cursos gratuitos para idosos em Ribeir\u00e3o Preto; veja como participar","author":"noticiasribeiraopreto.com.br","date":"29 de January de 2025","format":false,"excerpt":"Na pr\u00f3xima segunda-feira (3), a Universidade de S\u00e3o Paulo (USP) abre as inscri\u00e7\u00f5es para o programa USP 60+, destinado a pessoas com mais de 60 anos. Em Ribeir\u00e3o Preto, h\u00e1 vagas para cursos de extens\u00e3o, atividades esportivas e disciplinas regulares, todos gratuitos. Em todo o estado de S\u00e3o Paulo, s\u00e3o\u2026","rel":"","context":"In &quot;Not\u00edcias de Ribeir\u00e3o Preto-SP e Regi\u00e3o&quot;","block_context":{"text":"Not\u00edcias de Ribeir\u00e3o Preto-SP e Regi\u00e3o","link":"https:\/\/noticiasribeiraopreto.com.br\/index.php\/category\/noticias-de-ribeirao-preto-sp-e-regiao-ismael-colosi\/"},"img":{"alt_text":"","src":"https:\/\/i0.wp.com\/noticiasribeiraopreto.com.br\/wp-content\/uploads\/2025\/01\/campus-usp-ribeirao-preto_2025-01-27_15-21-07_jpg_2025-01-27_15-21-07.webp.webp?fit=1200%2C900&ssl=1&resize=350%2C200","width":350,"height":200,"srcset":"https:\/\/i0.wp.com\/noticiasribeiraopreto.com.br\/wp-content\/uploads\/2025\/01\/campus-usp-ribeirao-preto_2025-01-27_15-21-07_jpg_2025-01-27_15-21-07.webp.webp?fit=1200%2C900&ssl=1&resize=350%2C200 1x, https:\/\/i0.wp.com\/noticiasribeiraopreto.com.br\/wp-content\/uploads\/2025\/01\/campus-usp-ribeirao-preto_2025-01-27_15-21-07_jpg_2025-01-27_15-21-07.webp.webp?fit=1200%2C900&ssl=1&resize=525%2C300 1.5x, https:\/\/i0.wp.com\/noticiasribeiraopreto.com.br\/wp-content\/uploads\/2025\/01\/campus-usp-ribeirao-preto_2025-01-27_15-21-07_jpg_2025-01-27_15-21-07.webp.webp?fit=1200%2C900&ssl=1&resize=700%2C400 2x, https:\/\/i0.wp.com\/noticiasribeiraopreto.com.br\/wp-content\/uploads\/2025\/01\/campus-usp-ribeirao-preto_2025-01-27_15-21-07_jpg_2025-01-27_15-21-07.webp.webp?fit=1200%2C900&ssl=1&resize=1050%2C600 3x"},"classes":[]}],"jetpack_sharing_enabled":true,"jetpack_shortlink":"https:\/\/wp.me\/peQAOb-j2Y","_links":{"self":[{"href":"https:\/\/noticiasribeiraopreto.com.br\/index.php\/wp-json\/wp\/v2\/posts\/73220","targetHints":{"allow":["GET"]}}],"collection":[{"href":"https:\/\/noticiasribeiraopreto.com.br\/index.php\/wp-json\/wp\/v2\/posts"}],"about":[{"href":"https:\/\/noticiasribeiraopreto.com.br\/index.php\/wp-json\/wp\/v2\/types\/post"}],"author":[{"embeddable":true,"href":"https:\/\/noticiasribeiraopreto.com.br\/index.php\/wp-json\/wp\/v2\/users\/1"}],"replies":[{"embeddable":true,"href":"https:\/\/noticiasribeiraopreto.com.br\/index.php\/wp-json\/wp\/v2\/comments?post=73220"}],"version-history":[{"count":0,"href":"https:\/\/noticiasribeiraopreto.com.br\/index.php\/wp-json\/wp\/v2\/posts\/73220\/revisions"}],"wp:featuredmedia":[{"embeddable":true,"href":"https:\/\/noticiasribeiraopreto.com.br\/index.php\/wp-json\/wp\/v2\/media\/73221"}],"wp:attachment":[{"href":"https:\/\/noticiasribeiraopreto.com.br\/index.php\/wp-json\/wp\/v2\/media?parent=73220"}],"wp:term":[{"taxonomy":"category","embeddable":true,"href":"https:\/\/noticiasribeiraopreto.com.br\/index.php\/wp-json\/wp\/v2\/categories?post=73220"},{"taxonomy":"post_tag","embeddable":true,"href":"https:\/\/noticiasribeiraopreto.com.br\/index.php\/wp-json\/wp\/v2\/tags?post=73220"}],"curies":[{"name":"wp","href":"https:\/\/api.w.org\/{rel}","templated":true}]}}