{"id":73224,"date":"2025-06-27T13:19:16","date_gmt":"2025-06-27T16:19:16","guid":{"rendered":"https:\/\/noticiasribeiraopreto.com.br\/index.php\/2025\/06\/27\/policia-indicia-elizabete-e-garnica-pela-morte-de-larissa\/"},"modified":"2025-06-27T13:19:16","modified_gmt":"2025-06-27T16:19:16","slug":"policia-indicia-elizabete-e-garnica-pela-morte-de-larissa","status":"publish","type":"post","link":"https:\/\/noticiasribeiraopreto.com.br\/index.php\/2025\/06\/27\/policia-indicia-elizabete-e-garnica-pela-morte-de-larissa\/","title":{"rendered":"Pol\u00edcia indicia Elizabete e Garnica pela morte de Larissa"},"content":{"rendered":"<div class='code-block code-block-1' style='margin: 8px 0 8px auto; text-align: right; display: block; clear: both;'>\n<p><a href=\"https:\/\/wa.link\/vpicfd\"><img data-recalc-dims=\"1\" class=\"wp-image-4922\" style=\"aspect-ratio: 2.0253164556962027; width: 561px; height: auto;\" src=\"https:\/\/i0.wp.com\/ismaelcolosi.com.br\/wp-content\/uploads\/2023\/11\/grupo-de-empregos-whatsapp-e-facebook-ismael-colosi-vagas.jpg?ssl=1\" alt=\"\" \/><\/a><\/p>\n<!-- \/wp:image -->\n<\/div>\n<p> <br \/>\n<\/p>\n<div>\n<p>Por: Adalberto Luque<\/p>\n<p>Em entrevista coletiva, na manh\u00e3 desta sexta-feira (27), o delegado Fernando Bravo, respons\u00e1vel pela investiga\u00e7\u00e3o das mortes por envenenamento de Larissa Talle Le\u00f4ncio e Nathalia Garnica, e o diretor da Divis\u00e3o Especializada de Investiga\u00e7\u00f5es Criminais (DEIC), Jos\u00e9 Carvalho de Ara\u00fajo, informaram que o inqu\u00e9rito que Elizabete Eug\u00eanio Arraba\u00e7a Garnica e seu filho Luiz Ant\u00f4nio Garnica, foram indiciados pela morte de Larissa.<\/p>\n<p>Segundo Bravo, Elizabete foi indiciada por homic\u00eddio qualificado e Garnica por feminic\u00eddio. Larissa foi encontrada morta em seu apartamento na manh\u00e3 de 22 de mar\u00e7o pelo marido, o m\u00e9dico Luiz Ant\u00f4nio Garnica, um dos suspeitos do envenenamento.<\/p>\n<p>Para o delegado, existe a convic\u00e7\u00e3o de que Garnica teria preparado v\u00e1rios \u00e1libis entre a noite de 21 e a manh\u00e3 de 22 de mar\u00e7o. Segundo Bravo, Garnica foi ao cinema com sua amante para ser visto. Ele passou a noite em companhia da namorada.<\/p>\n<figure id=\"attachment_429957\" aria-describedby=\"caption-attachment-429957\" style=\"width: 1599px\" class=\"wp-caption alignnone\"><img data-recalc-dims=\"1\" loading=\"lazy\" decoding=\"async\" class=\"size-full wp-image-429957\" src=\"https:\/\/i0.wp.com\/www.tribunaribeirao.com.br\/wp-content\/uploads\/2025\/06\/27-jun-2025-coletivabetechumbinho1.jpg?resize=1599%2C1066&#038;ssl=1\" alt=\"\" width=\"1599\" height=\"1066\" srcset=\"https:\/\/www.tribunaribeirao.com.br\/wp-content\/uploads\/2025\/06\/27-jun-2025-coletivabetechumbinho1.jpg 1599w, https:\/\/www.tribunaribeirao.com.br\/wp-content\/uploads\/2025\/06\/27-jun-2025-coletivabetechumbinho1-300x200.jpg 300w, https:\/\/www.tribunaribeirao.com.br\/wp-content\/uploads\/2025\/06\/27-jun-2025-coletivabetechumbinho1-1024x683.jpg 1024w, https:\/\/www.tribunaribeirao.com.br\/wp-content\/uploads\/2025\/06\/27-jun-2025-coletivabetechumbinho1-768x512.jpg 768w, https:\/\/www.tribunaribeirao.com.br\/wp-content\/uploads\/2025\/06\/27-jun-2025-coletivabetechumbinho1-1536x1024.jpg 1536w, https:\/\/www.tribunaribeirao.com.br\/wp-content\/uploads\/2025\/06\/27-jun-2025-coletivabetechumbinho1-480x320.jpg 480w, https:\/\/www.tribunaribeirao.com.br\/wp-content\/uploads\/2025\/06\/27-jun-2025-coletivabetechumbinho1-280x186.jpg 280w, https:\/\/www.tribunaribeirao.com.br\/wp-content\/uploads\/2025\/06\/27-jun-2025-coletivabetechumbinho1-960x640.jpg 960w, https:\/\/www.tribunaribeirao.com.br\/wp-content\/uploads\/2025\/06\/27-jun-2025-coletivabetechumbinho1-600x400.jpg 600w, https:\/\/www.tribunaribeirao.com.br\/wp-content\/uploads\/2025\/06\/27-jun-2025-coletivabetechumbinho1-585x390.jpg 585w\" sizes=\"auto, (max-width: 1599px) 100vw, 1599px\"\/><figcaption id=\"caption-attachment-429957\" class=\"wp-caption-text\">Os delegados Bravo e Ara\u00fajo: crime macabro (Foto: Alfredo Risk)<\/figcaption><\/figure>\n<p>Antes de voltar para o apartamento onde morava com Larissa, ele passou em uma padaria e comprou um croissant. S\u00f3 depois das 09h00 \u00e9 que foi para o apartamento, quando teria encontrado a mulher sem vida.<\/p>\n<p>Bravo acrescenta que ele teria mandado mensagem sobre a morte de Larissa para a amante e, s\u00f3 ent\u00e3o, acionou o Servi\u00e7o de Atendimento M\u00f3vel de Urg\u00eancia (SAMU), ainda dando a entender que Larissa estaria viva e ele fez massagem card\u00edaca.<\/p>\n<p>\u201cAs provas indicam que Larissa foi envenenada por Elizabete. Na carta [que ela escreveu na penitenci\u00e1ria], h\u00e1 v\u00e1rios indicativos que isso ocorreu atrav\u00e9s de rem\u00e9dios e acreditamos que isso possa ter envenenado Larissa\u201d, explicou Bravo.<\/p>\n<figure id=\"attachment_429958\" aria-describedby=\"caption-attachment-429958\" style=\"width: 1599px\" class=\"wp-caption alignnone\"><img data-recalc-dims=\"1\" loading=\"lazy\" decoding=\"async\" class=\"size-full wp-image-429958\" src=\"https:\/\/i0.wp.com\/www.tribunaribeirao.com.br\/wp-content\/uploads\/2025\/06\/27-jun-2025-coletivabetechumbinho2.jpg?resize=1599%2C1066&#038;ssl=1\" alt=\"\" width=\"1599\" height=\"1066\" srcset=\"https:\/\/www.tribunaribeirao.com.br\/wp-content\/uploads\/2025\/06\/27-jun-2025-coletivabetechumbinho2.jpg 1599w, https:\/\/www.tribunaribeirao.com.br\/wp-content\/uploads\/2025\/06\/27-jun-2025-coletivabetechumbinho2-300x200.jpg 300w, https:\/\/www.tribunaribeirao.com.br\/wp-content\/uploads\/2025\/06\/27-jun-2025-coletivabetechumbinho2-1024x683.jpg 1024w, https:\/\/www.tribunaribeirao.com.br\/wp-content\/uploads\/2025\/06\/27-jun-2025-coletivabetechumbinho2-768x512.jpg 768w, https:\/\/www.tribunaribeirao.com.br\/wp-content\/uploads\/2025\/06\/27-jun-2025-coletivabetechumbinho2-1536x1024.jpg 1536w, https:\/\/www.tribunaribeirao.com.br\/wp-content\/uploads\/2025\/06\/27-jun-2025-coletivabetechumbinho2-480x320.jpg 480w, https:\/\/www.tribunaribeirao.com.br\/wp-content\/uploads\/2025\/06\/27-jun-2025-coletivabetechumbinho2-280x186.jpg 280w, https:\/\/www.tribunaribeirao.com.br\/wp-content\/uploads\/2025\/06\/27-jun-2025-coletivabetechumbinho2-960x640.jpg 960w, https:\/\/www.tribunaribeirao.com.br\/wp-content\/uploads\/2025\/06\/27-jun-2025-coletivabetechumbinho2-600x400.jpg 600w, https:\/\/www.tribunaribeirao.com.br\/wp-content\/uploads\/2025\/06\/27-jun-2025-coletivabetechumbinho2-585x390.jpg 585w\" sizes=\"auto, (max-width: 1599px) 100vw, 1599px\"\/><figcaption id=\"caption-attachment-429958\" class=\"wp-caption-text\">Ferrnando Bravo indiciou Elizabete por homic\u00eddio e Garnica por feminic\u00eddio no inqu\u00e9rito que apura a morte da professora (Foto: Alfredo Risk)<\/figcaption><\/figure>\n<p>O delegado destacou que todas as provas indicam que houve premedita\u00e7\u00e3o. Sobre os celulares, o delegado informou que o que pode ser recuperado ajudou nas investiga\u00e7\u00f5es e foi anexado ao inqu\u00e9rito. O que foi apagado e n\u00e3o foi recuperado acabou perdido, de acordo com Bravo.<\/p>\n<p>O diretor da DEIC definiu o crime como macabro. \u201cFicamos sensibilizados pelo fato de serem familiares. Isso deixa qualquer cidad\u00e3o inconformado com o que aconteceu, matar por motivos financeiros. N\u00e3o d\u00e1 nem para acreditar\u201d, observou Ara\u00fajo.<\/p>\n<p><strong>Caso Nathalia<\/strong><\/p>\n<p>Apesar das semelhan\u00e7as nos dois casos, o titular da Delegacia de Homic\u00eddios disse que o caso Nath\u00e1lia continua em aberto. Ele explicou que ainda h\u00e1 muitos depoimentos a serem tomados, v\u00e1rias dilig\u00eancias e que tamb\u00e9m falta a contraprova do exame feito durante a exuma\u00e7\u00e3o do corpo de Nathalia que apontou a presen\u00e7a de \u201cchumbinho\u201d.<\/p>\n<figure id=\"attachment_425280\" aria-describedby=\"caption-attachment-425280\" style=\"width: 1200px\" class=\"wp-caption alignnone\"><img data-recalc-dims=\"1\" loading=\"lazy\" decoding=\"async\" class=\"size-full wp-image-425280\" src=\"https:\/\/i0.wp.com\/www.tribunaribeirao.com.br\/wp-content\/uploads\/2025\/05\/Larissa-6.jpg?resize=1200%2C800&#038;ssl=1\" alt=\"\" width=\"1200\" height=\"800\" srcset=\"https:\/\/www.tribunaribeirao.com.br\/wp-content\/uploads\/2025\/05\/Larissa-6.jpg 1200w, https:\/\/www.tribunaribeirao.com.br\/wp-content\/uploads\/2025\/05\/Larissa-6-300x200.jpg 300w, https:\/\/www.tribunaribeirao.com.br\/wp-content\/uploads\/2025\/05\/Larissa-6-1024x683.jpg 1024w, https:\/\/www.tribunaribeirao.com.br\/wp-content\/uploads\/2025\/05\/Larissa-6-768x512.jpg 768w, https:\/\/www.tribunaribeirao.com.br\/wp-content\/uploads\/2025\/05\/Larissa-6-480x320.jpg 480w, https:\/\/www.tribunaribeirao.com.br\/wp-content\/uploads\/2025\/05\/Larissa-6-280x186.jpg 280w, https:\/\/www.tribunaribeirao.com.br\/wp-content\/uploads\/2025\/05\/Larissa-6-960x640.jpg 960w, https:\/\/www.tribunaribeirao.com.br\/wp-content\/uploads\/2025\/05\/Larissa-6-600x400.jpg 600w, https:\/\/www.tribunaribeirao.com.br\/wp-content\/uploads\/2025\/05\/Larissa-6-585x390.jpg 585w\" sizes=\"auto, (max-width: 1200px) 100vw, 1200px\"\/><figcaption id=\"caption-attachment-425280\" class=\"wp-caption-text\">Para delegado, o m\u00e9dico produziu \u00e1libis perfeitos para tentar se desvincular da morte da esposa Larissa (Foto: Redes Sociais)<\/figcaption><\/figure>\n<p>Para o delegado, todavia, apesar de ambas serem envenenadas pela mesma subst\u00e2ncia, os elementos ativos eram diferentes, o que derruba, segundo Bravo, a narrativa de Elizabete em carta escrita na penitenci\u00e1ria, informando que ela apanhou um medicamento na casa da filha, rec\u00e9m-falecida, e teria dado um comprimido para Larissa, a pedido da pr\u00f3pria nora.<\/p>\n<p>Bravo admitiu, inclusive, que pode pedir a exuma\u00e7\u00e3o do corpo do c\u00e3ozinho de Nathalia, que morreu 15 dias antes da tutora. No curso das investiga\u00e7\u00f5es, o delegado disse que o celular de Viviane, outra filha de Elizabete, foi apreendido e est\u00e1 sendo periciado. O delegado n\u00e3o descarta que ela tamb\u00e9m possa ser suspeita do crime.<\/p>\n<p>Por mais que a defesa de Garnica insista na tese de que o m\u00e9dico n\u00e3o participou da morte da professora e que seria uma poss\u00edvel pr\u00f3xima v\u00edtima da m\u00e3e, Bravo aponta que ambos foram beneficiados com as mortes de Larissa e Nathalia, pois ambas tinham bens e, respectivamente, Garnica e Elizabete seriam favorecidos diretos e ambos teriam problemas financeiros \u2013 embora o delegado esteja aguardando os dados solicitados com o pedido de quebra de sigilo banc\u00e1rio dos envolvidos.<\/p>\n<p><strong>MP<\/strong><\/p>\n<p>O representante do Minist\u00e9rio P\u00fablico de S\u00e3o Paulo (MPSP), Marcus T\u00falio Nicolini, j\u00e1 adiantou que vai apresentar den\u00fancia tanto contra Garnica, quanto contra Elizabete. O MP j\u00e1 estaria convicto da participa\u00e7\u00e3o de ambos no envenenamento de Larissa.<\/p>\n<p>A pris\u00e3o tempor\u00e1ria dos Garnica vence na pr\u00f3xima semana, mas o delegado pediu a pris\u00e3o preventiva dos dois. Sobre um poss\u00edvel vazamento do depoimento de Elizabete e Garnica feito por videoconfer\u00eancia na quarta-feira (25), o delegado garantiu que isso n\u00e3o foi feito pela Pol\u00edcia Civil e n\u00e3o cabe a ele investigar isso.<\/p>\n<p>A reportagem n\u00e3o conseguiu falar com as defesas dos indiciados, mas segue tentando contato com ambos.<\/p>\n<p>\u00a0<\/p>\n<p>______<\/p>\n<p>\u00a0<\/p>\n<p>Jornal Tribuna Ribeir\u00e3o<br \/>Um Jornal com a cara de Ribeir\u00e3o!<\/p>\n<p>Impresso | WEB | Redes sociais<br \/>Tribuna Ribeir\u00e3o \u2013 Fone: (16) 3632-2200 \u2013 Whatsapp: (16) 98161-8743<br \/>Av. Bar\u00e3o do Bananal, 880 \u2013 Jardim Anhanguera, Ribeir\u00e3o Preto<\/p>\n<p>@tribunaribeirao<br \/>@meiaderibeirao<br \/>@dinoderibeirao<br \/>#TribunaRibeir\u00e3o<br \/>#News<br \/>#Not\u00edcia<br \/>#Ribeir\u00e3oPreto #Not\u00edciasDeRibeir\u00e3oPreto<br \/>#ClassificadosTribunaRibeir\u00e3o<br \/>#Jornalismo<br \/>#ClassificadosRibeir\u00e3o<\/p>\n<\/div>\n<p><br \/>\n<br \/><a href=\"https:\/\/www.tribunaribeirao.com.br\/policia-indicia-elizabete-e-garnica-pela-morte-de-larissa\/\">Source link <\/a><\/p>\n<!-- CONTENT END 1 -->\n","protected":false},"excerpt":{"rendered":"<p>Por: Adalberto Luque Em entrevista coletiva, na manh\u00e3 desta sexta-feira (27), o delegado Fernando Bravo, respons\u00e1vel pela investiga\u00e7\u00e3o das mortes por envenenamento de Larissa Talle&#8230;<\/p>\n","protected":false},"author":1,"featured_media":73225,"comment_status":"open","ping_status":"open","sticky":false,"template":"","format":"standard","meta":{"advanced_seo_description":"","jetpack_seo_html_title":"","jetpack_seo_noindex":false,"jetpack_post_was_ever_published":false,"_jetpack_newsletter_access":"","_jetpack_dont_email_post_to_subs":false,"_jetpack_newsletter_tier_id":0,"_jetpack_memberships_contains_paywalled_content":false,"_jetpack_memberships_contains_paid_content":false,"footnotes":"","jetpack_publicize_message":"","jetpack_publicize_feature_enabled":true,"jetpack_social_post_already_shared":true,"jetpack_social_options":{"image_generator_settings":{"template":"highway","default_image_id":0,"font":"","enabled":false},"version":2}},"categories":[11],"tags":[],"class_list":["post-73224","post","type-post","status-publish","format-standard","has-post-thumbnail","hentry","category-noticias-de-ribeirao-preto-sp-e-regiao-ismael-colosi"],"jetpack_publicize_connections":[],"jetpack_featured_media_url":"https:\/\/i0.wp.com\/noticiasribeiraopreto.com.br\/wp-content\/uploads\/2025\/06\/1751041156_garnica_elisabete.jpg?fit=720%2C656&ssl=1","jetpack-related-posts":[{"id":77147,"url":"https:\/\/noticiasribeiraopreto.com.br\/index.php\/2025\/09\/12\/delegado-deve-indiciar-so-elizabete-por-morte-de-nathalia\/","url_meta":{"origin":73224,"position":0},"title":"Delegado deve indiciar s\u00f3 Elizabete por morte de Nathalia","author":"noticiasribeiraopreto.com.br","date":"12 de September de 2025","format":false,"excerpt":"Por: Adalberto Luque O delegado Fernando Bravo, respons\u00e1vel pela apura\u00e7\u00e3o da morte por envenenamento de Nathalia Garnica adiantou que deve indiciar apenas sua m\u00e3e, Elizabete Eug\u00eanio Arraba\u00e7a, de 68 anos pelo homic\u00eddio. Elizabete e o filho, Luiz Ant\u00f4nio Garnica, de 38 anos, s\u00e3o r\u00e9us em processo que tramita na 2\u00aa\u2026","rel":"","context":"In &quot;Not\u00edcias de Ribeir\u00e3o Preto-SP e Regi\u00e3o&quot;","block_context":{"text":"Not\u00edcias de Ribeir\u00e3o Preto-SP e Regi\u00e3o","link":"https:\/\/noticiasribeiraopreto.com.br\/index.php\/category\/noticias-de-ribeirao-preto-sp-e-regiao-ismael-colosi\/"},"img":{"alt_text":"","src":"https:\/\/i0.wp.com\/noticiasribeiraopreto.com.br\/wp-content\/uploads\/2025\/09\/12-set-2025-betechumbinhonathalia1.jpg?fit=906%2C752&ssl=1&resize=350%2C200","width":350,"height":200,"srcset":"https:\/\/i0.wp.com\/noticiasribeiraopreto.com.br\/wp-content\/uploads\/2025\/09\/12-set-2025-betechumbinhonathalia1.jpg?fit=906%2C752&ssl=1&resize=350%2C200 1x, https:\/\/i0.wp.com\/noticiasribeiraopreto.com.br\/wp-content\/uploads\/2025\/09\/12-set-2025-betechumbinhonathalia1.jpg?fit=906%2C752&ssl=1&resize=525%2C300 1.5x, https:\/\/i0.wp.com\/noticiasribeiraopreto.com.br\/wp-content\/uploads\/2025\/09\/12-set-2025-betechumbinhonathalia1.jpg?fit=906%2C752&ssl=1&resize=700%2C400 2x"},"classes":[]},{"id":78592,"url":"https:\/\/noticiasribeiraopreto.com.br\/index.php\/2025\/10\/14\/audiencia-marca-ultimo-dia-de-depoimentos-no-caso-larissa\/","url_meta":{"origin":73224,"position":1},"title":"Audi\u00eancia marca \u00faltimo dia de depoimentos no caso Larissa","author":"noticiasribeiraopreto.com.br","date":"14 de October de 2025","format":false,"excerpt":"Por: Adalberto Luque O F\u00f3rum Criminal de Ribeir\u00e3o Preto recebeu, a partir desta ter\u00e7a-feira, 14 de outubro, a terceira etapa de depoimentos da audi\u00eancia de cust\u00f3dia que vai definir os rumos do caso da professora de pilates Larissa Talle Le\u00f4ncio Rodrigues, de 37 anos, morta por envenenamento em 22 de\u2026","rel":"","context":"In &quot;Not\u00edcias de Ribeir\u00e3o Preto-SP e Regi\u00e3o&quot;","block_context":{"text":"Not\u00edcias de Ribeir\u00e3o Preto-SP e Regi\u00e3o","link":"https:\/\/noticiasribeiraopreto.com.br\/index.php\/category\/noticias-de-ribeirao-preto-sp-e-regiao-ismael-colosi\/"},"img":{"alt_text":"","src":"https:\/\/i0.wp.com\/noticiasribeiraopreto.com.br\/wp-content\/uploads\/2025\/10\/10-set-2025-casolarissa.jpg?fit=958%2C503&ssl=1&resize=350%2C200","width":350,"height":200,"srcset":"https:\/\/i0.wp.com\/noticiasribeiraopreto.com.br\/wp-content\/uploads\/2025\/10\/10-set-2025-casolarissa.jpg?fit=958%2C503&ssl=1&resize=350%2C200 1x, https:\/\/i0.wp.com\/noticiasribeiraopreto.com.br\/wp-content\/uploads\/2025\/10\/10-set-2025-casolarissa.jpg?fit=958%2C503&ssl=1&resize=525%2C300 1.5x, https:\/\/i0.wp.com\/noticiasribeiraopreto.com.br\/wp-content\/uploads\/2025\/10\/10-set-2025-casolarissa.jpg?fit=958%2C503&ssl=1&resize=700%2C400 2x"},"classes":[]},{"id":78430,"url":"https:\/\/noticiasribeiraopreto.com.br\/index.php\/2025\/10\/10\/justica-retoma-depoimentos-do-caso-larissa\/","url_meta":{"origin":73224,"position":2},"title":"Justi\u00e7a retoma depoimentos do caso Larissa","author":"noticiasribeiraopreto.com.br","date":"10 de October de 2025","format":false,"excerpt":"Por: Adalberto Luque O juiz Jos\u00e9 Roberto Bernardi Liberal, da 2\u00aa Vara do J\u00fari e das Execu\u00e7\u00f5es Criminais de Ribeir\u00e3o Preto, retomou nesta sexta-feira, 10 de outubro, o calend\u00e1rio de audi\u00eancias de instru\u00e7\u00e3o com depoimentos de seis testemunhas de acusa\u00e7\u00e3o no caso que envolve a morte da professora de pilates\u2026","rel":"","context":"In &quot;Not\u00edcias de Ribeir\u00e3o Preto-SP e Regi\u00e3o&quot;","block_context":{"text":"Not\u00edcias de Ribeir\u00e3o Preto-SP e Regi\u00e3o","link":"https:\/\/noticiasribeiraopreto.com.br\/index.php\/category\/noticias-de-ribeirao-preto-sp-e-regiao-ismael-colosi\/"},"img":{"alt_text":"","src":"https:\/\/i0.wp.com\/noticiasribeiraopreto.com.br\/wp-content\/uploads\/2025\/10\/05-mai-2025-professorabotanico.jpg?fit=759%2C771&ssl=1&resize=350%2C200","width":350,"height":200,"srcset":"https:\/\/i0.wp.com\/noticiasribeiraopreto.com.br\/wp-content\/uploads\/2025\/10\/05-mai-2025-professorabotanico.jpg?fit=759%2C771&ssl=1&resize=350%2C200 1x, https:\/\/i0.wp.com\/noticiasribeiraopreto.com.br\/wp-content\/uploads\/2025\/10\/05-mai-2025-professorabotanico.jpg?fit=759%2C771&ssl=1&resize=525%2C300 1.5x, https:\/\/i0.wp.com\/noticiasribeiraopreto.com.br\/wp-content\/uploads\/2025\/10\/05-mai-2025-professorabotanico.jpg?fit=759%2C771&ssl=1&resize=700%2C400 2x"},"classes":[]},{"id":73041,"url":"https:\/\/noticiasribeiraopreto.com.br\/index.php\/2025\/06\/24\/caso-larissa-pai-e-irma-de-nathalia-prestam-depoimento\/","url_meta":{"origin":73224,"position":3},"title":"CASO LARISSA: Pai e irm\u00e3 de Nathalia prestam depoimento","author":"noticiasribeiraopreto.com.br","date":"24 de June de 2025","format":false,"excerpt":"Ex-marido afirma que Elizabete fez seguro de vida em seu nome sem seu conhecimento 24 de junho de 2025 13:003 Compartilhar1 Por: Adalberto Luque Ant\u00f4nio Garnica e sua filha, Viviane Garnica Miotto, prestaram depoimento na manh\u00e3 desta ter\u00e7a-feira (24) no \u00e2mbito das investiga\u00e7\u00f5es sobre as mortes por envenenamento da professora\u2026","rel":"","context":"In &quot;Not\u00edcias de Ribeir\u00e3o Preto-SP e Regi\u00e3o&quot;","block_context":{"text":"Not\u00edcias de Ribeir\u00e3o Preto-SP e Regi\u00e3o","link":"https:\/\/noticiasribeiraopreto.com.br\/index.php\/category\/noticias-de-ribeirao-preto-sp-e-regiao-ismael-colosi\/"},"img":{"alt_text":"","src":"https:\/\/i0.wp.com\/noticiasribeiraopreto.com.br\/wp-content\/uploads\/2025\/06\/23-mai-2025-00exumacaonathalia.jpg?fit=850%2C584&ssl=1&resize=350%2C200","width":350,"height":200,"srcset":"https:\/\/i0.wp.com\/noticiasribeiraopreto.com.br\/wp-content\/uploads\/2025\/06\/23-mai-2025-00exumacaonathalia.jpg?fit=850%2C584&ssl=1&resize=350%2C200 1x, https:\/\/i0.wp.com\/noticiasribeiraopreto.com.br\/wp-content\/uploads\/2025\/06\/23-mai-2025-00exumacaonathalia.jpg?fit=850%2C584&ssl=1&resize=525%2C300 1.5x, https:\/\/i0.wp.com\/noticiasribeiraopreto.com.br\/wp-content\/uploads\/2025\/06\/23-mai-2025-00exumacaonathalia.jpg?fit=850%2C584&ssl=1&resize=700%2C400 2x"},"classes":[]},{"id":73316,"url":"https:\/\/noticiasribeiraopreto.com.br\/index.php\/2025\/06\/29\/envenenamento-por-chumbinho-entenda-a-ligacao-entre-as-mortes-de-larissa-e-nathalia\/","url_meta":{"origin":73224,"position":4},"title":"Envenenamento por chumbinho: entenda a liga\u00e7\u00e3o entre as mortes de Larissa e Nath\u00e1lia","author":"noticiasribeiraopreto.com.br","date":"29 de June de 2025","format":false,"excerpt":"A Pol\u00edcia Civil e o Minist\u00e9rio P\u00fablico investigam Elizabete Arraba\u00e7a por suspeita de envolvimento nas mortes da filha, Nath\u00e1lia Garnica, e da nora, a professora de pilates Larissa Rodrigues. Elizabete esteve com as v\u00edtimas um dia antes das mortes; inicialmente, as autoridades trataram os casos como naturais. No entanto, exames\u2026","rel":"","context":"In &quot;Not\u00edcias de Ribeir\u00e3o Preto-SP e Regi\u00e3o&quot;","block_context":{"text":"Not\u00edcias de Ribeir\u00e3o Preto-SP e Regi\u00e3o","link":"https:\/\/noticiasribeiraopreto.com.br\/index.php\/category\/noticias-de-ribeirao-preto-sp-e-regiao-ismael-colosi\/"},"img":{"alt_text":"","src":"https:\/\/i0.wp.com\/noticiasribeiraopreto.com.br\/wp-content\/uploads\/2025\/06\/Copia-de-Copia-de-Copia-de-TAMANHO-EXATO-PARA-FOTOS-NO-SISTEMA-NOVO-2025-06-29T115635.342_2025-06-29_14-57-44.webp.webp?fit=1200%2C675&ssl=1&resize=350%2C200","width":350,"height":200,"srcset":"https:\/\/i0.wp.com\/noticiasribeiraopreto.com.br\/wp-content\/uploads\/2025\/06\/Copia-de-Copia-de-Copia-de-TAMANHO-EXATO-PARA-FOTOS-NO-SISTEMA-NOVO-2025-06-29T115635.342_2025-06-29_14-57-44.webp.webp?fit=1200%2C675&ssl=1&resize=350%2C200 1x, https:\/\/i0.wp.com\/noticiasribeiraopreto.com.br\/wp-content\/uploads\/2025\/06\/Copia-de-Copia-de-Copia-de-TAMANHO-EXATO-PARA-FOTOS-NO-SISTEMA-NOVO-2025-06-29T115635.342_2025-06-29_14-57-44.webp.webp?fit=1200%2C675&ssl=1&resize=525%2C300 1.5x, https:\/\/i0.wp.com\/noticiasribeiraopreto.com.br\/wp-content\/uploads\/2025\/06\/Copia-de-Copia-de-Copia-de-TAMANHO-EXATO-PARA-FOTOS-NO-SISTEMA-NOVO-2025-06-29T115635.342_2025-06-29_14-57-44.webp.webp?fit=1200%2C675&ssl=1&resize=700%2C400 2x, https:\/\/i0.wp.com\/noticiasribeiraopreto.com.br\/wp-content\/uploads\/2025\/06\/Copia-de-Copia-de-Copia-de-TAMANHO-EXATO-PARA-FOTOS-NO-SISTEMA-NOVO-2025-06-29T115635.342_2025-06-29_14-57-44.webp.webp?fit=1200%2C675&ssl=1&resize=1050%2C600 3x"},"classes":[]},{"id":78629,"url":"https:\/\/noticiasribeiraopreto.com.br\/index.php\/2025\/10\/15\/elizabete-e-indiciada-pela-morte-de-filha\/","url_meta":{"origin":73224,"position":5},"title":"Elizabete \u00e9 indiciada pela morte de filha","author":"noticiasribeiraopreto.com.br","date":"15 de October de 2025","format":false,"excerpt":"Por: Adalberto Luque O delegado da Delegacia de Homic\u00eddios da Divis\u00e3o Especializada de Investiga\u00e7\u00f5es Criminais (DEIC), Fernando Bravo, concluiu, na tarde desta ter\u00e7a-feira, 14 de outubro, o inqu\u00e9rito que apura a morte de Nathalia Pontes, de 42 anos. Ela foi morta por envenenamento e o delegado indiciou a m\u00e3e da\u2026","rel":"","context":"In &quot;Not\u00edcias de Ribeir\u00e3o Preto-SP e Regi\u00e3o&quot;","block_context":{"text":"Not\u00edcias de Ribeir\u00e3o Preto-SP e Regi\u00e3o","link":"https:\/\/noticiasribeiraopreto.com.br\/index.php\/category\/noticias-de-ribeirao-preto-sp-e-regiao-ismael-colosi\/"},"img":{"alt_text":"","src":"https:\/\/i0.wp.com\/noticiasribeiraopreto.com.br\/wp-content\/uploads\/2025\/10\/12-set-2025-betechumbinhonathalia1.jpg?fit=906%2C752&ssl=1&resize=350%2C200","width":350,"height":200,"srcset":"https:\/\/i0.wp.com\/noticiasribeiraopreto.com.br\/wp-content\/uploads\/2025\/10\/12-set-2025-betechumbinhonathalia1.jpg?fit=906%2C752&ssl=1&resize=350%2C200 1x, https:\/\/i0.wp.com\/noticiasribeiraopreto.com.br\/wp-content\/uploads\/2025\/10\/12-set-2025-betechumbinhonathalia1.jpg?fit=906%2C752&ssl=1&resize=525%2C300 1.5x, https:\/\/i0.wp.com\/noticiasribeiraopreto.com.br\/wp-content\/uploads\/2025\/10\/12-set-2025-betechumbinhonathalia1.jpg?fit=906%2C752&ssl=1&resize=700%2C400 2x"},"classes":[]}],"jetpack_sharing_enabled":true,"jetpack_shortlink":"https:\/\/wp.me\/peQAOb-j32","_links":{"self":[{"href":"https:\/\/noticiasribeiraopreto.com.br\/index.php\/wp-json\/wp\/v2\/posts\/73224","targetHints":{"allow":["GET"]}}],"collection":[{"href":"https:\/\/noticiasribeiraopreto.com.br\/index.php\/wp-json\/wp\/v2\/posts"}],"about":[{"href":"https:\/\/noticiasribeiraopreto.com.br\/index.php\/wp-json\/wp\/v2\/types\/post"}],"author":[{"embeddable":true,"href":"https:\/\/noticiasribeiraopreto.com.br\/index.php\/wp-json\/wp\/v2\/users\/1"}],"replies":[{"embeddable":true,"href":"https:\/\/noticiasribeiraopreto.com.br\/index.php\/wp-json\/wp\/v2\/comments?post=73224"}],"version-history":[{"count":0,"href":"https:\/\/noticiasribeiraopreto.com.br\/index.php\/wp-json\/wp\/v2\/posts\/73224\/revisions"}],"wp:featuredmedia":[{"embeddable":true,"href":"https:\/\/noticiasribeiraopreto.com.br\/index.php\/wp-json\/wp\/v2\/media\/73225"}],"wp:attachment":[{"href":"https:\/\/noticiasribeiraopreto.com.br\/index.php\/wp-json\/wp\/v2\/media?parent=73224"}],"wp:term":[{"taxonomy":"category","embeddable":true,"href":"https:\/\/noticiasribeiraopreto.com.br\/index.php\/wp-json\/wp\/v2\/categories?post=73224"},{"taxonomy":"post_tag","embeddable":true,"href":"https:\/\/noticiasribeiraopreto.com.br\/index.php\/wp-json\/wp\/v2\/tags?post=73224"}],"curies":[{"name":"wp","href":"https:\/\/api.w.org\/{rel}","templated":true}]}}