{"id":73226,"date":"2025-06-27T13:53:34","date_gmt":"2025-06-27T16:53:34","guid":{"rendered":"https:\/\/noticiasribeiraopreto.com.br\/index.php\/2025\/06\/27\/caso-larissa-marido-e-sogra-sao-indiciados-por-morte-de-professora-envenenada-em-ribeirao\/"},"modified":"2025-06-27T13:53:34","modified_gmt":"2025-06-27T16:53:34","slug":"caso-larissa-marido-e-sogra-sao-indiciados-por-morte-de-professora-envenenada-em-ribeirao","status":"publish","type":"post","link":"https:\/\/noticiasribeiraopreto.com.br\/index.php\/2025\/06\/27\/caso-larissa-marido-e-sogra-sao-indiciados-por-morte-de-professora-envenenada-em-ribeirao\/","title":{"rendered":"Caso Larissa: Marido e sogra s\u00e3o indiciados por morte de professora envenenada em Ribeir\u00e3o"},"content":{"rendered":"<div class='code-block code-block-1' style='margin: 8px 0 8px auto; text-align: right; display: block; clear: both;'>\n<p><a href=\"https:\/\/wa.link\/vpicfd\"><img data-recalc-dims=\"1\" class=\"wp-image-4922\" style=\"aspect-ratio: 2.0253164556962027; width: 561px; height: auto;\" src=\"https:\/\/i0.wp.com\/ismaelcolosi.com.br\/wp-content\/uploads\/2023\/11\/grupo-de-empregos-whatsapp-e-facebook-ismael-colosi-vagas.jpg?ssl=1\" alt=\"\" \/><\/a><\/p>\n<!-- \/wp:image -->\n<\/div>\n<p> <br \/>\n<\/p>\n<div data-td-block-uid=\"tdi_95\">\n<div class=\"tdb-block-inner td-fix-index\">\n<p>A <strong>Pol\u00edcia Civil<\/strong> concluiu, nesta sexta-feira (27), a investiga\u00e7\u00e3o sobre a <strong>morte da professora de pilates Larissa Rodrigues<\/strong>, envenenada em mar\u00e7o deste ano em<strong> Ribeir\u00e3o Preto<\/strong>.<\/p>\n<p><em>&gt;&gt;&gt;FIQUE POR DENTRO: Confira a cobertura completa sobre o caso Larissa<\/em><\/p>\n<p>Durante coletiva de imprensa, os delegados <strong>Fernando Bravo <\/strong>e <strong>Jos\u00e9 Carvalho de Ara\u00fajo Junior<\/strong>, informaram que <mark style=\"background-color:#fcb900\" class=\"has-inline-color\">o <strong>m\u00e9dico Luiz Garnica<\/strong>, marido da v\u00edtima, e a <strong>m\u00e3e dele, Elizabete Arraba\u00e7a<\/strong>, foram formalmente indiciados por <strong>homic\u00eddio qualificado <\/strong>com uso de veneno<\/mark>.<\/p>\n<p>Vale lembrar que os dois est\u00e3o presos desde maio. Exames periciais confirmaram que Larissa morreu ap\u00f3s ingerir \u201cchumbinho\u201d, veneno ilegal utilizado para matar ratos.<\/p>\n<p>O inqu\u00e9rito policial j\u00e1 foi encaminhado ao <strong>MP (Minist\u00e9rio P\u00fablico)<\/strong> e a den\u00fancia deve ser apresenta \u00e0 Justi\u00e7a nos pr\u00f3ximos dias.<\/p>\n<figure class=\"wp-block-pullquote\">\n<blockquote>\n<p>Demos por encerrado o inqu\u00e9rito policial e ele j\u00e1 foi encaminhado para a Justi\u00e7a. A conclus\u00e3o que tivemos \u00e9 de que o Luiz e a Elizabete foram os causadores da morte da Larissa. N\u00f3s conseguimos recuperar em um dos telefones os hor\u00e1rios do crime, Eles demonstraram v\u00e1rias inconsist\u00eancias em rela\u00e7\u00e3o aos depoimentos prestados pelo Luiz. Isso faz com que a gente possa afirmar que ele e a Elizabete concorreram por esse crime<\/p>\n<p><cite><strong>Fernando Bravo<\/strong><\/cite><\/p><\/blockquote>\n<\/figure>\n<p><em>*Mat\u00e9ria em atualiza\u00e7\u00e3o<\/em><\/p>\n<blockquote class=\"instagram-media\" data-instgrm-permalink=\"https:\/\/www.instagram.com\/reel\/DLaNabwOwkH\/?utm_source=ig_embed&amp;utm_campaign=loading\" data-instgrm-version=\"14\" style=\"background:#FFF;border:0;border-radius:3px;margin: 1px;max-width:540px;min-width:326px;padding:0;width:99.375%;width:-webkit-calc(100% - 2px);width:calc(100% - 2px)\"\/>\n<hr class=\"wp-block-separator has-alpha-channel-opacity\"\/>\n<p>SAIBA MAIS<\/p>\n<p>Justi\u00e7a revoga pris\u00e3o de suspeito de disparos em shopping de Ribeir\u00e3o Preto<\/p>\n<p>Quer ficar por dentro de tudo que acontece em Ribeir\u00e3o Preto e regi\u00e3o? Ent\u00e3o siga os perfis do\u202facidade on\u202fno\u202f<a href=\"https:\/\/www.instagram.com\/acidadeonribeirao\" target=\"_blank\" rel=\"noreferrer noopener\">Instagram<\/a>\u202fe no\u202f<a href=\"https:\/\/www.facebook.com\/acidadeonribeirao\/\" target=\"_blank\" rel=\"noreferrer noopener\">Facebook<\/a>.<\/p>\n<p>Al\u00e9m disso, voc\u00ea pode receber as principais not\u00edcias diretamente no WhatsApp. Para isso, basta\u00a0<a href=\"https:\/\/chat.whatsapp.com\/BjKQZ9oJwlz8VVT50NuePq\" target=\"_blank\" rel=\"noreferrer noopener\">entrar no grupo clicando aqui<\/a>.<\/p>\n<p>Por fim, se quiser fazer uma den\u00fancia ou sugerir uma reportagem sobre Ribeir\u00e3o Preto e regi\u00e3o, envie uma mensagem pelo WhatsApp: (16) 99117-7802.<\/p>\n<p>VEJA TAMB\u00c9M<\/p>\n<p>O que diz a aut\u00f3psia do corpo de Juliana Marins?<\/p>\n<p><!-- AI CONTENT END 1 -->\n<\/div>\n<\/div>\n<p><script async src=\"\/\/www.instagram.com\/embed.js\"><\/script><br \/>\n<br \/><br \/>\n<br \/><a href=\"https:\/\/www.acidadeon.com\/ribeiraopreto\/cotidiano\/caso-larissa-marido-e-sogra-sao-indiciados-por-morte-de-professora-envenenada-em-ribeirao\/\">Source link <\/a><\/p>\n<!-- CONTENT END 1 -->\n","protected":false},"excerpt":{"rendered":"<p>A Pol\u00edcia Civil concluiu, nesta sexta-feira (27), a investiga\u00e7\u00e3o sobre a morte da professora de pilates Larissa Rodrigues, envenenada em mar\u00e7o deste ano em Ribeir\u00e3o&#8230;<\/p>\n","protected":false},"author":1,"featured_media":73227,"comment_status":"open","ping_status":"open","sticky":false,"template":"","format":"standard","meta":{"advanced_seo_description":"","jetpack_seo_html_title":"","jetpack_seo_noindex":false,"jetpack_post_was_ever_published":false,"_jetpack_newsletter_access":"","_jetpack_dont_email_post_to_subs":false,"_jetpack_newsletter_tier_id":0,"_jetpack_memberships_contains_paywalled_content":false,"_jetpack_memberships_contains_paid_content":false,"footnotes":"","jetpack_publicize_message":"","jetpack_publicize_feature_enabled":true,"jetpack_social_post_already_shared":true,"jetpack_social_options":{"image_generator_settings":{"template":"highway","default_image_id":0,"font":"","enabled":false},"version":2}},"categories":[11],"tags":[],"class_list":["post-73226","post","type-post","status-publish","format-standard","has-post-thumbnail","hentry","category-noticias-de-ribeirao-preto-sp-e-regiao-ismael-colosi"],"jetpack_publicize_connections":[],"jetpack_featured_media_url":"https:\/\/i0.wp.com\/noticiasribeiraopreto.com.br\/wp-content\/uploads\/2025\/06\/larissa_2025-05-09_12-39-48.webp.webp?fit=974%2C585&ssl=1","jetpack-related-posts":[{"id":72491,"url":"https:\/\/noticiasribeiraopreto.com.br\/index.php\/2025\/06\/17\/caso-larissa-nathalia-garnica-foi-envenenada-com-chumbinho-aponta-laudo\/","url_meta":{"origin":73226,"position":0},"title":"Caso Larissa: Nath\u00e1lia Garnica foi envenenada com chumbinho, aponta laudo","author":"noticiasribeiraopreto.com.br","date":"17 de June de 2025","format":false,"excerpt":"O Instituto M\u00e9dico Legal (IML) de Ribeir\u00e3o Preto confirmou a presen\u00e7a de veneno de rato em tr\u00eas \u00f3rg\u00e3os de Nath\u00e1lia Garnica. A informa\u00e7\u00e3o foi divulgada pelo diretor do IML, Di\u00f3genes Tadeu Cardoso, com base no resultado do exame toxicol\u00f3gico realizado ap\u00f3s a exuma\u00e7\u00e3o do corpo. O laudo, que ainda n\u00e3o\u2026","rel":"","context":"In &quot;Not\u00edcias de Ribeir\u00e3o Preto-SP e Regi\u00e3o&quot;","block_context":{"text":"Not\u00edcias de Ribeir\u00e3o Preto-SP e Regi\u00e3o","link":"https:\/\/noticiasribeiraopreto.com.br\/index.php\/category\/noticias-de-ribeirao-preto-sp-e-regiao-ismael-colosi\/"},"img":{"alt_text":"","src":"https:\/\/i0.wp.com\/noticiasribeiraopreto.com.br\/wp-content\/uploads\/2025\/06\/WhatsApp-Image-2025-05-07-at-10.51.41-1_2025-05-07_13-52-19.webp.webp?fit=1200%2C675&ssl=1&resize=350%2C200","width":350,"height":200,"srcset":"https:\/\/i0.wp.com\/noticiasribeiraopreto.com.br\/wp-content\/uploads\/2025\/06\/WhatsApp-Image-2025-05-07-at-10.51.41-1_2025-05-07_13-52-19.webp.webp?fit=1200%2C675&ssl=1&resize=350%2C200 1x, https:\/\/i0.wp.com\/noticiasribeiraopreto.com.br\/wp-content\/uploads\/2025\/06\/WhatsApp-Image-2025-05-07-at-10.51.41-1_2025-05-07_13-52-19.webp.webp?fit=1200%2C675&ssl=1&resize=525%2C300 1.5x, https:\/\/i0.wp.com\/noticiasribeiraopreto.com.br\/wp-content\/uploads\/2025\/06\/WhatsApp-Image-2025-05-07-at-10.51.41-1_2025-05-07_13-52-19.webp.webp?fit=1200%2C675&ssl=1&resize=700%2C400 2x, https:\/\/i0.wp.com\/noticiasribeiraopreto.com.br\/wp-content\/uploads\/2025\/06\/WhatsApp-Image-2025-05-07-at-10.51.41-1_2025-05-07_13-52-19.webp.webp?fit=1200%2C675&ssl=1&resize=1050%2C600 3x"},"classes":[]},{"id":73292,"url":"https:\/\/noticiasribeiraopreto.com.br\/index.php\/2025\/06\/28\/caso-larissa-sogra-e-transferida-para-novo-presidio-no-interior-de-sp\/","url_meta":{"origin":73226,"position":1},"title":"Caso Larissa: sogra \u00e9 transferida para novo pres\u00eddio no interior de SP","author":"noticiasribeiraopreto.com.br","date":"28 de June de 2025","format":false,"excerpt":"A aposentada Elizabete Arraba\u00e7a, indiciada pelo assassinato da professora de pilates Larissa Rodrigues, foi transferida para a Penitenci\u00e1ria Feminina de Votorantim-SP, na manh\u00e3 deste s\u00e1bado (28). >>>FIQUE POR DENTRO:\u00a0Confira a cobertura completa sobre o caso Larissa Elizabete tem 68 anos e foi presa no dia 6 de maio, junto com\u2026","rel":"","context":"In &quot;Not\u00edcias de Ribeir\u00e3o Preto-SP e Regi\u00e3o&quot;","block_context":{"text":"Not\u00edcias de Ribeir\u00e3o Preto-SP e Regi\u00e3o","link":"https:\/\/noticiasribeiraopreto.com.br\/index.php\/category\/noticias-de-ribeirao-preto-sp-e-regiao-ismael-colosi\/"},"img":{"alt_text":"","src":"https:\/\/i0.wp.com\/noticiasribeiraopreto.com.br\/wp-content\/uploads\/2025\/06\/Copia-de-Copia-de-Copia-de-TAMANHO-EXATO-PARA-FOTOS-NO-SISTEMA-NOVO-2025-06-28T184923.591_2025-06-28_21-49-29.webp.webp?fit=1200%2C675&ssl=1&resize=350%2C200","width":350,"height":200,"srcset":"https:\/\/i0.wp.com\/noticiasribeiraopreto.com.br\/wp-content\/uploads\/2025\/06\/Copia-de-Copia-de-Copia-de-TAMANHO-EXATO-PARA-FOTOS-NO-SISTEMA-NOVO-2025-06-28T184923.591_2025-06-28_21-49-29.webp.webp?fit=1200%2C675&ssl=1&resize=350%2C200 1x, https:\/\/i0.wp.com\/noticiasribeiraopreto.com.br\/wp-content\/uploads\/2025\/06\/Copia-de-Copia-de-Copia-de-TAMANHO-EXATO-PARA-FOTOS-NO-SISTEMA-NOVO-2025-06-28T184923.591_2025-06-28_21-49-29.webp.webp?fit=1200%2C675&ssl=1&resize=525%2C300 1.5x, https:\/\/i0.wp.com\/noticiasribeiraopreto.com.br\/wp-content\/uploads\/2025\/06\/Copia-de-Copia-de-Copia-de-TAMANHO-EXATO-PARA-FOTOS-NO-SISTEMA-NOVO-2025-06-28T184923.591_2025-06-28_21-49-29.webp.webp?fit=1200%2C675&ssl=1&resize=700%2C400 2x, https:\/\/i0.wp.com\/noticiasribeiraopreto.com.br\/wp-content\/uploads\/2025\/06\/Copia-de-Copia-de-Copia-de-TAMANHO-EXATO-PARA-FOTOS-NO-SISTEMA-NOVO-2025-06-28T184923.591_2025-06-28_21-49-29.webp.webp?fit=1200%2C675&ssl=1&resize=1050%2C600 3x"},"classes":[]},{"id":72574,"url":"https:\/\/noticiasribeiraopreto.com.br\/index.php\/2025\/06\/18\/caso-larissa-suspeitos-podem-ser-condenados-a-mais-de-30-anos-por-morte-de-professora\/","url_meta":{"origin":73226,"position":2},"title":"Caso Larissa: suspeitos podem ser condenados a mais de 30 anos por morte de professora","author":"noticiasribeiraopreto.com.br","date":"18 de June de 2025","format":false,"excerpt":"O MP (Minist\u00e9rio P\u00fablico) acredita que o m\u00e9dico Luiz Antonio Garnica e sua m\u00e3e, Elizabete Arraba\u00e7a, presos pela suspeita de matar a professora de pilates Larissa Rodrigues, em Ribeir\u00e3o Preto, podem ser condenados a mais de 30 anos de pris\u00e3o. >>>FIQUE POR DENTRO: Veja a cobertura completa sobre o caso\u2026","rel":"","context":"In &quot;Not\u00edcias de Ribeir\u00e3o Preto-SP e Regi\u00e3o&quot;","block_context":{"text":"Not\u00edcias de Ribeir\u00e3o Preto-SP e Regi\u00e3o","link":"https:\/\/noticiasribeiraopreto.com.br\/index.php\/category\/noticias-de-ribeirao-preto-sp-e-regiao-ismael-colosi\/"},"img":{"alt_text":"","src":"https:\/\/i0.wp.com\/noticiasribeiraopreto.com.br\/wp-content\/uploads\/2025\/06\/Copia-de-Copia-de-Copia-de-TAMANHO-EXATO-PARA-FOTOS-NO-SISTEMA-NOVO-45_2025-05-06_21-21-57.webp.webp?fit=1200%2C675&ssl=1&resize=350%2C200","width":350,"height":200,"srcset":"https:\/\/i0.wp.com\/noticiasribeiraopreto.com.br\/wp-content\/uploads\/2025\/06\/Copia-de-Copia-de-Copia-de-TAMANHO-EXATO-PARA-FOTOS-NO-SISTEMA-NOVO-45_2025-05-06_21-21-57.webp.webp?fit=1200%2C675&ssl=1&resize=350%2C200 1x, https:\/\/i0.wp.com\/noticiasribeiraopreto.com.br\/wp-content\/uploads\/2025\/06\/Copia-de-Copia-de-Copia-de-TAMANHO-EXATO-PARA-FOTOS-NO-SISTEMA-NOVO-45_2025-05-06_21-21-57.webp.webp?fit=1200%2C675&ssl=1&resize=525%2C300 1.5x, https:\/\/i0.wp.com\/noticiasribeiraopreto.com.br\/wp-content\/uploads\/2025\/06\/Copia-de-Copia-de-Copia-de-TAMANHO-EXATO-PARA-FOTOS-NO-SISTEMA-NOVO-45_2025-05-06_21-21-57.webp.webp?fit=1200%2C675&ssl=1&resize=700%2C400 2x, https:\/\/i0.wp.com\/noticiasribeiraopreto.com.br\/wp-content\/uploads\/2025\/06\/Copia-de-Copia-de-Copia-de-TAMANHO-EXATO-PARA-FOTOS-NO-SISTEMA-NOVO-45_2025-05-06_21-21-57.webp.webp?fit=1200%2C675&ssl=1&resize=1050%2C600 3x"},"classes":[]},{"id":71290,"url":"https:\/\/noticiasribeiraopreto.com.br\/index.php\/2025\/06\/04\/leia-a-integra-da-carta-escrita-na-cadeia-pela-sogra-suspeita-de-matar-larissa-envenenada\/","url_meta":{"origin":73226,"position":3},"title":"Leia a \u00edntegra da carta escrita na cadeia pela sogra suspeita de matar Larissa envenenada","author":"noticiasribeiraopreto.com.br","date":"4 de June de 2025","format":false,"excerpt":"A sogra da professora\u00a0Larissa Talle Le\u00f4ncio Rodrigues,\u00a0Elizabete Arraba\u00e7a, disse em uma carta escrita na cadeia e encaminhada \u00e0 Justi\u00e7a que a nora tomou rem\u00e9dio com chumbinho. Leia a carta na \u00edntegra abaixo. LEIA MAIS >>> Caso Larissa: sogra da professora diz que a nora tomou rem\u00e9dio com chumbinho Larissa foi\u2026","rel":"","context":"In &quot;Not\u00edcias de Ribeir\u00e3o Preto-SP e Regi\u00e3o&quot;","block_context":{"text":"Not\u00edcias de Ribeir\u00e3o Preto-SP e Regi\u00e3o","link":"https:\/\/noticiasribeiraopreto.com.br\/index.php\/category\/noticias-de-ribeirao-preto-sp-e-regiao-ismael-colosi\/"},"img":{"alt_text":"","src":"https:\/\/i0.wp.com\/noticiasribeiraopreto.com.br\/wp-content\/uploads\/2025\/05\/WhatsApp-Image-2025-05-07-at-08.08.58_2025-05-07_11-09-16.webp.webp?fit=1200%2C675&ssl=1&resize=350%2C200","width":350,"height":200,"srcset":"https:\/\/i0.wp.com\/noticiasribeiraopreto.com.br\/wp-content\/uploads\/2025\/05\/WhatsApp-Image-2025-05-07-at-08.08.58_2025-05-07_11-09-16.webp.webp?fit=1200%2C675&ssl=1&resize=350%2C200 1x, https:\/\/i0.wp.com\/noticiasribeiraopreto.com.br\/wp-content\/uploads\/2025\/05\/WhatsApp-Image-2025-05-07-at-08.08.58_2025-05-07_11-09-16.webp.webp?fit=1200%2C675&ssl=1&resize=525%2C300 1.5x, https:\/\/i0.wp.com\/noticiasribeiraopreto.com.br\/wp-content\/uploads\/2025\/05\/WhatsApp-Image-2025-05-07-at-08.08.58_2025-05-07_11-09-16.webp.webp?fit=1200%2C675&ssl=1&resize=700%2C400 2x, https:\/\/i0.wp.com\/noticiasribeiraopreto.com.br\/wp-content\/uploads\/2025\/05\/WhatsApp-Image-2025-05-07-at-08.08.58_2025-05-07_11-09-16.webp.webp?fit=1200%2C675&ssl=1&resize=1050%2C600 3x"},"classes":[]},{"id":69501,"url":"https:\/\/noticiasribeiraopreto.com.br\/index.php\/2025\/05\/06\/caso-larissa-marido-e-sogra-sao-presos-suspeitos-pela-morte-de-professora-em-ribeirao\/","url_meta":{"origin":73226,"position":4},"title":"Caso Larissa: Marido e sogra s\u00e3o presos suspeitos pela morte de professora\u00a0em\u00a0Ribeir\u00e3o","author":"noticiasribeiraopreto.com.br","date":"6 de May de 2025","format":false,"excerpt":"Na tarde desta ter\u00e7a-feira (6), a Pol\u00edcia Civil de Ribeir\u00e3o Preto decretou a pris\u00e3o do m\u00e9dico Luiz Antonio Garnica e de sua m\u00e3e, Elizabete. Eles s\u00e3o marido e sogra de Larissa Talle Le\u00f4ncio Rodrigues, professora de pilates encontrada morta no dia 22 de mar\u00e7o em um apartamento no Jardim Bot\u00e2nico.\u2026","rel":"","context":"In &quot;Not\u00edcias de Ribeir\u00e3o Preto-SP e Regi\u00e3o&quot;","block_context":{"text":"Not\u00edcias de Ribeir\u00e3o Preto-SP e Regi\u00e3o","link":"https:\/\/noticiasribeiraopreto.com.br\/index.php\/category\/noticias-de-ribeirao-preto-sp-e-regiao-ismael-colosi\/"},"img":{"alt_text":"","src":"https:\/\/i0.wp.com\/noticiasribeiraopreto.com.br\/wp-content\/uploads\/2025\/05\/Copia-de-Copia-de-Copia-de-TAMANHO-EXATO-PARA-FOTOS-NO-SISTEMA-NOVO-44_2025-05-06_19-58-00.webp.webp?fit=1200%2C675&ssl=1&resize=350%2C200","width":350,"height":200,"srcset":"https:\/\/i0.wp.com\/noticiasribeiraopreto.com.br\/wp-content\/uploads\/2025\/05\/Copia-de-Copia-de-Copia-de-TAMANHO-EXATO-PARA-FOTOS-NO-SISTEMA-NOVO-44_2025-05-06_19-58-00.webp.webp?fit=1200%2C675&ssl=1&resize=350%2C200 1x, https:\/\/i0.wp.com\/noticiasribeiraopreto.com.br\/wp-content\/uploads\/2025\/05\/Copia-de-Copia-de-Copia-de-TAMANHO-EXATO-PARA-FOTOS-NO-SISTEMA-NOVO-44_2025-05-06_19-58-00.webp.webp?fit=1200%2C675&ssl=1&resize=525%2C300 1.5x, https:\/\/i0.wp.com\/noticiasribeiraopreto.com.br\/wp-content\/uploads\/2025\/05\/Copia-de-Copia-de-Copia-de-TAMANHO-EXATO-PARA-FOTOS-NO-SISTEMA-NOVO-44_2025-05-06_19-58-00.webp.webp?fit=1200%2C675&ssl=1&resize=700%2C400 2x, https:\/\/i0.wp.com\/noticiasribeiraopreto.com.br\/wp-content\/uploads\/2025\/05\/Copia-de-Copia-de-Copia-de-TAMANHO-EXATO-PARA-FOTOS-NO-SISTEMA-NOVO-44_2025-05-06_19-58-00.webp.webp?fit=1200%2C675&ssl=1&resize=1050%2C600 3x"},"classes":[]},{"id":69480,"url":"https:\/\/noticiasribeiraopreto.com.br\/index.php\/2025\/05\/06\/investigacao-apura-possivel-envenenamento-de-professora-morta-em-ribeirao-preto-laudo-toxicologico-e-aguardado\/","url_meta":{"origin":73226,"position":5},"title":"Investiga\u00e7\u00e3o apura poss\u00edvel envenenamento de professora morta em Ribeir\u00e3o Preto; laudo toxicol\u00f3gico \u00e9 aguardado","author":"noticiasribeiraopreto.com.br","date":"6 de May de 2025","format":false,"excerpt":"A Pol\u00edcia Civil suspeita que a professora Larissa Talle Le\u00f4ncio Rodrigues, encontrada morta no dia 22 de mar\u00e7o, possa ter sido envenenada. Uma fonte ouvida pela EPTV informou que a suspeita por envenenamento envolveria o uso de chumbinho. Os investigadores aguardam o laudo toxicol\u00f3gico para avan\u00e7ar nesta possibilidade. Em depoimento,\u2026","rel":"","context":"In &quot;Not\u00edcias de Ribeir\u00e3o Preto-SP e Regi\u00e3o&quot;","block_context":{"text":"Not\u00edcias de Ribeir\u00e3o Preto-SP e Regi\u00e3o","link":"https:\/\/noticiasribeiraopreto.com.br\/index.php\/category\/noticias-de-ribeirao-preto-sp-e-regiao-ismael-colosi\/"},"img":{"alt_text":"","src":"https:\/\/i0.wp.com\/noticiasribeiraopreto.com.br\/wp-content\/uploads\/2025\/05\/larissa_2025-05-06_16-41-07.webp.webp?fit=936%2C681&ssl=1&resize=350%2C200","width":350,"height":200,"srcset":"https:\/\/i0.wp.com\/noticiasribeiraopreto.com.br\/wp-content\/uploads\/2025\/05\/larissa_2025-05-06_16-41-07.webp.webp?fit=936%2C681&ssl=1&resize=350%2C200 1x, https:\/\/i0.wp.com\/noticiasribeiraopreto.com.br\/wp-content\/uploads\/2025\/05\/larissa_2025-05-06_16-41-07.webp.webp?fit=936%2C681&ssl=1&resize=525%2C300 1.5x, https:\/\/i0.wp.com\/noticiasribeiraopreto.com.br\/wp-content\/uploads\/2025\/05\/larissa_2025-05-06_16-41-07.webp.webp?fit=936%2C681&ssl=1&resize=700%2C400 2x"},"classes":[]}],"jetpack_sharing_enabled":true,"jetpack_shortlink":"https:\/\/wp.me\/peQAOb-j34","_links":{"self":[{"href":"https:\/\/noticiasribeiraopreto.com.br\/index.php\/wp-json\/wp\/v2\/posts\/73226","targetHints":{"allow":["GET"]}}],"collection":[{"href":"https:\/\/noticiasribeiraopreto.com.br\/index.php\/wp-json\/wp\/v2\/posts"}],"about":[{"href":"https:\/\/noticiasribeiraopreto.com.br\/index.php\/wp-json\/wp\/v2\/types\/post"}],"author":[{"embeddable":true,"href":"https:\/\/noticiasribeiraopreto.com.br\/index.php\/wp-json\/wp\/v2\/users\/1"}],"replies":[{"embeddable":true,"href":"https:\/\/noticiasribeiraopreto.com.br\/index.php\/wp-json\/wp\/v2\/comments?post=73226"}],"version-history":[{"count":0,"href":"https:\/\/noticiasribeiraopreto.com.br\/index.php\/wp-json\/wp\/v2\/posts\/73226\/revisions"}],"wp:featuredmedia":[{"embeddable":true,"href":"https:\/\/noticiasribeiraopreto.com.br\/index.php\/wp-json\/wp\/v2\/media\/73227"}],"wp:attachment":[{"href":"https:\/\/noticiasribeiraopreto.com.br\/index.php\/wp-json\/wp\/v2\/media?parent=73226"}],"wp:term":[{"taxonomy":"category","embeddable":true,"href":"https:\/\/noticiasribeiraopreto.com.br\/index.php\/wp-json\/wp\/v2\/categories?post=73226"},{"taxonomy":"post_tag","embeddable":true,"href":"https:\/\/noticiasribeiraopreto.com.br\/index.php\/wp-json\/wp\/v2\/tags?post=73226"}],"curies":[{"name":"wp","href":"https:\/\/api.w.org\/{rel}","templated":true}]}}