{"id":73228,"date":"2025-06-27T14:01:26","date_gmt":"2025-06-27T17:01:26","guid":{"rendered":"https:\/\/noticiasribeiraopreto.com.br\/index.php\/2025\/06\/27\/incendio-destroi-caminhao-frigorifico-na-rodovia-anhanguera\/"},"modified":"2025-06-27T14:01:26","modified_gmt":"2025-06-27T17:01:26","slug":"incendio-destroi-caminhao-frigorifico-na-rodovia-anhanguera","status":"publish","type":"post","link":"https:\/\/noticiasribeiraopreto.com.br\/index.php\/2025\/06\/27\/incendio-destroi-caminhao-frigorifico-na-rodovia-anhanguera\/","title":{"rendered":"Inc\u00eandio destr\u00f3i caminh\u00e3o frigor\u00edfico na rodovia Anhanguera"},"content":{"rendered":"<div class='code-block code-block-1' style='margin: 8px 0 8px auto; text-align: right; display: block; clear: both;'>\n<p><a href=\"https:\/\/wa.link\/vpicfd\"><img data-recalc-dims=\"1\" class=\"wp-image-4922\" style=\"aspect-ratio: 2.0253164556962027; width: 561px; height: auto;\" src=\"https:\/\/i0.wp.com\/ismaelcolosi.com.br\/wp-content\/uploads\/2023\/11\/grupo-de-empregos-whatsapp-e-facebook-ismael-colosi-vagas.jpg?ssl=1\" alt=\"\" \/><\/a><\/p>\n<!-- \/wp:image -->\n<\/div>\n<p> <br \/>\n<\/p>\n<div data-td-block-uid=\"tdi_95\">\n<div class=\"tdb-block-inner td-fix-index\">\n<p><strong>Um caminh\u00e3o frigor\u00edfico pegou fogo e foi destru\u00eddo pelas chamas na madrugada desta sexta-feira (27), no km 380+800 da rodovia Anhanguera (SP-330), pr\u00f3ximo a S\u00e3o Joaquim da Barra, na regi\u00e3o de Ribeir\u00e3o Preto.<\/strong><\/p>\n<p>Segundo a <strong>concession\u00e1ria Entrevias<\/strong>, o <strong>tr\u00e1fego <\/strong>foi <strong>temporariamente desviado <\/strong>para a faixa da esquerda durante o combate ao fogo. A via foi totalmente liberada pela manh\u00e3.<\/p>\n<p>N\u00e3o h\u00e1 informa\u00e7\u00f5es sobre v\u00edtimas.<\/p>\n<p>As causas, contudo, ainda dever\u00e3o ser apuradas.<\/p>\n<p>SAIBA MAIS<\/p>\n<p>Jovem \u00e9 preso suspeito de matar o padrasto a facadas em Ribeir\u00e3o Preto<\/p>\n<h2 class=\"wp-block-heading\"><strong>FIQUE ON<\/strong><\/h2>\n<p>Fique ligado em tudo que acontece em Ribeir\u00e3o Preto e regi\u00e3o. Siga os perfis do\u00a0<strong>acidade on\u00a0<\/strong>no\u00a0<a href=\"https:\/\/www.instagram.com\/acidadeonribeirao\" target=\"_blank\" rel=\"noreferrer noopener\">Instagram<\/a>\u00a0e no\u00a0<a href=\"https:\/\/www.facebook.com\/acidadeonribeirao\" target=\"_blank\" rel=\"noreferrer noopener\">Facebook<\/a>.<\/p>\n<p>Receba not\u00edcias do acidade on no WhatsApp. Para entrar no grupo, basta\u00a0<a href=\"https:\/\/chat.whatsapp.com\/BjKQZ9oJwlz8VVT50NuePq\" target=\"_blank\" rel=\"noreferrer noopener\">clicar aqui<\/a>.<\/p>\n<p>Fa\u00e7a uma den\u00fancia ou sugira uma reportagem sobre Ribeir\u00e3o Preto e regi\u00e3o pelo WhatsApp: 16 99117 7802.<\/p>\n<p>VEJA TAMB\u00c9M<\/p>\n<p>Quem s\u00e3o os alpinistas que resgataram corpo de brasileira em vulc\u00e3o na Indon\u00e9sia?<\/p>\n<p><!-- AI CONTENT END 1 -->\n<\/div>\n<\/div>\n<p><script async src=\"\/\/www.instagram.com\/embed.js\"><\/script><br \/>\n<br \/><br \/>\n<br \/><a href=\"https:\/\/www.acidadeon.com\/ribeiraopreto\/cotidiano\/incendio-destroi-caminhao-frigorifico-na-rodovia-anhanguera\/\">Source link <\/a><\/p>\n<!-- CONTENT END 1 -->\n","protected":false},"excerpt":{"rendered":"<p>Um caminh\u00e3o frigor\u00edfico pegou fogo e foi destru\u00eddo pelas chamas na madrugada desta sexta-feira (27), no km 380+800 da rodovia Anhanguera (SP-330), pr\u00f3ximo a S\u00e3o&#8230;<\/p>\n","protected":false},"author":1,"featured_media":73229,"comment_status":"open","ping_status":"open","sticky":false,"template":"","format":"standard","meta":{"advanced_seo_description":"","jetpack_seo_html_title":"","jetpack_seo_noindex":false,"jetpack_post_was_ever_published":false,"_jetpack_newsletter_access":"","_jetpack_dont_email_post_to_subs":false,"_jetpack_newsletter_tier_id":0,"_jetpack_memberships_contains_paywalled_content":false,"_jetpack_memberships_contains_paid_content":false,"footnotes":"","jetpack_publicize_message":"","jetpack_publicize_feature_enabled":true,"jetpack_social_post_already_shared":true,"jetpack_social_options":{"image_generator_settings":{"template":"highway","default_image_id":0,"font":"","enabled":false},"version":2}},"categories":[11],"tags":[],"class_list":["post-73228","post","type-post","status-publish","format-standard","has-post-thumbnail","hentry","category-noticias-de-ribeirao-preto-sp-e-regiao-ismael-colosi"],"jetpack_publicize_connections":[],"jetpack_featured_media_url":"https:\/\/i0.wp.com\/noticiasribeiraopreto.com.br\/wp-content\/uploads\/2025\/06\/WhatsApp-Image-2025-06-27-at-12.14.35_2025-06-27_15-19-04.webp.webp?fit=1200%2C876&ssl=1","jetpack-related-posts":[{"id":82336,"url":"https:\/\/noticiasribeiraopreto.com.br\/index.php\/2026\/02\/11\/incendio-em-caminhao-provoca-bloqueio-parcial-na-anhanguera-veja-fotos\/","url_meta":{"origin":73228,"position":0},"title":"Inc\u00eandio em caminh\u00e3o provoca bloqueio parcial na Anhanguera; Veja fotos","author":"noticiasribeiraopreto.com.br","date":"11 de February de 2026","format":false,"excerpt":"Um caminh\u00e3o pegou fogo na noite desta ter\u00e7a-feira (10) na rodovia Anhanguera (SP-330), na altura do km 323, em Ribeir\u00e3o Preto. Segundo o Centro de Controle Multimodal (CCM) da Artesp, o ve\u00edculo seguia pela faixa 2 da rodovia quando, por motivos ainda a serem esclarecidos, o motorista foi para o\u2026","rel":"","context":"In &quot;Not\u00edcias de Ribeir\u00e3o Preto-SP e Regi\u00e3o&quot;","block_context":{"text":"Not\u00edcias de Ribeir\u00e3o Preto-SP e Regi\u00e3o","link":"https:\/\/noticiasribeiraopreto.com.br\/index.php\/category\/noticias-de-ribeirao-preto-sp-e-regiao-ismael-colosi\/"},"img":{"alt_text":"","src":"https:\/\/i0.wp.com\/noticiasribeiraopreto.com.br\/wp-content\/uploads\/2026\/02\/download_2026-02-11_11-20-19.webp.webp?fit=1200%2C675&ssl=1&resize=350%2C200","width":350,"height":200,"srcset":"https:\/\/i0.wp.com\/noticiasribeiraopreto.com.br\/wp-content\/uploads\/2026\/02\/download_2026-02-11_11-20-19.webp.webp?fit=1200%2C675&ssl=1&resize=350%2C200 1x, https:\/\/i0.wp.com\/noticiasribeiraopreto.com.br\/wp-content\/uploads\/2026\/02\/download_2026-02-11_11-20-19.webp.webp?fit=1200%2C675&ssl=1&resize=525%2C300 1.5x, https:\/\/i0.wp.com\/noticiasribeiraopreto.com.br\/wp-content\/uploads\/2026\/02\/download_2026-02-11_11-20-19.webp.webp?fit=1200%2C675&ssl=1&resize=700%2C400 2x, https:\/\/i0.wp.com\/noticiasribeiraopreto.com.br\/wp-content\/uploads\/2026\/02\/download_2026-02-11_11-20-19.webp.webp?fit=1200%2C675&ssl=1&resize=1050%2C600 3x"},"classes":[]},{"id":58744,"url":"https:\/\/noticiasribeiraopreto.com.br\/index.php\/2024\/10\/05\/o-que-se-sabe-sobre-o-caminhao-que-pegou-fogo-na-anhanguera-em-ribeirao\/","url_meta":{"origin":73228,"position":1},"title":"O que se sabe sobre o caminh\u00e3o que pegou fogo na Anhanguera em Ribeir\u00e3o","author":"noticiasribeiraopreto.com.br","date":"5 de October de 2024","format":false,"excerpt":"Um caminh\u00e3o-tanque carregado com mistura de \u00f3leo diesel e biodiesel pegou fogo na manh\u00e3 deste s\u00e1bado (5), no km 308 da rodovia Anhanguera (SP-330), em Ribeir\u00e3o Preto. Segundo informa\u00e7\u00f5es preliminares, o motorista teria conseguido sair antes de as chamas atingirem o ve\u00edculo. A fuma\u00e7a preta que sai do caminh\u00e3o \u00e9\u2026","rel":"","context":"In &quot;Not\u00edcias de Ribeir\u00e3o Preto-SP e Regi\u00e3o&quot;","block_context":{"text":"Not\u00edcias de Ribeir\u00e3o Preto-SP e Regi\u00e3o","link":"https:\/\/noticiasribeiraopreto.com.br\/index.php\/category\/noticias-de-ribeirao-preto-sp-e-regiao-ismael-colosi\/"},"img":{"alt_text":"","src":"https:\/\/i0.wp.com\/noticiasribeiraopreto.com.br\/wp-content\/uploads\/2024\/10\/CAMINHAO_2024-10-05_15-27-24_jpg_2024-10-05_15-27-24.webp.webp?fit=1200%2C647&ssl=1&resize=350%2C200","width":350,"height":200,"srcset":"https:\/\/i0.wp.com\/noticiasribeiraopreto.com.br\/wp-content\/uploads\/2024\/10\/CAMINHAO_2024-10-05_15-27-24_jpg_2024-10-05_15-27-24.webp.webp?fit=1200%2C647&ssl=1&resize=350%2C200 1x, https:\/\/i0.wp.com\/noticiasribeiraopreto.com.br\/wp-content\/uploads\/2024\/10\/CAMINHAO_2024-10-05_15-27-24_jpg_2024-10-05_15-27-24.webp.webp?fit=1200%2C647&ssl=1&resize=525%2C300 1.5x, https:\/\/i0.wp.com\/noticiasribeiraopreto.com.br\/wp-content\/uploads\/2024\/10\/CAMINHAO_2024-10-05_15-27-24_jpg_2024-10-05_15-27-24.webp.webp?fit=1200%2C647&ssl=1&resize=700%2C400 2x, https:\/\/i0.wp.com\/noticiasribeiraopreto.com.br\/wp-content\/uploads\/2024\/10\/CAMINHAO_2024-10-05_15-27-24_jpg_2024-10-05_15-27-24.webp.webp?fit=1200%2C647&ssl=1&resize=1050%2C600 3x"},"classes":[]},{"id":67958,"url":"https:\/\/noticiasribeiraopreto.com.br\/index.php\/2025\/04\/21\/caminhao-pega-fogo-apos-pane-em-roda-na-anhanguera\/","url_meta":{"origin":73228,"position":2},"title":"Caminh\u00e3o pega fogo ap\u00f3s pane em roda na Anhanguera","author":"noticiasribeiraopreto.com.br","date":"21 de April de 2025","format":false,"excerpt":"Um caminh\u00e3o carregado de mat\u00e9ria prima para produ\u00e7\u00e3o de medicamento pegou fogo na noite deste domingo (20), no km 340 da rodovia Anhanguera (SP-330), em Jardin\u00f3polis, na regi\u00e3o de Ribeir\u00e3o Preto. Segundo a Artesp, o ve\u00edculo trafegava no sentido Norte (interior), quando apresentou uma pane mec\u00e2nica na roda da primeira\u2026","rel":"","context":"In &quot;Not\u00edcias de Ribeir\u00e3o Preto-SP e Regi\u00e3o&quot;","block_context":{"text":"Not\u00edcias de Ribeir\u00e3o Preto-SP e Regi\u00e3o","link":"https:\/\/noticiasribeiraopreto.com.br\/index.php\/category\/noticias-de-ribeirao-preto-sp-e-regiao-ismael-colosi\/"},"img":{"alt_text":"","src":"https:\/\/i0.wp.com\/noticiasribeiraopreto.com.br\/wp-content\/uploads\/2025\/04\/INCENDIO_2025-04-21_13-50-46.webp.webp?fit=1200%2C757&ssl=1&resize=350%2C200","width":350,"height":200,"srcset":"https:\/\/i0.wp.com\/noticiasribeiraopreto.com.br\/wp-content\/uploads\/2025\/04\/INCENDIO_2025-04-21_13-50-46.webp.webp?fit=1200%2C757&ssl=1&resize=350%2C200 1x, https:\/\/i0.wp.com\/noticiasribeiraopreto.com.br\/wp-content\/uploads\/2025\/04\/INCENDIO_2025-04-21_13-50-46.webp.webp?fit=1200%2C757&ssl=1&resize=525%2C300 1.5x, https:\/\/i0.wp.com\/noticiasribeiraopreto.com.br\/wp-content\/uploads\/2025\/04\/INCENDIO_2025-04-21_13-50-46.webp.webp?fit=1200%2C757&ssl=1&resize=700%2C400 2x, https:\/\/i0.wp.com\/noticiasribeiraopreto.com.br\/wp-content\/uploads\/2025\/04\/INCENDIO_2025-04-21_13-50-46.webp.webp?fit=1200%2C757&ssl=1&resize=1050%2C600 3x"},"classes":[]},{"id":58753,"url":"https:\/\/noticiasribeiraopreto.com.br\/index.php\/2024\/10\/05\/saiba-o-que-aconteceu-com-o-motorista-apos-caminhao-pegar-fogo-na-anhanguera\/","url_meta":{"origin":73228,"position":3},"title":"Saiba o que aconteceu com o motorista ap\u00f3s caminh\u00e3o pegar fogo na Anhanguera","author":"noticiasribeiraopreto.com.br","date":"5 de October de 2024","format":false,"excerpt":"Um caminh\u00e3o-tanque carregado de mistura de \u00f3leo diesel e biodiesel pegou fogo na manh\u00e3 deste s\u00e1bado (5), no km 308 da rodovia Anhanguera (SP-330), em Ribeir\u00e3o Preto. O acidente ocorreu por volta das 11h e a rodovia ainda continua interditada nos dois sentidos. N\u00e3o h\u00e1 previs\u00e3o para libera\u00e7\u00e3o. Equipes da\u2026","rel":"","context":"In &quot;Not\u00edcias de Ribeir\u00e3o Preto-SP e Regi\u00e3o&quot;","block_context":{"text":"Not\u00edcias de Ribeir\u00e3o Preto-SP e Regi\u00e3o","link":"https:\/\/noticiasribeiraopreto.com.br\/index.php\/category\/noticias-de-ribeirao-preto-sp-e-regiao-ismael-colosi\/"},"img":{"alt_text":"","src":"https:\/\/i0.wp.com\/noticiasribeiraopreto.com.br\/wp-content\/uploads\/2024\/10\/CAMINHAO_2024-10-05_21-16-52_jpg_2024-10-05_21-16-52.webp.webp?fit=1200%2C871&ssl=1&resize=350%2C200","width":350,"height":200,"srcset":"https:\/\/i0.wp.com\/noticiasribeiraopreto.com.br\/wp-content\/uploads\/2024\/10\/CAMINHAO_2024-10-05_21-16-52_jpg_2024-10-05_21-16-52.webp.webp?fit=1200%2C871&ssl=1&resize=350%2C200 1x, https:\/\/i0.wp.com\/noticiasribeiraopreto.com.br\/wp-content\/uploads\/2024\/10\/CAMINHAO_2024-10-05_21-16-52_jpg_2024-10-05_21-16-52.webp.webp?fit=1200%2C871&ssl=1&resize=525%2C300 1.5x, https:\/\/i0.wp.com\/noticiasribeiraopreto.com.br\/wp-content\/uploads\/2024\/10\/CAMINHAO_2024-10-05_21-16-52_jpg_2024-10-05_21-16-52.webp.webp?fit=1200%2C871&ssl=1&resize=700%2C400 2x, https:\/\/i0.wp.com\/noticiasribeiraopreto.com.br\/wp-content\/uploads\/2024\/10\/CAMINHAO_2024-10-05_21-16-52_jpg_2024-10-05_21-16-52.webp.webp?fit=1200%2C871&ssl=1&resize=1050%2C600 3x"},"classes":[]},{"id":67056,"url":"https:\/\/noticiasribeiraopreto.com.br\/index.php\/2025\/04\/09\/caminhao-carregado-de-medicamentos-pega-fogo-na-anhanguera\/","url_meta":{"origin":73228,"position":4},"title":"Caminh\u00e3o carregado de medicamentos pega fogo na Anhanguera","author":"noticiasribeiraopreto.com.br","date":"9 de April de 2025","format":false,"excerpt":"Um caminh\u00e3o carregado de medicamentos pegou foi na noite desta ter\u00e7a-feira (8), no km 430 da rodovia Anhanguera (SP-330), em Aramina, cidade a aproximadamente 120 quil\u00f4metros de Ribeir\u00e3o Preto. Segundo a Artesp (Ag\u00eancia Reguladora de Transporte do Estado de S\u00e3o Paulo), o ve\u00edculo teria apresentado prov\u00e1vel pane mec\u00e2nica, quando o\u2026","rel":"","context":"In &quot;Not\u00edcias de Ribeir\u00e3o Preto-SP e Regi\u00e3o&quot;","block_context":{"text":"Not\u00edcias de Ribeir\u00e3o Preto-SP e Regi\u00e3o","link":"https:\/\/noticiasribeiraopreto.com.br\/index.php\/category\/noticias-de-ribeirao-preto-sp-e-regiao-ismael-colosi\/"},"img":{"alt_text":"","src":"https:\/\/i0.wp.com\/noticiasribeiraopreto.com.br\/wp-content\/uploads\/2025\/04\/WhatsApp-Image-2025-04-09-at-08.18.12_2025-04-09_11-18-33_jpeg_2025-04-09_11-18-33.webp.webp?fit=1200%2C876&ssl=1&resize=350%2C200","width":350,"height":200,"srcset":"https:\/\/i0.wp.com\/noticiasribeiraopreto.com.br\/wp-content\/uploads\/2025\/04\/WhatsApp-Image-2025-04-09-at-08.18.12_2025-04-09_11-18-33_jpeg_2025-04-09_11-18-33.webp.webp?fit=1200%2C876&ssl=1&resize=350%2C200 1x, https:\/\/i0.wp.com\/noticiasribeiraopreto.com.br\/wp-content\/uploads\/2025\/04\/WhatsApp-Image-2025-04-09-at-08.18.12_2025-04-09_11-18-33_jpeg_2025-04-09_11-18-33.webp.webp?fit=1200%2C876&ssl=1&resize=525%2C300 1.5x, https:\/\/i0.wp.com\/noticiasribeiraopreto.com.br\/wp-content\/uploads\/2025\/04\/WhatsApp-Image-2025-04-09-at-08.18.12_2025-04-09_11-18-33_jpeg_2025-04-09_11-18-33.webp.webp?fit=1200%2C876&ssl=1&resize=700%2C400 2x, https:\/\/i0.wp.com\/noticiasribeiraopreto.com.br\/wp-content\/uploads\/2025\/04\/WhatsApp-Image-2025-04-09-at-08.18.12_2025-04-09_11-18-33_jpeg_2025-04-09_11-18-33.webp.webp?fit=1200%2C876&ssl=1&resize=1050%2C600 3x"},"classes":[]},{"id":58857,"url":"https:\/\/noticiasribeiraopreto.com.br\/index.php\/2024\/10\/07\/saiba-como-esta-a-situacao-da-rodovia-anhanguera-onde-caminhao-pegou-fogo\/","url_meta":{"origin":73228,"position":5},"title":"Saiba como est\u00e1 a situa\u00e7\u00e3o da rodovia Anhanguera onde caminh\u00e3o pegou fogo","author":"noticiasribeiraopreto.com.br","date":"7 de October de 2024","format":false,"excerpt":"Na manh\u00e3 desta segunda-feira (7), equipes da \u00e1rea de conserva\u00e7\u00e3o estiveram na rodovia Anhanguera, na altura do viaduto da avenida Henri Nestl\u00e9, e demoliram parte da barreira r\u00edgida de concreto que divide as duas vias. De acordo com a concession\u00e1ria, a medida foi necess\u00e1ria para que seja poss\u00edvel a retirada\u2026","rel":"","context":"In &quot;Not\u00edcias de Ribeir\u00e3o Preto-SP e Regi\u00e3o&quot;","block_context":{"text":"Not\u00edcias de Ribeir\u00e3o Preto-SP e Regi\u00e3o","link":"https:\/\/noticiasribeiraopreto.com.br\/index.php\/category\/noticias-de-ribeirao-preto-sp-e-regiao-ismael-colosi\/"},"img":{"alt_text":"","src":"https:\/\/i0.wp.com\/noticiasribeiraopreto.com.br\/wp-content\/uploads\/2024\/10\/Imagem-do-WhatsApp-de-2024-10-07-as-17.05.24_abc0ac4e_2024-10-07_20-21-01_jpg_2024-10-07_20-21-01.webp.webp?fit=1200%2C752&ssl=1&resize=350%2C200","width":350,"height":200,"srcset":"https:\/\/i0.wp.com\/noticiasribeiraopreto.com.br\/wp-content\/uploads\/2024\/10\/Imagem-do-WhatsApp-de-2024-10-07-as-17.05.24_abc0ac4e_2024-10-07_20-21-01_jpg_2024-10-07_20-21-01.webp.webp?fit=1200%2C752&ssl=1&resize=350%2C200 1x, https:\/\/i0.wp.com\/noticiasribeiraopreto.com.br\/wp-content\/uploads\/2024\/10\/Imagem-do-WhatsApp-de-2024-10-07-as-17.05.24_abc0ac4e_2024-10-07_20-21-01_jpg_2024-10-07_20-21-01.webp.webp?fit=1200%2C752&ssl=1&resize=525%2C300 1.5x, https:\/\/i0.wp.com\/noticiasribeiraopreto.com.br\/wp-content\/uploads\/2024\/10\/Imagem-do-WhatsApp-de-2024-10-07-as-17.05.24_abc0ac4e_2024-10-07_20-21-01_jpg_2024-10-07_20-21-01.webp.webp?fit=1200%2C752&ssl=1&resize=700%2C400 2x, https:\/\/i0.wp.com\/noticiasribeiraopreto.com.br\/wp-content\/uploads\/2024\/10\/Imagem-do-WhatsApp-de-2024-10-07-as-17.05.24_abc0ac4e_2024-10-07_20-21-01_jpg_2024-10-07_20-21-01.webp.webp?fit=1200%2C752&ssl=1&resize=1050%2C600 3x"},"classes":[]}],"jetpack_sharing_enabled":true,"jetpack_shortlink":"https:\/\/wp.me\/peQAOb-j36","_links":{"self":[{"href":"https:\/\/noticiasribeiraopreto.com.br\/index.php\/wp-json\/wp\/v2\/posts\/73228","targetHints":{"allow":["GET"]}}],"collection":[{"href":"https:\/\/noticiasribeiraopreto.com.br\/index.php\/wp-json\/wp\/v2\/posts"}],"about":[{"href":"https:\/\/noticiasribeiraopreto.com.br\/index.php\/wp-json\/wp\/v2\/types\/post"}],"author":[{"embeddable":true,"href":"https:\/\/noticiasribeiraopreto.com.br\/index.php\/wp-json\/wp\/v2\/users\/1"}],"replies":[{"embeddable":true,"href":"https:\/\/noticiasribeiraopreto.com.br\/index.php\/wp-json\/wp\/v2\/comments?post=73228"}],"version-history":[{"count":0,"href":"https:\/\/noticiasribeiraopreto.com.br\/index.php\/wp-json\/wp\/v2\/posts\/73228\/revisions"}],"wp:featuredmedia":[{"embeddable":true,"href":"https:\/\/noticiasribeiraopreto.com.br\/index.php\/wp-json\/wp\/v2\/media\/73229"}],"wp:attachment":[{"href":"https:\/\/noticiasribeiraopreto.com.br\/index.php\/wp-json\/wp\/v2\/media?parent=73228"}],"wp:term":[{"taxonomy":"category","embeddable":true,"href":"https:\/\/noticiasribeiraopreto.com.br\/index.php\/wp-json\/wp\/v2\/categories?post=73228"},{"taxonomy":"post_tag","embeddable":true,"href":"https:\/\/noticiasribeiraopreto.com.br\/index.php\/wp-json\/wp\/v2\/tags?post=73228"}],"curies":[{"name":"wp","href":"https:\/\/api.w.org\/{rel}","templated":true}]}}