{"id":73230,"date":"2025-06-27T14:09:43","date_gmt":"2025-06-27T17:09:43","guid":{"rendered":"https:\/\/noticiasribeiraopreto.com.br\/index.php\/2025\/06\/27\/justica-revoga-prisao-de-suspeito-de-disparos-em-shopping-de-ribeirao-preto\/"},"modified":"2025-06-27T14:09:43","modified_gmt":"2025-06-27T17:09:43","slug":"justica-revoga-prisao-de-suspeito-de-disparos-em-shopping-de-ribeirao-preto","status":"publish","type":"post","link":"https:\/\/noticiasribeiraopreto.com.br\/index.php\/2025\/06\/27\/justica-revoga-prisao-de-suspeito-de-disparos-em-shopping-de-ribeirao-preto\/","title":{"rendered":"Justi\u00e7a revoga pris\u00e3o de suspeito de disparos em shopping de Ribeir\u00e3o Preto"},"content":{"rendered":"<div class='code-block code-block-1' style='margin: 8px 0 8px auto; text-align: right; display: block; clear: both;'>\n<p><a href=\"https:\/\/wa.link\/vpicfd\"><img data-recalc-dims=\"1\" class=\"wp-image-4922\" style=\"aspect-ratio: 2.0253164556962027; width: 561px; height: auto;\" src=\"https:\/\/i0.wp.com\/ismaelcolosi.com.br\/wp-content\/uploads\/2023\/11\/grupo-de-empregos-whatsapp-e-facebook-ismael-colosi-vagas.jpg?ssl=1\" alt=\"\" \/><\/a><\/p>\n<!-- \/wp:image -->\n<\/div>\n<p> <br \/>\n<\/p>\n<div>\n<p>A <strong>Justi\u00e7a de S\u00e3o Paulo<\/strong> revogou a pris\u00e3o preventiva de Al\u00edpio Gomes, de 58 anos, suspeito de <strong>efetuar disparos com uma arma de press\u00e3o contra um funcion\u00e1rio em um shopping<\/strong> localizado na zona leste de <strong>Ribeir\u00e3o Preto<\/strong>.<\/p>\n<p>O crime aconteceu no dia 17 de junho, enquanto o <strong>trabalhador realizava a manuten\u00e7\u00e3o das catracas<\/strong><strong> do estacionamento<\/strong> do centro comercial.<\/p>\n<p>A decis\u00e3o foi proferida na \u00faltima quarta-feira (25) e <mark style=\"background-color:#fcb900\" class=\"has-inline-color\">determina que a pris\u00e3o do suspeito seja substitu\u00edda por medidas cautelares alternativas, que ainda ser\u00e3o definidas pelo ju\u00edzo da Vara Regional das Garantias.<\/mark><\/p>\n<h2 class=\"wp-block-heading\"><strong>Decis\u00e3o<\/strong><\/h2>\n<p>O relator do processo no <strong>TJ-SP (Tribunal de Justi\u00e7a de S\u00e3o Paulo)<\/strong>, o desembargador <strong>Marcos Zilli<\/strong>, foi quem <strong>aceitou o pedido da defesa<\/strong> de Al\u00edpio Gomes.<\/p>\n<p>Embora o homem tenha registros criminais, o desembargador reconheceu que ele \u00e9 r\u00e9u prim\u00e1rio, portanto, uma poss\u00edvel condena\u00e7\u00e3o, a principio, n\u00e3o ultrapassaria dois anos.<\/p>\n<p>Sendo assim, de acordo com o relator, <strong>essa proje\u00e7\u00e3o permitiria a concess\u00e3o de benef\u00edcios legais <\/strong>que <strong>afastariam o cumprimento da pena em regime fechado<\/strong>.<\/p>\n<p>As medidas cautelares ainda n\u00e3o foram especificadas, contudo, elas podem incluir comparecimento peri\u00f3dico em ju\u00edzo, proibi\u00e7\u00e3o de frequentar determinados locais ou contato com pessoas espec\u00edficas e monitoramento eletr\u00f4nico.<\/p>\n<p><em><strong>*Com informa\u00e7\u00f5es do g1 Ribeir\u00e3o Preto e Franca<\/strong><\/em><\/p>\n<hr class=\"wp-block-separator has-alpha-channel-opacity\"\/>\n<p>SAIBA MAIS<\/p>\n<p>Jovem \u00e9 preso suspeito de matar o padrasto a facadas em Ribeir\u00e3o Preto<\/p>\n<p>Quer ficar por dentro de tudo que acontece em Ribeir\u00e3o Preto e regi\u00e3o? Ent\u00e3o siga os perfis do\u202facidade on\u202fno\u202f<a href=\"https:\/\/www.instagram.com\/acidadeonribeirao\" target=\"_blank\" rel=\"noreferrer noopener\">Instagram<\/a>\u202fe no\u202f<a href=\"https:\/\/www.facebook.com\/acidadeonribeirao\/\" target=\"_blank\" rel=\"noreferrer noopener\">Facebook<\/a>.<\/p>\n<p>Al\u00e9m disso, voc\u00ea pode receber as principais not\u00edcias diretamente no WhatsApp. Para isso, basta\u00a0<a href=\"https:\/\/chat.whatsapp.com\/BjKQZ9oJwlz8VVT50NuePq\" target=\"_blank\" rel=\"noreferrer noopener\">entrar no grupo clicando aqui<\/a>.<\/p>\n<p>Por fim, se quiser fazer uma den\u00fancia ou sugerir uma reportagem sobre Ribeir\u00e3o Preto e regi\u00e3o, envie uma mensagem pelo WhatsApp: (16) 99117-7802.<\/p>\n<p>VEJA TAMB\u00c9M<\/p>\n<p>O que diz a aut\u00f3psia do corpo de Juliana Marins?<\/p>\n<p><!-- AI CONTENT END 1 -->\n<\/div>\n<p><script async src=\"\/\/www.instagram.com\/embed.js\"><\/script><br \/>\n<br \/><br \/>\n<br \/><a href=\"https:\/\/www.acidadeon.com\/ribeiraopreto\/cotidiano\/justica-revoga-prisao-de-suspeito-de-disparos-em-shopping-de-ribeirao-preto\/\">Source link <\/a><\/p>\n<!-- CONTENT END 1 -->\n","protected":false},"excerpt":{"rendered":"<p>A Justi\u00e7a de S\u00e3o Paulo revogou a pris\u00e3o preventiva de Al\u00edpio Gomes, de 58 anos, suspeito de efetuar disparos com uma arma de press\u00e3o contra&#8230;<\/p>\n","protected":false},"author":1,"featured_media":72504,"comment_status":"open","ping_status":"open","sticky":false,"template":"","format":"standard","meta":{"advanced_seo_description":"","jetpack_seo_html_title":"","jetpack_seo_noindex":false,"jetpack_post_was_ever_published":false,"_jetpack_newsletter_access":"","_jetpack_dont_email_post_to_subs":false,"_jetpack_newsletter_tier_id":0,"_jetpack_memberships_contains_paywalled_content":false,"_jetpack_memberships_contains_paid_content":false,"footnotes":"","jetpack_publicize_message":"","jetpack_publicize_feature_enabled":true,"jetpack_social_post_already_shared":true,"jetpack_social_options":{"image_generator_settings":{"template":"highway","default_image_id":0,"font":"","enabled":false},"version":2}},"categories":[11],"tags":[],"class_list":["post-73230","post","type-post","status-publish","format-standard","has-post-thumbnail","hentry","category-noticias-de-ribeirao-preto-sp-e-regiao-ismael-colosi"],"jetpack_publicize_connections":[],"jetpack_featured_media_url":"https:\/\/i0.wp.com\/noticiasribeiraopreto.com.br\/wp-content\/uploads\/2025\/06\/Copia-de-Copia-de-Copia-de-TAMANHO-EXATO-PARA-FOTOS-NO-SISTEMA-NOVO-2025-06-17T162549.603_2025-06-17_19-26-29.webp.webp?fit=1200%2C675&ssl=1","jetpack-related-posts":[{"id":72606,"url":"https:\/\/noticiasribeiraopreto.com.br\/index.php\/2025\/06\/18\/suspeito-de-atirar-em-funcionario-de-shopping-tem-prisao-preventiva-decretada\/","url_meta":{"origin":73230,"position":0},"title":"Suspeito de atirar em funcion\u00e1rio de shopping tem pris\u00e3o preventiva decretada","author":"noticiasribeiraopreto.com.br","date":"18 de June de 2025","format":false,"excerpt":"A Justi\u00e7a decretou nesta quarta-feira (18) a pris\u00e3o preventiva de Al\u00edpio Gomes, de 58 anos, suspeito de atirar com uma arma de press\u00e3o em um funcion\u00e1rio de um shopping na zona leste de Ribeir\u00e3o Preto. O crime aconteceu na ter\u00e7a-feira (17), enquanto o trabalhador realizava a manuten\u00e7\u00e3o das catracas do\u2026","rel":"","context":"In &quot;Not\u00edcias de Ribeir\u00e3o Preto-SP e Regi\u00e3o&quot;","block_context":{"text":"Not\u00edcias de Ribeir\u00e3o Preto-SP e Regi\u00e3o","link":"https:\/\/noticiasribeiraopreto.com.br\/index.php\/category\/noticias-de-ribeirao-preto-sp-e-regiao-ismael-colosi\/"},"img":{"alt_text":"","src":"https:\/\/i0.wp.com\/noticiasribeiraopreto.com.br\/wp-content\/uploads\/2025\/06\/Copia-de-Copia-de-Copia-de-TAMANHO-EXATO-PARA-FOTOS-NO-SISTEMA-NOVO-2025-06-17T162549.603_2025-06-17_19-26-29.webp.webp?fit=1200%2C675&ssl=1&resize=350%2C200","width":350,"height":200,"srcset":"https:\/\/i0.wp.com\/noticiasribeiraopreto.com.br\/wp-content\/uploads\/2025\/06\/Copia-de-Copia-de-Copia-de-TAMANHO-EXATO-PARA-FOTOS-NO-SISTEMA-NOVO-2025-06-17T162549.603_2025-06-17_19-26-29.webp.webp?fit=1200%2C675&ssl=1&resize=350%2C200 1x, https:\/\/i0.wp.com\/noticiasribeiraopreto.com.br\/wp-content\/uploads\/2025\/06\/Copia-de-Copia-de-Copia-de-TAMANHO-EXATO-PARA-FOTOS-NO-SISTEMA-NOVO-2025-06-17T162549.603_2025-06-17_19-26-29.webp.webp?fit=1200%2C675&ssl=1&resize=525%2C300 1.5x, https:\/\/i0.wp.com\/noticiasribeiraopreto.com.br\/wp-content\/uploads\/2025\/06\/Copia-de-Copia-de-Copia-de-TAMANHO-EXATO-PARA-FOTOS-NO-SISTEMA-NOVO-2025-06-17T162549.603_2025-06-17_19-26-29.webp.webp?fit=1200%2C675&ssl=1&resize=700%2C400 2x, https:\/\/i0.wp.com\/noticiasribeiraopreto.com.br\/wp-content\/uploads\/2025\/06\/Copia-de-Copia-de-Copia-de-TAMANHO-EXATO-PARA-FOTOS-NO-SISTEMA-NOVO-2025-06-17T162549.603_2025-06-17_19-26-29.webp.webp?fit=1200%2C675&ssl=1&resize=1050%2C600 3x"},"classes":[]},{"id":73207,"url":"https:\/\/noticiasribeiraopreto.com.br\/index.php\/2025\/06\/26\/justica-revoga-prisao-de-homem-que-atirou-em-atendente-de-shopping\/","url_meta":{"origin":73230,"position":1},"title":"Justi\u00e7a revoga pris\u00e3o de homem que atirou em atendente de shopping","author":"noticiasribeiraopreto.com.br","date":"26 de June de 2025","format":false,"excerpt":"26 de junho de 2025 21:280 Compartilhar0 A Justi\u00e7a de S\u00e3o Paulo determinou, nesta quarta-feira (25), a revoga\u00e7\u00e3o da pris\u00e3o preventiva de Al\u00edpio Jo\u00e3o Junior, de 58 anos, acusado de atirar com uma arma de press\u00e3o contra um jovem prestador de servi\u00e7os no estacionamento de um shopping da zona Leste\u2026","rel":"","context":"In &quot;Not\u00edcias de Ribeir\u00e3o Preto-SP e Regi\u00e3o&quot;","block_context":{"text":"Not\u00edcias de Ribeir\u00e3o Preto-SP e Regi\u00e3o","link":"https:\/\/noticiasribeiraopreto.com.br\/index.php\/category\/noticias-de-ribeirao-preto-sp-e-regiao-ismael-colosi\/"},"img":{"alt_text":"","src":"https:\/\/i0.wp.com\/noticiasribeiraopreto.com.br\/wp-content\/uploads\/2025\/06\/alipio1.jpeg?fit=716%2C584&ssl=1&resize=350%2C200","width":350,"height":200,"srcset":"https:\/\/i0.wp.com\/noticiasribeiraopreto.com.br\/wp-content\/uploads\/2025\/06\/alipio1.jpeg?fit=716%2C584&ssl=1&resize=350%2C200 1x, https:\/\/i0.wp.com\/noticiasribeiraopreto.com.br\/wp-content\/uploads\/2025\/06\/alipio1.jpeg?fit=716%2C584&ssl=1&resize=525%2C300 1.5x, https:\/\/i0.wp.com\/noticiasribeiraopreto.com.br\/wp-content\/uploads\/2025\/06\/alipio1.jpeg?fit=716%2C584&ssl=1&resize=700%2C400 2x"},"classes":[]},{"id":74116,"url":"https:\/\/noticiasribeiraopreto.com.br\/index.php\/2025\/07\/16\/fazendeiro-e-preso-em-ribeirao-preto-apos-ameacas-contra-vizinhos-em-condominio\/","url_meta":{"origin":73230,"position":2},"title":"Fazendeiro \u00e9 preso em Ribeir\u00e3o Preto ap\u00f3s amea\u00e7as contra vizinhos em condom\u00ednio","author":"noticiasribeiraopreto.com.br","date":"16 de July de 2025","format":false,"excerpt":"O TJ-SP (Tribunal de Justi\u00e7a de S\u00e3o Paulo) determinou a pris\u00e3o do fazendeiro Al\u00edpio Jo\u00e3o J\u00fanior, de 58 anos, nesta quarta-feira (16). O fazendeiro \u00e9 acusado de realizar amea\u00e7as contra vizinhos em um condom\u00ednio no Centro de Ribeir\u00e3o Preto. Ele j\u00e1 se apresentou na delegacia e foi preso. Na decis\u00e3o,\u2026","rel":"","context":"In &quot;Not\u00edcias de Ribeir\u00e3o Preto-SP e Regi\u00e3o&quot;","block_context":{"text":"Not\u00edcias de Ribeir\u00e3o Preto-SP e Regi\u00e3o","link":"https:\/\/noticiasribeiraopreto.com.br\/index.php\/category\/noticias-de-ribeirao-preto-sp-e-regiao-ismael-colosi\/"},"img":{"alt_text":"","src":"https:\/\/i0.wp.com\/noticiasribeiraopreto.com.br\/wp-content\/uploads\/2025\/07\/Copia-de-Copia-de-Copia-de-TAMANHO-EXATO-PARA-FOTOS-NO-SISTEMA-NOVO-2025-07-11T152431.680_2025-07-11_18-24-38.webp.webp?fit=1200%2C675&ssl=1&resize=350%2C200","width":350,"height":200,"srcset":"https:\/\/i0.wp.com\/noticiasribeiraopreto.com.br\/wp-content\/uploads\/2025\/07\/Copia-de-Copia-de-Copia-de-TAMANHO-EXATO-PARA-FOTOS-NO-SISTEMA-NOVO-2025-07-11T152431.680_2025-07-11_18-24-38.webp.webp?fit=1200%2C675&ssl=1&resize=350%2C200 1x, https:\/\/i0.wp.com\/noticiasribeiraopreto.com.br\/wp-content\/uploads\/2025\/07\/Copia-de-Copia-de-Copia-de-TAMANHO-EXATO-PARA-FOTOS-NO-SISTEMA-NOVO-2025-07-11T152431.680_2025-07-11_18-24-38.webp.webp?fit=1200%2C675&ssl=1&resize=525%2C300 1.5x, https:\/\/i0.wp.com\/noticiasribeiraopreto.com.br\/wp-content\/uploads\/2025\/07\/Copia-de-Copia-de-Copia-de-TAMANHO-EXATO-PARA-FOTOS-NO-SISTEMA-NOVO-2025-07-11T152431.680_2025-07-11_18-24-38.webp.webp?fit=1200%2C675&ssl=1&resize=700%2C400 2x, https:\/\/i0.wp.com\/noticiasribeiraopreto.com.br\/wp-content\/uploads\/2025\/07\/Copia-de-Copia-de-Copia-de-TAMANHO-EXATO-PARA-FOTOS-NO-SISTEMA-NOVO-2025-07-11T152431.680_2025-07-11_18-24-38.webp.webp?fit=1200%2C675&ssl=1&resize=1050%2C600 3x"},"classes":[]},{"id":74028,"url":"https:\/\/noticiasribeiraopreto.com.br\/index.php\/2025\/07\/14\/mp-pede-prisao-de-fazendeiro-furioso\/","url_meta":{"origin":73230,"position":3},"title":"MP pede pris\u00e3o de fazendeiro \u2018furioso\u2019","author":"noticiasribeiraopreto.com.br","date":"14 de July de 2025","format":false,"excerpt":"S\u00edndico disse \u00e0 Pol\u00edcia Civil que recebeu amea\u00e7as de morte contra ele e a filha feita por Al\u00edpio Jo\u00e3o J\u00fanior, de 58 anos, o \u201cfurioso da cancela\u201d O promotor criminal Paulo Jos\u00e9 Freire Teot\u00f4nio, do Minist\u00e9rio P\u00fablico de S\u00e3o Paulo (MPSP), entrou com pedido de pris\u00e3o preventiva do fazendeiro Al\u00edpio\u2026","rel":"","context":"In &quot;Not\u00edcias de Ribeir\u00e3o Preto-SP e Regi\u00e3o&quot;","block_context":{"text":"Not\u00edcias de Ribeir\u00e3o Preto-SP e Regi\u00e3o","link":"https:\/\/noticiasribeiraopreto.com.br\/index.php\/category\/noticias-de-ribeirao-preto-sp-e-regiao-ismael-colosi\/"},"img":{"alt_text":"","src":"https:\/\/i0.wp.com\/noticiasribeiraopreto.com.br\/wp-content\/uploads\/2025\/07\/alipio_preventiva1-e1752532607747.jpeg?fit=800%2C450&ssl=1&resize=350%2C200","width":350,"height":200,"srcset":"https:\/\/i0.wp.com\/noticiasribeiraopreto.com.br\/wp-content\/uploads\/2025\/07\/alipio_preventiva1-e1752532607747.jpeg?fit=800%2C450&ssl=1&resize=350%2C200 1x, https:\/\/i0.wp.com\/noticiasribeiraopreto.com.br\/wp-content\/uploads\/2025\/07\/alipio_preventiva1-e1752532607747.jpeg?fit=800%2C450&ssl=1&resize=525%2C300 1.5x, https:\/\/i0.wp.com\/noticiasribeiraopreto.com.br\/wp-content\/uploads\/2025\/07\/alipio_preventiva1-e1752532607747.jpeg?fit=800%2C450&ssl=1&resize=700%2C400 2x"},"classes":[]},{"id":73895,"url":"https:\/\/noticiasribeiraopreto.com.br\/index.php\/2025\/07\/11\/homem-que-atirou-em-shopping-e-denunciado-por-ameacar-moradores-em-ribeirao-preto\/","url_meta":{"origin":73230,"position":4},"title":"Homem que atirou em shopping \u00e9 denunciado por amea\u00e7ar moradores em Ribeir\u00e3o Preto","author":"noticiasribeiraopreto.com.br","date":"11 de July de 2025","format":false,"excerpt":"O homem suspeito de efetuar disparos com uma arma de press\u00e3o contra o funcion\u00e1rio de um shopping da zona leste de Ribeir\u00e3o Preto, em junho deste ano, foi denunciado por amea\u00e7ar os moradores do condom\u00ednio em que mora, no Centro do munic\u00edpio. Al\u00edpio Gomes, de 58 anos, chegou a ficar\u2026","rel":"","context":"In &quot;Not\u00edcias de Ribeir\u00e3o Preto-SP e Regi\u00e3o&quot;","block_context":{"text":"Not\u00edcias de Ribeir\u00e3o Preto-SP e Regi\u00e3o","link":"https:\/\/noticiasribeiraopreto.com.br\/index.php\/category\/noticias-de-ribeirao-preto-sp-e-regiao-ismael-colosi\/"},"img":{"alt_text":"","src":"https:\/\/i0.wp.com\/noticiasribeiraopreto.com.br\/wp-content\/uploads\/2025\/07\/Copia-de-Copia-de-Copia-de-TAMANHO-EXATO-PARA-FOTOS-NO-SISTEMA-NOVO-2025-07-11T152431.680_2025-07-11_18-24-38.webp.webp?fit=1200%2C675&ssl=1&resize=350%2C200","width":350,"height":200,"srcset":"https:\/\/i0.wp.com\/noticiasribeiraopreto.com.br\/wp-content\/uploads\/2025\/07\/Copia-de-Copia-de-Copia-de-TAMANHO-EXATO-PARA-FOTOS-NO-SISTEMA-NOVO-2025-07-11T152431.680_2025-07-11_18-24-38.webp.webp?fit=1200%2C675&ssl=1&resize=350%2C200 1x, https:\/\/i0.wp.com\/noticiasribeiraopreto.com.br\/wp-content\/uploads\/2025\/07\/Copia-de-Copia-de-Copia-de-TAMANHO-EXATO-PARA-FOTOS-NO-SISTEMA-NOVO-2025-07-11T152431.680_2025-07-11_18-24-38.webp.webp?fit=1200%2C675&ssl=1&resize=525%2C300 1.5x, https:\/\/i0.wp.com\/noticiasribeiraopreto.com.br\/wp-content\/uploads\/2025\/07\/Copia-de-Copia-de-Copia-de-TAMANHO-EXATO-PARA-FOTOS-NO-SISTEMA-NOVO-2025-07-11T152431.680_2025-07-11_18-24-38.webp.webp?fit=1200%2C675&ssl=1&resize=700%2C400 2x, https:\/\/i0.wp.com\/noticiasribeiraopreto.com.br\/wp-content\/uploads\/2025\/07\/Copia-de-Copia-de-Copia-de-TAMANHO-EXATO-PARA-FOTOS-NO-SISTEMA-NOVO-2025-07-11T152431.680_2025-07-11_18-24-38.webp.webp?fit=1200%2C675&ssl=1&resize=1050%2C600 3x"},"classes":[]},{"id":74018,"url":"https:\/\/noticiasribeiraopreto.com.br\/index.php\/2025\/07\/14\/ameacas-a-vizinhos-mp-sp-pede-prisao-de-fazendeiro-apos-divulgacao-de-audios\/","url_meta":{"origin":73230,"position":5},"title":"Amea\u00e7as a vizinhos: MP-SP pede pris\u00e3o de fazendeiro ap\u00f3s divulga\u00e7\u00e3o de \u00e1udios","author":"noticiasribeiraopreto.com.br","date":"14 de July de 2025","format":false,"excerpt":"O MP-SP (Minist\u00e9rio P\u00fablico de S\u00e3o Paulo) pediu a pris\u00e3o do fazendeiro Al\u00edpio Jo\u00e3o J\u00fanior, acusado de realizar amea\u00e7as contra vizinhos em um condom\u00ednio no Centro de Ribeir\u00e3o Preto. O fazendeiro chegou a ser preso em junho deste ano por efetuar disparos com uma arma de press\u00e3o contra o funcion\u00e1rio\u2026","rel":"","context":"In &quot;Not\u00edcias de Ribeir\u00e3o Preto-SP e Regi\u00e3o&quot;","block_context":{"text":"Not\u00edcias de Ribeir\u00e3o Preto-SP e Regi\u00e3o","link":"https:\/\/noticiasribeiraopreto.com.br\/index.php\/category\/noticias-de-ribeirao-preto-sp-e-regiao-ismael-colosi\/"},"img":{"alt_text":"","src":"https:\/\/i0.wp.com\/noticiasribeiraopreto.com.br\/wp-content\/uploads\/2025\/07\/Copia-de-Copia-de-Copia-de-TAMANHO-EXATO-PARA-FOTOS-NO-SISTEMA-NOVO-2025-07-11T152431.680_2025-07-11_18-24-38.webp.webp?fit=1200%2C675&ssl=1&resize=350%2C200","width":350,"height":200,"srcset":"https:\/\/i0.wp.com\/noticiasribeiraopreto.com.br\/wp-content\/uploads\/2025\/07\/Copia-de-Copia-de-Copia-de-TAMANHO-EXATO-PARA-FOTOS-NO-SISTEMA-NOVO-2025-07-11T152431.680_2025-07-11_18-24-38.webp.webp?fit=1200%2C675&ssl=1&resize=350%2C200 1x, https:\/\/i0.wp.com\/noticiasribeiraopreto.com.br\/wp-content\/uploads\/2025\/07\/Copia-de-Copia-de-Copia-de-TAMANHO-EXATO-PARA-FOTOS-NO-SISTEMA-NOVO-2025-07-11T152431.680_2025-07-11_18-24-38.webp.webp?fit=1200%2C675&ssl=1&resize=525%2C300 1.5x, https:\/\/i0.wp.com\/noticiasribeiraopreto.com.br\/wp-content\/uploads\/2025\/07\/Copia-de-Copia-de-Copia-de-TAMANHO-EXATO-PARA-FOTOS-NO-SISTEMA-NOVO-2025-07-11T152431.680_2025-07-11_18-24-38.webp.webp?fit=1200%2C675&ssl=1&resize=700%2C400 2x, https:\/\/i0.wp.com\/noticiasribeiraopreto.com.br\/wp-content\/uploads\/2025\/07\/Copia-de-Copia-de-Copia-de-TAMANHO-EXATO-PARA-FOTOS-NO-SISTEMA-NOVO-2025-07-11T152431.680_2025-07-11_18-24-38.webp.webp?fit=1200%2C675&ssl=1&resize=1050%2C600 3x"},"classes":[]}],"jetpack_sharing_enabled":true,"jetpack_shortlink":"https:\/\/wp.me\/peQAOb-j38","_links":{"self":[{"href":"https:\/\/noticiasribeiraopreto.com.br\/index.php\/wp-json\/wp\/v2\/posts\/73230","targetHints":{"allow":["GET"]}}],"collection":[{"href":"https:\/\/noticiasribeiraopreto.com.br\/index.php\/wp-json\/wp\/v2\/posts"}],"about":[{"href":"https:\/\/noticiasribeiraopreto.com.br\/index.php\/wp-json\/wp\/v2\/types\/post"}],"author":[{"embeddable":true,"href":"https:\/\/noticiasribeiraopreto.com.br\/index.php\/wp-json\/wp\/v2\/users\/1"}],"replies":[{"embeddable":true,"href":"https:\/\/noticiasribeiraopreto.com.br\/index.php\/wp-json\/wp\/v2\/comments?post=73230"}],"version-history":[{"count":0,"href":"https:\/\/noticiasribeiraopreto.com.br\/index.php\/wp-json\/wp\/v2\/posts\/73230\/revisions"}],"wp:featuredmedia":[{"embeddable":true,"href":"https:\/\/noticiasribeiraopreto.com.br\/index.php\/wp-json\/wp\/v2\/media\/72504"}],"wp:attachment":[{"href":"https:\/\/noticiasribeiraopreto.com.br\/index.php\/wp-json\/wp\/v2\/media?parent=73230"}],"wp:term":[{"taxonomy":"category","embeddable":true,"href":"https:\/\/noticiasribeiraopreto.com.br\/index.php\/wp-json\/wp\/v2\/categories?post=73230"},{"taxonomy":"post_tag","embeddable":true,"href":"https:\/\/noticiasribeiraopreto.com.br\/index.php\/wp-json\/wp\/v2\/tags?post=73230"}],"curies":[{"name":"wp","href":"https:\/\/api.w.org\/{rel}","templated":true}]}}