{"id":73231,"date":"2025-06-27T14:17:53","date_gmt":"2025-06-27T17:17:53","guid":{"rendered":"https:\/\/noticiasribeiraopreto.com.br\/index.php\/2025\/06\/27\/confira-as-atracoes-do-fim-de-semana-em-ribeirao-preto-e-regiao\/"},"modified":"2025-06-27T14:17:53","modified_gmt":"2025-06-27T17:17:53","slug":"confira-as-atracoes-do-fim-de-semana-em-ribeirao-preto-e-regiao","status":"publish","type":"post","link":"https:\/\/noticiasribeiraopreto.com.br\/index.php\/2025\/06\/27\/confira-as-atracoes-do-fim-de-semana-em-ribeirao-preto-e-regiao\/","title":{"rendered":"Confira as atra\u00e7\u00f5es do fim de semana em Ribeir\u00e3o Preto e regi\u00e3o"},"content":{"rendered":"<div class='code-block code-block-1' style='margin: 8px 0 8px auto; text-align: right; display: block; clear: both;'>\n<p><a href=\"https:\/\/wa.link\/vpicfd\"><img data-recalc-dims=\"1\" class=\"wp-image-4922\" style=\"aspect-ratio: 2.0253164556962027; width: 561px; height: auto;\" src=\"https:\/\/i0.wp.com\/ismaelcolosi.com.br\/wp-content\/uploads\/2023\/11\/grupo-de-empregos-whatsapp-e-facebook-ismael-colosi-vagas.jpg?ssl=1\" alt=\"\" \/><\/a><\/p>\n<!-- \/wp:image -->\n<\/div>\n<p> <br \/>\n<\/p>\n<div>\n<p>O \u00faltimo fim de semana de junho conta com uma programa\u00e7\u00e3o recheada de atividades culturais para quem deseja aproveitar com a fam\u00edlia e amigos. <strong>Ribeir\u00e3o Preto<\/strong> recebe shows do sertanejo <strong>Gusttavo Lima<\/strong> e do grupo <strong>Roupa Nova<\/strong>, al\u00e9m de sess\u00f5es da pe\u00e7a premiada \u201c<strong>Tom na Fazenda<\/strong>\u201d. <mark style=\"background-color:#fcb900\" class=\"has-inline-color has-black-color\">Confira todas as atra\u00e7\u00f5es:<\/mark><\/p>\n<h2 class=\"wp-block-heading\"><strong>Gusttavo Lima \u2013 Embaixador Classic<\/strong><\/h2>\n<p>O cantor\u00a0<strong>Gusttavo Lima se apresenta neste s\u00e1bado (28)<\/strong>, a partir das 17h, no\u00a0<strong>Est\u00e1dio Santa Cruz<\/strong>, em\u00a0<strong>Ribeir\u00e3o Preto, com o show Embaixador Classic<\/strong>, que traz o artista acompanhado de uma orquestra ao vivo. <strong>Ainda h\u00e1 ingressos dispon\u00edveis <\/strong>e podem ser adquiridos on-line\u00a0<a href=\"https:\/\/baladapp.com.br\/pt-BR\/eventos\/embaixador-classic-ribeirao-preto\/6481\"><strong>(clique aqui)<\/strong><\/a>. Os pre\u00e7os variam entre <strong>R$ 90 <\/strong>a <strong>R$ 10 mil<\/strong>.<\/p>\n<p><strong>Quando:\u00a0<\/strong>28 de junho, s\u00e1bado <strong><br \/>Hor\u00e1rio:\u00a0<\/strong>A partir das 17h <strong><br \/>Local:\u00a0<\/strong>Est\u00e1dio Santa Cruz | avenida Cost\u00e1bile Romano<strong><br \/>Ingressos: <\/strong>A partir de R$ 90<\/p>\n<h2 class=\"wp-block-heading\"><strong>Tom na Fazenda<\/strong><\/h2>\n<p>Ap\u00f3s o sucesso internacional e completando sete anos em cartaz, a pe\u00e7a premiada \u201c<strong>Tom na Fazenda<\/strong>\u201d retorna \u00e0\u00a0<strong>Ribeir\u00e3o Preto\u00a0<\/strong>para uma \u00fanica apresenta\u00e7\u00e3o neste <strong>s\u00e1bado (28)<\/strong>, \u00e0s\u00a0<strong>20h30<\/strong>, no\u00a0<strong>Theatro Pedro II<\/strong>. Os ingressos j\u00e1 podem ser adquiridos\u00a0<strong>on-line\u00a0<a href=\"https:\/\/bileto.sympla.com.br\/event\/107052\/d\/322087?_gl=1*1svyfn4*_gcl_au*OTkxNjU4NjA1LjE3NDkzMjAyOTguNjE1MzQ3NzMuMTc0OTMyMDM0OC4xNzQ5MzIwMzky*_ga*MTg0Nzk4Mzk5OC4xNzQ5MzIwMzAy*_ga_KXH10SQTZF*czE3NDkzMjAzMDEkbzEkZzEkdDE3NDkzMjAzOTIkajQ2JGwwJGg2NTI2MTA5NjA.\">(clique aqui)<\/a><\/strong>. Os pre\u00e7os variam entre\u00a0<strong>R$ 80 e R$ 140<\/strong>.<\/p>\n<p>A hist\u00f3ria acompanha a chegada do publicit\u00e1rio\u00a0<strong>Tom<\/strong>\u00a0na fazenda da fam\u00edlia para o funeral de seu companheiro. Ao chegar a casa, ele conhece a sogra, que nunca soube a orienta\u00e7\u00e3o sexual do filho e nem de sua exist\u00eancia. A classifica\u00e7\u00e3o indicativa \u00e9 de\u00a0<strong>18 anos<\/strong>.<\/p>\n<p><strong>Quando:<\/strong> 28 de junho, s\u00e1bado<br \/><strong>Hor\u00e1rio:<\/strong> 20h30<br \/><strong>Onde:<\/strong> Theatro Pedro II | Rua \u00c1lvares Cabral, 370<br \/><strong>Ingressos: <\/strong>A partir de R$ 80<\/p>\n<h2 class=\"wp-block-heading\"><strong>Roupa Nova<\/strong><\/h2>\n<p>O grupo\u00a0<strong>Roupa Nova<\/strong>\u00a0se apresenta em\u00a0<strong>Ribeir\u00e3o Preto, <\/strong>no Multiplan Hall, localizado no Ribeir\u00e3oShopping, zona Sul da cidade. No set list est\u00e3o hits como \u201cDona\u201d, \u201cWhisky a Go Go\u201d, \u201cLinda Demais\u201d e \u201cA Viagem\u201d. Os ingressos est\u00e3o esgotados.<\/p>\n<p><strong>Quando:\u00a0<\/strong>28 de junho, s\u00e1bado <strong><br \/>Hor\u00e1rio:\u00a0<\/strong>Port\u00f5es abrem \u00e0s 19h e show \u00e0s 21h<strong><br \/>Local:\u00a0<\/strong>Multiplan Hall \u2013 Ribeir\u00e3o Shopping<strong><br \/>Ingressos esgotados<\/strong><\/p>\n<h2 class=\"wp-block-heading\"><strong>12\u00aa Exposi\u00e7\u00e3o de Carros Antigos <\/strong><strong\/><\/h2>\n<p>O <strong>Novo Shopping<\/strong> recebe, <strong>at\u00e9 o dia 29 de junho<\/strong>, a <strong>12\u00aa Exposi\u00e7\u00e3o de Carros Antigos do Clube Faixa Branca<\/strong>, uma <strong>mostra gratuita<\/strong> com uma sele\u00e7\u00e3o <strong>de 25 carros e motos cl\u00e1ssicas<\/strong>. Nesta edi\u00e7\u00e3o que comemora os 36 anos do <strong>Clube Faixa Branca<\/strong>, estar\u00e3o expostos os modelos Ford 1931, Aero Willys 1970, Mg Enseada 1975, Jeep Willys 1962, Dodge 1978 e Del Rey Ghia 19.<\/p>\n<p><strong>Quando:\u00a0<\/strong>at\u00e9 29 de junho \u00a0<strong><br \/>Hor\u00e1rio:\u00a0<\/strong>s\u00e1bado, das 10h \u00e0s 22h, e domingo, das 14h \u00e0s 20h<br \/><strong>Local:\u00a0<\/strong>Corredor de acesso \u00e0 portaria 5, no Novo Shopping | avenida Presidente Kennedy, 1.500 \u00a0<br \/><strong>Entrada gratuita<\/strong><\/p>\n<h2 class=\"wp-block-heading\"><strong>Orquestra Sinf\u00f4nica do GURI Ribeir\u00e3o Preto<\/strong><\/h2>\n<p>A\u00a0<strong>Orquestra Sinf\u00f4nica do GURI Ribeir\u00e3o Preto<\/strong>\u00a0se apresenta neste s\u00e1bado (28), no\u00a0<strong>Departamento de M\u00fasica da USP (Universidade de S\u00e3o Paulo)<\/strong>. O espet\u00e1culo acontece a partir das 10h30 e a\u00a0<strong>entrada \u00e9 gratuita<\/strong>.<\/p>\n<p>Sob reg\u00eancia do maestro convidado<strong>\u00a0Vitor Zafer<\/strong>, o grupo interpretar\u00e1 um repert\u00f3rio com obras de Rossano Galante (Genesis), Georges Bizet (Su\u00edte n\u00ba2 L\u2019Arl\u00e9sienne), Pyotr Ilyich Tchaikovsky (introdu\u00e7\u00e3o do bal\u00e9 O Lago dos Cisnes) e Alexandre Travassos (Salmodia).<\/p>\n<p><strong>Quando:\u00a0<\/strong>28 de junho, s\u00e1bado \u00a0\u00a0<strong><br \/>Hor\u00e1rio:<\/strong>\u00a010h30 <strong><br \/>Local:<\/strong>\u00a0Sala de Concertos da Tulha (Departamento de M\u00fasica da FFCLRP-USP) \u2013 rua Olivier Toni, s\/n <strong><br \/>Entrada gratuita <\/strong><strong>\u00a0<\/strong><\/p>\n<h2 class=\"wp-block-heading\"><strong>A Hist\u00f3ria e a Arte da Nossa Catedral<\/strong><\/h2>\n<p>O Shopping Santa \u00darsula, no Centro de\u00a0<strong>Ribeir\u00e3o Preto<\/strong>, recebe,\u00a0<strong>at\u00e9 o dia 31 de julho<\/strong>, uma exposi\u00e7\u00e3o que busca sensibilizar a popula\u00e7\u00e3o sobre a\u00a0<strong>situa\u00e7\u00e3o estrutural\u00a0<\/strong>enfrentada pela\u00a0<strong>Catedral Metropolitana<\/strong>. A\u00a0<strong>visita\u00e7\u00e3o \u00e9 gratuita<\/strong>\u00a0e aberta ao p\u00fablico durante o hor\u00e1rio de funcionamento do estabelecimento.<\/p>\n<p><strong>Quando:\u00a0<\/strong>at\u00e9 31 de julho<strong> <br \/>Hor\u00e1rio:<\/strong> segunda a s\u00e1bado, das 9h \u00e0s 21h, e domingos e feriados, das 11h \u00e0s 21h<strong><br \/>Local:\u00a0<\/strong>Shopping Santa \u00darsula | rua S\u00e3o Jos\u00e9, 933 \u2013 Higen\u00f3polis \u00a0\u00a0<strong><br \/>Entrada gratuita <\/strong><\/p>\n<h2 class=\"wp-block-heading\"><strong>Arrai\u00e1 Veg <\/strong><strong\/><\/h2>\n<p><strong>Ribeir\u00e3o Preto <\/strong><strong>recebe <\/strong><strong>a 7\u00aa edi\u00e7\u00e3o do \u201cArrai\u00e1 Veg\u201d<\/strong><strong>, no <\/strong><strong>domingo (29)<\/strong>, a partir das\u00a0<strong>15h<\/strong>, na\u00a0<strong>Pra\u00e7a do Canh\u00e3o<\/strong><strong>. <\/strong>Entre as op\u00e7\u00f5es do card\u00e1pio, h\u00e1 cachorro-quente, lanches, salgados, caldos, bolos, ma\u00e7\u00e3 do amor, quent\u00e3o e chocolate quente, tudo preparado sem ingredientes de origem animal. Al\u00e9m da gastronomia, a festa ter\u00e1 forr\u00f3 ao vivo com o trio Tr\u00eas de Raiz e aula gratuita de forr\u00f3 roots com o <strong>Projeto Forrozeiro<\/strong>. A <strong>entrada \u00e9 gratuita<\/strong>. <strong\/><\/p>\n<p><strong>Quando:\u00a0<\/strong>29 de junho, domingo<strong><br \/>Hor\u00e1rio:\u00a0<\/strong>15h \u00e0s 21h30<strong><br \/>Local:\u00a0<\/strong>Pra\u00e7a dos Expedicion\u00e1rios (Pra\u00e7a do Canh\u00e3o) \u2013 Rua Piracicaba, 1.866, Parque dos Bandeirantes<strong><br \/>Entrada gratuita<\/strong><\/p>\n<h2 class=\"wp-block-heading\"><strong>Feira do Livro de S\u00e3o Joaquim da Barra<\/strong><\/h2>\n<p><strong>S\u00e3o Joaquim da Barra <\/strong>encerra a\u00a0programa\u00e7\u00e3o da <strong>16\u00aa Feira do Livro <\/strong><strong>com show de <\/strong><strong>Ver\u00f4nica Ferriani<\/strong><strong> e <\/strong><strong>Sandra S\u00e1<\/strong><strong>. <\/strong>A programa\u00e7\u00e3o \u00e9 gratuita e come\u00e7a a partir das <strong>9h<\/strong>, no\u00a0<strong>Parque de Exposi\u00e7\u00f5es Tancredo Neves<\/strong>. O evento tamb\u00e9m conta com conta\u00e7\u00e3o de hist\u00f3ria, teatro, oficinas, espet\u00e1culo circense, palestra e show infantil. <strong\/><\/p>\n<p><strong>Quando: <\/strong>27 e 28 de junho, sexta-feira e s\u00e1bado<strong> <\/strong>\u00a0<strong><br \/>Hor\u00e1rio:<\/strong> A partir das 19h<br \/><strong>Local:<\/strong> Parque de Exposi\u00e7\u00f5es Tancredo Neves \u00a0<br \/><strong>Entrada gratuita<\/strong><\/p>\n<h2 class=\"wp-block-heading\"><strong>Sextas Sonoras<\/strong><\/h2>\n<p>O\u00a0<strong>Cineclube Cauim<\/strong>\u00a0recebe nesta sexta-feira (27) uma edi\u00e7\u00e3o especial do projeto \u201c<strong>Sextas Sonoras<\/strong>\u201d, dedicada ao jazz e ao blues, na rua Olavo Bilac, 135, na Vila Seixas, em\u00a0<strong>Ribeir\u00e3o Preto<\/strong>. Na programa\u00e7\u00e3o est\u00e3o shows dos grupos\u00a0<strong>Leoneti Bros<\/strong>\u00a0e\u00a0<strong>Barranco Trio<\/strong>. O ingresso custa\u00a0<strong>R$ 20<\/strong>\u00a0e d\u00e1 direito a um chope. A programa\u00e7\u00e3o come\u00e7a \u00e0s 19h com o\u00a0<strong>duo Leoneti Bros.<\/strong><\/p>\n<p><strong>Quando: <\/strong>27 de junho, sexta-feira <strong><br \/>Hor\u00e1rio:<\/strong>\u00a0A partir das 19h <strong><br \/>Local:\u00a0<\/strong>Cine Cauim | rua Olavo Bilac, 135 \u2013 Vila Seixas \u00a0\u00a0\u00a0<strong><br \/>Ingressos: <\/strong><strong>R$ 20<\/strong><\/p>\n<h2 class=\"wp-block-heading\"><strong>Criolo \u2013 Ciclo<\/strong><\/h2>\n<p>O cantor e rapper\u00a0<strong>Criolo<\/strong>\u00a0se apresenta\u00a0<strong>com show gratuito<\/strong>\u00a0em\u00a0<strong>Ribeir\u00e3o Preto<\/strong>, no <strong>domingo (29)<\/strong>, \u00e0s 18h, no Centro Cultural do Sesi.\u00a0Em seu novo show \u201c<strong>Ciclo<\/strong>\u201d, o artista se junta a\u00a0<strong>Ed Trombone<\/strong>,\u00a0<strong>DJ DanDan\u00a0<\/strong>e\u00a0<strong>Ricardo Rabelo<\/strong>\u00a0para apresentar a for\u00e7a e a ancestralidade do rap e do hip hop nacional. Os ingressos est\u00e3o esgotados.<\/p>\n<p><strong>Quando: <\/strong>29 de junho, domingo <strong><br \/>Hor\u00e1rio:<\/strong>\u00a018h<strong><br \/>Local:\u00a0<\/strong>Sesi Ribeir\u00e3o Preto \u2013 entrada pela rua Niter\u00f3i \u2013 Jardim Castelo Branco<br \/><strong>Ingressos esgotados<\/strong><\/p>\n<h2 class=\"wp-block-heading\"><strong>Stevan Gaipo<\/strong><\/h2>\n<p>O comediante <strong>Steven Gaipo<\/strong> apresenta neste <strong>domingo (29),<\/strong> a partir das <strong>19h30<\/strong>, um quadro de stand-up para o p\u00fablico do <strong>Boteco Brazukis<\/strong>, em <strong>Ribeir\u00e3o Preto<\/strong>. Os ingressos podem ser adquiridos <strong>on-line <a href=\"https:\/\/www.sympla.com.br\/evento\/stevan-gaipo-em-ribeirao-preto\/2884029?referrer=www.google.com&amp;referrer=www.google.com\">(clique aqui)<\/a><\/strong> a partir de <strong>R$ 45<\/strong>. Tamb\u00e9m haver\u00e1 vendas na portaria. Os lugares s\u00e3o dispon\u00edveis por ordem de chegada. <\/p>\n<p><strong>Quando: <\/strong>29 de junho <strong><br \/>Hor\u00e1rio:<\/strong>\u00a019h30 <strong><br \/>Local:\u00a0<\/strong>Boteco Brazukis | rua Rui Barbosa, 902 \u2013 Centro \u00a0<br \/><strong>Ingressos: <\/strong><strong>R$ 40<\/strong><strong> <\/strong><strong\/><\/p>\n<h2 class=\"wp-block-heading\"><strong>Arrai\u00e1 da F\u00e1brica<\/strong><\/h2>\n<p>O <strong>Arrai\u00e1 da F\u00e1brica<\/strong> acontece neste <strong>s\u00e1bado (28)<\/strong>, na <strong>F\u00e1brica dos Extintores<\/strong>, em <strong>Ribeir\u00e3o Preto<\/strong>. O evento contar\u00e1 com discotecagem com <strong>Hierofante<\/strong> e apresenta\u00e7\u00e3o da banda <strong>Quarto Eco<\/strong>, com um repert\u00f3rio com cl\u00e1ssicos de Luiz Gonzaga, Dominguinhos, Fala Mansa, Bicho de P\u00e9, Elba Ramalho, Jo\u00e3o Gomes e outros. A estrutura do evento conta com fogueira, bebidas e comidas t\u00edpicas, correio elegante e quadrilha. Os ingressos podem ser adquiridos <strong>on-line <a href=\"https:\/\/www.sympla.com.br\/evento\/arraia-da-fabrica-com-quarto-eco\/2998135?referrer=www.google.com\">(clique aqui)<\/a><\/strong>, por <strong>R$ 27,27<\/strong>. <\/p>\n<p><strong>Quando: <\/strong>28 de junho, s\u00e1bado <strong><br \/>Hor\u00e1rio:<\/strong>\u00a0\u00c0s 22h <strong><br \/>Local:\u00a0<\/strong>F\u00e1brica dos Extintores | rua Fl\u00e1vio Uch\u00f4a, 2.151 \u2013 Campos El\u00edseos <strong><br \/>Entrada gratuita<\/strong><\/p>\n<h2 class=\"wp-block-heading\"><strong>Festival P\u00e9 na Porta<\/strong><\/h2>\n<p>A 6\u00aa edi\u00e7\u00e3o do<strong> Festival P\u00e9 na Porta <\/strong>acontece neste<strong> domingo (29)<\/strong>, a partir das<strong> 15h<\/strong>, no<strong> Teatro de Arena de Ribeir\u00e3o Preto<\/strong>. A line-up \u00e9 composta por artistas locais como Ameslari, Cidda, Danilo Teoro, Fen\u00edcia, Insane Trip, Katarin, Monroe, Santa Cora e DJ Rodrigo Mod. <strong>A entrada \u00e9 gratuita<\/strong>, por\u00e9m, a organiza\u00e7\u00e3o est\u00e1 arrecadando alimentos n\u00e3o perec\u00edveis para doar ao <strong>Lar Padre Euclides<\/strong>.<\/p>\n<p><strong>Quando: <\/strong>29 de junho, domingo <strong><br \/>Hor\u00e1rio:<\/strong>\u00a0A partir das 15h<strong><br \/>Local:\u00a0<\/strong>Teatro de Arena | Jardim Mosteiro \u00a0\u00a0\u00a0<strong><br \/>Entrada gratuita<\/strong><\/p>\n<h2 class=\"wp-block-heading\"><strong>Pula e Estica<\/strong><\/h2>\n<p>A banda <strong>Baleia Banguela<\/strong> da <strong>Cia. Navega Jangada<\/strong> apresenta o show com releituras de musicas de reggae, pop rock, samba e outros. A atividade envolve m\u00fasica e movimento, e acontece no <strong>Sesc Ribeir\u00e3o<\/strong>, neste <strong>s\u00e1bado (28)<\/strong>, \u00e0s <strong>16h<\/strong>. <\/p>\n<p><strong>Quando: <\/strong>28 de junho, s\u00e1bado <strong>\u00a0<br \/>Hor\u00e1rio:<\/strong>\u00a016h<strong><br \/>Local:\u00a0<\/strong>Sesc Ribeir\u00e3o Preto | rua Tibiri\u00e7\u00e1, 50 \u2013 Centro \u00a0<strong><br \/>Ingressos: A partir de R$ 42<\/strong><\/p>\n<h2 class=\"wp-block-heading\"><strong>Espet\u00e1culo Abracadabra<\/strong><\/h2>\n<p>O espet\u00e1culo \u201c<strong>Abracadabra \u2013 O Circo Musical<\/strong>\u201d segue por mais um fim de semana em\u00a0<strong>Ribeir\u00e3o Preto. <\/strong>Criado por\u00a0<strong>Frederico Reder<\/strong>, esta temporada conta com nomes como\u00a0<strong>Ded\u00e9 Santana, Diego Hyp\u00f3lito\u00a0<\/strong>e\u00a0<strong>Tio Paulo<\/strong>. O espet\u00e1culo conta com m\u00fasica ao vivo, anim\u00e1gicos, brinquedos e pra\u00e7a de alimenta\u00e7\u00e3o. <strong>Os ingressos est\u00e3o dispon\u00edveis\u00a0on-line<\/strong>\u00a0<a href=\"https:\/\/uhuu.com\/comprar-ingressos\/sp\/ribeirao-preto\/reder-circus-dede-santana-e-tio-paulo-em-abracadabra-14603?queueittoken=e_principal~q_4dadbacf-b587-41ba-8425-5e6457569a5b~ts_1746659386~ce_true~rt_safetynet~h_375d37f8c12fec4c1d48460921d38408354aafd330b45a64caff5dd3895c3277#\/fluxo-de-selecao\"><strong>(clique aqui)<\/strong><\/a>, com sess\u00f5es de quinta a domingo, com hor\u00e1rios a partir das 15h.<\/p>\n<p><strong>Quando:\u00a0<\/strong>de quinta a domingo <br \/><strong>Local:<\/strong>\u00a0Reeder Circus | via Dr. Jeremias de Paula Martins \u2013 Jardim Zinato<br \/><strong>Hor\u00e1rio: <\/strong>Sess\u00f5es a partir das 15h (dependendo do dia)<br \/><strong>Ingressos: A partir de R$ 44<\/strong><\/p>\n<h2 class=\"wp-block-heading\"><strong>Circuito Credicitrus<\/strong><\/h2>\n<p>Acontece neste <strong>s\u00e1bado (28)<\/strong>, em <strong>Pedregulho<\/strong>, uma edi\u00e7\u00e3o especial do <strong>Circuito Credicitrus<\/strong>, na <strong>pra\u00e7a Oct\u00e1vio Qu\u00e9rcia<\/strong>. O evento conta com a tem\u00e1tica de \u201c<strong>Aventura Safari<\/strong>\u201d e re\u00fane atividades infantis como brincadeiras, pintura facial, espa\u00e7o de jogos e at\u00e9 um desfile tem\u00e1tico. Haver\u00e1 tamb\u00e9m apresenta\u00e7\u00e3o de um musical. A <strong>entrada \u00e9 gratuita<\/strong> mediante doa\u00e7\u00e3o de produtos de higiene e limpeza.<\/p>\n<p><strong>Quando: <\/strong>28 de junho, s\u00e1bado \u00a0<strong><br \/>Hor\u00e1rio:<\/strong>\u00a0Das 16h \u00e0s 21h<strong><br \/>Local:\u00a0<\/strong>Pra\u00e7a Oct\u00e1vio Qu\u00e9rcia \u2013 Pedregulho \u00a0\u00a0\u00a0\u00a0<strong><br \/>Entrada gratuita<\/strong><\/p>\n<h2 class=\"wp-block-heading\"><strong>Voc\u00eas Foram Maravilhosos<\/strong>\u00a0<strong>\u2013 Marcos Veras<\/strong><\/h2>\n<p>O ator\u00a0<strong>Marcos Veras\u00a0<\/strong>apresenta o espet\u00e1culo \u201c<strong>Voc\u00eas Foram Maravilhosos<\/strong>\u201d, na 2\u00aa edi\u00e7\u00e3o do\u00a0<strong>Festival de Teatro Seguros Unimed<\/strong>, nos dias\u00a0<strong>28 e 29 de junho<\/strong>, no\u00a0<strong>Teatro Cine Barretos Os\u00f3rio Falleiros da Rocha<\/strong>, localizado em\u00a0<strong>Barretos<\/strong>. No\u00a0<strong>s\u00e1bado (28),<\/strong>\u00a0a sess\u00e3o acontece \u00e0s\u00a0<strong>20h<\/strong>, e no\u00a0<strong>domingo (29)<\/strong>, o ator sobe ao palco \u00e0s\u00a0<strong>19h<\/strong>. Os ingressos podem ser adquiridos\u00a0<strong>on-line\u00a0<a href=\"https:\/\/festivalsegurosunimed.com.br\/?fbclid=PAZXh0bgNhZW0CMTEAAadcYn6xfGcoxnSZSSfobqb5spFYOZUQFwFwY1Zp_XB4sks0AeplzbVpbuDMJA_aem__FFFTQQI2wv8vSEHDpsJkQ\">(clique aqui)<\/a><\/strong>\u00a0com pre\u00e7os que variam de\u00a0<strong>R$ 30\u00a0<\/strong>a\u00a0<strong>R$ 250<\/strong>.<\/p>\n<p><strong>Quando: <\/strong>28 e 29 de junho \u00a0<strong><br \/>Hor\u00e1rio:<\/strong>\u00a0\u00c0s 19h e \u00e0s 20h <strong><br \/>Local:\u00a0<\/strong>Teatro Cine Barretos Os\u00f3rio Falleiros da Rocha \u00a0\u00a0\u00a0\u00a0<strong><br \/>Ingressos: <\/strong>A partir de R$ 30 <\/p>\n<p>SAIBA MAIS<\/p>\n<p>Jovem \u00e9 preso suspeito de matar o padrasto a facadas em Ribeir\u00e3o Preto<\/p>\n<h4 class=\"wp-block-heading\"><strong>FIQUE ON<\/strong><\/h4>\n<p>Fique ligado em tudo que acontece em Ribeir\u00e3o Preto e regi\u00e3o. Siga os perfis do <strong>acidade on <\/strong>no <a href=\"https:\/\/www.instagram.com\/acidadeonribeirao\" target=\"_blank\" rel=\"noreferrer noopener\">Instagram<\/a> e no <a href=\"https:\/\/www.facebook.com\/acidadeonribeirao\" target=\"_blank\" rel=\"noreferrer noopener\">Facebook<\/a>.<\/p>\n<p>Receba not\u00edcias do acidade on no WhatsApp. Para entrar no grupo, basta <a href=\"https:\/\/chat.whatsapp.com\/BjKQZ9oJwlz8VVT50NuePq\" target=\"_blank\" rel=\"noreferrer noopener\">clicar aqui<\/a>.<\/p>\n<p>Fa\u00e7a uma den\u00fancia ou sugira uma reportagem sobre Ribeir\u00e3o Preto e regi\u00e3o pelo WhatsApp: 16 99117 7802.<\/p>\n<p>VEJA TAMB\u00c9M<\/p>\n<p>O que diz a aut\u00f3psia do corpo de Juliana Marins?<\/p>\n<p><!-- AI CONTENT END 1 -->\n<\/div>\n<p><script async src=\"\/\/www.instagram.com\/embed.js\"><\/script><br \/>\n<br \/><br \/>\n<br \/><a href=\"https:\/\/www.acidadeon.com\/ribeiraopreto\/lazer-e-cultura\/confira-as-atracoes-do-fim-de-semana-em-ribeirao-preto-e-regiao\/\">Source link <\/a><\/p>\n<!-- CONTENT END 1 -->\n","protected":false},"excerpt":{"rendered":"<p>O \u00faltimo fim de semana de junho conta com uma programa\u00e7\u00e3o recheada de atividades culturais para quem deseja aproveitar com a fam\u00edlia e amigos. Ribeir\u00e3o&#8230;<\/p>\n","protected":false},"author":1,"featured_media":73232,"comment_status":"open","ping_status":"open","sticky":false,"template":"","format":"standard","meta":{"advanced_seo_description":"","jetpack_seo_html_title":"","jetpack_seo_noindex":false,"jetpack_post_was_ever_published":false,"_jetpack_newsletter_access":"","_jetpack_dont_email_post_to_subs":false,"_jetpack_newsletter_tier_id":0,"_jetpack_memberships_contains_paywalled_content":false,"_jetpack_memberships_contains_paid_content":false,"footnotes":"","jetpack_publicize_message":"","jetpack_publicize_feature_enabled":true,"jetpack_social_post_already_shared":true,"jetpack_social_options":{"image_generator_settings":{"template":"highway","default_image_id":0,"font":"","enabled":false},"version":2}},"categories":[11],"tags":[],"class_list":["post-73231","post","type-post","status-publish","format-standard","has-post-thumbnail","hentry","category-noticias-de-ribeirao-preto-sp-e-regiao-ismael-colosi"],"jetpack_publicize_connections":[],"jetpack_featured_media_url":"https:\/\/i0.wp.com\/noticiasribeiraopreto.com.br\/wp-content\/uploads\/2025\/06\/teatro-ias_2025-06-27_13-36-09.webp.webp?fit=1200%2C675&ssl=1","jetpack-related-posts":[{"id":73061,"url":"https:\/\/noticiasribeiraopreto.com.br\/index.php\/2025\/06\/24\/gusttavo-lima-chega-a-ribeirao-preto-com-o-projeto-embaixador-classic-ainda-ha-ingressos\/","url_meta":{"origin":73231,"position":0},"title":"Gusttavo Lima chega a Ribeir\u00e3o Preto com o projeto Embaixador Classic; ainda h\u00e1 ingressos","author":"noticiasribeiraopreto.com.br","date":"24 de June de 2025","format":false,"excerpt":"O cantor Gusttavo Lima se apresenta neste s\u00e1bado (28), a partir das 17h, no Est\u00e1dio Santa Cruz, em Ribeir\u00e3o Preto. O show faz parte do projeto Embaixador Classic, que traz o artista acompanhado de uma orquestra ao vivo. Ainda h\u00e1 ingressos dispon\u00edveis; os valores variam conforme o setor escolhido, com\u2026","rel":"","context":"In &quot;Not\u00edcias de Ribeir\u00e3o Preto-SP e Regi\u00e3o&quot;","block_context":{"text":"Not\u00edcias de Ribeir\u00e3o Preto-SP e Regi\u00e3o","link":"https:\/\/noticiasribeiraopreto.com.br\/index.php\/category\/noticias-de-ribeirao-preto-sp-e-regiao-ismael-colosi\/"},"img":{"alt_text":"","src":"https:\/\/i0.wp.com\/noticiasribeiraopreto.com.br\/wp-content\/uploads\/2025\/06\/IMG_9753-scaled-1_2025-01-21_15-41-41_jpg_2025-01-21_15-41-42.webp.webp?fit=1200%2C801&ssl=1&resize=350%2C200","width":350,"height":200,"srcset":"https:\/\/i0.wp.com\/noticiasribeiraopreto.com.br\/wp-content\/uploads\/2025\/06\/IMG_9753-scaled-1_2025-01-21_15-41-41_jpg_2025-01-21_15-41-42.webp.webp?fit=1200%2C801&ssl=1&resize=350%2C200 1x, https:\/\/i0.wp.com\/noticiasribeiraopreto.com.br\/wp-content\/uploads\/2025\/06\/IMG_9753-scaled-1_2025-01-21_15-41-41_jpg_2025-01-21_15-41-42.webp.webp?fit=1200%2C801&ssl=1&resize=525%2C300 1.5x, https:\/\/i0.wp.com\/noticiasribeiraopreto.com.br\/wp-content\/uploads\/2025\/06\/IMG_9753-scaled-1_2025-01-21_15-41-41_jpg_2025-01-21_15-41-42.webp.webp?fit=1200%2C801&ssl=1&resize=700%2C400 2x, https:\/\/i0.wp.com\/noticiasribeiraopreto.com.br\/wp-content\/uploads\/2025\/06\/IMG_9753-scaled-1_2025-01-21_15-41-41_jpg_2025-01-21_15-41-42.webp.webp?fit=1200%2C801&ssl=1&resize=1050%2C600 3x"},"classes":[]},{"id":62668,"url":"https:\/\/noticiasribeiraopreto.com.br\/index.php\/2025\/01\/21\/gusttavo-lima-anuncia-show-com-orquestra-em-ribeirao-preto-veja-quando\/","url_meta":{"origin":73231,"position":1},"title":"Gusttavo Lima anuncia show com orquestra\u00a0em Ribeir\u00e3o Preto; Veja quando","author":"noticiasribeiraopreto.com.br","date":"21 de January de 2025","format":false,"excerpt":"Gusttavo Lima retorna a Ribeir\u00e3o Preto acompanhado de uma orquestra ao vivo com a turn\u00ea \u201cEmbaixador Classic\u201d, no dia 21 de junho de 2025. A informa\u00e7\u00e3o foi confirmada pelo pr\u00f3prio artista atrav\u00e9s das redes sociais. Apesar do an\u00fancio data, ainda n\u00e3o h\u00e1 informa\u00e7\u00e3o sobre o local do evento e o\u2026","rel":"","context":"In &quot;Not\u00edcias de Ribeir\u00e3o Preto-SP e Regi\u00e3o&quot;","block_context":{"text":"Not\u00edcias de Ribeir\u00e3o Preto-SP e Regi\u00e3o","link":"https:\/\/noticiasribeiraopreto.com.br\/index.php\/category\/noticias-de-ribeirao-preto-sp-e-regiao-ismael-colosi\/"},"img":{"alt_text":"","src":"https:\/\/i0.wp.com\/noticiasribeiraopreto.com.br\/wp-content\/uploads\/2025\/01\/IMG_9753-scaled-1_2025-01-21_15-41-41_jpg_2025-01-21_15-41-42.webp.webp?fit=1200%2C801&ssl=1&resize=350%2C200","width":350,"height":200,"srcset":"https:\/\/i0.wp.com\/noticiasribeiraopreto.com.br\/wp-content\/uploads\/2025\/01\/IMG_9753-scaled-1_2025-01-21_15-41-41_jpg_2025-01-21_15-41-42.webp.webp?fit=1200%2C801&ssl=1&resize=350%2C200 1x, https:\/\/i0.wp.com\/noticiasribeiraopreto.com.br\/wp-content\/uploads\/2025\/01\/IMG_9753-scaled-1_2025-01-21_15-41-41_jpg_2025-01-21_15-41-42.webp.webp?fit=1200%2C801&ssl=1&resize=525%2C300 1.5x, https:\/\/i0.wp.com\/noticiasribeiraopreto.com.br\/wp-content\/uploads\/2025\/01\/IMG_9753-scaled-1_2025-01-21_15-41-41_jpg_2025-01-21_15-41-42.webp.webp?fit=1200%2C801&ssl=1&resize=700%2C400 2x, https:\/\/i0.wp.com\/noticiasribeiraopreto.com.br\/wp-content\/uploads\/2025\/01\/IMG_9753-scaled-1_2025-01-21_15-41-41_jpg_2025-01-21_15-41-42.webp.webp?fit=1200%2C801&ssl=1&resize=1050%2C600 3x"},"classes":[]},{"id":64706,"url":"https:\/\/noticiasribeiraopreto.com.br\/index.php\/2025\/03\/11\/gusttavo-lima-em-ribeirao-ingressos-ja-estao-a-venda-e-precos-variam-de-r-70-a-r-10-mil\/","url_meta":{"origin":73231,"position":2},"title":"Gusttavo Lima em Ribeir\u00e3o: Ingressos j\u00e1 est\u00e3o \u00e0 venda e pre\u00e7os variam de R$ 70 a R$ 10 mil","author":"noticiasribeiraopreto.com.br","date":"11 de March de 2025","format":false,"excerpt":"O cantor Gusttavo Lima se apresenta em Ribeir\u00e3o Preto no dia 28 de junho. Os ingressos come\u00e7aram a ser vendidos nesta ter\u00e7a-feira (11) e os pre\u00e7os variam de R$ 70 a R$ 10 mil. O projeto, denominado \u2018O Embaixador Classic\u2019, vai acontecer no Parque Permanente de Exposi\u00e7\u00f5es. Ao todo, s\u00e3o\u2026","rel":"","context":"In &quot;Not\u00edcias de Ribeir\u00e3o Preto-SP e Regi\u00e3o&quot;","block_context":{"text":"Not\u00edcias de Ribeir\u00e3o Preto-SP e Regi\u00e3o","link":"https:\/\/noticiasribeiraopreto.com.br\/index.php\/category\/noticias-de-ribeirao-preto-sp-e-regiao-ismael-colosi\/"},"img":{"alt_text":"","src":"https:\/\/i0.wp.com\/noticiasribeiraopreto.com.br\/wp-content\/uploads\/2025\/01\/IMG_9753-scaled-1_2025-01-21_15-41-41_jpg_2025-01-21_15-41-42.webp.webp?fit=1200%2C801&ssl=1&resize=350%2C200","width":350,"height":200,"srcset":"https:\/\/i0.wp.com\/noticiasribeiraopreto.com.br\/wp-content\/uploads\/2025\/01\/IMG_9753-scaled-1_2025-01-21_15-41-41_jpg_2025-01-21_15-41-42.webp.webp?fit=1200%2C801&ssl=1&resize=350%2C200 1x, https:\/\/i0.wp.com\/noticiasribeiraopreto.com.br\/wp-content\/uploads\/2025\/01\/IMG_9753-scaled-1_2025-01-21_15-41-41_jpg_2025-01-21_15-41-42.webp.webp?fit=1200%2C801&ssl=1&resize=525%2C300 1.5x, https:\/\/i0.wp.com\/noticiasribeiraopreto.com.br\/wp-content\/uploads\/2025\/01\/IMG_9753-scaled-1_2025-01-21_15-41-41_jpg_2025-01-21_15-41-42.webp.webp?fit=1200%2C801&ssl=1&resize=700%2C400 2x, https:\/\/i0.wp.com\/noticiasribeiraopreto.com.br\/wp-content\/uploads\/2025\/01\/IMG_9753-scaled-1_2025-01-21_15-41-41_jpg_2025-01-21_15-41-42.webp.webp?fit=1200%2C801&ssl=1&resize=1050%2C600 3x"},"classes":[]},{"id":83201,"url":"https:\/\/noticiasribeiraopreto.com.br\/index.php\/2026\/03\/12\/barretao-2026-tera-gusttavo-lima-como-embaixador-e-dois-shows-do-cantor\/","url_meta":{"origin":73231,"position":3},"title":"Barret\u00e3o 2026 ter\u00e1 Gusttavo Lima como &#8216;Embaixador&#8217; e dois shows do cantor","author":"noticiasribeiraopreto.com.br","date":"12 de March de 2026","format":false,"excerpt":"O cantor Gusttavo Lima foi anunciado como Embaixador da Festa do Pe\u00e3o de Barretos 2026, que chega \u00e0 sua 71\u00aa edi\u00e7\u00e3o neste ano. Al\u00e9m de receber novamente o t\u00edtulo, o artista tamb\u00e9m confirmou que far\u00e1 duas apresenta\u00e7\u00f5es durante o Barret\u00e3o, nos dias 22 e 29 de agosto, ambos aos s\u00e1bados.\u2026","rel":"","context":"In &quot;Not\u00edcias de Ribeir\u00e3o Preto-SP e Regi\u00e3o&quot;","block_context":{"text":"Not\u00edcias de Ribeir\u00e3o Preto-SP e Regi\u00e3o","link":"https:\/\/noticiasribeiraopreto.com.br\/index.php\/category\/noticias-de-ribeirao-preto-sp-e-regiao-ismael-colosi\/"},"img":{"alt_text":"","src":"https:\/\/i0.wp.com\/noticiasribeiraopreto.com.br\/wp-content\/uploads\/2026\/03\/Copia-de-Copia-de-Copia-de-TAMANHO-EXATO-PARA-FOTOS-NO-SISTEMA-NOVO-40_2024-09-23_19-17-41_png_2024-09-23_19-17-41-e1735844682796.webp.webp?fit=966%2C675&ssl=1&resize=350%2C200","width":350,"height":200,"srcset":"https:\/\/i0.wp.com\/noticiasribeiraopreto.com.br\/wp-content\/uploads\/2026\/03\/Copia-de-Copia-de-Copia-de-TAMANHO-EXATO-PARA-FOTOS-NO-SISTEMA-NOVO-40_2024-09-23_19-17-41_png_2024-09-23_19-17-41-e1735844682796.webp.webp?fit=966%2C675&ssl=1&resize=350%2C200 1x, https:\/\/i0.wp.com\/noticiasribeiraopreto.com.br\/wp-content\/uploads\/2026\/03\/Copia-de-Copia-de-Copia-de-TAMANHO-EXATO-PARA-FOTOS-NO-SISTEMA-NOVO-40_2024-09-23_19-17-41_png_2024-09-23_19-17-41-e1735844682796.webp.webp?fit=966%2C675&ssl=1&resize=525%2C300 1.5x, https:\/\/i0.wp.com\/noticiasribeiraopreto.com.br\/wp-content\/uploads\/2026\/03\/Copia-de-Copia-de-Copia-de-TAMANHO-EXATO-PARA-FOTOS-NO-SISTEMA-NOVO-40_2024-09-23_19-17-41_png_2024-09-23_19-17-41-e1735844682796.webp.webp?fit=966%2C675&ssl=1&resize=700%2C400 2x"},"classes":[]},{"id":84375,"url":"https:\/\/noticiasribeiraopreto.com.br\/index.php\/2026\/04\/08\/matheus-e-kauan-abrem-a-festa-do-peao-de-barretos-2026-veja-atracoes-confirmadas\/","url_meta":{"origin":73231,"position":4},"title":"Matheus e Kauan abrem a Festa do Pe\u00e3o de Barretos 2026; Veja atra\u00e7\u00f5es confirmadas","author":"noticiasribeiraopreto.com.br","date":"8 de April de 2026","format":false,"excerpt":"Ler o resumo da not\u00edcia Matheus e Kauan abrem a 71\u00aa Festa do Pe\u00e3o de Barretos no dia 20 de agosto, mesma data da apresenta\u00e7\u00e3o de Panda no Est\u00e1dio de Rodeios. Ser\u00e1 a quarta vez que a dupla se apresenta no evento, ap\u00f3s edi\u00e7\u00f5es destacadas em 2023, 2024 e 2025.\u2026","rel":"","context":"In &quot;Not\u00edcias de Ribeir\u00e3o Preto-SP e Regi\u00e3o&quot;","block_context":{"text":"Not\u00edcias de Ribeir\u00e3o Preto-SP e Regi\u00e3o","link":"https:\/\/noticiasribeiraopreto.com.br\/index.php\/category\/noticias-de-ribeirao-preto-sp-e-regiao-ismael-colosi\/"},"img":{"alt_text":"","src":"https:\/\/i0.wp.com\/noticiasribeiraopreto.com.br\/wp-content\/uploads\/2026\/04\/matheus-e-kauan_2025-08-25_13-20-22.webp.webp?fit=1075%2C826&ssl=1&resize=350%2C200","width":350,"height":200,"srcset":"https:\/\/i0.wp.com\/noticiasribeiraopreto.com.br\/wp-content\/uploads\/2026\/04\/matheus-e-kauan_2025-08-25_13-20-22.webp.webp?fit=1075%2C826&ssl=1&resize=350%2C200 1x, https:\/\/i0.wp.com\/noticiasribeiraopreto.com.br\/wp-content\/uploads\/2026\/04\/matheus-e-kauan_2025-08-25_13-20-22.webp.webp?fit=1075%2C826&ssl=1&resize=525%2C300 1.5x, https:\/\/i0.wp.com\/noticiasribeiraopreto.com.br\/wp-content\/uploads\/2026\/04\/matheus-e-kauan_2025-08-25_13-20-22.webp.webp?fit=1075%2C826&ssl=1&resize=700%2C400 2x, https:\/\/i0.wp.com\/noticiasribeiraopreto.com.br\/wp-content\/uploads\/2026\/04\/matheus-e-kauan_2025-08-25_13-20-22.webp.webp?fit=1075%2C826&ssl=1&resize=1050%2C600 3x"},"classes":[]},{"id":83432,"url":"https:\/\/noticiasribeiraopreto.com.br\/index.php\/2026\/03\/18\/volta-de-gusttavo-lima-primeira-atracao-internacional-e-estreias-aguardadas-o-que-vem-por-ai-no-ribeirao-rodeo-music-2026\/","url_meta":{"origin":73231,"position":5},"title":"Volta de Gusttavo Lima, primeira atra\u00e7\u00e3o internacional e estreias aguardadas: o que vem por a\u00ed no Ribeir\u00e3o Rodeo Music 2026","author":"noticiasribeiraopreto.com.br","date":"18 de March de 2026","format":false,"excerpt":"Faltam menos de 50 dias para uma das maiores festas sertanejas do pa\u00eds e a ansiedade dos f\u00e3s de m\u00fasica sertaneja come\u00e7a a ganhar forma. O Ribeir\u00e3o Rodeo Music 2026, trar\u00e1, em sua 20\u00aa edi\u00e7\u00e3o, 17 grandes shows, entre eles Gusttavo Lima, que volta ao palco em Ribeir\u00e3o ap\u00f3s ser\u2026","rel":"","context":"In &quot;Not\u00edcias de Ribeir\u00e3o Preto-SP e Regi\u00e3o&quot;","block_context":{"text":"Not\u00edcias de Ribeir\u00e3o Preto-SP e Regi\u00e3o","link":"https:\/\/noticiasribeiraopreto.com.br\/index.php\/category\/noticias-de-ribeirao-preto-sp-e-regiao-ismael-colosi\/"},"img":{"alt_text":"","src":"https:\/\/i0.wp.com\/noticiasribeiraopreto.com.br\/wp-content\/uploads\/2026\/03\/Design-sem-nome-8_2026-03-13_17-07-24.webp.webp?fit=1200%2C675&ssl=1&resize=350%2C200","width":350,"height":200,"srcset":"https:\/\/i0.wp.com\/noticiasribeiraopreto.com.br\/wp-content\/uploads\/2026\/03\/Design-sem-nome-8_2026-03-13_17-07-24.webp.webp?fit=1200%2C675&ssl=1&resize=350%2C200 1x, https:\/\/i0.wp.com\/noticiasribeiraopreto.com.br\/wp-content\/uploads\/2026\/03\/Design-sem-nome-8_2026-03-13_17-07-24.webp.webp?fit=1200%2C675&ssl=1&resize=525%2C300 1.5x, https:\/\/i0.wp.com\/noticiasribeiraopreto.com.br\/wp-content\/uploads\/2026\/03\/Design-sem-nome-8_2026-03-13_17-07-24.webp.webp?fit=1200%2C675&ssl=1&resize=700%2C400 2x, https:\/\/i0.wp.com\/noticiasribeiraopreto.com.br\/wp-content\/uploads\/2026\/03\/Design-sem-nome-8_2026-03-13_17-07-24.webp.webp?fit=1200%2C675&ssl=1&resize=1050%2C600 3x"},"classes":[]}],"jetpack_sharing_enabled":true,"jetpack_shortlink":"https:\/\/wp.me\/peQAOb-j39","_links":{"self":[{"href":"https:\/\/noticiasribeiraopreto.com.br\/index.php\/wp-json\/wp\/v2\/posts\/73231","targetHints":{"allow":["GET"]}}],"collection":[{"href":"https:\/\/noticiasribeiraopreto.com.br\/index.php\/wp-json\/wp\/v2\/posts"}],"about":[{"href":"https:\/\/noticiasribeiraopreto.com.br\/index.php\/wp-json\/wp\/v2\/types\/post"}],"author":[{"embeddable":true,"href":"https:\/\/noticiasribeiraopreto.com.br\/index.php\/wp-json\/wp\/v2\/users\/1"}],"replies":[{"embeddable":true,"href":"https:\/\/noticiasribeiraopreto.com.br\/index.php\/wp-json\/wp\/v2\/comments?post=73231"}],"version-history":[{"count":0,"href":"https:\/\/noticiasribeiraopreto.com.br\/index.php\/wp-json\/wp\/v2\/posts\/73231\/revisions"}],"wp:featuredmedia":[{"embeddable":true,"href":"https:\/\/noticiasribeiraopreto.com.br\/index.php\/wp-json\/wp\/v2\/media\/73232"}],"wp:attachment":[{"href":"https:\/\/noticiasribeiraopreto.com.br\/index.php\/wp-json\/wp\/v2\/media?parent=73231"}],"wp:term":[{"taxonomy":"category","embeddable":true,"href":"https:\/\/noticiasribeiraopreto.com.br\/index.php\/wp-json\/wp\/v2\/categories?post=73231"},{"taxonomy":"post_tag","embeddable":true,"href":"https:\/\/noticiasribeiraopreto.com.br\/index.php\/wp-json\/wp\/v2\/tags?post=73231"}],"curies":[{"name":"wp","href":"https:\/\/api.w.org\/{rel}","templated":true}]}}