{"id":73233,"date":"2025-06-27T14:50:49","date_gmt":"2025-06-27T17:50:49","guid":{"rendered":"https:\/\/noticiasribeiraopreto.com.br\/index.php\/2025\/06\/27\/nogueira-ja-e-do-psd\/"},"modified":"2025-06-27T14:50:49","modified_gmt":"2025-06-27T17:50:49","slug":"nogueira-ja-e-do-psd","status":"publish","type":"post","link":"https:\/\/noticiasribeiraopreto.com.br\/index.php\/2025\/06\/27\/nogueira-ja-e-do-psd\/","title":{"rendered":"Nogueira j\u00e1 \u00e9 do PSD"},"content":{"rendered":"<div class='code-block code-block-1' style='margin: 8px 0 8px auto; text-align: right; display: block; clear: both;'>\n<p><a href=\"https:\/\/wa.link\/vpicfd\"><img data-recalc-dims=\"1\" class=\"wp-image-4922\" style=\"aspect-ratio: 2.0253164556962027; width: 561px; height: auto;\" src=\"https:\/\/i0.wp.com\/ismaelcolosi.com.br\/wp-content\/uploads\/2023\/11\/grupo-de-empregos-whatsapp-e-facebook-ismael-colosi-vagas.jpg?ssl=1\" alt=\"\" \/><\/a><\/p>\n<!-- \/wp:image -->\n<\/div>\n<p> <br \/>\n<\/p>\n<div id=\"\">\n<p>\n\t\t\t\t\t\t\t\t\t<span class=\"entry-meta-item penci-posted-on\"><i class=\"fa fa-clock-o\"\/><time class=\"entry-date published updated\" datetime=\"2025-06-27T14:43:05-03:00\">27 de junho de 2025 14:43<\/time><\/span><span class=\"entry-meta-item penci-post-countview\"><span class=\"entry-meta-item penci-post-countview penci_post-meta_item\"><i class=\"fa fa-eye\"\/><span class=\"penci-post-countview-number penci-post-countview-p429970\">3<\/span><\/span><\/span>\t\t\t\t\t\t\t\t<\/p>\n<p><!-- .entry-meta --><br \/>\n\t\t\t\t\t\t\t\t<span class=\"penci-social-buttons penci-social-share-footer\"><span class=\"penci-social-share-text\">Compartilhar<\/span><a href=\"#\" class=\"penci-post-like penci_post-meta_item  single-like-button penci-social-item like\" data-post_id=\"429970\" title=\"Like\" data-like=\"Like\" data-unlike=\"Unlike\"><i class=\"fa fa-thumbs-o-up\"\/><span class=\"penci-share-number\">0<\/span><\/a><i class=\"fa fa-facebook\"\/><a class=\"penci-social-item twitter\" target=\"_blank\" rel=\"noopener\" title=\"\" href=\"https:\/\/twitter.com\/intent\/tweet?text=Nogueira%20j\u00e1%20\u00e9%20do%20PSD%20-%20https:\/\/www.tribunaribeirao.com.br\/nogueira-ja-e-do-psd\/\"><i class=\"fa fa-twitter\"\/><\/a><i class=\"fa fa-linkedin\"\/><i class=\"fa fa-whatsapp\"\/><i class=\"fa fa-telegram\"\/><i class=\"fa fa-envelope\"\/><\/span>\t\t\t\t\t\t\t<\/div>\n<div>\n<p>O ex-prefeito de Ribeir\u00e3o Preto, Duarte Nogueira, j\u00e1 est\u00e1 no PSD, de Gilberto Kassab. No come\u00e7o da tarde desta sexta-feira, 27 de junho, ele se filiou ao partido em cerim\u00f4nia sede estadual do partido, localizada no edif\u00edcio Joelma, no bairro Bela Vista.<\/p>\n<p>No dia 23 de junho, o ex-prefeito de Ribeir\u00e3o Preto, havia se desligado por meio de carta enviada ao comando nacional do Partido da Social Democracia Brasileira (PSDB), legenda na qual construiu uma trajet\u00f3ria de mais de 26 anos.<\/p>\n<p>O ex-prefeito ser\u00e1 candidato a deputado federal nas elei\u00e7\u00f5es do pr\u00f3ximo ano.<br \/>Al\u00e9m de Nogueira, ingressaram na legenda de Kassab, nesta sexta-feira, os seguintes pol\u00edticos: Barjas Negri, ex-prefeito de Piracicaba, Clovis Volpi, ex-prefeito de Ribeir\u00e3o Pires, Dilador Borges, ex-prefeito de Ara\u00e7atuba, Ricardo Benassi, vice-prefeito de Jundia\u00ed, Delegado Eliardo, vice-prefeito de Po\u00e1, Lucas Lopes, vice-prefeito de Andradina, Marquinho da Santa Casa, vice-prefeito de Tatu\u00ed, R\u00fabia Mara, primeira coordenadora de Pol\u00edticas P\u00fablicas do Funk na capital paulista, Vanilda Bordieri, cantora e compositora de m\u00fasica crist\u00e3 e pentecostal e Matheus Serafim, lutador de jiu-jitsu o coordenador de programas p\u00fablicos e sociais de lutas.<\/p>\n<\/div>\n<p><script async src=\"\/\/platform.twitter.com\/widgets.js\" charset=\"utf-8\"><\/script><br \/>\n<br \/><br \/>\n<br \/><a href=\"https:\/\/www.tribunaribeirao.com.br\/nogueira-ja-e-do-psd\/\">Source link <\/a><\/p>\n<!-- CONTENT END 1 -->\n","protected":false},"excerpt":{"rendered":"<p>27 de junho de 2025 14:433 Compartilhar0 O ex-prefeito de Ribeir\u00e3o Preto, Duarte Nogueira, j\u00e1 est\u00e1 no PSD, de Gilberto Kassab. No come\u00e7o da tarde&#8230;<\/p>\n","protected":false},"author":1,"featured_media":73234,"comment_status":"open","ping_status":"open","sticky":false,"template":"","format":"standard","meta":{"advanced_seo_description":"","jetpack_seo_html_title":"","jetpack_seo_noindex":false,"jetpack_post_was_ever_published":false,"_jetpack_newsletter_access":"","_jetpack_dont_email_post_to_subs":false,"_jetpack_newsletter_tier_id":0,"_jetpack_memberships_contains_paywalled_content":false,"_jetpack_memberships_contains_paid_content":false,"footnotes":"","jetpack_publicize_message":"","jetpack_publicize_feature_enabled":true,"jetpack_social_post_already_shared":true,"jetpack_social_options":{"image_generator_settings":{"template":"highway","default_image_id":0,"font":"","enabled":false},"version":2}},"categories":[11],"tags":[],"class_list":["post-73233","post","type-post","status-publish","format-standard","has-post-thumbnail","hentry","category-noticias-de-ribeirao-preto-sp-e-regiao-ismael-colosi"],"jetpack_publicize_connections":[],"jetpack_featured_media_url":"https:\/\/i0.wp.com\/noticiasribeiraopreto.com.br\/wp-content\/uploads\/2025\/06\/nogu.jpeg?fit=904%2C1600&ssl=1","jetpack-related-posts":[{"id":81704,"url":"https:\/\/noticiasribeiraopreto.com.br\/index.php\/2026\/01\/14\/kassab-anuncia-nogueira-para-deputado-federal\/","url_meta":{"origin":73233,"position":0},"title":"Kassab anuncia Nogueira para deputado federal","author":"noticiasribeiraopreto.com.br","date":"14 de January de 2026","format":false,"excerpt":"\r \r \r \r \r 14 de janeiro de 2026 16:2714 de janeiro de 2026 16:29 \r Compartilhar0 \r Durante visita a Ribeir\u00e3o Preto, nesta quarta-feira, 14 de janeiro, Gilberto Kassab, presidente nacional do PSD e secret\u00e1rio estadual de Governo e Rela\u00e7\u00f5es Institucionais do Estado de S\u00e3o Paulo afirmou que\u2026","rel":"","context":"In &quot;Not\u00edcias de Ribeir\u00e3o Preto-SP e Regi\u00e3o&quot;","block_context":{"text":"Not\u00edcias de Ribeir\u00e3o Preto-SP e Regi\u00e3o","link":"https:\/\/noticiasribeiraopreto.com.br\/index.php\/category\/noticias-de-ribeirao-preto-sp-e-regiao-ismael-colosi\/"},"img":{"alt_text":"","src":"https:\/\/i0.wp.com\/noticiasribeiraopreto.com.br\/wp-content\/uploads\/2026\/01\/DuarteTCE-Max-Gallao-Mesquita-scaled.jpg?fit=752%2C500&ssl=1&resize=350%2C200","width":350,"height":200,"srcset":"https:\/\/i0.wp.com\/noticiasribeiraopreto.com.br\/wp-content\/uploads\/2026\/01\/DuarteTCE-Max-Gallao-Mesquita-scaled.jpg?fit=752%2C500&ssl=1&resize=350%2C200 1x, https:\/\/i0.wp.com\/noticiasribeiraopreto.com.br\/wp-content\/uploads\/2026\/01\/DuarteTCE-Max-Gallao-Mesquita-scaled.jpg?fit=752%2C500&ssl=1&resize=525%2C300 1.5x, https:\/\/i0.wp.com\/noticiasribeiraopreto.com.br\/wp-content\/uploads\/2026\/01\/DuarteTCE-Max-Gallao-Mesquita-scaled.jpg?fit=752%2C500&ssl=1&resize=700%2C400 2x"},"classes":[]},{"id":73241,"url":"https:\/\/noticiasribeiraopreto.com.br\/index.php\/2025\/06\/27\/duarte-nogueira-oficializa-filiacao-ao-psd-apos-26-anos-no-psdb\/","url_meta":{"origin":73233,"position":1},"title":"Duarte Nogueira oficializa filia\u00e7\u00e3o ao PSD ap\u00f3s 26 anos no PSDB","author":"noticiasribeiraopreto.com.br","date":"27 de June de 2025","format":false,"excerpt":"O ex-prefeito de Ribeir\u00e3o Preto, Duarte Nogueira, oficializou sua filia\u00e7\u00e3o ao PSD (Partido Social Democr\u00e1tico), nesta sexta-feira (27), em evento realizado na sede estadual do partido, na Capital Paulista. A agremia\u00e7\u00e3o \u00e9 a mesma do atual prefeito de Ribeir\u00e3o Preto, Ricardo Silva. Nogueira anunciou sua desfilia\u00e7\u00e3o do PSDB (Partido da\u2026","rel":"","context":"In &quot;Not\u00edcias de Ribeir\u00e3o Preto-SP e Regi\u00e3o&quot;","block_context":{"text":"Not\u00edcias de Ribeir\u00e3o Preto-SP e Regi\u00e3o","link":"https:\/\/noticiasribeiraopreto.com.br\/index.php\/category\/noticias-de-ribeirao-preto-sp-e-regiao-ismael-colosi\/"},"img":{"alt_text":"","src":"https:\/\/i0.wp.com\/noticiasribeiraopreto.com.br\/wp-content\/uploads\/2025\/06\/Copia-de-Copia-de-Copia-de-TAMANHO-EXATO-PARA-FOTOS-NO-SISTEMA-NOVO-2025-06-27T144457.518_2025-06-27_17-45-06.webp.webp?fit=1200%2C675&ssl=1&resize=350%2C200","width":350,"height":200,"srcset":"https:\/\/i0.wp.com\/noticiasribeiraopreto.com.br\/wp-content\/uploads\/2025\/06\/Copia-de-Copia-de-Copia-de-TAMANHO-EXATO-PARA-FOTOS-NO-SISTEMA-NOVO-2025-06-27T144457.518_2025-06-27_17-45-06.webp.webp?fit=1200%2C675&ssl=1&resize=350%2C200 1x, https:\/\/i0.wp.com\/noticiasribeiraopreto.com.br\/wp-content\/uploads\/2025\/06\/Copia-de-Copia-de-Copia-de-TAMANHO-EXATO-PARA-FOTOS-NO-SISTEMA-NOVO-2025-06-27T144457.518_2025-06-27_17-45-06.webp.webp?fit=1200%2C675&ssl=1&resize=525%2C300 1.5x, https:\/\/i0.wp.com\/noticiasribeiraopreto.com.br\/wp-content\/uploads\/2025\/06\/Copia-de-Copia-de-Copia-de-TAMANHO-EXATO-PARA-FOTOS-NO-SISTEMA-NOVO-2025-06-27T144457.518_2025-06-27_17-45-06.webp.webp?fit=1200%2C675&ssl=1&resize=700%2C400 2x, https:\/\/i0.wp.com\/noticiasribeiraopreto.com.br\/wp-content\/uploads\/2025\/06\/Copia-de-Copia-de-Copia-de-TAMANHO-EXATO-PARA-FOTOS-NO-SISTEMA-NOVO-2025-06-27T144457.518_2025-06-27_17-45-06.webp.webp?fit=1200%2C675&ssl=1&resize=1050%2C600 3x"},"classes":[]},{"id":79604,"url":"https:\/\/noticiasribeiraopreto.com.br\/index.php\/2025\/11\/04\/apos-saida-de-nogueira-psdb-anuncia-nova-direcao-em-ribeirao-preto\/","url_meta":{"origin":73233,"position":2},"title":"Ap\u00f3s sa\u00edda de Nogueira, PSDB anuncia nova dire\u00e7\u00e3o em Ribeir\u00e3o Preto","author":"noticiasribeiraopreto.com.br","date":"4 de November de 2025","format":false,"excerpt":"O PSDB de Ribeir\u00e3o Preto anunciou na segunda-feira (3) que o advogado e professor Alessandro Hirata, ex-secret\u00e1rio da Casa Civil e Justi\u00e7a, assumiu a presid\u00eancia do diret\u00f3rio municipal. A legenda perdeu o ex-prefeito Duarte Nogueira que migrou para o PSD no \u00faltimo m\u00eas de junho. Hirata substitui o ex-secret\u00e1rio da\u2026","rel":"","context":"In &quot;Not\u00edcias de Ribeir\u00e3o Preto-SP e Regi\u00e3o&quot;","block_context":{"text":"Not\u00edcias de Ribeir\u00e3o Preto-SP e Regi\u00e3o","link":"https:\/\/noticiasribeiraopreto.com.br\/index.php\/category\/noticias-de-ribeirao-preto-sp-e-regiao-ismael-colosi\/"},"img":{"alt_text":"","src":"https:\/\/i0.wp.com\/noticiasribeiraopreto.com.br\/wp-content\/uploads\/2025\/11\/alessandro-hirata_2025-11-04_16-51-46.webp.webp?fit=1200%2C873&ssl=1&resize=350%2C200","width":350,"height":200,"srcset":"https:\/\/i0.wp.com\/noticiasribeiraopreto.com.br\/wp-content\/uploads\/2025\/11\/alessandro-hirata_2025-11-04_16-51-46.webp.webp?fit=1200%2C873&ssl=1&resize=350%2C200 1x, https:\/\/i0.wp.com\/noticiasribeiraopreto.com.br\/wp-content\/uploads\/2025\/11\/alessandro-hirata_2025-11-04_16-51-46.webp.webp?fit=1200%2C873&ssl=1&resize=525%2C300 1.5x, https:\/\/i0.wp.com\/noticiasribeiraopreto.com.br\/wp-content\/uploads\/2025\/11\/alessandro-hirata_2025-11-04_16-51-46.webp.webp?fit=1200%2C873&ssl=1&resize=700%2C400 2x, https:\/\/i0.wp.com\/noticiasribeiraopreto.com.br\/wp-content\/uploads\/2025\/11\/alessandro-hirata_2025-11-04_16-51-46.webp.webp?fit=1200%2C873&ssl=1&resize=1050%2C600 3x"},"classes":[]},{"id":69787,"url":"https:\/\/noticiasribeiraopreto.com.br\/index.php\/2025\/05\/09\/diretorio-do-psdb-apresenta-fusao-com-podemos\/","url_meta":{"origin":73233,"position":3},"title":"Diret\u00f3rio do PSDB apresenta fus\u00e3o com Podemos","author":"noticiasribeiraopreto.com.br","date":"9 de May de 2025","format":false,"excerpt":"9 de maio de 2025 08:259 de maio de 2025 08:4720 Compartilhar0 O PSDB de Ribeir\u00e3o Preto reuniu filiados na noite desta quinta-feira, 8 de maio, para explicar como dever\u00e1 ser a fus\u00e3o com o Podemos. Cerca de 50 pessoas participaram da reuni\u00e3o.O ex-prefeito Duarte Nogueira, o ex-secret\u00e1rio da Fazenda\u2026","rel":"","context":"In &quot;Not\u00edcias de Ribeir\u00e3o Preto-SP e Regi\u00e3o&quot;","block_context":{"text":"Not\u00edcias de Ribeir\u00e3o Preto-SP e Regi\u00e3o","link":"https:\/\/noticiasribeiraopreto.com.br\/index.php\/category\/noticias-de-ribeirao-preto-sp-e-regiao-ismael-colosi\/"},"img":{"alt_text":"","src":"https:\/\/i0.wp.com\/noticiasribeiraopreto.com.br\/wp-content\/uploads\/2025\/05\/fusao.jpeg?fit=800%2C450&ssl=1&resize=350%2C200","width":350,"height":200,"srcset":"https:\/\/i0.wp.com\/noticiasribeiraopreto.com.br\/wp-content\/uploads\/2025\/05\/fusao.jpeg?fit=800%2C450&ssl=1&resize=350%2C200 1x, https:\/\/i0.wp.com\/noticiasribeiraopreto.com.br\/wp-content\/uploads\/2025\/05\/fusao.jpeg?fit=800%2C450&ssl=1&resize=525%2C300 1.5x, https:\/\/i0.wp.com\/noticiasribeiraopreto.com.br\/wp-content\/uploads\/2025\/05\/fusao.jpeg?fit=800%2C450&ssl=1&resize=700%2C400 2x"},"classes":[]},{"id":72454,"url":"https:\/\/noticiasribeiraopreto.com.br\/index.php\/2025\/06\/17\/tce-sp-aponta-irregularidades-na-revisao-do-contrato-de-onibus-de-ribeirao-preto-entenda\/","url_meta":{"origin":73233,"position":4},"title":"TCE-SP aponta irregularidades na revis\u00e3o do contrato de \u00f4nibus de Ribeir\u00e3o Preto; Entenda","author":"noticiasribeiraopreto.com.br","date":"17 de June de 2025","format":false,"excerpt":"O TCE-SP (Tribunal de Contas do Estado de S\u00e3o Paulo) apontou irregularidades nos contratos firmados entre a Prefeitura de Ribeir\u00e3o Preto e o Cons\u00f3rcio Pr\u00f3Urbano, empresa respons\u00e1vel pelo transporte p\u00fablico da cidade. As falhas foram identificadas em documentos assinados entre 2014 e 2024. Segundo o TCE, o processo de contrata\u00e7\u00e3o\u2026","rel":"","context":"In &quot;Not\u00edcias de Ribeir\u00e3o Preto-SP e Regi\u00e3o&quot;","block_context":{"text":"Not\u00edcias de Ribeir\u00e3o Preto-SP e Regi\u00e3o","link":"https:\/\/noticiasribeiraopreto.com.br\/index.php\/category\/noticias-de-ribeirao-preto-sp-e-regiao-ismael-colosi\/"},"img":{"alt_text":"","src":"https:\/\/i0.wp.com\/noticiasribeiraopreto.com.br\/wp-content\/uploads\/2025\/06\/terminal_dra_1200x675_08022022172619.jpg?fit=1200%2C675&ssl=1&resize=350%2C200","width":350,"height":200,"srcset":"https:\/\/i0.wp.com\/noticiasribeiraopreto.com.br\/wp-content\/uploads\/2025\/06\/terminal_dra_1200x675_08022022172619.jpg?fit=1200%2C675&ssl=1&resize=350%2C200 1x, https:\/\/i0.wp.com\/noticiasribeiraopreto.com.br\/wp-content\/uploads\/2025\/06\/terminal_dra_1200x675_08022022172619.jpg?fit=1200%2C675&ssl=1&resize=525%2C300 1.5x, https:\/\/i0.wp.com\/noticiasribeiraopreto.com.br\/wp-content\/uploads\/2025\/06\/terminal_dra_1200x675_08022022172619.jpg?fit=1200%2C675&ssl=1&resize=700%2C400 2x, https:\/\/i0.wp.com\/noticiasribeiraopreto.com.br\/wp-content\/uploads\/2025\/06\/terminal_dra_1200x675_08022022172619.jpg?fit=1200%2C675&ssl=1&resize=1050%2C600 3x"},"classes":[]},{"id":62028,"url":"https:\/\/noticiasribeiraopreto.com.br\/index.php\/2025\/01\/01\/nogueira-transmite-cargo-de-prefeito-de-ribeirao-preto-para-ricardo-silva\/","url_meta":{"origin":73233,"position":5},"title":"Nogueira transmite cargo de prefeito de Ribeir\u00e3o Preto para Ricardo Silva","author":"noticiasribeiraopreto.com.br","date":"1 de January de 2025","format":false,"excerpt":"Ap\u00f3s Ricardo Silva (PSD) ter sido empossado como prefeito de Ribeir\u00e3o Preto, o agora ex-prefeito Duarte Nogueira fez a transmiss\u00e3o do cargo no Centro Administrativo Prefeito Jos\u00e9 de Magalh\u00e3es, no Centro. Durante a cerim\u00f4nia, Ricardo Silva e Duarte Nogueira trocaram presentes. O novo prefeito ganhou um livro, j\u00e1 o ex\u2026","rel":"","context":"In &quot;Not\u00edcias de Ribeir\u00e3o Preto-SP e Regi\u00e3o&quot;","block_context":{"text":"Not\u00edcias de Ribeir\u00e3o Preto-SP e Regi\u00e3o","link":"https:\/\/noticiasribeiraopreto.com.br\/index.php\/category\/noticias-de-ribeirao-preto-sp-e-regiao-ismael-colosi\/"},"img":{"alt_text":"","src":"https:\/\/i0.wp.com\/noticiasribeiraopreto.com.br\/wp-content\/uploads\/2025\/01\/ricardo-silva-duarte-nogueira_2025-01-01_15-20-56_jpeg_2025-01-01_15-20-57.webp.webp?fit=1200%2C900&ssl=1&resize=350%2C200","width":350,"height":200,"srcset":"https:\/\/i0.wp.com\/noticiasribeiraopreto.com.br\/wp-content\/uploads\/2025\/01\/ricardo-silva-duarte-nogueira_2025-01-01_15-20-56_jpeg_2025-01-01_15-20-57.webp.webp?fit=1200%2C900&ssl=1&resize=350%2C200 1x, https:\/\/i0.wp.com\/noticiasribeiraopreto.com.br\/wp-content\/uploads\/2025\/01\/ricardo-silva-duarte-nogueira_2025-01-01_15-20-56_jpeg_2025-01-01_15-20-57.webp.webp?fit=1200%2C900&ssl=1&resize=525%2C300 1.5x, https:\/\/i0.wp.com\/noticiasribeiraopreto.com.br\/wp-content\/uploads\/2025\/01\/ricardo-silva-duarte-nogueira_2025-01-01_15-20-56_jpeg_2025-01-01_15-20-57.webp.webp?fit=1200%2C900&ssl=1&resize=700%2C400 2x, https:\/\/i0.wp.com\/noticiasribeiraopreto.com.br\/wp-content\/uploads\/2025\/01\/ricardo-silva-duarte-nogueira_2025-01-01_15-20-56_jpeg_2025-01-01_15-20-57.webp.webp?fit=1200%2C900&ssl=1&resize=1050%2C600 3x"},"classes":[]}],"jetpack_sharing_enabled":true,"jetpack_shortlink":"https:\/\/wp.me\/peQAOb-j3b","_links":{"self":[{"href":"https:\/\/noticiasribeiraopreto.com.br\/index.php\/wp-json\/wp\/v2\/posts\/73233","targetHints":{"allow":["GET"]}}],"collection":[{"href":"https:\/\/noticiasribeiraopreto.com.br\/index.php\/wp-json\/wp\/v2\/posts"}],"about":[{"href":"https:\/\/noticiasribeiraopreto.com.br\/index.php\/wp-json\/wp\/v2\/types\/post"}],"author":[{"embeddable":true,"href":"https:\/\/noticiasribeiraopreto.com.br\/index.php\/wp-json\/wp\/v2\/users\/1"}],"replies":[{"embeddable":true,"href":"https:\/\/noticiasribeiraopreto.com.br\/index.php\/wp-json\/wp\/v2\/comments?post=73233"}],"version-history":[{"count":0,"href":"https:\/\/noticiasribeiraopreto.com.br\/index.php\/wp-json\/wp\/v2\/posts\/73233\/revisions"}],"wp:featuredmedia":[{"embeddable":true,"href":"https:\/\/noticiasribeiraopreto.com.br\/index.php\/wp-json\/wp\/v2\/media\/73234"}],"wp:attachment":[{"href":"https:\/\/noticiasribeiraopreto.com.br\/index.php\/wp-json\/wp\/v2\/media?parent=73233"}],"wp:term":[{"taxonomy":"category","embeddable":true,"href":"https:\/\/noticiasribeiraopreto.com.br\/index.php\/wp-json\/wp\/v2\/categories?post=73233"},{"taxonomy":"post_tag","embeddable":true,"href":"https:\/\/noticiasribeiraopreto.com.br\/index.php\/wp-json\/wp\/v2\/tags?post=73233"}],"curies":[{"name":"wp","href":"https:\/\/api.w.org\/{rel}","templated":true}]}}