{"id":73237,"date":"2025-06-27T16:52:46","date_gmt":"2025-06-27T19:52:46","guid":{"rendered":"https:\/\/noticiasribeiraopreto.com.br\/index.php\/2025\/06\/27\/justica-determina-fiscalizacao-de-imoveis-irregulares-as-margens-do-rio-pardo-entenda\/"},"modified":"2025-06-27T16:52:46","modified_gmt":"2025-06-27T19:52:46","slug":"justica-determina-fiscalizacao-de-imoveis-irregulares-as-margens-do-rio-pardo-entenda","status":"publish","type":"post","link":"https:\/\/noticiasribeiraopreto.com.br\/index.php\/2025\/06\/27\/justica-determina-fiscalizacao-de-imoveis-irregulares-as-margens-do-rio-pardo-entenda\/","title":{"rendered":"Justi\u00e7a determina fiscaliza\u00e7\u00e3o de im\u00f3veis irregulares \u00e0s margens do Rio Pardo; Entenda"},"content":{"rendered":"<div class='code-block code-block-1' style='margin: 8px 0 8px auto; text-align: right; display: block; clear: both;'>\n<p><a href=\"https:\/\/wa.link\/vpicfd\"><img data-recalc-dims=\"1\" class=\"wp-image-4922\" style=\"aspect-ratio: 2.0253164556962027; width: 561px; height: auto;\" src=\"https:\/\/i0.wp.com\/ismaelcolosi.com.br\/wp-content\/uploads\/2023\/11\/grupo-de-empregos-whatsapp-e-facebook-ismael-colosi-vagas.jpg?ssl=1\" alt=\"\" \/><\/a><\/p>\n<!-- \/wp:image -->\n<\/div>\n<p> <br \/>\n<\/p>\n<div>\n<p>O <strong>MPF (Minist\u00e9rio P\u00fablico Federal)<\/strong> obteve uma <strong>senten\u00e7a judicial <\/strong>que obriga a <strong>fiscaliza\u00e7\u00e3o de im\u00f3veis constru\u00eddos irregularmente<\/strong> em \u00e1reas de preserva\u00e7\u00e3o permanente \u00e0s margens do <strong>Rio Pardo<\/strong>.<\/p>\n<p>A senten\u00e7a foi publicada na \u00faltima segunda-feira (23) e atinge as <strong>prefeituras de Barretos<\/strong>, <strong>Gua\u00edra <\/strong>e <strong>Jaborandi<\/strong>, na <strong>regi\u00e3o de Ribeir\u00e3o Preto<\/strong>, al\u00e9m do <strong>Governo de S\u00e3o Paulo<\/strong>, a <strong>Cetesb (Companhia Ambiental do Estado de S\u00e3o Paulo)<\/strong>, a <strong>Uni\u00e3o<\/strong> e a <strong>CPFL<\/strong>, respons\u00e1vel pela distribui\u00e7\u00e3o de energia na regi\u00e3o.<\/p>\n<p>De acordo com o <strong>MPF<\/strong>, <mark style=\"background-color:#fcb900\" class=\"has-inline-color\">as constru\u00e7\u00f5es irregulares, erguidas em \u00e1reas de preserva\u00e7\u00e3o ambiental, representam riscos significativos de desmatamento e polui\u00e7\u00e3o do <strong>Rio Pardo<\/strong> \u2013<strong> os r\u00e9us ainda t\u00eam a possibilidade de recorrer<\/strong><\/mark>.<\/p>\n<p>A ordem judicial atende a pedidos formulados pelo procurador da Rep\u00fablica Gabriel da Rocha em uma a\u00e7\u00e3o civil p\u00fablica ajuizada em 2023.<\/p>\n<h2 class=\"wp-block-heading\"><strong>Senten\u00e7a<\/strong><\/h2>\n<p>A <strong>Justi\u00e7a <\/strong>determinou que o <strong>governo paulista<\/strong> e a <strong>Cetesb <\/strong>realizem em at\u00e9 120 dias, a <strong>fiscaliza\u00e7\u00e3o das constru\u00e7\u00f5es <\/strong>localizadas na faixa de prote\u00e7\u00e3o do Rio Pardo nos tr\u00eas munic\u00edpios.<\/p>\n<p>O mesmo prazo foi estipulado para as <strong>prefeituras revisarem licen\u00e7as<\/strong>, <strong>alvar\u00e1s <\/strong>e <strong>outros atos administrativos<\/strong> que tenham autorizado qualquer interven\u00e7\u00e3o nesses locais, como a remo\u00e7\u00e3o da vegeta\u00e7\u00e3o, a ocupa\u00e7\u00e3o dos im\u00f3veis e a liga\u00e7\u00e3o de energia el\u00e9trica.<\/p>\n<figure class=\"wp-block-pullquote\">\n<blockquote>\n<p>Caber\u00e1 tamb\u00e9m aos gestores municipais a fiscaliza\u00e7\u00e3o das edifica\u00e7\u00f5es, de forma cooperativa com a administra\u00e7\u00e3o estadual<\/p>\n<\/blockquote>\n<\/figure>\n<h2 class=\"wp-block-heading\"><strong>Uni\u00e3o e CPFL tamb\u00e9m ter\u00e3o obriga\u00e7\u00f5es<\/strong><\/h2>\n<p>Ainda de acordo com o <strong>MPF<\/strong>, a <strong>Uni\u00e3o <\/strong>ter\u00e1 180 dias \u201cpara revisar subs\u00eddios e benef\u00edcios de energia concedidos por meio do programa Luz para Todos a im\u00f3veis instalados irregularmente na \u00e1rea de preserva\u00e7\u00e3o\u201d.<\/p>\n<p>A <strong>CPFL Paulista<\/strong>, por suas vez, dever\u00e1 exigir, em at\u00e9 90 dias, que os propriet\u00e1rios dessas unidades apresentem documentos que comprovem a regularidade ambiental dos im\u00f3veis.<\/p>\n<p>\u201cQuem n\u00e3o entregar a documenta\u00e7\u00e3o poder\u00e1 ter a energia cortada, exceto aqueles que declararem morar no local e n\u00e3o possuir outro im\u00f3vel. Falsas declara\u00e7\u00f5es poder\u00e3o resultar em san\u00e7\u00f5es c\u00edveis, penais e administrativas\u201d.<\/p>\n<h3 class=\"wp-block-heading\"><strong>O que dizem os envolvidos?<\/strong><\/h3>\n<p>Em nota, o <strong>Governo do Estado de S\u00e3o Paulo<\/strong> informou que \u201cfoi intimado da decis\u00e3o e est\u00e1 em prazo de interposi\u00e7\u00e3o de recurso\u201d. Al\u00e9m disso, a <strong>Cetesb <\/strong>disse que \u201cj\u00e1 realiza, de forma regular, a fiscaliza\u00e7\u00e3o na faixa de preserva\u00e7\u00e3o permanente do Rio Pardo. A decis\u00e3o judicial mencionada ainda est\u00e1 em fase de recurso.\u201d<\/p>\n<p>A <strong>Prefeitura de Barretos<\/strong>, por meio da Procuradoria, informou que ainda n\u00e3o tomou ci\u00eancia da senten\u00e7a exarada. \u201cT\u00e3o logo o munic\u00edpio seja intimado da decis\u00e3o, tomar\u00e1 as provid\u00eancias no intuito de cumprir a determina\u00e7\u00e3o judicial\u201d.<\/p>\n<p>A <strong>Administra\u00e7\u00e3o de Gua\u00edra<\/strong>, por sua vez, atrav\u00e9s da Procuradoria Municipal e Departamentos de Engenharia\/Obras e Meio Ambiente, informou que est\u00e1 ciente da senten\u00e7a proferida e que \u00a0que \u201cest\u00e1 cumprindo integralmente a decis\u00e3o de tutela de urg\u00eancia\u201d<\/p>\n<figure class=\"wp-block-pullquote\">\n<blockquote>\n<p>Quanto \u00e0 condena\u00e7\u00e3o dos Munic\u00edpios, constante no item 3 da R. Senten\u00e7a, observamos que ainda n\u00e3o ocorreu o tr\u00e2nsito em julgado da R. Decis\u00e3o. No entanto, o Munic\u00edpio de Gua\u00edra j\u00e1 entrar\u00e1 em contato com o Estado de S\u00e3o Paulo e CETESB, visando a possibilidade da institui\u00e7\u00e3o do Grupo de Trabalho Interinstitucional<\/p>\n<p><cite>informou a Prefeitura de Gua\u00edra<\/cite><\/p><\/blockquote>\n<\/figure>\n<p>O portal entrou em contato com a <strong>Procuradoria da Prefeitura de Jaborandi<\/strong> e aguarda um retorno. At\u00e9 a publica\u00e7\u00e3o deste material, no entanto, a <strong>Uni\u00e3o <\/strong>n\u00e3o retornou o questionamento da reportagem.<\/p>\n<h2 class=\"wp-block-heading\"><strong>Novas autoriza\u00e7\u00f5es est\u00e3o proibidas<\/strong><\/h2>\n<p>A senten\u00e7a ainda <strong><mark style=\"background-color:#fcb900\" class=\"has-inline-color\">pro\u00edbe que os r\u00e9us emitam novas autoriza\u00e7\u00f5es para obras, remo\u00e7\u00e3o de vegeta\u00e7\u00e3o ou liga\u00e7\u00f5es de energia na \u00e1rea de preserva\u00e7\u00e3o do Rio Pardo<\/mark><\/strong>.<\/p>\n<p>A abertura e manuten\u00e7\u00e3o de acessos tamb\u00e9m est\u00e3o proibidas, exceto com autoriza\u00e7\u00e3o da <strong>Cetesb <\/strong>ou do<strong> Ibama (Instituto Brasileiro do Meio Ambiente e dos Recursos Renov\u00e1veis)<\/strong>.<\/p>\n<figure class=\"wp-block-pullquote\">\n<blockquote>\n<p>A eventual falta de anu\u00eancia dos \u00f3rg\u00e3os ambientais tamb\u00e9m impede que a CPFL promova novas liga\u00e7\u00f5es \u00e0 rede el\u00e9trica em im\u00f3veis no local e que a Uni\u00e3o conceda novos subs\u00eddios de energia a moradores da \u00e1rea. A an\u00e1lise desses benef\u00edcios federais deve considerar ainda a situa\u00e7\u00e3o econ\u00f4mica ou social dos requerentes, uma vez que, conforme apura\u00e7\u00e3o do MPF, a maioria dos im\u00f3veis \u00e0s margens do Rio Pardo s\u00e3o ranchos de veraneio, cujos propriet\u00e1rios n\u00e3o se enquadram na categoria familiar de baixa renda<\/p>\n<\/blockquote>\n<\/figure>\n<p>Por fim, a senten\u00e7a recomenda que os r\u00e9us constituam um grupo de trabalho interinstitucional para otimizar as a\u00e7\u00f5es com vistas ao cumprimento das determina\u00e7\u00f5es.<\/p>\n<p><em>*Com informa\u00e7\u00f5es do Minist\u00e9rio P\u00fablico Federal<\/em> <mark style=\"background-color:#ffffff\" class=\"has-inline-color has-white-color\">contudo,<\/mark><\/p>\n<hr class=\"wp-block-separator has-alpha-channel-opacity\"\/>\n<p>SAIBA MAIS<\/p>\n<p>Duarte Nogueira oficializa filia\u00e7\u00e3o ao PSD ap\u00f3s 26 anos no PSDB <mark style=\"background-color:#ffffff\" class=\"has-inline-color has-white-color\">contudo,<\/mark><\/p>\n<h2 class=\"wp-block-heading\"><strong>FIQUE ON<\/strong><\/h2>\n<p>Quer ficar por dentro de tudo que acontece em Ribeir\u00e3o Preto e regi\u00e3o? Ent\u00e3o siga os perfis do\u202facidade on\u202fno\u202f<a href=\"https:\/\/www.instagram.com\/acidadeonribeirao\" target=\"_blank\" rel=\"noreferrer noopener\">Instagram<\/a>\u202fe no\u202f<a href=\"https:\/\/www.facebook.com\/acidadeonribeirao\/\" target=\"_blank\" rel=\"noreferrer noopener\">Facebook<\/a>.<\/p>\n<p>Al\u00e9m disso, voc\u00ea pode receber as principais not\u00edcias diretamente no WhatsApp. Para isso, basta\u00a0<a href=\"https:\/\/chat.whatsapp.com\/BjKQZ9oJwlz8VVT50NuePq\" target=\"_blank\" rel=\"noreferrer noopener\">entrar no grupo clicando aqui<\/a>.<\/p>\n<p>Por fim, se quiser fazer uma den\u00fancia ou sugerir uma reportagem sobre Ribeir\u00e3o Preto e regi\u00e3o, envie uma mensagem pelo WhatsApp: (16) 99117-7802.<\/p>\n<p>VEJA TAMB\u00c9M<\/p>\n<p>Jo\u00e3o-de-barro, o engenheiro de ecossistemas <mark style=\"background-color:#ffffff\" class=\"has-inline-color has-white-color\">contudo,<\/mark><\/p>\n<p><!-- AI CONTENT END 1 -->\n<\/div>\n<p><script async src=\"\/\/www.instagram.com\/embed.js\"><\/script><br \/>\n<br \/><br \/>\n<br \/><a href=\"https:\/\/www.acidadeon.com\/ribeiraopreto\/politica\/justica-determina-fiscalizacao-de-imoveis-irregulares-as-margens-do-rio-pardo-entenda\/\">Source link <\/a><\/p>\n<!-- CONTENT END 1 -->\n","protected":false},"excerpt":{"rendered":"<p>O MPF (Minist\u00e9rio P\u00fablico Federal) obteve uma senten\u00e7a judicial que obriga a fiscaliza\u00e7\u00e3o de im\u00f3veis constru\u00eddos irregularmente em \u00e1reas de preserva\u00e7\u00e3o permanente \u00e0s margens do&#8230;<\/p>\n","protected":false},"author":1,"featured_media":73238,"comment_status":"open","ping_status":"open","sticky":false,"template":"","format":"standard","meta":{"advanced_seo_description":"","jetpack_seo_html_title":"","jetpack_seo_noindex":false,"jetpack_post_was_ever_published":false,"_jetpack_newsletter_access":"","_jetpack_dont_email_post_to_subs":false,"_jetpack_newsletter_tier_id":0,"_jetpack_memberships_contains_paywalled_content":false,"_jetpack_memberships_contains_paid_content":false,"footnotes":"","jetpack_publicize_message":"","jetpack_publicize_feature_enabled":true,"jetpack_social_post_already_shared":true,"jetpack_social_options":{"image_generator_settings":{"template":"highway","default_image_id":0,"font":"","enabled":false},"version":2}},"categories":[11],"tags":[],"class_list":["post-73237","post","type-post","status-publish","format-standard","has-post-thumbnail","hentry","category-noticias-de-ribeirao-preto-sp-e-regiao-ismael-colosi"],"jetpack_publicize_connections":[],"jetpack_featured_media_url":"https:\/\/i0.wp.com\/noticiasribeiraopreto.com.br\/wp-content\/uploads\/2025\/06\/RIO-PARDO.jpg?fit=2000%2C1142&ssl=1","jetpack-related-posts":[{"id":73116,"url":"https:\/\/noticiasribeiraopreto.com.br\/index.php\/2025\/06\/25\/juiz-manda-fiscalizar-imoveis-no-rio-pardo\/","url_meta":{"origin":73237,"position":0},"title":"Juiz manda fiscalizar im\u00f3veis no Rio Pardo","author":"noticiasribeiraopreto.com.br","date":"25 de June de 2025","format":false,"excerpt":"O Minist\u00e9rio P\u00fablico Federal (MPF) obteve senten\u00e7a que determina a fiscaliza\u00e7\u00e3o de centenas de constru\u00e7\u00f5es irregulares \u00e0s margens do Rio Pardo, nos munic\u00edpios de Barretos, Gua\u00edra e Jaborandi. Erguidos em uma \u00e1rea de preserva\u00e7\u00e3o, os im\u00f3veis trazem s\u00e9rios riscos ambientais associados ao desmatamento e \u00e0 polui\u00e7\u00e3o do curso d\u2019\u00e1gua. A\u2026","rel":"","context":"In &quot;Not\u00edcias de Ribeir\u00e3o Preto-SP e Regi\u00e3o&quot;","block_context":{"text":"Not\u00edcias de Ribeir\u00e3o Preto-SP e Regi\u00e3o","link":"https:\/\/noticiasribeiraopreto.com.br\/index.php\/category\/noticias-de-ribeirao-preto-sp-e-regiao-ismael-colosi\/"},"img":{"alt_text":"","src":"https:\/\/i0.wp.com\/noticiasribeiraopreto.com.br\/wp-content\/uploads\/2025\/06\/rio-pardo-scaled.jpeg?fit=800%2C450&ssl=1&resize=350%2C200","width":350,"height":200,"srcset":"https:\/\/i0.wp.com\/noticiasribeiraopreto.com.br\/wp-content\/uploads\/2025\/06\/rio-pardo-scaled.jpeg?fit=800%2C450&ssl=1&resize=350%2C200 1x, https:\/\/i0.wp.com\/noticiasribeiraopreto.com.br\/wp-content\/uploads\/2025\/06\/rio-pardo-scaled.jpeg?fit=800%2C450&ssl=1&resize=525%2C300 1.5x, https:\/\/i0.wp.com\/noticiasribeiraopreto.com.br\/wp-content\/uploads\/2025\/06\/rio-pardo-scaled.jpeg?fit=800%2C450&ssl=1&resize=700%2C400 2x"},"classes":[]},{"id":81105,"url":"https:\/\/noticiasribeiraopreto.com.br\/index.php\/2025\/12\/24\/justica-condena-poder-publico-por-loteamentos-irregulares-em-zona-rural-na-regiao-de-ribeirao\/","url_meta":{"origin":73237,"position":1},"title":"Justi\u00e7a condena poder p\u00fablico por loteamentos irregulares em zona rural na regi\u00e3o de Ribeir\u00e3o","author":"noticiasribeiraopreto.com.br","date":"24 de December de 2025","format":false,"excerpt":"Uma decis\u00e3o judicial obtida em novembro pelo N\u00facleo Pardo do Grupo de Atua\u00e7\u00e3o Especial de Defesa do Meio Ambiente (GAEMA) condenou o Estado de S\u00e3o Paulo, a Companhia Ambiental do Estado de S\u00e3o Paulo (CETESB) e o munic\u00edpio de Serrana, na regi\u00e3o de Ribeir\u00e3o Preto, por omiss\u00e3o na fiscaliza\u00e7\u00e3o de\u2026","rel":"","context":"In &quot;Not\u00edcias de Ribeir\u00e3o Preto-SP e Regi\u00e3o&quot;","block_context":{"text":"Not\u00edcias de Ribeir\u00e3o Preto-SP e Regi\u00e3o","link":"https:\/\/noticiasribeiraopreto.com.br\/index.php\/category\/noticias-de-ribeirao-preto-sp-e-regiao-ismael-colosi\/"},"img":{"alt_text":"","src":"https:\/\/i0.wp.com\/noticiasribeiraopreto.com.br\/wp-content\/uploads\/2025\/12\/Design-sem-nome_2025-12-19_21-38-49.webp.webp?fit=815%2C420&ssl=1&resize=350%2C200","width":350,"height":200,"srcset":"https:\/\/i0.wp.com\/noticiasribeiraopreto.com.br\/wp-content\/uploads\/2025\/12\/Design-sem-nome_2025-12-19_21-38-49.webp.webp?fit=815%2C420&ssl=1&resize=350%2C200 1x, https:\/\/i0.wp.com\/noticiasribeiraopreto.com.br\/wp-content\/uploads\/2025\/12\/Design-sem-nome_2025-12-19_21-38-49.webp.webp?fit=815%2C420&ssl=1&resize=525%2C300 1.5x, https:\/\/i0.wp.com\/noticiasribeiraopreto.com.br\/wp-content\/uploads\/2025\/12\/Design-sem-nome_2025-12-19_21-38-49.webp.webp?fit=815%2C420&ssl=1&resize=700%2C400 2x"},"classes":[]},{"id":34725,"url":"https:\/\/noticiasribeiraopreto.com.br\/index.php\/2024\/02\/03\/vereadores-aprovam-socorro-ao-regatas\/","url_meta":{"origin":73237,"position":2},"title":"Vereadores aprovam socorro ao Regatas","author":"noticiasribeiraopreto.com.br","date":"3 de February de 2024","format":false,"excerpt":"3 de fevereiro de 2024 | 9:002 de fevereiro de 2024 | 19:51 0A C\u00e2mara de Vereadores aprovou, na sess\u00e3o de quinta-feira, 1\u00ba de fevereiro, em primeira discuss\u00e3o, o projeto de lei do prefeito Duarte Nogueira (PSDB) que beneficia o Clube de Regatas de Ribeir\u00e3o Preto. Depois de sancionada, a\u2026","rel":"","context":"In &quot;Not\u00edcias de Ribeir\u00e3o Preto-SP e Regi\u00e3o&quot;","block_context":{"text":"Not\u00edcias de Ribeir\u00e3o Preto-SP e Regi\u00e3o","link":"https:\/\/noticiasribeiraopreto.com.br\/index.php\/category\/noticias-de-ribeirao-preto-sp-e-regiao-ismael-colosi\/"},"img":{"alt_text":"","src":"https:\/\/i0.wp.com\/noticiasribeiraopreto.com.br\/wp-content\/uploads\/2024\/02\/Regatas-Alfredo-Risk-2-scaled.jpg?fit=1000%2C530&ssl=1&resize=350%2C200","width":350,"height":200,"srcset":"https:\/\/i0.wp.com\/noticiasribeiraopreto.com.br\/wp-content\/uploads\/2024\/02\/Regatas-Alfredo-Risk-2-scaled.jpg?fit=1000%2C530&ssl=1&resize=350%2C200 1x, https:\/\/i0.wp.com\/noticiasribeiraopreto.com.br\/wp-content\/uploads\/2024\/02\/Regatas-Alfredo-Risk-2-scaled.jpg?fit=1000%2C530&ssl=1&resize=525%2C300 1.5x, https:\/\/i0.wp.com\/noticiasribeiraopreto.com.br\/wp-content\/uploads\/2024\/02\/Regatas-Alfredo-Risk-2-scaled.jpg?fit=1000%2C530&ssl=1&resize=700%2C400 2x"},"classes":[]},{"id":69209,"url":"https:\/\/noticiasribeiraopreto.com.br\/index.php\/2025\/05\/03\/moradores-denunciam-descarte-irregular-de-lixo-perto-do-rio-pardo-em-ribeirao-preto\/","url_meta":{"origin":73237,"position":3},"title":"Moradores denunciam descarte irregular de lixo perto do Rio Pardo em Ribeir\u00e3o Preto","author":"noticiasribeiraopreto.com.br","date":"3 de May de 2025","format":false,"excerpt":"Moradores de Ribeir\u00e3o Preto reclamam do descarte irregular de lixo em uma \u00e1rea pr\u00f3xima ao Rio Pardo, na avenida Ant\u00f4nia Mugnato Marinceck, no bairro Jardim Antonio Palocci. Segundos os moradores, o descarte de lixo, entulho e at\u00e9 animais mortos acontece h\u00e1 anos, contudo, piorou na \u00faltima semana. Imagens ao qual\u2026","rel":"","context":"In &quot;Not\u00edcias de Ribeir\u00e3o Preto-SP e Regi\u00e3o&quot;","block_context":{"text":"Not\u00edcias de Ribeir\u00e3o Preto-SP e Regi\u00e3o","link":"https:\/\/noticiasribeiraopreto.com.br\/index.php\/category\/noticias-de-ribeirao-preto-sp-e-regiao-ismael-colosi\/"},"img":{"alt_text":"","src":"https:\/\/i0.wp.com\/noticiasribeiraopreto.com.br\/wp-content\/uploads\/2025\/05\/WhatsApp-Image-2025-05-03-at-10.28.44_2025-05-03_15-17-17.webp.webp?fit=1200%2C675&ssl=1&resize=350%2C200","width":350,"height":200,"srcset":"https:\/\/i0.wp.com\/noticiasribeiraopreto.com.br\/wp-content\/uploads\/2025\/05\/WhatsApp-Image-2025-05-03-at-10.28.44_2025-05-03_15-17-17.webp.webp?fit=1200%2C675&ssl=1&resize=350%2C200 1x, https:\/\/i0.wp.com\/noticiasribeiraopreto.com.br\/wp-content\/uploads\/2025\/05\/WhatsApp-Image-2025-05-03-at-10.28.44_2025-05-03_15-17-17.webp.webp?fit=1200%2C675&ssl=1&resize=525%2C300 1.5x, https:\/\/i0.wp.com\/noticiasribeiraopreto.com.br\/wp-content\/uploads\/2025\/05\/WhatsApp-Image-2025-05-03-at-10.28.44_2025-05-03_15-17-17.webp.webp?fit=1200%2C675&ssl=1&resize=700%2C400 2x, https:\/\/i0.wp.com\/noticiasribeiraopreto.com.br\/wp-content\/uploads\/2025\/05\/WhatsApp-Image-2025-05-03-at-10.28.44_2025-05-03_15-17-17.webp.webp?fit=1200%2C675&ssl=1&resize=1050%2C600 3x"},"classes":[]},{"id":82500,"url":"https:\/\/noticiasribeiraopreto.com.br\/index.php\/2026\/02\/16\/defesa-civil-identifica-descarte-de-amonia-no-rio-pardo\/","url_meta":{"origin":73237,"position":4},"title":"Defesa Civil identifica descarte de am\u00f4nia no Rio Pardo","author":"noticiasribeiraopreto.com.br","date":"16 de February de 2026","format":false,"excerpt":"\r \r \r \r \r 16 de fevereiro de 2026 20:41 \r Compartilhar0 \r A Prefeitura de Ribeir\u00e3o Preto, por meio da Defesa Civil Municipal, informa que, na tarde desta segunda-feira (16), mobilizou uma for\u00e7a-tarefa para apurar o descarte irregular de subst\u00e2ncia com caracter\u00edsticas de am\u00f4nia nas margens do Rio\u2026","rel":"","context":"In &quot;Not\u00edcias de Ribeir\u00e3o Preto-SP e Regi\u00e3o&quot;","block_context":{"text":"Not\u00edcias de Ribeir\u00e3o Preto-SP e Regi\u00e3o","link":"https:\/\/noticiasribeiraopreto.com.br\/index.php\/category\/noticias-de-ribeirao-preto-sp-e-regiao-ismael-colosi\/"},"img":{"alt_text":"","src":"https:\/\/i0.wp.com\/noticiasribeiraopreto.com.br\/wp-content\/uploads\/2026\/02\/WhatsApp-Image-2026-02-16-at-20.29.06.jpeg?fit=1040%2C780&ssl=1&resize=350%2C200","width":350,"height":200,"srcset":"https:\/\/i0.wp.com\/noticiasribeiraopreto.com.br\/wp-content\/uploads\/2026\/02\/WhatsApp-Image-2026-02-16-at-20.29.06.jpeg?fit=1040%2C780&ssl=1&resize=350%2C200 1x, https:\/\/i0.wp.com\/noticiasribeiraopreto.com.br\/wp-content\/uploads\/2026\/02\/WhatsApp-Image-2026-02-16-at-20.29.06.jpeg?fit=1040%2C780&ssl=1&resize=525%2C300 1.5x, https:\/\/i0.wp.com\/noticiasribeiraopreto.com.br\/wp-content\/uploads\/2026\/02\/WhatsApp-Image-2026-02-16-at-20.29.06.jpeg?fit=1040%2C780&ssl=1&resize=700%2C400 2x"},"classes":[]},{"id":2334,"url":"https:\/\/noticiasribeiraopreto.com.br\/index.php\/2023\/11\/15\/pescadores-denunciam-a-morte-de-peixes-no-rio-pardo-na-regiao-de-ribeirao-preto\/","url_meta":{"origin":73237,"position":5},"title":"Pescadores denunciam a morte de peixes no rio Pardo na regi\u00e3o de Ribeir\u00e3o Preto","author":"noticiasribeiraopreto.com.br","date":"15 de November de 2023","format":false,"excerpt":"V\u00e1rios peixes morreram no rio Pardo, na regi\u00e3o de Ribeir\u00e3o Preto. Pescadores fizeram v\u00e1rias imagens, na tarde da ter\u00e7a-feira (14), denunciando a situa\u00e7\u00e3o. Nos v\u00eddeos (assista logo abaixo), \u00e9 poss\u00edvel ver milhares de peixes na superf\u00edcie e tamb\u00e9m mortos na margem do rio Pardo. Alguns pescadores relataram um odor forte\u2026","rel":"","context":"In &quot;Not\u00edcias de Ribeir\u00e3o Preto-SP e Regi\u00e3o&quot;","block_context":{"text":"Not\u00edcias de Ribeir\u00e3o Preto-SP e Regi\u00e3o","link":"https:\/\/noticiasribeiraopreto.com.br\/index.php\/category\/noticias-de-ribeirao-preto-sp-e-regiao-ismael-colosi\/"},"img":{"alt_text":"","src":"https:\/\/i0.wp.com\/noticiasribeiraopreto.com.br\/wp-content\/uploads\/2023\/11\/WhatsApp-Image-2023-11-15-at-10.20.40-scaled.jpeg?fit=1200%2C697&ssl=1&resize=350%2C200","width":350,"height":200,"srcset":"https:\/\/i0.wp.com\/noticiasribeiraopreto.com.br\/wp-content\/uploads\/2023\/11\/WhatsApp-Image-2023-11-15-at-10.20.40-scaled.jpeg?fit=1200%2C697&ssl=1&resize=350%2C200 1x, https:\/\/i0.wp.com\/noticiasribeiraopreto.com.br\/wp-content\/uploads\/2023\/11\/WhatsApp-Image-2023-11-15-at-10.20.40-scaled.jpeg?fit=1200%2C697&ssl=1&resize=525%2C300 1.5x, https:\/\/i0.wp.com\/noticiasribeiraopreto.com.br\/wp-content\/uploads\/2023\/11\/WhatsApp-Image-2023-11-15-at-10.20.40-scaled.jpeg?fit=1200%2C697&ssl=1&resize=700%2C400 2x, https:\/\/i0.wp.com\/noticiasribeiraopreto.com.br\/wp-content\/uploads\/2023\/11\/WhatsApp-Image-2023-11-15-at-10.20.40-scaled.jpeg?fit=1200%2C697&ssl=1&resize=1050%2C600 3x"},"classes":[]}],"jetpack_sharing_enabled":true,"jetpack_shortlink":"https:\/\/wp.me\/peQAOb-j3f","_links":{"self":[{"href":"https:\/\/noticiasribeiraopreto.com.br\/index.php\/wp-json\/wp\/v2\/posts\/73237","targetHints":{"allow":["GET"]}}],"collection":[{"href":"https:\/\/noticiasribeiraopreto.com.br\/index.php\/wp-json\/wp\/v2\/posts"}],"about":[{"href":"https:\/\/noticiasribeiraopreto.com.br\/index.php\/wp-json\/wp\/v2\/types\/post"}],"author":[{"embeddable":true,"href":"https:\/\/noticiasribeiraopreto.com.br\/index.php\/wp-json\/wp\/v2\/users\/1"}],"replies":[{"embeddable":true,"href":"https:\/\/noticiasribeiraopreto.com.br\/index.php\/wp-json\/wp\/v2\/comments?post=73237"}],"version-history":[{"count":0,"href":"https:\/\/noticiasribeiraopreto.com.br\/index.php\/wp-json\/wp\/v2\/posts\/73237\/revisions"}],"wp:featuredmedia":[{"embeddable":true,"href":"https:\/\/noticiasribeiraopreto.com.br\/index.php\/wp-json\/wp\/v2\/media\/73238"}],"wp:attachment":[{"href":"https:\/\/noticiasribeiraopreto.com.br\/index.php\/wp-json\/wp\/v2\/media?parent=73237"}],"wp:term":[{"taxonomy":"category","embeddable":true,"href":"https:\/\/noticiasribeiraopreto.com.br\/index.php\/wp-json\/wp\/v2\/categories?post=73237"},{"taxonomy":"post_tag","embeddable":true,"href":"https:\/\/noticiasribeiraopreto.com.br\/index.php\/wp-json\/wp\/v2\/tags?post=73237"}],"curies":[{"name":"wp","href":"https:\/\/api.w.org\/{rel}","templated":true}]}}