{"id":73239,"date":"2025-06-27T17:01:30","date_gmt":"2025-06-27T20:01:30","guid":{"rendered":"https:\/\/noticiasribeiraopreto.com.br\/index.php\/2025\/06\/27\/morre-o-advogado-marcelo-viana-salomao-aos-56-anos\/"},"modified":"2025-06-27T17:01:30","modified_gmt":"2025-06-27T20:01:30","slug":"morre-o-advogado-marcelo-viana-salomao-aos-56-anos","status":"publish","type":"post","link":"https:\/\/noticiasribeiraopreto.com.br\/index.php\/2025\/06\/27\/morre-o-advogado-marcelo-viana-salomao-aos-56-anos\/","title":{"rendered":"Morre o advogado Marcelo Viana Salom\u00e3o, aos 56 anos"},"content":{"rendered":"<div class='code-block code-block-1' style='margin: 8px 0 8px auto; text-align: right; display: block; clear: both;'>\n<p><a href=\"https:\/\/wa.link\/vpicfd\"><img data-recalc-dims=\"1\" class=\"wp-image-4922\" style=\"aspect-ratio: 2.0253164556962027; width: 561px; height: auto;\" src=\"https:\/\/i0.wp.com\/ismaelcolosi.com.br\/wp-content\/uploads\/2023\/11\/grupo-de-empregos-whatsapp-e-facebook-ismael-colosi-vagas.jpg?ssl=1\" alt=\"\" \/><\/a><\/p>\n<!-- \/wp:image -->\n<\/div>\n<p> <br \/>\n<\/p>\n<div>\n<p>O advogado<strong>\u00a0Marcelo Viana Salom\u00e3o<\/strong> morreu nesta <strong>sexta-feira (27)<\/strong>, aos <strong>56 anos<\/strong>. Ele era s\u00f3cio presidente do escrit\u00f3rio de <strong>Brasil Salom\u00e3o e Matthes Advocacia<\/strong>, de <strong>Ribeir\u00e3o Preto<\/strong>.<\/p>\n<p>A <strong>causa <\/strong>da <strong>morte <\/strong>n\u00e3o foi <strong>divulgada<\/strong>.<\/p>\n<p>Al\u00e9m de advogado, Marcelo era professor, palestrante e autor. O profissional participou do processo de expans\u00e3o nacional e internacional do escrit\u00f3rio <strong>Brasil Salom\u00e3o e Matthes Advocacia<\/strong>, que publicou uma nota de pesar em sua homenagem (leia abaixo).<\/p>\n<h2 class=\"wp-block-heading\"><strong>Despedida<\/strong><\/h2>\n<p>O corpo de <strong>Marcelo Viana Salom\u00e3o<\/strong> ser\u00e1 velado nesta sexta, das 17h \u00e0s 21h, no Sal\u00e3o Nobre do Vel\u00f3rio da Saudade, na rua Fl\u00e1vio Uch\u00f4a, 836, no bairro Campos El\u00edseos, em Ribeir\u00e3o Preto. Ap\u00f3s a cerim\u00f4nia, seguir\u00e1 para o cremat\u00f3rio da cidade. <\/p>\n<h3 class=\"wp-block-heading\"><strong>Veja a nota de pesar do Brasil Salom\u00e3o e Matthes Advocacia:<\/strong><\/h3>\n<p><em>\u201cHoje, com o cora\u00e7\u00e3o repleto de afeto, queremos reverenciar a vida de Marcelo Viana Salom\u00e3o \u2014 uma vida que deixa marcas profundas em todos n\u00f3s, n\u00e3o por sua aus\u00eancia, mas pela forma como ele escolheu estar presente. Presidente do nosso escrit\u00f3rio, advogado tributarista respeitado, professor, refer\u00eancia no Direito brasileiro \u2014 sim, Marcelo foi tudo isso. Mas, para n\u00f3s, ele foi ainda mais. Foi um ser humano de presen\u00e7a marcante e generosidade silenciosa. Um homem que viveu com \u00e9tica, sensibilidade e um profundo respeito por tudo e por todos. Marcelo era daqueles que sabiam ouvir com aten\u00e7\u00e3o e acolhimento. Sabia liderar com firmeza e leveza ao mesmo tempo. Sabia reconhecer talentos, acalmar incertezas, tomar decis\u00f5es dif\u00edceis sem perder a gentileza. Foi um filho amoroso, irm\u00e3o presente, marido dedicado e pai que sempre esteve por perto \u2014 em todos os momentos. Algu\u00e9m que fazia quest\u00e3o de estar, de acompanhar, de cuidar. E, para quem teve o privil\u00e9gio da sua amizade, Marcelo foi um porto seguro. Um amigo leal, generoso, de escuta verdadeira e cora\u00e7\u00e3o aberto. Aquele tipo de presen\u00e7a que fazia bem s\u00f3 de estar por perto \u2014 que somava, que acolhia, que fortalecia. Para n\u00f3s, do Brasil Salom\u00e3o, ele foi uma inspira\u00e7\u00e3o di\u00e1ria. N\u00e3o s\u00f3 pelo profissional brilhante que foi, mas pela maneira como tratava as pessoas, como se importava de verdade, como fazia quest\u00e3o de manter os v\u00ednculos humanos acima de tudo. Marcelo acreditava que o que d\u00e1 sentido \u00e0 vida \u2014 e ao trabalho \u2014 s\u00e3o as rela\u00e7\u00f5es que constru\u00edmos. E foi assim que guiou esse escrit\u00f3rio: com olhar atento, escuta verdadeira e um compromisso profundo com o coletivo. Hoje, seguimos com saudade, mas tamb\u00e9m com enorme gratid\u00e3o. Por sua hist\u00f3ria, por sua coragem, por sua generosidade. Marcelo permanece vivo em tudo o que ele plantou: nos valores que nos unem, na cultura que nos guia e na forma como decidimos continuar. Seguiremos honrando a sua presen\u00e7a em cada gesto, em cada escolha, em cada cuidado.\u201d<\/em><\/p>\n<p>SAIBA MAIS<\/p>\n<p>Caso Larissa: Marido e sogra s\u00e3o indiciados por morte de professora envenenada em Ribeir\u00e3o<\/p>\n<h3 class=\"wp-block-heading\"><strong>FIQUE ON<\/strong><\/h3>\n<p>Fique ligado em tudo que acontece em Ribeir\u00e3o Preto e regi\u00e3o. Siga os perfis do <strong>acidade on <\/strong>no <a href=\"https:\/\/www.instagram.com\/acidadeonribeirao\" target=\"_blank\" rel=\"noreferrer noopener\">Instagram<\/a> e no <a href=\"https:\/\/www.facebook.com\/acidadeonribeirao\" target=\"_blank\" rel=\"noreferrer noopener\">Facebook<\/a>.<\/p>\n<p>Receba not\u00edcias do acidade on no WhatsApp. Para entrar no grupo, basta <a href=\"https:\/\/chat.whatsapp.com\/BjKQZ9oJwlz8VVT50NuePq\" target=\"_blank\" rel=\"noreferrer noopener\">clicar aqui<\/a>.<\/p>\n<p>Fa\u00e7a uma den\u00fancia ou sugira uma reportagem sobre Ribeir\u00e3o Preto e regi\u00e3o pelo WhatsApp: 16 99117 7802.<\/p>\n<p>VEJA TAMB\u00c9M<\/p>\n<p>Quem \u00e9 a namorada de Jeff Bezos?<\/p>\n<p><!-- AI CONTENT END 1 -->\n<\/div>\n<p><script async src=\"\/\/www.instagram.com\/embed.js\"><\/script><br \/>\n<br \/><br \/>\n<br \/><a href=\"https:\/\/www.acidadeon.com\/ribeiraopreto\/cotidiano\/morre-o-advogado-marcelo-viana-salomao-aos-56-anos\/\">Source link <\/a><\/p>\n<!-- CONTENT END 1 -->\n","protected":false},"excerpt":{"rendered":"<p>O advogado\u00a0Marcelo Viana Salom\u00e3o morreu nesta sexta-feira (27), aos 56 anos. Ele era s\u00f3cio presidente do escrit\u00f3rio de Brasil Salom\u00e3o e Matthes Advocacia, de Ribeir\u00e3o&#8230;<\/p>\n","protected":false},"author":1,"featured_media":73240,"comment_status":"open","ping_status":"open","sticky":false,"template":"","format":"standard","meta":{"advanced_seo_description":"","jetpack_seo_html_title":"","jetpack_seo_noindex":false,"jetpack_post_was_ever_published":false,"_jetpack_newsletter_access":"","_jetpack_dont_email_post_to_subs":false,"_jetpack_newsletter_tier_id":0,"_jetpack_memberships_contains_paywalled_content":false,"_jetpack_memberships_contains_paid_content":false,"footnotes":"","jetpack_publicize_message":"","jetpack_publicize_feature_enabled":true,"jetpack_social_post_already_shared":true,"jetpack_social_options":{"image_generator_settings":{"template":"highway","default_image_id":0,"font":"","enabled":false},"version":2}},"categories":[11],"tags":[],"class_list":["post-73239","post","type-post","status-publish","format-standard","has-post-thumbnail","hentry","category-noticias-de-ribeirao-preto-sp-e-regiao-ismael-colosi"],"jetpack_publicize_connections":[],"jetpack_featured_media_url":"https:\/\/i0.wp.com\/noticiasribeiraopreto.com.br\/wp-content\/uploads\/2025\/06\/ADVOGADO_2025-06-27_17-34-47.webp.webp?fit=1200%2C947&ssl=1","jetpack-related-posts":[{"id":73212,"url":"https:\/\/noticiasribeiraopreto.com.br\/index.php\/2025\/06\/27\/morre-o-advogado-marcelo-viana-salomao\/","url_meta":{"origin":73239,"position":0},"title":"Morre o advogado Marcelo Viana Salom\u00e3o","author":"noticiasribeiraopreto.com.br","date":"27 de June de 2025","format":false,"excerpt":"27 de junho de 2025 09:193 Compartilhar0 O escrit\u00f3rio Brasil Salom\u00e3o e Matthes Advocacia informou, por meio de sua assessoria de comunica\u00e7\u00e3o, o falecimento de seu s\u00f3cio-presidente, Marcelo Viana Salom\u00e3o. Advogado renomado, Marcelo atuava na \u00e1rea tribut\u00e1ria e h\u00e1 d\u00e9cadas estava na lideran\u00e7a do escrit\u00f3rio, um dos mais tradicionais do\u2026","rel":"","context":"In &quot;Not\u00edcias de Ribeir\u00e3o Preto-SP e Regi\u00e3o&quot;","block_context":{"text":"Not\u00edcias de Ribeir\u00e3o Preto-SP e Regi\u00e3o","link":"https:\/\/noticiasribeiraopreto.com.br\/index.php\/category\/noticias-de-ribeirao-preto-sp-e-regiao-ismael-colosi\/"},"img":{"alt_text":"","src":"https:\/\/i0.wp.com\/noticiasribeiraopreto.com.br\/wp-content\/uploads\/2025\/06\/MARCELOSALOMAO.jpg?fit=1000%2C625&ssl=1&resize=350%2C200","width":350,"height":200,"srcset":"https:\/\/i0.wp.com\/noticiasribeiraopreto.com.br\/wp-content\/uploads\/2025\/06\/MARCELOSALOMAO.jpg?fit=1000%2C625&ssl=1&resize=350%2C200 1x, https:\/\/i0.wp.com\/noticiasribeiraopreto.com.br\/wp-content\/uploads\/2025\/06\/MARCELOSALOMAO.jpg?fit=1000%2C625&ssl=1&resize=525%2C300 1.5x, https:\/\/i0.wp.com\/noticiasribeiraopreto.com.br\/wp-content\/uploads\/2025\/06\/MARCELOSALOMAO.jpg?fit=1000%2C625&ssl=1&resize=700%2C400 2x"},"classes":[]},{"id":73602,"url":"https:\/\/noticiasribeiraopreto.com.br\/index.php\/2025\/07\/05\/morre-o-advogado-brasil-salomao-aos-83-anos\/","url_meta":{"origin":73239,"position":1},"title":"Morre o advogado Brasil Salom\u00e3o, aos 83 anos","author":"noticiasribeiraopreto.com.br","date":"5 de July de 2025","format":false,"excerpt":"O advogado Brasil do Pinhal Pereira Salom\u00e3o morreu neste s\u00e1bado (5), aos 83 anos. Ele fundou o escrit\u00f3rio Brasil Salom\u00e3o e Matthes Advocacia, de Ribeir\u00e3o Preto, que publicou nota informando sobre o seu falecimento. As causas da morte ainda n\u00e3o foram divulgadas. Na sexta-feira (27), o filho dele, o advogado\u00a0Marcelo\u2026","rel":"","context":"In &quot;Not\u00edcias de Ribeir\u00e3o Preto-SP e Regi\u00e3o&quot;","block_context":{"text":"Not\u00edcias de Ribeir\u00e3o Preto-SP e Regi\u00e3o","link":"https:\/\/noticiasribeiraopreto.com.br\/index.php\/category\/noticias-de-ribeirao-preto-sp-e-regiao-ismael-colosi\/"},"img":{"alt_text":"","src":"https:\/\/i0.wp.com\/noticiasribeiraopreto.com.br\/wp-content\/uploads\/2025\/07\/BRASIL-SALOMAO_2025-07-05_18-56-42.webp.webp?fit=1200%2C899&ssl=1&resize=350%2C200","width":350,"height":200,"srcset":"https:\/\/i0.wp.com\/noticiasribeiraopreto.com.br\/wp-content\/uploads\/2025\/07\/BRASIL-SALOMAO_2025-07-05_18-56-42.webp.webp?fit=1200%2C899&ssl=1&resize=350%2C200 1x, https:\/\/i0.wp.com\/noticiasribeiraopreto.com.br\/wp-content\/uploads\/2025\/07\/BRASIL-SALOMAO_2025-07-05_18-56-42.webp.webp?fit=1200%2C899&ssl=1&resize=525%2C300 1.5x, https:\/\/i0.wp.com\/noticiasribeiraopreto.com.br\/wp-content\/uploads\/2025\/07\/BRASIL-SALOMAO_2025-07-05_18-56-42.webp.webp?fit=1200%2C899&ssl=1&resize=700%2C400 2x, https:\/\/i0.wp.com\/noticiasribeiraopreto.com.br\/wp-content\/uploads\/2025\/07\/BRASIL-SALOMAO_2025-07-05_18-56-42.webp.webp?fit=1200%2C899&ssl=1&resize=1050%2C600 3x"},"classes":[]},{"id":73598,"url":"https:\/\/noticiasribeiraopreto.com.br\/index.php\/2025\/07\/05\/morre-aos-83-anos-o-advogado-brasil-salomao\/","url_meta":{"origin":73239,"position":2},"title":"Morre, aos 83 anos, o advogado Brasil Salom\u00e3o","author":"noticiasribeiraopreto.com.br","date":"5 de July de 2025","format":false,"excerpt":"5 de julho de 2025 16:0914 Compartilhar0 Morreu neste s\u00e1bado, 5 de julho, o advogado Brasil do Pinhal Pereira Salom\u00e3o, aos 83 anos, em Ribeir\u00e3o Preto. Fundador do tradicional escrit\u00f3rio Brasil Salom\u00e3o e Matthes Advocacia, ele era considerado uma das maiores refer\u00eancias no Direito Tribut\u00e1rio do pa\u00eds. O vel\u00f3rio ser\u00e1\u2026","rel":"","context":"In &quot;Not\u00edcias de Ribeir\u00e3o Preto-SP e Regi\u00e3o&quot;","block_context":{"text":"Not\u00edcias de Ribeir\u00e3o Preto-SP e Regi\u00e3o","link":"https:\/\/noticiasribeiraopreto.com.br\/index.php\/category\/noticias-de-ribeirao-preto-sp-e-regiao-ismael-colosi\/"},"img":{"alt_text":"","src":"https:\/\/i0.wp.com\/noticiasribeiraopreto.com.br\/wp-content\/uploads\/2025\/07\/Brasil.jpg?fit=600%2C397&ssl=1&resize=350%2C200","width":350,"height":200,"srcset":"https:\/\/i0.wp.com\/noticiasribeiraopreto.com.br\/wp-content\/uploads\/2025\/07\/Brasil.jpg?fit=600%2C397&ssl=1&resize=350%2C200 1x, https:\/\/i0.wp.com\/noticiasribeiraopreto.com.br\/wp-content\/uploads\/2025\/07\/Brasil.jpg?fit=600%2C397&ssl=1&resize=525%2C300 1.5x"},"classes":[]},{"id":10890,"url":"https:\/\/noticiasribeiraopreto.com.br\/index.php\/2023\/12\/05\/analise-advocacia-2023-24-consolida-brasil-salomao-e-matthes-como-referencia-nacional\/","url_meta":{"origin":73239,"position":3},"title":"An\u00e1lise Advocacia 2023\/24 consolida Brasil Salom\u00e3o e Matthes como refer\u00eancia nacional","author":"noticiasribeiraopreto.com.br","date":"5 de December de 2023","format":false,"excerpt":"5 de dezembro de 2023 | 9:034 de dezembro de 2023 | 14:45 0O anu\u00e1rio An\u00e1lise Advocacia, publica\u00e7\u00e3o que \u00e9 refer\u00eancia de qualidade no setor jur\u00eddico no Brasil, anunciou, no dia 23 de novembro, os resultados da pesquisa 2023\/24, relacionando os escrit\u00f3rios e os profissionais mais admirados em \u00e2mbito nacional,\u2026","rel":"","context":"In &quot;Not\u00edcias de Ribeir\u00e3o Preto-SP e Regi\u00e3o&quot;","block_context":{"text":"Not\u00edcias de Ribeir\u00e3o Preto-SP e Regi\u00e3o","link":"https:\/\/noticiasribeiraopreto.com.br\/index.php\/category\/noticias-de-ribeirao-preto-sp-e-regiao-ismael-colosi\/"},"img":{"alt_text":"","src":"https:\/\/i0.wp.com\/noticiasribeiraopreto.com.br\/wp-content\/uploads\/2023\/12\/Marcelo-Salomao-scaled.jpg?fit=430%2C645&ssl=1&resize=350%2C200","width":350,"height":200},"classes":[]},{"id":41778,"url":"https:\/\/noticiasribeiraopreto.com.br\/index.php\/2024\/03\/11\/escritorio-de-advocacia-lanca-podcast-juridico\/","url_meta":{"origin":73239,"position":4},"title":"Escrit\u00f3rio de advocacia lan\u00e7a podcast jur\u00eddico","author":"noticiasribeiraopreto.com.br","date":"11 de March de 2024","format":false,"excerpt":"A cena jur\u00eddica nacional ganha um novo canal de abordagem de tem\u00e1ticas do setor em interface com as demandas sociais, principal objeto do Direito. O PodBrasil chega como ferramenta contempor\u00e2nea da comunica\u00e7\u00e3o de Brasil Salom\u00e3o e Matthes Advocacia com seus interlocutores e a comunidade em geral. O lan\u00e7amento faz parte\u2026","rel":"","context":"In &quot;Not\u00edcias de Ribeir\u00e3o Preto-SP e Regi\u00e3o&quot;","block_context":{"text":"Not\u00edcias de Ribeir\u00e3o Preto-SP e Regi\u00e3o","link":"https:\/\/noticiasribeiraopreto.com.br\/index.php\/category\/noticias-de-ribeirao-preto-sp-e-regiao-ismael-colosi\/"},"img":{"alt_text":"","src":"https:\/\/i0.wp.com\/noticiasribeiraopreto.com.br\/wp-content\/uploads\/2024\/03\/905f3049-598c-4282-a473-d2f8bc56c1e8.jpg?fit=375%2C250&ssl=1&resize=350%2C200","width":350,"height":200},"classes":[]},{"id":42178,"url":"https:\/\/noticiasribeiraopreto.com.br\/index.php\/2024\/03\/13\/escritorio-de-advocacia-lanca-podcast-juridico-2\/","url_meta":{"origin":73239,"position":5},"title":"Escrit\u00f3rio de advocacia lan\u00e7a podcast jur\u00eddico","author":"noticiasribeiraopreto.com.br","date":"13 de March de 2024","format":false,"excerpt":"13 de mar\u00e7o de 2024 | 9:0312 de mar\u00e7o de 2024 | 21:37 0A cena jur\u00eddica nacional ganha um novo canal de abordagem de tem\u00e1ticas do setor em interface com as demandas sociais, principal objeto do Direito. O PodBrasil chega como ferramenta contempor\u00e2nea da comunica\u00e7\u00e3o de Brasil Salom\u00e3o e Matthes\u2026","rel":"","context":"In &quot;Not\u00edcias de Ribeir\u00e3o Preto-SP e Regi\u00e3o&quot;","block_context":{"text":"Not\u00edcias de Ribeir\u00e3o Preto-SP e Regi\u00e3o","link":"https:\/\/noticiasribeiraopreto.com.br\/index.php\/category\/noticias-de-ribeirao-preto-sp-e-regiao-ismael-colosi\/"},"img":{"alt_text":"","src":"https:\/\/i0.wp.com\/noticiasribeiraopreto.com.br\/wp-content\/uploads\/2024\/03\/Marcelo-Salomao-Rodrigo-Forcenette-e-Evandro-Grili-scaled.jpg?fit=967%2C645&ssl=1&resize=350%2C200","width":350,"height":200,"srcset":"https:\/\/i0.wp.com\/noticiasribeiraopreto.com.br\/wp-content\/uploads\/2024\/03\/Marcelo-Salomao-Rodrigo-Forcenette-e-Evandro-Grili-scaled.jpg?fit=967%2C645&ssl=1&resize=350%2C200 1x, https:\/\/i0.wp.com\/noticiasribeiraopreto.com.br\/wp-content\/uploads\/2024\/03\/Marcelo-Salomao-Rodrigo-Forcenette-e-Evandro-Grili-scaled.jpg?fit=967%2C645&ssl=1&resize=525%2C300 1.5x, https:\/\/i0.wp.com\/noticiasribeiraopreto.com.br\/wp-content\/uploads\/2024\/03\/Marcelo-Salomao-Rodrigo-Forcenette-e-Evandro-Grili-scaled.jpg?fit=967%2C645&ssl=1&resize=700%2C400 2x"},"classes":[]}],"jetpack_sharing_enabled":true,"jetpack_shortlink":"https:\/\/wp.me\/peQAOb-j3h","_links":{"self":[{"href":"https:\/\/noticiasribeiraopreto.com.br\/index.php\/wp-json\/wp\/v2\/posts\/73239","targetHints":{"allow":["GET"]}}],"collection":[{"href":"https:\/\/noticiasribeiraopreto.com.br\/index.php\/wp-json\/wp\/v2\/posts"}],"about":[{"href":"https:\/\/noticiasribeiraopreto.com.br\/index.php\/wp-json\/wp\/v2\/types\/post"}],"author":[{"embeddable":true,"href":"https:\/\/noticiasribeiraopreto.com.br\/index.php\/wp-json\/wp\/v2\/users\/1"}],"replies":[{"embeddable":true,"href":"https:\/\/noticiasribeiraopreto.com.br\/index.php\/wp-json\/wp\/v2\/comments?post=73239"}],"version-history":[{"count":0,"href":"https:\/\/noticiasribeiraopreto.com.br\/index.php\/wp-json\/wp\/v2\/posts\/73239\/revisions"}],"wp:featuredmedia":[{"embeddable":true,"href":"https:\/\/noticiasribeiraopreto.com.br\/index.php\/wp-json\/wp\/v2\/media\/73240"}],"wp:attachment":[{"href":"https:\/\/noticiasribeiraopreto.com.br\/index.php\/wp-json\/wp\/v2\/media?parent=73239"}],"wp:term":[{"taxonomy":"category","embeddable":true,"href":"https:\/\/noticiasribeiraopreto.com.br\/index.php\/wp-json\/wp\/v2\/categories?post=73239"},{"taxonomy":"post_tag","embeddable":true,"href":"https:\/\/noticiasribeiraopreto.com.br\/index.php\/wp-json\/wp\/v2\/tags?post=73239"}],"curies":[{"name":"wp","href":"https:\/\/api.w.org\/{rel}","templated":true}]}}