{"id":73241,"date":"2025-06-27T17:08:31","date_gmt":"2025-06-27T20:08:31","guid":{"rendered":"https:\/\/noticiasribeiraopreto.com.br\/index.php\/2025\/06\/27\/duarte-nogueira-oficializa-filiacao-ao-psd-apos-26-anos-no-psdb\/"},"modified":"2025-06-27T17:08:31","modified_gmt":"2025-06-27T20:08:31","slug":"duarte-nogueira-oficializa-filiacao-ao-psd-apos-26-anos-no-psdb","status":"publish","type":"post","link":"https:\/\/noticiasribeiraopreto.com.br\/index.php\/2025\/06\/27\/duarte-nogueira-oficializa-filiacao-ao-psd-apos-26-anos-no-psdb\/","title":{"rendered":"Duarte Nogueira oficializa filia\u00e7\u00e3o ao PSD ap\u00f3s 26 anos no PSDB"},"content":{"rendered":"<div class='code-block code-block-1' style='margin: 8px 0 8px auto; text-align: right; display: block; clear: both;'>\n<p><a href=\"https:\/\/wa.link\/vpicfd\"><img data-recalc-dims=\"1\" class=\"wp-image-4922\" style=\"aspect-ratio: 2.0253164556962027; width: 561px; height: auto;\" src=\"https:\/\/i0.wp.com\/ismaelcolosi.com.br\/wp-content\/uploads\/2023\/11\/grupo-de-empregos-whatsapp-e-facebook-ismael-colosi-vagas.jpg?ssl=1\" alt=\"\" \/><\/a><\/p>\n<!-- \/wp:image -->\n<\/div>\n<p> <br \/>\n<\/p>\n<div data-td-block-uid=\"tdi_95\">\n<div class=\"tdb-block-inner td-fix-index\">\n<p>O <strong>ex-prefeito de Ribeir\u00e3o Preto<\/strong>, <strong>Duarte Nogueira<\/strong>, oficializou sua <strong>filia\u00e7\u00e3o ao PSD (Partido Social Democr\u00e1tico)<\/strong>, nesta sexta-feira (27), em evento realizado na sede estadual do partido, na Capital Paulista.<\/p>\n<p><mark style=\"background-color:#fcb900\" class=\"has-inline-color\">A agremia\u00e7\u00e3o \u00e9 a mesma do atual prefeito de Ribeir\u00e3o Preto, <strong>Ricardo Silva<\/strong><\/mark>. Nogueira anunciou sua desfilia\u00e7\u00e3o do PSDB (Partido da Social Democracia Brasileira) na \u00faltima segunda-feira (23), ap\u00f3s 26 anos.<\/p>\n<p>A cerim\u00f4nia de apresenta\u00e7\u00e3o contou com a presen\u00e7a do presidente nacional da legenda, <strong>Gilberto Kassab<\/strong>, do vice-governador <strong>Felicio Ramuth<\/strong> al\u00e9m de deputados, prefeitos e lideran\u00e7as regionais.<\/p>\n<figure class=\"wp-block-pullquote\">\n<blockquote>\n<p>A minha vinda para o PSD \u00e9 um movimento de coer\u00eancia com o que acredito: estabilidade, responsabilidade fiscal, foco em resultados e constru\u00e7\u00e3o de pontes. O Brasil precisa de um centro democr\u00e1tico s\u00f3lido, mais sensato, comprometido com solu\u00e7\u00f5es e focado em discutir projetos<\/p>\n<p><cite>afirmou Nogueira durante seu discurso<\/cite><\/p><\/blockquote>\n<\/figure>\n<p>Enquanto estava no <strong>PSD<\/strong>, <strong>Nogueira <\/strong>exerceu <strong>sete mandatos pelo PSDB<\/strong> \u2014 entre eles deputado estadual, federal, al\u00e9m de dois mandatos como prefeito.<\/p>\n<p>\u201cDuarte \u00e9 uma das lideran\u00e7as mais experientes e respeitadas da pol\u00edtica paulista. Sua trajet\u00f3ria e capacidade de gest\u00e3o falam por si\u201d, disse <strong>Gilberto Kassab<\/strong> durante o evento.<\/p>\n<hr class=\"wp-block-separator has-alpha-channel-opacity\"\/>\n<p>SAIBA MAIS<\/p>\n<p>C\u00e2mara aprova cr\u00e9dito de R$ 1 milh\u00e3o para realiza\u00e7\u00e3o dos Jogos Regionais em Ribeir\u00e3o<\/p>\n<h2 class=\"wp-block-heading\"><strong>FIQUE ON<\/strong><\/h2>\n<p>Quer ficar por dentro de tudo que acontece em Ribeir\u00e3o Preto e regi\u00e3o? Ent\u00e3o siga os perfis do\u202facidade on\u202fno\u202f<a href=\"https:\/\/www.instagram.com\/acidadeonribeirao\" target=\"_blank\" rel=\"noreferrer noopener\">Instagram<\/a>\u202fe no\u202f<a href=\"https:\/\/www.facebook.com\/acidadeonribeirao\/\" target=\"_blank\" rel=\"noreferrer noopener\">Facebook<\/a>.<\/p>\n<p>Al\u00e9m disso, voc\u00ea pode receber as principais not\u00edcias diretamente no WhatsApp. Para isso, basta\u00a0<a href=\"https:\/\/chat.whatsapp.com\/BjKQZ9oJwlz8VVT50NuePq\" target=\"_blank\" rel=\"noreferrer noopener\">entrar no grupo clicando aqui<\/a>.<\/p>\n<p>Por fim, se quiser fazer uma den\u00fancia ou sugerir uma reportagem sobre Ribeir\u00e3o Preto e regi\u00e3o, envie uma mensagem pelo WhatsApp: (16) 99117-7802.<\/p>\n<p>VEJA TAMB\u00c9M<\/p>\n<p>Quanto custou o casamento de Lauren S\u00e1nchez com Jeff Bezos?<\/p>\n<p><!-- AI CONTENT END 1 -->\n<\/div>\n<\/div>\n<p><script async src=\"\/\/www.instagram.com\/embed.js\"><\/script><br \/>\n<br \/><br \/>\n<br \/><a href=\"https:\/\/www.acidadeon.com\/ribeiraopreto\/politica\/duarte-nogueira-oficializa-filiacao-ao-psd-apos-26-anos-no-psdb\/\">Source link <\/a><\/p>\n<!-- CONTENT END 1 -->\n","protected":false},"excerpt":{"rendered":"<p>O ex-prefeito de Ribeir\u00e3o Preto, Duarte Nogueira, oficializou sua filia\u00e7\u00e3o ao PSD (Partido Social Democr\u00e1tico), nesta sexta-feira (27), em evento realizado na sede estadual do&#8230;<\/p>\n","protected":false},"author":1,"featured_media":73242,"comment_status":"open","ping_status":"open","sticky":false,"template":"","format":"standard","meta":{"advanced_seo_description":"","jetpack_seo_html_title":"","jetpack_seo_noindex":false,"jetpack_post_was_ever_published":false,"_jetpack_newsletter_access":"","_jetpack_dont_email_post_to_subs":false,"_jetpack_newsletter_tier_id":0,"_jetpack_memberships_contains_paywalled_content":false,"_jetpack_memberships_contains_paid_content":false,"footnotes":"","jetpack_publicize_message":"","jetpack_publicize_feature_enabled":true,"jetpack_social_post_already_shared":true,"jetpack_social_options":{"image_generator_settings":{"template":"highway","default_image_id":0,"font":"","enabled":false},"version":2}},"categories":[11],"tags":[],"class_list":["post-73241","post","type-post","status-publish","format-standard","has-post-thumbnail","hentry","category-noticias-de-ribeirao-preto-sp-e-regiao-ismael-colosi"],"jetpack_publicize_connections":[],"jetpack_featured_media_url":"https:\/\/i0.wp.com\/noticiasribeiraopreto.com.br\/wp-content\/uploads\/2025\/06\/Copia-de-Copia-de-Copia-de-TAMANHO-EXATO-PARA-FOTOS-NO-SISTEMA-NOVO-2025-06-27T144457.518_2025-06-27_17-45-06.webp.webp?fit=1200%2C675&ssl=1","jetpack-related-posts":[{"id":72971,"url":"https:\/\/noticiasribeiraopreto.com.br\/index.php\/2025\/06\/23\/ex-prefeito-de-ribeirao-deixa-o-psdb-apos-mais-de-26-anos\/","url_meta":{"origin":73241,"position":0},"title":"Ex-prefeito de Ribeir\u00e3o deixa o PSDB ap\u00f3s mais de 26 anos","author":"noticiasribeiraopreto.com.br","date":"23 de June de 2025","format":false,"excerpt":"O ex-prefeito de Ribeir\u00e3o Preto, Duarte Nogueira, protocolou nesta segunda-feira (23), sua desfilia\u00e7\u00e3o do PSDB (Partido da Social Democracia Brasileira), ap\u00f3s mais de 26 anos. A decis\u00e3o foi comunicada por meio de carta enviada ao presidente nacional do partido, Marconi Perillo (veja abaixo). Em dezembro de 2024, durante entrevista ao\u2026","rel":"","context":"In &quot;Not\u00edcias de Ribeir\u00e3o Preto-SP e Regi\u00e3o&quot;","block_context":{"text":"Not\u00edcias de Ribeir\u00e3o Preto-SP e Regi\u00e3o","link":"https:\/\/noticiasribeiraopreto.com.br\/index.php\/category\/noticias-de-ribeirao-preto-sp-e-regiao-ismael-colosi\/"},"img":{"alt_text":"","src":"https:\/\/i0.wp.com\/noticiasribeiraopreto.com.br\/wp-content\/uploads\/2025\/06\/duarte-nogueira.jpg?fit=1200%2C799&ssl=1&resize=350%2C200","width":350,"height":200,"srcset":"https:\/\/i0.wp.com\/noticiasribeiraopreto.com.br\/wp-content\/uploads\/2025\/06\/duarte-nogueira.jpg?fit=1200%2C799&ssl=1&resize=350%2C200 1x, https:\/\/i0.wp.com\/noticiasribeiraopreto.com.br\/wp-content\/uploads\/2025\/06\/duarte-nogueira.jpg?fit=1200%2C799&ssl=1&resize=525%2C300 1.5x, https:\/\/i0.wp.com\/noticiasribeiraopreto.com.br\/wp-content\/uploads\/2025\/06\/duarte-nogueira.jpg?fit=1200%2C799&ssl=1&resize=700%2C400 2x, https:\/\/i0.wp.com\/noticiasribeiraopreto.com.br\/wp-content\/uploads\/2025\/06\/duarte-nogueira.jpg?fit=1200%2C799&ssl=1&resize=1050%2C600 3x"},"classes":[]},{"id":72997,"url":"https:\/\/noticiasribeiraopreto.com.br\/index.php\/2025\/06\/23\/nogueira-se-filia-ao-psd-de-kassab\/","url_meta":{"origin":73241,"position":1},"title":"Nogueira se filia ao PSD de Kassab","author":"noticiasribeiraopreto.com.br","date":"23 de June de 2025","format":false,"excerpt":"O ex-prefeito de Ribeir\u00e3o Preto, Duarte Nogueira, se filia na pr\u00f3xima sexta-feira, dia 27 de junho, ao PSD, de Gilberto Kassab. A cerim\u00f4nia de filia\u00e7\u00e3o acontecer\u00e1 \u00e0s 12h, na sede estadual do partido, localizada no edif\u00edcio Joelma, no bairro Bela Vista.\u00a0 Nesta segunda-feira, o ex-prefeito de Ribeir\u00e3o Preto, Duarte Nogueira,\u2026","rel":"","context":"In &quot;Not\u00edcias de Ribeir\u00e3o Preto-SP e Regi\u00e3o&quot;","block_context":{"text":"Not\u00edcias de Ribeir\u00e3o Preto-SP e Regi\u00e3o","link":"https:\/\/noticiasribeiraopreto.com.br\/index.php\/category\/noticias-de-ribeirao-preto-sp-e-regiao-ismael-colosi\/"},"img":{"alt_text":"","src":"https:\/\/i0.wp.com\/noticiasribeiraopreto.com.br\/wp-content\/uploads\/2025\/06\/duartenogueira-scaled-1.jpg?fit=1000%2C596&ssl=1&resize=350%2C200","width":350,"height":200,"srcset":"https:\/\/i0.wp.com\/noticiasribeiraopreto.com.br\/wp-content\/uploads\/2025\/06\/duartenogueira-scaled-1.jpg?fit=1000%2C596&ssl=1&resize=350%2C200 1x, https:\/\/i0.wp.com\/noticiasribeiraopreto.com.br\/wp-content\/uploads\/2025\/06\/duartenogueira-scaled-1.jpg?fit=1000%2C596&ssl=1&resize=525%2C300 1.5x, https:\/\/i0.wp.com\/noticiasribeiraopreto.com.br\/wp-content\/uploads\/2025\/06\/duartenogueira-scaled-1.jpg?fit=1000%2C596&ssl=1&resize=700%2C400 2x"},"classes":[]},{"id":63194,"url":"https:\/\/noticiasribeiraopreto.com.br\/index.php\/2025\/02\/05\/nogueira-pode-migrar-para-o-partido-de-ricardo-silva-e-kassab-entenda\/","url_meta":{"origin":73241,"position":2},"title":"Nogueira pode migrar para o partido de Ricardo Silva e Kassab; Entenda","author":"noticiasribeiraopreto.com.br","date":"5 de February de 2025","format":false,"excerpt":"O ex-prefeito de Ribeir\u00e3o Preto Duarte Nogueira pode ser colega de partido do atual chefe do Executivo, Ricardo Silva, o PSD. Nogueira se reuniu nesta quarta-feira (5) com o presidente nacional do partido, Gilberto Kassab, em S\u00e3o Paulo. O ex-prefeito de S\u00e3o Paulo \u00e9 secret\u00e1rio estadual de Governo e Rela\u00e7\u00f5es\u2026","rel":"","context":"In &quot;Not\u00edcias de Ribeir\u00e3o Preto-SP e Regi\u00e3o&quot;","block_context":{"text":"Not\u00edcias de Ribeir\u00e3o Preto-SP e Regi\u00e3o","link":"https:\/\/noticiasribeiraopreto.com.br\/index.php\/category\/noticias-de-ribeirao-preto-sp-e-regiao-ismael-colosi\/"},"img":{"alt_text":"","src":"https:\/\/i0.wp.com\/noticiasribeiraopreto.com.br\/wp-content\/uploads\/2025\/02\/kassab-nogueira_2025-02-05_21-08-35_jpg_2025-02-05_21-08-35.webp.webp?fit=980%2C606&ssl=1&resize=350%2C200","width":350,"height":200,"srcset":"https:\/\/i0.wp.com\/noticiasribeiraopreto.com.br\/wp-content\/uploads\/2025\/02\/kassab-nogueira_2025-02-05_21-08-35_jpg_2025-02-05_21-08-35.webp.webp?fit=980%2C606&ssl=1&resize=350%2C200 1x, https:\/\/i0.wp.com\/noticiasribeiraopreto.com.br\/wp-content\/uploads\/2025\/02\/kassab-nogueira_2025-02-05_21-08-35_jpg_2025-02-05_21-08-35.webp.webp?fit=980%2C606&ssl=1&resize=525%2C300 1.5x, https:\/\/i0.wp.com\/noticiasribeiraopreto.com.br\/wp-content\/uploads\/2025\/02\/kassab-nogueira_2025-02-05_21-08-35_jpg_2025-02-05_21-08-35.webp.webp?fit=980%2C606&ssl=1&resize=700%2C400 2x"},"classes":[]},{"id":73233,"url":"https:\/\/noticiasribeiraopreto.com.br\/index.php\/2025\/06\/27\/nogueira-ja-e-do-psd\/","url_meta":{"origin":73241,"position":3},"title":"Nogueira j\u00e1 \u00e9 do PSD","author":"noticiasribeiraopreto.com.br","date":"27 de June de 2025","format":false,"excerpt":"27 de junho de 2025 14:433 Compartilhar0 O ex-prefeito de Ribeir\u00e3o Preto, Duarte Nogueira, j\u00e1 est\u00e1 no PSD, de Gilberto Kassab. No come\u00e7o da tarde desta sexta-feira, 27 de junho, ele se filiou ao partido em cerim\u00f4nia sede estadual do partido, localizada no edif\u00edcio Joelma, no bairro Bela Vista. No\u2026","rel":"","context":"In &quot;Not\u00edcias de Ribeir\u00e3o Preto-SP e Regi\u00e3o&quot;","block_context":{"text":"Not\u00edcias de Ribeir\u00e3o Preto-SP e Regi\u00e3o","link":"https:\/\/noticiasribeiraopreto.com.br\/index.php\/category\/noticias-de-ribeirao-preto-sp-e-regiao-ismael-colosi\/"},"img":{"alt_text":"","src":"https:\/\/i0.wp.com\/noticiasribeiraopreto.com.br\/wp-content\/uploads\/2025\/06\/nogu.jpeg?fit=678%2C1200&ssl=1&resize=350%2C200","width":350,"height":200,"srcset":"https:\/\/i0.wp.com\/noticiasribeiraopreto.com.br\/wp-content\/uploads\/2025\/06\/nogu.jpeg?fit=678%2C1200&ssl=1&resize=350%2C200 1x, https:\/\/i0.wp.com\/noticiasribeiraopreto.com.br\/wp-content\/uploads\/2025\/06\/nogu.jpeg?fit=678%2C1200&ssl=1&resize=525%2C300 1.5x"},"classes":[]},{"id":70262,"url":"https:\/\/noticiasribeiraopreto.com.br\/index.php\/2025\/05\/24\/tabuleiro-eleitoral-ja-tem-rascunho\/","url_meta":{"origin":73241,"position":4},"title":"Tabuleiro eleitoral j\u00e1 tem \u2018rascunho\u2019\u00a0","author":"noticiasribeiraopreto.com.br","date":"24 de May de 2025","format":false,"excerpt":"24 de maio de 2025 10:3023 de maio de 2025 22:459 Compartilhar0 A filia\u00e7\u00e3o de Rafael Silva J\u00fanior ao Partido Progressista sinalizou nos meios pol\u00edticos que ele dever\u00e1 ser candidato a deputado estadual pela legenda, nas elei\u00e7\u00f5es do pr\u00f3ximo ano.\u00a0 Irm\u00e3o do prefeito de Ribeir\u00e3o Preto, Ricardo Silva (PSD), ele\u2026","rel":"","context":"In &quot;Not\u00edcias de Ribeir\u00e3o Preto-SP e Regi\u00e3o&quot;","block_context":{"text":"Not\u00edcias de Ribeir\u00e3o Preto-SP e Regi\u00e3o","link":"https:\/\/noticiasribeiraopreto.com.br\/index.php\/category\/noticias-de-ribeirao-preto-sp-e-regiao-ismael-colosi\/"},"img":{"alt_text":"","src":"https:\/\/i0.wp.com\/noticiasribeiraopreto.com.br\/wp-content\/uploads\/2025\/05\/politica.jpeg?fit=640%2C360&ssl=1&resize=350%2C200","width":350,"height":200,"srcset":"https:\/\/i0.wp.com\/noticiasribeiraopreto.com.br\/wp-content\/uploads\/2025\/05\/politica.jpeg?fit=640%2C360&ssl=1&resize=350%2C200 1x, https:\/\/i0.wp.com\/noticiasribeiraopreto.com.br\/wp-content\/uploads\/2025\/05\/politica.jpeg?fit=640%2C360&ssl=1&resize=525%2C300 1.5x"},"classes":[]},{"id":72952,"url":"https:\/\/noticiasribeiraopreto.com.br\/index.php\/2025\/06\/23\/duarte-nogueira-deixa-o-psdb\/","url_meta":{"origin":73241,"position":5},"title":"Duarte Nogueira deixa o PSDB","author":"noticiasribeiraopreto.com.br","date":"23 de June de 2025","format":false,"excerpt":"23 de junho de 2025 12:361 Compartilhar0 O ex-prefeito de Ribeir\u00e3o Preto, Duarte Nogueira, protocolou nesta segunda-feira, 23 de junho, sua carta de desfilia\u00e7\u00e3o do Partido da Social Democracia Brasileira (PSDB), legenda na qual construiu uma trajet\u00f3ria de mais de 26 anos. Na carta, endere\u00e7ada ao presidente nacional do partido,\u2026","rel":"","context":"In &quot;Not\u00edcias de Ribeir\u00e3o Preto-SP e Regi\u00e3o&quot;","block_context":{"text":"Not\u00edcias de Ribeir\u00e3o Preto-SP e Regi\u00e3o","link":"https:\/\/noticiasribeiraopreto.com.br\/index.php\/category\/noticias-de-ribeirao-preto-sp-e-regiao-ismael-colosi\/"},"img":{"alt_text":"","src":"https:\/\/i0.wp.com\/noticiasribeiraopreto.com.br\/wp-content\/uploads\/2025\/06\/nogueira-scaled-1.jpg?fit=970%2C645&ssl=1&resize=350%2C200","width":350,"height":200,"srcset":"https:\/\/i0.wp.com\/noticiasribeiraopreto.com.br\/wp-content\/uploads\/2025\/06\/nogueira-scaled-1.jpg?fit=970%2C645&ssl=1&resize=350%2C200 1x, https:\/\/i0.wp.com\/noticiasribeiraopreto.com.br\/wp-content\/uploads\/2025\/06\/nogueira-scaled-1.jpg?fit=970%2C645&ssl=1&resize=525%2C300 1.5x, https:\/\/i0.wp.com\/noticiasribeiraopreto.com.br\/wp-content\/uploads\/2025\/06\/nogueira-scaled-1.jpg?fit=970%2C645&ssl=1&resize=700%2C400 2x"},"classes":[]}],"jetpack_sharing_enabled":true,"jetpack_shortlink":"https:\/\/wp.me\/peQAOb-j3j","_links":{"self":[{"href":"https:\/\/noticiasribeiraopreto.com.br\/index.php\/wp-json\/wp\/v2\/posts\/73241","targetHints":{"allow":["GET"]}}],"collection":[{"href":"https:\/\/noticiasribeiraopreto.com.br\/index.php\/wp-json\/wp\/v2\/posts"}],"about":[{"href":"https:\/\/noticiasribeiraopreto.com.br\/index.php\/wp-json\/wp\/v2\/types\/post"}],"author":[{"embeddable":true,"href":"https:\/\/noticiasribeiraopreto.com.br\/index.php\/wp-json\/wp\/v2\/users\/1"}],"replies":[{"embeddable":true,"href":"https:\/\/noticiasribeiraopreto.com.br\/index.php\/wp-json\/wp\/v2\/comments?post=73241"}],"version-history":[{"count":0,"href":"https:\/\/noticiasribeiraopreto.com.br\/index.php\/wp-json\/wp\/v2\/posts\/73241\/revisions"}],"wp:featuredmedia":[{"embeddable":true,"href":"https:\/\/noticiasribeiraopreto.com.br\/index.php\/wp-json\/wp\/v2\/media\/73242"}],"wp:attachment":[{"href":"https:\/\/noticiasribeiraopreto.com.br\/index.php\/wp-json\/wp\/v2\/media?parent=73241"}],"wp:term":[{"taxonomy":"category","embeddable":true,"href":"https:\/\/noticiasribeiraopreto.com.br\/index.php\/wp-json\/wp\/v2\/categories?post=73241"},{"taxonomy":"post_tag","embeddable":true,"href":"https:\/\/noticiasribeiraopreto.com.br\/index.php\/wp-json\/wp\/v2\/tags?post=73241"}],"curies":[{"name":"wp","href":"https:\/\/api.w.org\/{rel}","templated":true}]}}