{"id":73243,"date":"2025-06-27T19:43:56","date_gmt":"2025-06-27T22:43:56","guid":{"rendered":"https:\/\/noticiasribeiraopreto.com.br\/index.php\/2025\/06\/27\/rp-mobi-alerta-para-golpe-envolvendo-liberacao-de-veiculos-apreendidos\/"},"modified":"2025-06-27T19:43:56","modified_gmt":"2025-06-27T22:43:56","slug":"rp-mobi-alerta-para-golpe-envolvendo-liberacao-de-veiculos-apreendidos","status":"publish","type":"post","link":"https:\/\/noticiasribeiraopreto.com.br\/index.php\/2025\/06\/27\/rp-mobi-alerta-para-golpe-envolvendo-liberacao-de-veiculos-apreendidos\/","title":{"rendered":"RP Mobi alerta para golpe envolvendo libera\u00e7\u00e3o de ve\u00edculos apreendidos\u00a0"},"content":{"rendered":"<div class='code-block code-block-1' style='margin: 8px 0 8px auto; text-align: right; display: block; clear: both;'>\n<p><a href=\"https:\/\/wa.link\/vpicfd\"><img data-recalc-dims=\"1\" class=\"wp-image-4922\" style=\"aspect-ratio: 2.0253164556962027; width: 561px; height: auto;\" src=\"https:\/\/i0.wp.com\/ismaelcolosi.com.br\/wp-content\/uploads\/2023\/11\/grupo-de-empregos-whatsapp-e-facebook-ismael-colosi-vagas.jpg?ssl=1\" alt=\"\" \/><\/a><\/p>\n<!-- \/wp:image -->\n<\/div>\n<p> <br \/>\n<\/p>\n<div>\n<p>RP Mobi alerta para golpe envolvendo libera\u00e7\u00e3o de ve\u00edculos apreendidos<\/p>\n<p>A RP Mobi, empresa respons\u00e1vel pela gest\u00e3o do tr\u00e2nsito em Ribeir\u00e3o Preto, emitiu um alerta nesta sexta-feira (27) sobre um golpe aplicado por sites e intermedi\u00e1rios que oferecem, de forma fraudulenta, a libera\u00e7\u00e3o de ve\u00edculos apreendidos mediante o pagamento de taxas indevidas.<\/p>\n<p>Segundo a empresa, nenhuma cobran\u00e7a \u00e9 feita por canais digitais n\u00e3o oficiais, como sites de terceiros, e-mails ou aplicativos de mensagens. A RP Mobi refor\u00e7a que todo o procedimento para retirada de ve\u00edculos ocorre exclusivamente de forma presencial.<\/p>\n<p>Orienta\u00e7\u00f5es para a popula\u00e7\u00e3o<\/p>\n<p>Caso receba mensagens ou contatos solicitando pagamentos antecipados, a orienta\u00e7\u00e3o \u00e9 n\u00e3o fornecer dados pessoais ou banc\u00e1rios e procurar diretamente a sede da RP Mobi para esclarecimentos.<\/p>\n<p>Libera\u00e7\u00e3o de ve\u00edculos: como funciona<\/p>\n<p>O processo de libera\u00e7\u00e3o varia conforme a origem da infra\u00e7\u00e3o:<\/p>\n<p>\u00a0<\/p>\n<p>Infra\u00e7\u00f5es estaduais<\/p>\n<p>Se a apreens\u00e3o do ve\u00edculo foi feita por determina\u00e7\u00e3o do Estado, o propriet\u00e1rio deve acessar o site oficial do Detran\/SP ou usar o QR Code fornecido no comprovante da apreens\u00e3o. Em seguida, \u00e9 necess\u00e1rio:<\/p>\n<p>Quitar multas, impostos e d\u00e9bitos pendentes do ve\u00edculo;<\/p>\n<p>Pagar a taxa de estadia no p\u00e1tio (R$ 20,06 por dia);<\/p>\n<p>Anexar os documentos exigidos: RG com foto (frente e verso), Termo de Recolhimento do Ve\u00edculo (TRV), comprovantes de pagamento e CRLV-e.<\/p>\n<p>Ap\u00f3s o envio da documenta\u00e7\u00e3o, o respons\u00e1vel deve comparecer ao endere\u00e7o indicado para retirar o ve\u00edculo.<\/p>\n<p>\u00a0<\/p>\n<p>Infra\u00e7\u00f5es municipais<\/p>\n<p>Nos casos em que a remo\u00e7\u00e3o foi feita pela autoridade municipal, o atendimento \u00e9 feito diretamente no p\u00e1tio da RP Mobi, sem necessidade de acessar o site do Detran. \u00c9 preciso apresentar:<\/p>\n<p>Documento de identidade com foto;<\/p>\n<p>CRLV-e (impresso ou digital);<\/p>\n<p>Procura\u00e7\u00e3o com firma reconhecida, caso outra pessoa v\u00e1 retirar o ve\u00edculo.<\/p>\n<p>O pagamento pode ser realizado no local via Pix, dinheiro ou cart\u00e3o de cr\u00e9dito, com possibilidade de parcelamento em at\u00e9 12 vezes (sujeito a juros da operadora).<\/p>\n<p>A entrega dos ve\u00edculos \u00e9 feita no p\u00e1tio da RP Mobi, localizado na rua General C\u00e2mara, n\u00ba 2.910, no Jardim Presidente Dutra.<\/p>\n<p>Refor\u00e7o de seguran\u00e7a<\/p>\n<p>Com a identifica\u00e7\u00e3o do golpe, a RP Mobi refor\u00e7a que n\u00e3o envia boletos, links ou solicita\u00e7\u00f5es de pagamento online. Todas as etapas do processo devem ser feitas presencialmente para garantir a seguran\u00e7a dos propriet\u00e1rios.<\/p>\n<p>\u2014<\/p>\n<p>Jornal Tribuna Ribeir\u00e3o<\/p>\n<p>Um Jornal com a cara de Ribeir\u00e3o!<\/p>\n<p>Impresso | WEB | Redes sociais<\/p>\n<p>Tribuna Ribeir\u00e3o \u2013 Fone: (16) 3632-2200 \u2013 Whatsapp: (16) 98161-8743<\/p>\n<p>Av. Bar\u00e3o do Bananal, 880 \u2013 Jardim Anhanguera, Ribeir\u00e3o Preto<\/p>\n<p>@tribunaribeirao @meiaderibeirao @dinoderibeirao<\/p>\n<p>#TribunaRibeir\u00e3o #News #Not\u00edcia #Ribeir\u00e3oPreto #Not\u00edciasDeRibeir\u00e3oPreto<\/p>\n<p>#ClassificadosTribunaRibeir\u00e3o #Jornalismo #ClassificadosRibeir\u00e3o<\/p>\n<p>\u00a0<\/p>\n<\/div>\n<p><br \/>\n<br \/><a href=\"https:\/\/www.tribunaribeirao.com.br\/rp-mobi-alerta-para-golpe-envolvendo-liberacao-de-veiculos-apreendidos\/\">Source link <\/a><\/p>\n<!-- CONTENT END 1 -->\n","protected":false},"excerpt":{"rendered":"<p>RP Mobi alerta para golpe envolvendo libera\u00e7\u00e3o de ve\u00edculos apreendidos A RP Mobi, empresa respons\u00e1vel pela gest\u00e3o do tr\u00e2nsito em Ribeir\u00e3o Preto, emitiu um alerta&#8230;<\/p>\n","protected":false},"author":1,"featured_media":73244,"comment_status":"open","ping_status":"open","sticky":false,"template":"","format":"standard","meta":{"advanced_seo_description":"","jetpack_seo_html_title":"","jetpack_seo_noindex":false,"jetpack_post_was_ever_published":false,"_jetpack_newsletter_access":"","_jetpack_dont_email_post_to_subs":false,"_jetpack_newsletter_tier_id":0,"_jetpack_memberships_contains_paywalled_content":false,"_jetpack_memberships_contains_paid_content":false,"footnotes":"","jetpack_publicize_message":"","jetpack_publicize_feature_enabled":true,"jetpack_social_post_already_shared":true,"jetpack_social_options":{"image_generator_settings":{"template":"highway","default_image_id":0,"font":"","enabled":false},"version":2}},"categories":[11],"tags":[],"class_list":["post-73243","post","type-post","status-publish","format-standard","has-post-thumbnail","hentry","category-noticias-de-ribeirao-preto-sp-e-regiao-ismael-colosi"],"jetpack_publicize_connections":[],"jetpack_featured_media_url":"https:\/\/i0.wp.com\/noticiasribeiraopreto.com.br\/wp-content\/uploads\/2025\/06\/rpmobi_golpe.jpeg?fit=768%2C432&ssl=1","jetpack-related-posts":[{"id":73251,"url":"https:\/\/noticiasribeiraopreto.com.br\/index.php\/2025\/06\/27\/veiculos-apreendidos-viram-alvo-de-golpe-com-taxas-falsas-em-ribeirao-preto\/","url_meta":{"origin":73243,"position":0},"title":"Ve\u00edculos apreendidos viram alvo de golpe com taxas falsas em Ribeir\u00e3o Preto","author":"noticiasribeiraopreto.com.br","date":"27 de June de 2025","format":false,"excerpt":"Nesta sexta-feira (27), a RP Mobi emitiu um alerta \u00e0 popula\u00e7\u00e3o de Ribeir\u00e3o Preto sobre um golpe digital praticado por sites e intermedi\u00e1rios. Esses canais oferecem, mediante o pagamento de taxas indevidas, uma suposta facilita\u00e7\u00e3o na libera\u00e7\u00e3o de ve\u00edculos removidos ao p\u00e1tio municipal. De acordo com o comunicado, a RP\u2026","rel":"","context":"In &quot;Not\u00edcias de Ribeir\u00e3o Preto-SP e Regi\u00e3o&quot;","block_context":{"text":"Not\u00edcias de Ribeir\u00e3o Preto-SP e Regi\u00e3o","link":"https:\/\/noticiasribeiraopreto.com.br\/index.php\/category\/noticias-de-ribeirao-preto-sp-e-regiao-ismael-colosi\/"},"img":{"alt_text":"","src":"https:\/\/i0.wp.com\/noticiasribeiraopreto.com.br\/wp-content\/uploads\/2025\/06\/Copia-de-Copia-de-Copia-de-TAMANHO-EXATO-PARA-FOTOS-NO-SISTEMA-NOVO-2025-06-27T171322.852_2025-06-27_20-13-34.webp.webp?fit=1200%2C675&ssl=1&resize=350%2C200","width":350,"height":200,"srcset":"https:\/\/i0.wp.com\/noticiasribeiraopreto.com.br\/wp-content\/uploads\/2025\/06\/Copia-de-Copia-de-Copia-de-TAMANHO-EXATO-PARA-FOTOS-NO-SISTEMA-NOVO-2025-06-27T171322.852_2025-06-27_20-13-34.webp.webp?fit=1200%2C675&ssl=1&resize=350%2C200 1x, https:\/\/i0.wp.com\/noticiasribeiraopreto.com.br\/wp-content\/uploads\/2025\/06\/Copia-de-Copia-de-Copia-de-TAMANHO-EXATO-PARA-FOTOS-NO-SISTEMA-NOVO-2025-06-27T171322.852_2025-06-27_20-13-34.webp.webp?fit=1200%2C675&ssl=1&resize=525%2C300 1.5x, https:\/\/i0.wp.com\/noticiasribeiraopreto.com.br\/wp-content\/uploads\/2025\/06\/Copia-de-Copia-de-Copia-de-TAMANHO-EXATO-PARA-FOTOS-NO-SISTEMA-NOVO-2025-06-27T171322.852_2025-06-27_20-13-34.webp.webp?fit=1200%2C675&ssl=1&resize=700%2C400 2x, https:\/\/i0.wp.com\/noticiasribeiraopreto.com.br\/wp-content\/uploads\/2025\/06\/Copia-de-Copia-de-Copia-de-TAMANHO-EXATO-PARA-FOTOS-NO-SISTEMA-NOVO-2025-06-27T171322.852_2025-06-27_20-13-34.webp.webp?fit=1200%2C675&ssl=1&resize=1050%2C600 3x"},"classes":[]},{"id":74588,"url":"https:\/\/noticiasribeiraopreto.com.br\/index.php\/2025\/07\/25\/blitze-apreendem-10-veiculos-por-dia\/","url_meta":{"origin":73243,"position":1},"title":"Blitze apreendem 10 ve\u00edculos por dia","author":"noticiasribeiraopreto.com.br","date":"25 de July de 2025","format":false,"excerpt":"Entre 1\u00ba janeiro e 23 de julho deste ano, 2.063 ve\u00edculos j\u00e1 foram aprendidos nas blitze realizadas pela RP Mobi \u2013 Empresa de Mobilidade Urbana de Ribeir\u00e3o Preto S.A, a antiga Transerp, respons\u00e1vel pelo tr\u00e2nsito e transporte \u2013 ou pela Pol\u00edcia Militar porque os motoristas cometeram algum tipo de infra\u00e7\u00e3o.\u2026","rel":"","context":"In &quot;Not\u00edcias de Ribeir\u00e3o Preto-SP e Regi\u00e3o&quot;","block_context":{"text":"Not\u00edcias de Ribeir\u00e3o Preto-SP e Regi\u00e3o","link":"https:\/\/noticiasribeiraopreto.com.br\/index.php\/category\/noticias-de-ribeirao-preto-sp-e-regiao-ismael-colosi\/"},"img":{"alt_text":"","src":"https:\/\/i0.wp.com\/noticiasribeiraopreto.com.br\/wp-content\/uploads\/2025\/07\/PatioRP-Alfredo-Risk-scaled.jpg?fit=1200%2C800&ssl=1&resize=350%2C200","width":350,"height":200,"srcset":"https:\/\/i0.wp.com\/noticiasribeiraopreto.com.br\/wp-content\/uploads\/2025\/07\/PatioRP-Alfredo-Risk-scaled.jpg?fit=1200%2C800&ssl=1&resize=350%2C200 1x, https:\/\/i0.wp.com\/noticiasribeiraopreto.com.br\/wp-content\/uploads\/2025\/07\/PatioRP-Alfredo-Risk-scaled.jpg?fit=1200%2C800&ssl=1&resize=525%2C300 1.5x, https:\/\/i0.wp.com\/noticiasribeiraopreto.com.br\/wp-content\/uploads\/2025\/07\/PatioRP-Alfredo-Risk-scaled.jpg?fit=1200%2C800&ssl=1&resize=700%2C400 2x, https:\/\/i0.wp.com\/noticiasribeiraopreto.com.br\/wp-content\/uploads\/2025\/07\/PatioRP-Alfredo-Risk-scaled.jpg?fit=1200%2C800&ssl=1&resize=1050%2C600 3x"},"classes":[]},{"id":74511,"url":"https:\/\/noticiasribeiraopreto.com.br\/index.php\/2025\/07\/24\/rp-mobi-lanca-guincho-e-patio-virtual\/","url_meta":{"origin":73243,"position":2},"title":"RP Mobi lan\u00e7a guincho e p\u00e1tio virtual","author":"noticiasribeiraopreto.com.br","date":"24 de July de 2025","format":false,"excerpt":"A RP Mobi \u2013 Empresa de Mobilidade Urbana de Ribeir\u00e3o Preto S.A, a antiga Transerp, respons\u00e1vel pelo tr\u00e2nsito e transporte \u2013 lan\u00e7ou neste m\u00eas de julho os testes de solu\u00e7\u00e3o tecnol\u00f3gica in\u00e9dita no Brasil nas opera\u00e7\u00f5es de tr\u00e2nsito em vias municipais: o sistema de guincho e p\u00e1tio virtual. A inova\u00e7\u00e3o\u2026","rel":"","context":"In &quot;Not\u00edcias de Ribeir\u00e3o Preto-SP e Regi\u00e3o&quot;","block_context":{"text":"Not\u00edcias de Ribeir\u00e3o Preto-SP e Regi\u00e3o","link":"https:\/\/noticiasribeiraopreto.com.br\/index.php\/category\/noticias-de-ribeirao-preto-sp-e-regiao-ismael-colosi\/"},"img":{"alt_text":"","src":"https:\/\/i0.wp.com\/noticiasribeiraopreto.com.br\/wp-content\/uploads\/2025\/07\/Guincho-Detalhe-Divulgacao.jpg?fit=1000%2C666&ssl=1&resize=350%2C200","width":350,"height":200,"srcset":"https:\/\/i0.wp.com\/noticiasribeiraopreto.com.br\/wp-content\/uploads\/2025\/07\/Guincho-Detalhe-Divulgacao.jpg?fit=1000%2C666&ssl=1&resize=350%2C200 1x, https:\/\/i0.wp.com\/noticiasribeiraopreto.com.br\/wp-content\/uploads\/2025\/07\/Guincho-Detalhe-Divulgacao.jpg?fit=1000%2C666&ssl=1&resize=525%2C300 1.5x, https:\/\/i0.wp.com\/noticiasribeiraopreto.com.br\/wp-content\/uploads\/2025\/07\/Guincho-Detalhe-Divulgacao.jpg?fit=1000%2C666&ssl=1&resize=700%2C400 2x"},"classes":[]},{"id":59272,"url":"https:\/\/noticiasribeiraopreto.com.br\/index.php\/2024\/10\/18\/carros-sao-guinchados-apos-inauguracao-do-corredor-de-onibus-no-centro-de-ribeirao\/","url_meta":{"origin":73243,"position":3},"title":"Carros s\u00e3o guinchados ap\u00f3s inaugura\u00e7\u00e3o do corredor de \u00f4nibus no Centro de Ribeir\u00e3o","author":"noticiasribeiraopreto.com.br","date":"18 de October de 2024","format":false,"excerpt":"Um dia ap\u00f3s a inaugura\u00e7\u00e3o dos corredores de \u00f4nibus na regi\u00e3o central de Ribeir\u00e3o Preto, comerciantes da \u00e1rea reclamam que a fiscaliza\u00e7\u00e3o come\u00e7ou antes do previsto. Nesta sexta-feira (18), pelo menos dois carros que estavam estacionados na rua Bar\u00e3o do Amazonas foram apreendidos pela Pol\u00edcia Militar (PM). As faixas do\u2026","rel":"","context":"In &quot;Not\u00edcias de Ribeir\u00e3o Preto-SP e Regi\u00e3o&quot;","block_context":{"text":"Not\u00edcias de Ribeir\u00e3o Preto-SP e Regi\u00e3o","link":"https:\/\/noticiasribeiraopreto.com.br\/index.php\/category\/noticias-de-ribeirao-preto-sp-e-regiao-ismael-colosi\/"},"img":{"alt_text":"","src":"https:\/\/i0.wp.com\/noticiasribeiraopreto.com.br\/wp-content\/uploads\/2024\/10\/Copia-de-Copia-de-Copia-de-TAMANHO-EXATO-PARA-FOTOS-NO-SISTEMA-NOVO-2024-10-18T191806.243_2024-10-18_22-18-55_png_2024-10-18_22-18-55.webp.webp?fit=1200%2C675&ssl=1&resize=350%2C200","width":350,"height":200,"srcset":"https:\/\/i0.wp.com\/noticiasribeiraopreto.com.br\/wp-content\/uploads\/2024\/10\/Copia-de-Copia-de-Copia-de-TAMANHO-EXATO-PARA-FOTOS-NO-SISTEMA-NOVO-2024-10-18T191806.243_2024-10-18_22-18-55_png_2024-10-18_22-18-55.webp.webp?fit=1200%2C675&ssl=1&resize=350%2C200 1x, https:\/\/i0.wp.com\/noticiasribeiraopreto.com.br\/wp-content\/uploads\/2024\/10\/Copia-de-Copia-de-Copia-de-TAMANHO-EXATO-PARA-FOTOS-NO-SISTEMA-NOVO-2024-10-18T191806.243_2024-10-18_22-18-55_png_2024-10-18_22-18-55.webp.webp?fit=1200%2C675&ssl=1&resize=525%2C300 1.5x, https:\/\/i0.wp.com\/noticiasribeiraopreto.com.br\/wp-content\/uploads\/2024\/10\/Copia-de-Copia-de-Copia-de-TAMANHO-EXATO-PARA-FOTOS-NO-SISTEMA-NOVO-2024-10-18T191806.243_2024-10-18_22-18-55_png_2024-10-18_22-18-55.webp.webp?fit=1200%2C675&ssl=1&resize=700%2C400 2x, https:\/\/i0.wp.com\/noticiasribeiraopreto.com.br\/wp-content\/uploads\/2024\/10\/Copia-de-Copia-de-Copia-de-TAMANHO-EXATO-PARA-FOTOS-NO-SISTEMA-NOVO-2024-10-18T191806.243_2024-10-18_22-18-55_png_2024-10-18_22-18-55.webp.webp?fit=1200%2C675&ssl=1&resize=1050%2C600 3x"},"classes":[]},{"id":82357,"url":"https:\/\/noticiasribeiraopreto.com.br\/index.php\/2026\/02\/11\/rp-mobi-fara-leilao-de-veiculos\/","url_meta":{"origin":73243,"position":4},"title":"RP Mobi far\u00e1 leil\u00e3o de ve\u00edculos","author":"noticiasribeiraopreto.com.br","date":"11 de February de 2026","format":false,"excerpt":"\r \r \r 11 de fevereiro de 2026 16:25 \r Compartilhar0 Carros e motos conservados, al\u00e9m de sucatas est\u00e3o apreendidos no p\u00e1tio da empresa municipal, respons\u00e1vel pelo tr\u00e2nsito na cidade A RP Mobi \u2013 Empresa de Mobilidade Urbana de Ribeir\u00e3o Preto S.A, a antiga Transerp, respons\u00e1vel pelo tr\u00e2nsito e transporte\u2026","rel":"","context":"In &quot;Not\u00edcias de Ribeir\u00e3o Preto-SP e Regi\u00e3o&quot;","block_context":{"text":"Not\u00edcias de Ribeir\u00e3o Preto-SP e Regi\u00e3o","link":"https:\/\/noticiasribeiraopreto.com.br\/index.php\/category\/noticias-de-ribeirao-preto-sp-e-regiao-ismael-colosi\/"},"img":{"alt_text":"","src":"https:\/\/i0.wp.com\/noticiasribeiraopreto.com.br\/wp-content\/uploads\/2026\/02\/WhatsApp-Image-2026-02-11-at-16.13.46-scaled.jpeg?fit=1170%2C780&ssl=1&resize=350%2C200","width":350,"height":200,"srcset":"https:\/\/i0.wp.com\/noticiasribeiraopreto.com.br\/wp-content\/uploads\/2026\/02\/WhatsApp-Image-2026-02-11-at-16.13.46-scaled.jpeg?fit=1170%2C780&ssl=1&resize=350%2C200 1x, https:\/\/i0.wp.com\/noticiasribeiraopreto.com.br\/wp-content\/uploads\/2026\/02\/WhatsApp-Image-2026-02-11-at-16.13.46-scaled.jpeg?fit=1170%2C780&ssl=1&resize=525%2C300 1.5x, https:\/\/i0.wp.com\/noticiasribeiraopreto.com.br\/wp-content\/uploads\/2026\/02\/WhatsApp-Image-2026-02-11-at-16.13.46-scaled.jpeg?fit=1170%2C780&ssl=1&resize=700%2C400 2x, https:\/\/i0.wp.com\/noticiasribeiraopreto.com.br\/wp-content\/uploads\/2026\/02\/WhatsApp-Image-2026-02-11-at-16.13.46-scaled.jpeg?fit=1170%2C780&ssl=1&resize=1050%2C600 3x"},"classes":[]},{"id":83119,"url":"https:\/\/noticiasribeiraopreto.com.br\/index.php\/2026\/03\/10\/rp-mobi-abre-visitas-a-patio\/","url_meta":{"origin":73243,"position":5},"title":"RP Mobi abre visitas a p\u00e1tio","author":"noticiasribeiraopreto.com.br","date":"10 de March de 2026","format":false,"excerpt":"\r \r \r 10 de mar\u00e7o de 2026 09:2010 de mar\u00e7o de 2026 08:45 \r Compartilhar0 Carros e motos conservados, al\u00e9m de sucatas est\u00e3o apreendidos no p\u00e1tio da empresa municipal, respons\u00e1vel pelo tr\u00e2nsito na cidade A RP Mobi \u2013 Empresa de Mobilidade Urbana de Ribeir\u00e3o Preto S.A, a antiga Transerp,\u2026","rel":"","context":"In &quot;Not\u00edcias de Ribeir\u00e3o Preto-SP e Regi\u00e3o&quot;","block_context":{"text":"Not\u00edcias de Ribeir\u00e3o Preto-SP e Regi\u00e3o","link":"https:\/\/noticiasribeiraopreto.com.br\/index.php\/category\/noticias-de-ribeirao-preto-sp-e-regiao-ismael-colosi\/"},"img":{"alt_text":"","src":"","width":0,"height":0},"classes":[]}],"jetpack_sharing_enabled":true,"jetpack_shortlink":"https:\/\/wp.me\/peQAOb-j3l","_links":{"self":[{"href":"https:\/\/noticiasribeiraopreto.com.br\/index.php\/wp-json\/wp\/v2\/posts\/73243","targetHints":{"allow":["GET"]}}],"collection":[{"href":"https:\/\/noticiasribeiraopreto.com.br\/index.php\/wp-json\/wp\/v2\/posts"}],"about":[{"href":"https:\/\/noticiasribeiraopreto.com.br\/index.php\/wp-json\/wp\/v2\/types\/post"}],"author":[{"embeddable":true,"href":"https:\/\/noticiasribeiraopreto.com.br\/index.php\/wp-json\/wp\/v2\/users\/1"}],"replies":[{"embeddable":true,"href":"https:\/\/noticiasribeiraopreto.com.br\/index.php\/wp-json\/wp\/v2\/comments?post=73243"}],"version-history":[{"count":0,"href":"https:\/\/noticiasribeiraopreto.com.br\/index.php\/wp-json\/wp\/v2\/posts\/73243\/revisions"}],"wp:featuredmedia":[{"embeddable":true,"href":"https:\/\/noticiasribeiraopreto.com.br\/index.php\/wp-json\/wp\/v2\/media\/73244"}],"wp:attachment":[{"href":"https:\/\/noticiasribeiraopreto.com.br\/index.php\/wp-json\/wp\/v2\/media?parent=73243"}],"wp:term":[{"taxonomy":"category","embeddable":true,"href":"https:\/\/noticiasribeiraopreto.com.br\/index.php\/wp-json\/wp\/v2\/categories?post=73243"},{"taxonomy":"post_tag","embeddable":true,"href":"https:\/\/noticiasribeiraopreto.com.br\/index.php\/wp-json\/wp\/v2\/tags?post=73243"}],"curies":[{"name":"wp","href":"https:\/\/api.w.org\/{rel}","templated":true}]}}