{"id":73245,"date":"2025-06-27T19:57:53","date_gmt":"2025-06-27T22:57:53","guid":{"rendered":"https:\/\/noticiasribeiraopreto.com.br\/index.php\/2025\/06\/27\/cnh-de-graca-nova-lei-garante-carteira-de-motorista-gratuita-para-pessoas-de-baixa-renda\/"},"modified":"2025-06-27T19:57:53","modified_gmt":"2025-06-27T22:57:53","slug":"cnh-de-graca-nova-lei-garante-carteira-de-motorista-gratuita-para-pessoas-de-baixa-renda","status":"publish","type":"post","link":"https:\/\/noticiasribeiraopreto.com.br\/index.php\/2025\/06\/27\/cnh-de-graca-nova-lei-garante-carteira-de-motorista-gratuita-para-pessoas-de-baixa-renda\/","title":{"rendered":"CNH de gra\u00e7a? Nova lei garante carteira de motorista gratuita para pessoas de baixa renda"},"content":{"rendered":"<div class='code-block code-block-1' style='margin: 8px 0 8px auto; text-align: right; display: block; clear: both;'>\n<p><a href=\"https:\/\/wa.link\/vpicfd\"><img data-recalc-dims=\"1\" class=\"wp-image-4922\" style=\"aspect-ratio: 2.0253164556962027; width: 561px; height: auto;\" src=\"https:\/\/i0.wp.com\/ismaelcolosi.com.br\/wp-content\/uploads\/2023\/11\/grupo-de-empregos-whatsapp-e-facebook-ismael-colosi-vagas.jpg?ssl=1\" alt=\"\" \/><\/a><\/p>\n<!-- \/wp:image -->\n<\/div>\n<p> <br \/>\n<\/p>\n<div data-td-block-uid=\"tdi_95\">\n<div class=\"tdb-block-inner td-fix-index\">\n<p>A<strong> Carteira Nacional de Habilita\u00e7\u00e3o (CNH) <\/strong>poder\u00e1 ser emitida gratuitamente para cidad\u00e3os de baixa renda inscritos no Cad\u00danico. A nova lei, sancionada nesta sexta-feira (27),<strong> altera o C\u00f3digo de Tr\u00e2nsito Brasileiro e autoriza o uso de recursos das multas para custear o processo de habilita\u00e7\u00e3o.<\/strong><\/p>\n<p>Com a mudan\u00e7a, os <strong>\u00f3rg\u00e3os de tr\u00e2nsito poder\u00e3o usar o dinheiro das multas para pagar<\/strong> as etapas da primeira habilita\u00e7\u00e3o de quem n\u00e3o consegue arcar com os custos, al\u00e9m de investir em sinaliza\u00e7\u00e3o, engenharia de tr\u00e1fego, fiscaliza\u00e7\u00e3o e educa\u00e7\u00e3o no tr\u00e2nsito.<\/p>\n<p>A proposta cria oficialmente a \u201cCNH Social\u201d, voltada a motoristas que enfrentam dificuldades financeiras. O objetivo \u00e9 ampliar o acesso ao documento e gerar mais oportunidades no mercado de trabalho.<\/p>\n<h2 class=\"wp-block-heading\"><strong>Quem pode receber o benef\u00edcio?<\/strong><\/h2>\n<p>Quem pretende solicitar a CNH gratuita precisa estar <strong>inscrito no Cadastro \u00danico para Programas Sociais do Governo Federal (Cad\u00danico).<\/strong> A nova lei prev\u00ea que o benef\u00edcio cubra todas as etapas do processo de habilita\u00e7\u00e3o: exames m\u00e9dicos e psicol\u00f3gicos, aulas te\u00f3ricas e pr\u00e1ticas, al\u00e9m das taxas cobradas pelos Detrans.<\/p>\n<p><strong>O governo ainda n\u00e3o publicou os detalhes sobre como funcionar\u00e1 a inscri\u00e7\u00e3o no programa.<\/strong> Tamb\u00e9m falta definir os crit\u00e9rios que v\u00e3o determinar prioridade no atendimento, j\u00e1 que o n\u00famero de vagas pode variar conforme os recursos dispon\u00edveis em cada estado.<\/p>\n<h2 class=\"wp-block-heading\"><strong>Quando as novas regras entram em vigor?<\/strong><\/h2>\n<p>As novas regras come\u00e7am a valer em 45 dias. O governo justificou que esse tempo \u00e9 necess\u00e1rio para que os servi\u00e7os se adaptem \u00e0s mudan\u00e7as.<\/p>\n<hr class=\"wp-block-separator has-alpha-channel-opacity\"\/>\n<p>SAIBA MAIS<\/p>\n<p>Unesp abre concurso p\u00fablico com sal\u00e1rios de at\u00e9 R$ 12,4 mil<\/p>\n<h3 class=\"wp-block-heading\"><strong>FIQUE ON<\/strong><\/h3>\n<p>Fique ligado em tudo que acontece em Ribeir\u00e3o Preto e regi\u00e3o. Siga os perfis do\u00a0<strong>acidade on\u00a0<\/strong>no\u00a0<a href=\"https:\/\/www.instagram.com\/acidadeonribeirao\" target=\"_blank\" rel=\"noreferrer noopener\">Instagram<\/a>\u00a0e no\u00a0<a href=\"https:\/\/www.facebook.com\/acidadeonribeirao\" target=\"_blank\" rel=\"noreferrer noopener\">Facebook<\/a>.<\/p>\n<p>Receba not\u00edcias do acidade on no WhatsApp. Para entrar no grupo, basta\u00a0<a href=\"https:\/\/chat.whatsapp.com\/BjKQZ9oJwlz8VVT50NuePq\" target=\"_blank\" rel=\"noreferrer noopener\">clicar aqui<\/a>.<\/p>\n<p>Fa\u00e7a uma den\u00fancia ou sugira uma reportagem sobre Ribeir\u00e3o Preto e regi\u00e3o pelo WhatsApp: 16 99117 7802.<\/p>\n<p>VEJA TAMB\u00c9M<\/p>\n<p>Orgulho LGBTQIAPN+: conhe\u00e7a a hist\u00f3ria Andr\u00e9a de Mayo<\/p>\n<p><!-- AI CONTENT END 1 -->\n<\/div>\n<\/div>\n<p><script async src=\"\/\/www.instagram.com\/embed.js\"><\/script><br \/>\n<br \/><br \/>\n<br \/><a href=\"https:\/\/www.acidadeon.com\/ribeiraopreto\/economia\/cnh-de-graca-nova-lei-garante-carteira-de-motorista-gratuita-para-pessoas-de-baixa-renda\/\">Source link <\/a><\/p>\n<!-- CONTENT END 1 -->\n","protected":false},"excerpt":{"rendered":"<p>A Carteira Nacional de Habilita\u00e7\u00e3o (CNH) poder\u00e1 ser emitida gratuitamente para cidad\u00e3os de baixa renda inscritos no Cad\u00danico. A nova lei, sancionada nesta sexta-feira (27),&#8230;<\/p>\n","protected":false},"author":1,"featured_media":73246,"comment_status":"open","ping_status":"open","sticky":false,"template":"","format":"standard","meta":{"advanced_seo_description":"","jetpack_seo_html_title":"","jetpack_seo_noindex":false,"jetpack_post_was_ever_published":false,"_jetpack_newsletter_access":"","_jetpack_dont_email_post_to_subs":false,"_jetpack_newsletter_tier_id":0,"_jetpack_memberships_contains_paywalled_content":false,"_jetpack_memberships_contains_paid_content":false,"footnotes":"","jetpack_publicize_message":"","jetpack_publicize_feature_enabled":true,"jetpack_social_post_already_shared":true,"jetpack_social_options":{"image_generator_settings":{"template":"highway","default_image_id":0,"font":"","enabled":false},"version":2}},"categories":[11],"tags":[],"class_list":["post-73245","post","type-post","status-publish","format-standard","has-post-thumbnail","hentry","category-noticias-de-ribeirao-preto-sp-e-regiao-ismael-colosi"],"jetpack_publicize_connections":[],"jetpack_featured_media_url":"https:\/\/i0.wp.com\/noticiasribeiraopreto.com.br\/wp-content\/uploads\/2025\/06\/cnh_2025-01-03_17-22-47_jpeg_2025-01-03_17-22-47.webp.webp?fit=768%2C432&ssl=1","jetpack-related-posts":[{"id":71067,"url":"https:\/\/noticiasribeiraopreto.com.br\/index.php\/2025\/06\/02\/nova-cnh-para-carro-e-moto-tera-exigencia-de-exame-toxicologico\/","url_meta":{"origin":73245,"position":0},"title":"Nova CNH para carro e moto ter\u00e1 exig\u00eancia de exame toxicol\u00f3gico","author":"noticiasribeiraopreto.com.br","date":"2 de June de 2025","format":false,"excerpt":"2 de junho de 2025 12:302 de junho de 2025 09:4010 Compartilhar0 Quem for tirar a primeira habilita\u00e7\u00e3o para motos e carros vai ter de apresentar o exame toxicol\u00f3gico negativo, com an\u00e1lise retrospectiva m\u00ednima de 90 dias. \u00c9 o que prev\u00ea o\u00a0projeto de lei\u00a0aprovado nessa semana pelo Congresso Nacional. O\u2026","rel":"","context":"In &quot;Not\u00edcias de Ribeir\u00e3o Preto-SP e Regi\u00e3o&quot;","block_context":{"text":"Not\u00edcias de Ribeir\u00e3o Preto-SP e Regi\u00e3o","link":"https:\/\/noticiasribeiraopreto.com.br\/index.php\/category\/noticias-de-ribeirao-preto-sp-e-regiao-ismael-colosi\/"},"img":{"alt_text":"","src":"https:\/\/i0.wp.com\/noticiasribeiraopreto.com.br\/wp-content\/uploads\/2025\/06\/cnh.jpg?fit=700%2C450&ssl=1&resize=350%2C200","width":350,"height":200,"srcset":"https:\/\/i0.wp.com\/noticiasribeiraopreto.com.br\/wp-content\/uploads\/2025\/06\/cnh.jpg?fit=700%2C450&ssl=1&resize=350%2C200 1x, https:\/\/i0.wp.com\/noticiasribeiraopreto.com.br\/wp-content\/uploads\/2025\/06\/cnh.jpg?fit=700%2C450&ssl=1&resize=525%2C300 1.5x, https:\/\/i0.wp.com\/noticiasribeiraopreto.com.br\/wp-content\/uploads\/2025\/06\/cnh.jpg?fit=700%2C450&ssl=1&resize=700%2C400 2x"},"classes":[]},{"id":15126,"url":"https:\/\/noticiasribeiraopreto.com.br\/index.php\/2023\/12\/13\/estes-motoristas-correm-risco-de-perder-cnh-por-que-sera\/","url_meta":{"origin":73245,"position":1},"title":"ESTES motoristas CORREM RISCO de PERDER CNH: por que ser\u00e1?","author":"noticiasribeiraopreto.com.br","date":"13 de December de 2023","format":false,"excerpt":"A CNH \u00e9 tamb\u00e9m conhecida como carteira de motorista. Este \u00e9 o documento que atesta a capacidade de um cidad\u00e3o para dirigir ve\u00edculos automotores em todo o territ\u00f3rio nacional. Al\u00e9m de autorizar a condu\u00e7\u00e3o de ve\u00edculos, a habilita\u00e7\u00e3o cont\u00e9m informa\u00e7\u00f5es pessoais do cidad\u00e3o e pode ser usada como identifica\u00e7\u00e3o. Contudo,\u2026","rel":"","context":"In &quot;Vagas de Emprego em Ribeir\u00e3o Preto-SP&quot;","block_context":{"text":"Vagas de Emprego em Ribeir\u00e3o Preto-SP","link":"https:\/\/noticiasribeiraopreto.com.br\/index.php\/category\/empregos-classificados-vagas-trabalho\/vagas-de-empregos-em-ribeirao-preto-regiao-brasil\/"},"img":{"alt_text":"","src":"https:\/\/i0.wp.com\/noticiasribeiraopreto.com.br\/wp-content\/uploads\/2023\/12\/noticiasconcursos.com_.br-h-95.jpg?fit=1200%2C800&ssl=1&resize=350%2C200","width":350,"height":200,"srcset":"https:\/\/i0.wp.com\/noticiasribeiraopreto.com.br\/wp-content\/uploads\/2023\/12\/noticiasconcursos.com_.br-h-95.jpg?fit=1200%2C800&ssl=1&resize=350%2C200 1x, https:\/\/i0.wp.com\/noticiasribeiraopreto.com.br\/wp-content\/uploads\/2023\/12\/noticiasconcursos.com_.br-h-95.jpg?fit=1200%2C800&ssl=1&resize=525%2C300 1.5x, https:\/\/i0.wp.com\/noticiasribeiraopreto.com.br\/wp-content\/uploads\/2023\/12\/noticiasconcursos.com_.br-h-95.jpg?fit=1200%2C800&ssl=1&resize=700%2C400 2x, https:\/\/i0.wp.com\/noticiasribeiraopreto.com.br\/wp-content\/uploads\/2023\/12\/noticiasconcursos.com_.br-h-95.jpg?fit=1200%2C800&ssl=1&resize=1050%2C600 3x"},"classes":[]},{"id":66887,"url":"https:\/\/noticiasribeiraopreto.com.br\/index.php\/2025\/04\/07\/jornal-da-franca-nova-lei-de-transito-pode-suspender-sua-carteira-de-habilitacao-por-ate-2-anos\/","url_meta":{"origin":73245,"position":2},"title":"Jornal da Franca &#8211; Nova lei de tr\u00e2nsito pode suspender sua Carteira de Habilita\u00e7\u00e3o por at\u00e9 2 anos","author":"noticiasribeiraopreto.com.br","date":"7 de April de 2025","format":false,"excerpt":"Ultrapassagens perigosas e dire\u00e7\u00e3o imprudente agora geram multa de R$ 2.934 e a suspens\u00e3o da CNH por um ano A C\u00e2mara dos Deputados\u00a0aprovou recentemente o\u00a0Projeto de Lei 1405\/24, que introduz altera\u00e7\u00f5es significativas no\u00a0C\u00f3digo de Tr\u00e2nsito Brasileiro. A mudan\u00e7a principal envolve a nova classifica\u00e7\u00e3o das ultrapassagens perigosas e da dire\u00e7\u00e3o imprudente\u2026","rel":"","context":"In &quot;Not\u00edcias de Franca-SP&quot;","block_context":{"text":"Not\u00edcias de Franca-SP","link":"https:\/\/noticiasribeiraopreto.com.br\/index.php\/category\/noticias-de-ribeirao-preto-sp-e-regiao-ismael-colosi\/noticias-franca-sp\/"},"img":{"alt_text":"","src":"https:\/\/i0.wp.com\/noticiasribeiraopreto.com.br\/wp-content\/uploads\/2025\/04\/5c269ce4-a944-4544-9c21-06cdd7ec5c92.jpeg?fit=768%2C512&ssl=1&resize=350%2C200","width":350,"height":200,"srcset":"https:\/\/i0.wp.com\/noticiasribeiraopreto.com.br\/wp-content\/uploads\/2025\/04\/5c269ce4-a944-4544-9c21-06cdd7ec5c92.jpeg?fit=768%2C512&ssl=1&resize=350%2C200 1x, https:\/\/i0.wp.com\/noticiasribeiraopreto.com.br\/wp-content\/uploads\/2025\/04\/5c269ce4-a944-4544-9c21-06cdd7ec5c92.jpeg?fit=768%2C512&ssl=1&resize=525%2C300 1.5x, https:\/\/i0.wp.com\/noticiasribeiraopreto.com.br\/wp-content\/uploads\/2025\/04\/5c269ce4-a944-4544-9c21-06cdd7ec5c92.jpeg?fit=768%2C512&ssl=1&resize=700%2C400 2x"},"classes":[]},{"id":47288,"url":"https:\/\/noticiasribeiraopreto.com.br\/index.php\/2024\/04\/25\/motoristas-em-alerta-novas-regras-para-cnh-provisoria-anunciadas-saiba-mais\/","url_meta":{"origin":73245,"position":3},"title":"Motoristas em alerta: Novas regras para CNH provis\u00f3ria anunciadas; Saiba mais","author":"noticiasribeiraopreto.com.br","date":"25 de April de 2024","format":false,"excerpt":"As d\u00favidas mais comuns sobre a carteira de habilita\u00e7\u00e3o (PPD) ser\u00e3o esclarecidas. Esse documento \u00e9 concedido a quem passou no exame para obter uma CNH provis\u00f3ria, comumente conhecida como PPD. A carteira de motorista provis\u00f3ria pode ser cassada por diversos motivos, dificultando o processo. Para quem deseja dirigir um carro,\u2026","rel":"","context":"In &quot;Dinheiro e Investimento&quot;","block_context":{"text":"Dinheiro e Investimento","link":"https:\/\/noticiasribeiraopreto.com.br\/index.php\/category\/dinheiro-e-investimento-como-fazer-como-ganhar\/"},"img":{"alt_text":"","src":"https:\/\/i0.wp.com\/noticiasribeiraopreto.com.br\/wp-content\/uploads\/2024\/04\/13o-Salario-Inss-1.webp.webp?fit=1200%2C630&ssl=1&resize=350%2C200","width":350,"height":200,"srcset":"https:\/\/i0.wp.com\/noticiasribeiraopreto.com.br\/wp-content\/uploads\/2024\/04\/13o-Salario-Inss-1.webp.webp?fit=1200%2C630&ssl=1&resize=350%2C200 1x, https:\/\/i0.wp.com\/noticiasribeiraopreto.com.br\/wp-content\/uploads\/2024\/04\/13o-Salario-Inss-1.webp.webp?fit=1200%2C630&ssl=1&resize=525%2C300 1.5x, https:\/\/i0.wp.com\/noticiasribeiraopreto.com.br\/wp-content\/uploads\/2024\/04\/13o-Salario-Inss-1.webp.webp?fit=1200%2C630&ssl=1&resize=700%2C400 2x, https:\/\/i0.wp.com\/noticiasribeiraopreto.com.br\/wp-content\/uploads\/2024\/04\/13o-Salario-Inss-1.webp.webp?fit=1200%2C630&ssl=1&resize=1050%2C600 3x"},"classes":[]},{"id":70579,"url":"https:\/\/noticiasribeiraopreto.com.br\/index.php\/2025\/05\/28\/jornal-da-franca-esqueceu-a-carteira-de-motorista-veja-como-evitar-multas-e-transtornos-no-transito\/","url_meta":{"origin":73245,"position":4},"title":"Jornal da Franca &#8211; Esqueceu a Carteira de Motorista? Veja como evitar multas e transtornos no tr\u00e2nsito","author":"noticiasribeiraopreto.com.br","date":"28 de May de 2025","format":false,"excerpt":"compartilhar no whatsapp compartilhar no telegram compartilhar no facebook compartilhar no linkedin Documento digital tem validade legal e pode ser a solu\u00e7\u00e3o para motoristas que deixam a Carteira de Habilita\u00e7\u00e3o f\u00edsica em casa Sair de casa sem a\u00a0Carteira Nacional de Habilita\u00e7\u00e3o (CNH)\u00a0\u00e9 um descuido comum entre\u00a0motoristas brasileiros, mas pode gerar\u2026","rel":"","context":"In &quot;Not\u00edcias de Franca-SP&quot;","block_context":{"text":"Not\u00edcias de Franca-SP","link":"https:\/\/noticiasribeiraopreto.com.br\/index.php\/category\/noticias-de-ribeirao-preto-sp-e-regiao-ismael-colosi\/noticias-franca-sp\/"},"img":{"alt_text":"","src":"https:\/\/i0.wp.com\/noticiasribeiraopreto.com.br\/wp-content\/uploads\/2025\/05\/c6076856-8d81-4d99-b181-c3cdccdf8791.jpg?fit=1024%2C664&ssl=1&resize=350%2C200","width":350,"height":200,"srcset":"https:\/\/i0.wp.com\/noticiasribeiraopreto.com.br\/wp-content\/uploads\/2025\/05\/c6076856-8d81-4d99-b181-c3cdccdf8791.jpg?fit=1024%2C664&ssl=1&resize=350%2C200 1x, https:\/\/i0.wp.com\/noticiasribeiraopreto.com.br\/wp-content\/uploads\/2025\/05\/c6076856-8d81-4d99-b181-c3cdccdf8791.jpg?fit=1024%2C664&ssl=1&resize=525%2C300 1.5x, https:\/\/i0.wp.com\/noticiasribeiraopreto.com.br\/wp-content\/uploads\/2025\/05\/c6076856-8d81-4d99-b181-c3cdccdf8791.jpg?fit=1024%2C664&ssl=1&resize=700%2C400 2x"},"classes":[]},{"id":54455,"url":"https:\/\/noticiasribeiraopreto.com.br\/index.php\/2024\/07\/11\/motoristas-em-alerta-novas-regras-para-cnh-provisoria-anunciadas-saiba-mais-2\/","url_meta":{"origin":73245,"position":5},"title":"Motoristas em alerta: Novas regras para CNH provis\u00f3ria anunciadas; Saiba mais","author":"noticiasribeiraopreto.com.br","date":"11 de July de 2024","format":false,"excerpt":"As d\u00favidas mais comuns sobre a carteira de habilita\u00e7\u00e3o (PPD) ser\u00e3o esclarecidas. Esse documento \u00e9 concedido a quem passou no exame para obter uma CNH provis\u00f3ria, comumente conhecida como PPD. A carteira de motorista provis\u00f3ria pode ser cassada por diversos motivos, dificultando o processo. Para quem deseja dirigir um carro,\u2026","rel":"","context":"In &quot;Dinheiro e Investimento&quot;","block_context":{"text":"Dinheiro e Investimento","link":"https:\/\/noticiasribeiraopreto.com.br\/index.php\/category\/dinheiro-e-investimento-como-fazer-como-ganhar\/"},"img":{"alt_text":"","src":"https:\/\/i0.wp.com\/noticiasribeiraopreto.com.br\/wp-content\/uploads\/2024\/04\/13o-Salario-Inss-1.webp.webp?fit=1200%2C630&ssl=1&resize=350%2C200","width":350,"height":200,"srcset":"https:\/\/i0.wp.com\/noticiasribeiraopreto.com.br\/wp-content\/uploads\/2024\/04\/13o-Salario-Inss-1.webp.webp?fit=1200%2C630&ssl=1&resize=350%2C200 1x, https:\/\/i0.wp.com\/noticiasribeiraopreto.com.br\/wp-content\/uploads\/2024\/04\/13o-Salario-Inss-1.webp.webp?fit=1200%2C630&ssl=1&resize=525%2C300 1.5x, https:\/\/i0.wp.com\/noticiasribeiraopreto.com.br\/wp-content\/uploads\/2024\/04\/13o-Salario-Inss-1.webp.webp?fit=1200%2C630&ssl=1&resize=700%2C400 2x, https:\/\/i0.wp.com\/noticiasribeiraopreto.com.br\/wp-content\/uploads\/2024\/04\/13o-Salario-Inss-1.webp.webp?fit=1200%2C630&ssl=1&resize=1050%2C600 3x"},"classes":[]}],"jetpack_sharing_enabled":true,"jetpack_shortlink":"https:\/\/wp.me\/peQAOb-j3n","_links":{"self":[{"href":"https:\/\/noticiasribeiraopreto.com.br\/index.php\/wp-json\/wp\/v2\/posts\/73245","targetHints":{"allow":["GET"]}}],"collection":[{"href":"https:\/\/noticiasribeiraopreto.com.br\/index.php\/wp-json\/wp\/v2\/posts"}],"about":[{"href":"https:\/\/noticiasribeiraopreto.com.br\/index.php\/wp-json\/wp\/v2\/types\/post"}],"author":[{"embeddable":true,"href":"https:\/\/noticiasribeiraopreto.com.br\/index.php\/wp-json\/wp\/v2\/users\/1"}],"replies":[{"embeddable":true,"href":"https:\/\/noticiasribeiraopreto.com.br\/index.php\/wp-json\/wp\/v2\/comments?post=73245"}],"version-history":[{"count":0,"href":"https:\/\/noticiasribeiraopreto.com.br\/index.php\/wp-json\/wp\/v2\/posts\/73245\/revisions"}],"wp:featuredmedia":[{"embeddable":true,"href":"https:\/\/noticiasribeiraopreto.com.br\/index.php\/wp-json\/wp\/v2\/media\/73246"}],"wp:attachment":[{"href":"https:\/\/noticiasribeiraopreto.com.br\/index.php\/wp-json\/wp\/v2\/media?parent=73245"}],"wp:term":[{"taxonomy":"category","embeddable":true,"href":"https:\/\/noticiasribeiraopreto.com.br\/index.php\/wp-json\/wp\/v2\/categories?post=73245"},{"taxonomy":"post_tag","embeddable":true,"href":"https:\/\/noticiasribeiraopreto.com.br\/index.php\/wp-json\/wp\/v2\/tags?post=73245"}],"curies":[{"name":"wp","href":"https:\/\/api.w.org\/{rel}","templated":true}]}}