{"id":73247,"date":"2025-06-27T20:08:43","date_gmt":"2025-06-27T23:08:43","guid":{"rendered":"https:\/\/noticiasribeiraopreto.com.br\/index.php\/2025\/06\/27\/ribeirao-lanca-programa-que-vai-oferecer-16-mil-oportunidades-de-emprego-ate-o-fim-do-ano\/"},"modified":"2025-06-27T20:08:43","modified_gmt":"2025-06-27T23:08:43","slug":"ribeirao-lanca-programa-que-vai-oferecer-16-mil-oportunidades-de-emprego-ate-o-fim-do-ano","status":"publish","type":"post","link":"https:\/\/noticiasribeiraopreto.com.br\/index.php\/2025\/06\/27\/ribeirao-lanca-programa-que-vai-oferecer-16-mil-oportunidades-de-emprego-ate-o-fim-do-ano\/","title":{"rendered":"Ribeir\u00e3o lan\u00e7a programa que vai oferecer 16 mil oportunidades de emprego at\u00e9 o fim do ano"},"content":{"rendered":"<div class='code-block code-block-1' style='margin: 8px 0 8px auto; text-align: right; display: block; clear: both;'>\n<p><a href=\"https:\/\/wa.link\/vpicfd\"><img data-recalc-dims=\"1\" class=\"wp-image-4922\" style=\"aspect-ratio: 2.0253164556962027; width: 561px; height: auto;\" src=\"https:\/\/i0.wp.com\/ismaelcolosi.com.br\/wp-content\/uploads\/2023\/11\/grupo-de-empregos-whatsapp-e-facebook-ismael-colosi-vagas.jpg?ssl=1\" alt=\"\" \/><\/a><\/p>\n<!-- \/wp:image -->\n<\/div>\n<p> <br \/>\n<\/p>\n<div>\n<p>A <strong>Prefeitura de Ribeir\u00e3o Preto<\/strong> lan\u00e7ou nesta sexta-feira (27), o programa \u201c<strong>Emprega Mais Ribeir\u00e3o<\/strong>\u201d, considerada a maior mobiliza\u00e7\u00e3o por empregabilidade do munic\u00edpio.<\/p>\n<p>De acordo com a Administra\u00e7\u00e3o, <strong>entre julho e dezembro deste ano, ser\u00e3o realizados 14 mutir\u00f5es de emprego<\/strong>, com expectativa de <mark style=\"background-color:#fcb900\" class=\"has-inline-color\">ofertar aproximadamente 16 mil vagas em diversos setores<\/mark>.<\/p>\n<p>O <strong>primeiro evento<\/strong> da programa\u00e7\u00e3o acontece no <strong>dia 12 de julho<\/strong>, quando ser\u00e1 realizado o Mega Mutir\u00e3o Emprega Ribeir\u00e3o, na Cava do Bosque, das 9h \u00e0s 14h \u2013 veja a programa\u00e7\u00e3o abaixo.<\/p>\n<p>\u201cEstamos unindo esfor\u00e7os com as entidades para abrir caminhos, gerar renda e fortalecer a economia local\u201d, disse o <strong>prefeito Ricardo Silva (PSD)<\/strong>, durante o lan\u00e7amento do programa.<\/p>\n<p>A a\u00e7\u00e3o \u00e9 uma realiza\u00e7\u00e3o entre a Administra\u00e7\u00e3o Municipal, Sincovarp (Sindicato do Com\u00e9rcio Varejista), CDL RP (C\u00e2mara de Dirigentes Lojistas), Sincomerci\u00e1rios RP (Sindicato dos Empregados no Com\u00e9rcio), IBEE (Instituto Brasileiro do Emprego e Empreendedorismo). Al\u00e9m disso, tem como parceiros dezenas de institui\u00e7\u00f5es p\u00fablicas e privadas.<\/p>\n<h2 class=\"wp-block-heading\"><strong>Desenvolvimento socioecon\u00f4mico<\/strong><\/h2>\n<p>Para a <strong>secret\u00e1ria Suely Vilela<\/strong>, o programa n\u00e3o se trata apenas de intermediar vagas de emprego, mas de uma a\u00e7\u00e3o estruturada com tr\u00eas focos principais:<\/p>\n<ul class=\"wp-block-list\">\n<li>Gera\u00e7\u00e3o de emprego;<\/li>\n<li>Inclus\u00e3o produtiva;<\/li>\n<li>Qualifica\u00e7\u00e3o de m\u00e3o de obra.<\/li>\n<\/ul>\n<p>Segundo a secretaria, \u201cos mutir\u00f5es s\u00e3o uma ferramenta importante de pol\u00edtica p\u00fablica para conectar a demanda do mercado com a for\u00e7a de trabalho dispon\u00edvel na cidade, criando um ciclo virtuoso de crescimento, renda e desenvolvimento social\u201d.<\/p>\n<p>Al\u00e9m das vagas, <strong>durante os eventos ser\u00e3o oferecidos cursos de qualifica\u00e7\u00e3o gratuitos ou de baixo custo<\/strong>. \u201cAl\u00e9m de ampliar o n\u00famero de vagas, teremos a\u00e7\u00f5es de capacita\u00e7\u00e3o para preparar melhor os candidatos e apoiar as empresas na supera\u00e7\u00e3o da falta de m\u00e3o de obra qualificada\u201d, contou Vilela.<\/p>\n<p>Os mutir\u00f5es realizados aos s\u00e1bados tamb\u00e9m <strong>contar\u00e3o com pain\u00e9is gratuitos de orienta\u00e7\u00e3o profissional<\/strong> <strong>e capacita\u00e7\u00e3o<\/strong>, ministrados por especialistas do Sebrae-SP e convidados.<\/p>\n<h3 class=\"wp-block-heading\"><strong>Como participar dos eventos?<\/strong><\/h3>\n<p>As <strong>empresas <\/strong><mark style=\"background-color:#fcb900\" class=\"has-inline-color\">devem cadastrar suas vagas previamente, nos canais indicados na divulga\u00e7\u00e3o de cada evento<\/mark>. Os empregadores que desejarem poder\u00e3o comparecer aos mutir\u00f5es com representantes de RH para realizar entrevistas e, se poss\u00edvel, efetivar contrata\u00e7\u00f5es no local.<\/p>\n<p><strong>Os candidatos, por\u00e9m, devem levar o curr\u00edculo impresso (duas vias)<\/strong>. Quem n\u00e3o tiver o documento pronto poder\u00e1 contar com o apoio das equipes de atendimento. Tamb\u00e9m ser\u00e1 poss\u00edvel autorizar, por escrito, a inclus\u00e3o do curr\u00edculo no Banco de Vagas de Ribeir\u00e3o Preto.<\/p>\n<h2 class=\"wp-block-heading\"><strong>Confira a programa\u00e7\u00e3o de mutir\u00f5es<\/strong><\/h2>\n<ul class=\"wp-block-list\">\n<li><strong>12 de julho<\/strong>: Mega Mutir\u00e3o Emprega Ribeir\u00e3o \u2013 Lideran\u00e7a: Prefeitura de RP (Secretaria de Inova\u00e7\u00e3o e Desenvolvimento Econ\u00f4mico \/ PAT \/ PEI \/ Caterp) (Evento inaugural da programa\u00e7\u00e3o 2025)<\/li>\n<li><strong>24 e 25 de julho<\/strong>: Mini Mutir\u00e3o \u2013 Lideran\u00e7a: IBEE<\/li>\n<li><strong>7 e 8 de agosto<\/strong>: Mini Mutir\u00e3o \u2013 Lideran\u00e7a: IBEE<\/li>\n<li><strong>8 de agosto<\/strong>: Mini Mutir\u00e3o Emprega Ribeir\u00e3o \u2013 Inclusivo para p\u00fablico PCD \u2013 Lideran\u00e7a: Prefeitura de RP<\/li>\n<li><strong>23 de agosto<\/strong>: Mutir\u00e3o Emprega Varejo \u2013 Lideran\u00e7a: Sincovarp, CDL RP e Sincomerci\u00e1rios RP<\/li>\n<li><strong>4 e 5 de setembro<\/strong>: Mini Mutir\u00e3o \u2013 Lideran\u00e7a: IBEE<\/li>\n<li><strong>20 de setembro<\/strong>: Mutir\u00e3o Emprega Varejo \u2013 Lideran\u00e7a: Sincovarp, CDL RP e Sincomerci\u00e1rios RP<\/li>\n<li><strong>9 e 10 de outubro<\/strong>: Mini Mutir\u00e3o \u2013 Lideran\u00e7a: IBEE<\/li>\n<li><strong>4 de outubro<\/strong>: Mega Mutir\u00e3o Emprega Ribeir\u00e3o \u2013 Lideran\u00e7a: Prefeitura de RP<\/li>\n<li><strong>17 de outubro<\/strong>: Mini Mutir\u00e3o Inclusivo PCD \u2013 Lideran\u00e7a: Prefeitura de RP<\/li>\n<li><strong>6 e 7 de novembro<\/strong>: Mini Mutir\u00e3o \u2013 Lideran\u00e7a: IBEE<\/li>\n<li><strong>22 de novembro<\/strong>: Mutir\u00e3o Emprega Varejo \u2013 Lideran\u00e7a: Sincovarp, CDL RP e Sincomerci\u00e1rios RP<\/li>\n<li><strong>11 e 12 de dezembro<\/strong>: Mini Mutir\u00e3o \u2013 Lideran\u00e7a: IBEE<\/li>\n<li><strong>19 de dezembro<\/strong>: Mini Mutir\u00e3o Inclusivo PCD \u2013 Lideran\u00e7a: Prefeitura de RP<\/li>\n<\/ul>\n<hr class=\"wp-block-separator has-alpha-channel-opacity\"\/>\n<p>SAIBA MAIS<\/p>\n<p>Unesp abre concurso p\u00fablico com sal\u00e1rios de at\u00e9 R$ 12,4 mil<\/p>\n<h3 class=\"wp-block-heading\"><strong>FIQUE ON<\/strong><\/h3>\n<p>Fique ligado em tudo que acontece em Ribeir\u00e3o Preto e regi\u00e3o. Siga os perfis do\u00a0<strong>acidade on\u00a0<\/strong>no\u00a0<a href=\"https:\/\/www.instagram.com\/acidadeonribeirao\" target=\"_blank\" rel=\"noreferrer noopener\">Instagram<\/a>\u00a0e no\u00a0<a href=\"https:\/\/www.facebook.com\/acidadeonribeirao\" target=\"_blank\" rel=\"noreferrer noopener\">Facebook<\/a>.<\/p>\n<p>Receba not\u00edcias do acidade on no WhatsApp. Para entrar no grupo, basta\u00a0<a href=\"https:\/\/chat.whatsapp.com\/BjKQZ9oJwlz8VVT50NuePq\" target=\"_blank\" rel=\"noreferrer noopener\">clicar aqui<\/a>.<\/p>\n<p>Fa\u00e7a uma den\u00fancia ou sugira uma reportagem sobre Ribeir\u00e3o Preto e regi\u00e3o pelo WhatsApp: 16 99117 7802.<\/p>\n<p>VEJA TAMB\u00c9M<\/p>\n<p>Orgulho LGBTQIAPN+: conhe\u00e7a a hist\u00f3ria Andr\u00e9a de Mayo<\/p>\n<p><!-- AI CONTENT END 1 -->\n<\/div>\n<p><script async src=\"\/\/www.instagram.com\/embed.js\"><\/script><br \/>\n<br \/><br \/>\n<br \/><a href=\"https:\/\/www.acidadeon.com\/ribeiraopreto\/economia\/ribeirao-lanca-programa-que-vai-oferecer-16-mil-oportunidades-de-emprego-ate-o-fim-do-ano\/\">Source link <\/a><\/p>\n<!-- CONTENT END 1 -->\n","protected":false},"excerpt":{"rendered":"<p>A Prefeitura de Ribeir\u00e3o Preto lan\u00e7ou nesta sexta-feira (27), o programa \u201cEmprega Mais Ribeir\u00e3o\u201d, considerada a maior mobiliza\u00e7\u00e3o por empregabilidade do munic\u00edpio. De acordo com&#8230;<\/p>\n","protected":false},"author":1,"featured_media":73248,"comment_status":"open","ping_status":"open","sticky":false,"template":"","format":"standard","meta":{"advanced_seo_description":"","jetpack_seo_html_title":"","jetpack_seo_noindex":false,"jetpack_post_was_ever_published":false,"_jetpack_newsletter_access":"","_jetpack_dont_email_post_to_subs":false,"_jetpack_newsletter_tier_id":0,"_jetpack_memberships_contains_paywalled_content":false,"_jetpack_memberships_contains_paid_content":false,"footnotes":"","jetpack_publicize_message":"","jetpack_publicize_feature_enabled":true,"jetpack_social_post_already_shared":true,"jetpack_social_options":{"image_generator_settings":{"template":"highway","default_image_id":0,"font":"","enabled":false},"version":2}},"categories":[11],"tags":[],"class_list":["post-73247","post","type-post","status-publish","format-standard","has-post-thumbnail","hentry","category-noticias-de-ribeirao-preto-sp-e-regiao-ismael-colosi"],"jetpack_publicize_connections":[],"jetpack_featured_media_url":"https:\/\/i0.wp.com\/noticiasribeiraopreto.com.br\/wp-content\/uploads\/2025\/06\/coletiva_emprega_mais_ribeirao_-_foto_guilherme_sircili_3_2025-06-27_21-08-20.webp.webp?fit=1200%2C800&ssl=1","jetpack-related-posts":[{"id":73699,"url":"https:\/\/noticiasribeiraopreto.com.br\/index.php\/2025\/07\/08\/primeiro-de-14-mutiroes-oferece-duas-mil-vagas\/","url_meta":{"origin":73247,"position":0},"title":"Primeiro de 14 mutir\u00f5es oferece duas mil vagas","author":"noticiasribeiraopreto.com.br","date":"8 de July de 2025","format":false,"excerpt":"A prefeitura de Ribeir\u00e3o Preto, por meio da Secretaria de Inova\u00e7\u00e3o e Desenvolvimento Econ\u00f4mico, realizar\u00e1 neste s\u00e1bado, 12 de julho, das nove \u00e0s 14 horas, no Gin\u00e1sio Gavino Virdes (Cava do Bosque), o Mega Mutir\u00e3o Emprega Ribeir\u00e3o. A iniciativa marca o in\u00edcio oficial da programa\u00e7\u00e3o 2025 do Programa Emprega Mais\u2026","rel":"","context":"In &quot;Not\u00edcias de Ribeir\u00e3o Preto-SP e Regi\u00e3o&quot;","block_context":{"text":"Not\u00edcias de Ribeir\u00e3o Preto-SP e Regi\u00e3o","link":"https:\/\/noticiasribeiraopreto.com.br\/index.php\/category\/noticias-de-ribeirao-preto-sp-e-regiao-ismael-colosi\/"},"img":{"alt_text":"","src":"https:\/\/i0.wp.com\/noticiasribeiraopreto.com.br\/wp-content\/uploads\/2025\/07\/carteira-trabalho-scaled-1.jpg?fit=970%2C645&ssl=1&resize=350%2C200","width":350,"height":200,"srcset":"https:\/\/i0.wp.com\/noticiasribeiraopreto.com.br\/wp-content\/uploads\/2025\/07\/carteira-trabalho-scaled-1.jpg?fit=970%2C645&ssl=1&resize=350%2C200 1x, https:\/\/i0.wp.com\/noticiasribeiraopreto.com.br\/wp-content\/uploads\/2025\/07\/carteira-trabalho-scaled-1.jpg?fit=970%2C645&ssl=1&resize=525%2C300 1.5x, https:\/\/i0.wp.com\/noticiasribeiraopreto.com.br\/wp-content\/uploads\/2025\/07\/carteira-trabalho-scaled-1.jpg?fit=970%2C645&ssl=1&resize=700%2C400 2x"},"classes":[]},{"id":73913,"url":"https:\/\/noticiasribeiraopreto.com.br\/index.php\/2025\/07\/12\/primeiro-mutirao-tem-25-mil-vagas\/","url_meta":{"origin":73247,"position":1},"title":"Primeiro mutir\u00e3o tem 2,5 mil vagas","author":"noticiasribeiraopreto.com.br","date":"12 de July de 2025","format":false,"excerpt":"12 de julho de 2025 08:3011 de julho de 2025 21:509 Compartilhar0 A prefeitura de Ribeir\u00e3o Preto, por meio da Secretaria de Inova\u00e7\u00e3o e Desenvolvimento Econ\u00f4mico, realizar\u00e1 neste s\u00e1bado, 12 de julho, das nove \u00e0s 14 horas, no Gin\u00e1sio Gavino Virdes (Cava do Bosque), o Mega Mutir\u00e3o Emprega Ribeir\u00e3o. A\u2026","rel":"","context":"In &quot;Not\u00edcias de Ribeir\u00e3o Preto-SP e Regi\u00e3o&quot;","block_context":{"text":"Not\u00edcias de Ribeir\u00e3o Preto-SP e Regi\u00e3o","link":"https:\/\/noticiasribeiraopreto.com.br\/index.php\/category\/noticias-de-ribeirao-preto-sp-e-regiao-ismael-colosi\/"},"img":{"alt_text":"","src":"https:\/\/i0.wp.com\/noticiasribeiraopreto.com.br\/wp-content\/uploads\/2025\/07\/CagedRP-Guilherme-Sircili-scaled.jpg?fit=752%2C500&ssl=1&resize=350%2C200","width":350,"height":200,"srcset":"https:\/\/i0.wp.com\/noticiasribeiraopreto.com.br\/wp-content\/uploads\/2025\/07\/CagedRP-Guilherme-Sircili-scaled.jpg?fit=752%2C500&ssl=1&resize=350%2C200 1x, https:\/\/i0.wp.com\/noticiasribeiraopreto.com.br\/wp-content\/uploads\/2025\/07\/CagedRP-Guilherme-Sircili-scaled.jpg?fit=752%2C500&ssl=1&resize=525%2C300 1.5x, https:\/\/i0.wp.com\/noticiasribeiraopreto.com.br\/wp-content\/uploads\/2025\/07\/CagedRP-Guilherme-Sircili-scaled.jpg?fit=752%2C500&ssl=1&resize=700%2C400 2x"},"classes":[]},{"id":73261,"url":"https:\/\/noticiasribeiraopreto.com.br\/index.php\/2025\/06\/28\/rp-tera-14-mutiroes-de-emprego\/","url_meta":{"origin":73247,"position":2},"title":"RP ter\u00e1 14 mutir\u00f5es de emprego","author":"noticiasribeiraopreto.com.br","date":"28 de June de 2025","format":false,"excerpt":"Nesta sexta-feira, 27 de junho, foi anunciado, no Centro Administrativo Prefeito Jos\u00e9 de Magalh\u00e3es, o Programa Emprega Mais Ribeir\u00e3o, a maior mobiliza\u00e7\u00e3o por empregabilidade da hist\u00f3ria da cidade. \u00a0Entre julho e dezembro, ser\u00e3o realizados 14 mutir\u00f5es de emprego com a expectativa de ofertar aproximadamente 16 mil vagas em diversos setores\u2026","rel":"","context":"In &quot;Not\u00edcias de Ribeir\u00e3o Preto-SP e Regi\u00e3o&quot;","block_context":{"text":"Not\u00edcias de Ribeir\u00e3o Preto-SP e Regi\u00e3o","link":"https:\/\/noticiasribeiraopreto.com.br\/index.php\/category\/noticias-de-ribeirao-preto-sp-e-regiao-ismael-colosi\/"},"img":{"alt_text":"","src":"https:\/\/i0.wp.com\/noticiasribeiraopreto.com.br\/wp-content\/uploads\/2025\/06\/EmpregoRP-Alfredo-Risk.jpg?fit=1200%2C643&ssl=1&resize=350%2C200","width":350,"height":200,"srcset":"https:\/\/i0.wp.com\/noticiasribeiraopreto.com.br\/wp-content\/uploads\/2025\/06\/EmpregoRP-Alfredo-Risk.jpg?fit=1200%2C643&ssl=1&resize=350%2C200 1x, https:\/\/i0.wp.com\/noticiasribeiraopreto.com.br\/wp-content\/uploads\/2025\/06\/EmpregoRP-Alfredo-Risk.jpg?fit=1200%2C643&ssl=1&resize=525%2C300 1.5x, https:\/\/i0.wp.com\/noticiasribeiraopreto.com.br\/wp-content\/uploads\/2025\/06\/EmpregoRP-Alfredo-Risk.jpg?fit=1200%2C643&ssl=1&resize=700%2C400 2x, https:\/\/i0.wp.com\/noticiasribeiraopreto.com.br\/wp-content\/uploads\/2025\/06\/EmpregoRP-Alfredo-Risk.jpg?fit=1200%2C643&ssl=1&resize=1050%2C600 3x"},"classes":[]},{"id":73693,"url":"https:\/\/noticiasribeiraopreto.com.br\/index.php\/2025\/07\/07\/ribeirao-preto-tera-mutirao-com-2-mil-vagas-de-emprego-veja-data-e-local\/","url_meta":{"origin":73247,"position":3},"title":"Ribeir\u00e3o Preto ter\u00e1 mutir\u00e3o com 2 mil vagas de emprego; veja data e local","author":"noticiasribeiraopreto.com.br","date":"7 de July de 2025","format":false,"excerpt":"Neste s\u00e1bado (12), Ribeir\u00e3o Preto recebe o Mega Mutir\u00e3o Emprega Ribeir\u00e3o, no Gin\u00e1sio Gavino Virdes, conhecido como Cava do Bosque. A a\u00e7\u00e3o, que marca o in\u00edcio da programa\u00e7\u00e3o de 2025 do programa Emprega Mais Ribeir\u00e3o, acontece das 9h \u00e0s 14h. Com a participa\u00e7\u00e3o de 35 empresas da regi\u00e3o, o evento\u2026","rel":"","context":"In &quot;Not\u00edcias de Ribeir\u00e3o Preto-SP e Regi\u00e3o&quot;","block_context":{"text":"Not\u00edcias de Ribeir\u00e3o Preto-SP e Regi\u00e3o","link":"https:\/\/noticiasribeiraopreto.com.br\/index.php\/category\/noticias-de-ribeirao-preto-sp-e-regiao-ismael-colosi\/"},"img":{"alt_text":"","src":"https:\/\/i0.wp.com\/noticiasribeiraopreto.com.br\/wp-content\/uploads\/2025\/07\/carteira_de_1024x576_27092020203402_2025-07-07_21-38-43.webp.webp?fit=1024%2C576&ssl=1&resize=350%2C200","width":350,"height":200,"srcset":"https:\/\/i0.wp.com\/noticiasribeiraopreto.com.br\/wp-content\/uploads\/2025\/07\/carteira_de_1024x576_27092020203402_2025-07-07_21-38-43.webp.webp?fit=1024%2C576&ssl=1&resize=350%2C200 1x, https:\/\/i0.wp.com\/noticiasribeiraopreto.com.br\/wp-content\/uploads\/2025\/07\/carteira_de_1024x576_27092020203402_2025-07-07_21-38-43.webp.webp?fit=1024%2C576&ssl=1&resize=525%2C300 1.5x, https:\/\/i0.wp.com\/noticiasribeiraopreto.com.br\/wp-content\/uploads\/2025\/07\/carteira_de_1024x576_27092020203402_2025-07-07_21-38-43.webp.webp?fit=1024%2C576&ssl=1&resize=700%2C400 2x"},"classes":[]},{"id":85368,"url":"https:\/\/noticiasribeiraopreto.com.br\/index.php\/2026\/05\/01\/ribeirao-preto-sedia-festa-do-trabalhador\/","url_meta":{"origin":73247,"position":4},"title":"Ribeir\u00e3o Preto sedia \u2028Festa do Trabalhador","author":"noticiasribeiraopreto.com.br","date":"1 de May de 2026","format":false,"excerpt":"Evento ser\u00e1 nesta sexta-feira (1\u00ba) no Parque Maur\u00edlio Biagi e contar\u00e1 com shows, sorteios e mutir\u00e3o de empregos A prefeitura de Ribeir\u00e3o Preto e a Uni\u00e3o Sindical, que re\u00fane entidades de diversos setores, realizam nesta sexta-feira, feriado do Primeiro de Maio, a 15\u00aa Festa do Trabalhador, em celebra\u00e7\u00e3o do Dia\u2026","rel":"","context":"In &quot;Not\u00edcias de Ribeir\u00e3o Preto-SP e Regi\u00e3o&quot;","block_context":{"text":"Not\u00edcias de Ribeir\u00e3o Preto-SP e Regi\u00e3o","link":"https:\/\/noticiasribeiraopreto.com.br\/index.php\/category\/noticias-de-ribeirao-preto-sp-e-regiao-ismael-colosi\/"},"img":{"alt_text":"","src":"https:\/\/i0.wp.com\/noticiasribeiraopreto.com.br\/wp-content\/uploads\/2026\/05\/TrabalhoRP-Detalhe-Divulgacao.jpg?fit=1200%2C1200&ssl=1&resize=350%2C200","width":350,"height":200,"srcset":"https:\/\/i0.wp.com\/noticiasribeiraopreto.com.br\/wp-content\/uploads\/2026\/05\/TrabalhoRP-Detalhe-Divulgacao.jpg?fit=1200%2C1200&ssl=1&resize=350%2C200 1x, https:\/\/i0.wp.com\/noticiasribeiraopreto.com.br\/wp-content\/uploads\/2026\/05\/TrabalhoRP-Detalhe-Divulgacao.jpg?fit=1200%2C1200&ssl=1&resize=525%2C300 1.5x, https:\/\/i0.wp.com\/noticiasribeiraopreto.com.br\/wp-content\/uploads\/2026\/05\/TrabalhoRP-Detalhe-Divulgacao.jpg?fit=1200%2C1200&ssl=1&resize=700%2C400 2x, https:\/\/i0.wp.com\/noticiasribeiraopreto.com.br\/wp-content\/uploads\/2026\/05\/TrabalhoRP-Detalhe-Divulgacao.jpg?fit=1200%2C1200&ssl=1&resize=1050%2C600 3x"},"classes":[]},{"id":73901,"url":"https:\/\/noticiasribeiraopreto.com.br\/index.php\/2025\/07\/11\/mutirao-de-empregos-reune-30-empresas-e-oferece-2-mil-vagas-em-ribeirao-preto\/","url_meta":{"origin":73247,"position":5},"title":"Mutir\u00e3o de empregos re\u00fane 30 empresas e oferece 2 mil vagas em Ribeir\u00e3o Preto","author":"noticiasribeiraopreto.com.br","date":"11 de July de 2025","format":false,"excerpt":"O Gin\u00e1sio Gavino Virdes, conhecido como Cava do Bosque, em Ribeir\u00e3o Preto, recebe neste s\u00e1bado (12) o Mega Mutir\u00e3o Emprega Ribeir\u00e3o, das 9h \u00e0s 14h. A a\u00e7\u00e3o abre a programa\u00e7\u00e3o de 2025 do programa Emprega Mais Ribeir\u00e3o. Ao todo, 35 empresas da regi\u00e3o oferecem cerca de 2 mil vagas de\u2026","rel":"","context":"In &quot;Not\u00edcias de Ribeir\u00e3o Preto-SP e Regi\u00e3o&quot;","block_context":{"text":"Not\u00edcias de Ribeir\u00e3o Preto-SP e Regi\u00e3o","link":"https:\/\/noticiasribeiraopreto.com.br\/index.php\/category\/noticias-de-ribeirao-preto-sp-e-regiao-ismael-colosi\/"},"img":{"alt_text":"","src":"https:\/\/i0.wp.com\/noticiasribeiraopreto.com.br\/wp-content\/uploads\/2025\/07\/Copia-de-Copia-de-TAMANHO-EXATO-PARA-FOTOS-NO-SISTEMA-NOVO-76.jpg?fit=1200%2C675&ssl=1&resize=350%2C200","width":350,"height":200,"srcset":"https:\/\/i0.wp.com\/noticiasribeiraopreto.com.br\/wp-content\/uploads\/2025\/07\/Copia-de-Copia-de-TAMANHO-EXATO-PARA-FOTOS-NO-SISTEMA-NOVO-76.jpg?fit=1200%2C675&ssl=1&resize=350%2C200 1x, https:\/\/i0.wp.com\/noticiasribeiraopreto.com.br\/wp-content\/uploads\/2025\/07\/Copia-de-Copia-de-TAMANHO-EXATO-PARA-FOTOS-NO-SISTEMA-NOVO-76.jpg?fit=1200%2C675&ssl=1&resize=525%2C300 1.5x, https:\/\/i0.wp.com\/noticiasribeiraopreto.com.br\/wp-content\/uploads\/2025\/07\/Copia-de-Copia-de-TAMANHO-EXATO-PARA-FOTOS-NO-SISTEMA-NOVO-76.jpg?fit=1200%2C675&ssl=1&resize=700%2C400 2x, https:\/\/i0.wp.com\/noticiasribeiraopreto.com.br\/wp-content\/uploads\/2025\/07\/Copia-de-Copia-de-TAMANHO-EXATO-PARA-FOTOS-NO-SISTEMA-NOVO-76.jpg?fit=1200%2C675&ssl=1&resize=1050%2C600 3x"},"classes":[]}],"jetpack_sharing_enabled":true,"jetpack_shortlink":"https:\/\/wp.me\/peQAOb-j3p","_links":{"self":[{"href":"https:\/\/noticiasribeiraopreto.com.br\/index.php\/wp-json\/wp\/v2\/posts\/73247","targetHints":{"allow":["GET"]}}],"collection":[{"href":"https:\/\/noticiasribeiraopreto.com.br\/index.php\/wp-json\/wp\/v2\/posts"}],"about":[{"href":"https:\/\/noticiasribeiraopreto.com.br\/index.php\/wp-json\/wp\/v2\/types\/post"}],"author":[{"embeddable":true,"href":"https:\/\/noticiasribeiraopreto.com.br\/index.php\/wp-json\/wp\/v2\/users\/1"}],"replies":[{"embeddable":true,"href":"https:\/\/noticiasribeiraopreto.com.br\/index.php\/wp-json\/wp\/v2\/comments?post=73247"}],"version-history":[{"count":0,"href":"https:\/\/noticiasribeiraopreto.com.br\/index.php\/wp-json\/wp\/v2\/posts\/73247\/revisions"}],"wp:featuredmedia":[{"embeddable":true,"href":"https:\/\/noticiasribeiraopreto.com.br\/index.php\/wp-json\/wp\/v2\/media\/73248"}],"wp:attachment":[{"href":"https:\/\/noticiasribeiraopreto.com.br\/index.php\/wp-json\/wp\/v2\/media?parent=73247"}],"wp:term":[{"taxonomy":"category","embeddable":true,"href":"https:\/\/noticiasribeiraopreto.com.br\/index.php\/wp-json\/wp\/v2\/categories?post=73247"},{"taxonomy":"post_tag","embeddable":true,"href":"https:\/\/noticiasribeiraopreto.com.br\/index.php\/wp-json\/wp\/v2\/tags?post=73247"}],"curies":[{"name":"wp","href":"https:\/\/api.w.org\/{rel}","templated":true}]}}