{"id":73249,"date":"2025-06-27T20:17:46","date_gmt":"2025-06-27T23:17:46","guid":{"rendered":"https:\/\/noticiasribeiraopreto.com.br\/index.php\/2025\/06\/27\/ingressos-para-o-classico-come-fogo-ja-estao-a-venda-veja-os-precos\/"},"modified":"2025-06-27T20:17:46","modified_gmt":"2025-06-27T23:17:46","slug":"ingressos-para-o-classico-come-fogo-ja-estao-a-venda-veja-os-precos","status":"publish","type":"post","link":"https:\/\/noticiasribeiraopreto.com.br\/index.php\/2025\/06\/27\/ingressos-para-o-classico-come-fogo-ja-estao-a-venda-veja-os-precos\/","title":{"rendered":"Ingressos para o cl\u00e1ssico Come-Fogo j\u00e1 est\u00e3o \u00e0 venda; veja os pre\u00e7os"},"content":{"rendered":"<div class='code-block code-block-1' style='margin: 8px 0 8px auto; text-align: right; display: block; clear: both;'>\n<p><a href=\"https:\/\/wa.link\/vpicfd\"><img data-recalc-dims=\"1\" class=\"wp-image-4922\" style=\"aspect-ratio: 2.0253164556962027; width: 561px; height: auto;\" src=\"https:\/\/i0.wp.com\/ismaelcolosi.com.br\/wp-content\/uploads\/2023\/11\/grupo-de-empregos-whatsapp-e-facebook-ismael-colosi-vagas.jpg?ssl=1\" alt=\"\" \/><\/a><\/p>\n<!-- \/wp:image -->\n<\/div>\n<p> <br \/>\n<\/p>\n<div>\n<p>O <strong>Comercial come\u00e7ou a vender os ingressos para o cl\u00e1ssico Come-Fogo<\/strong>, que acontece na pr\u00f3xima quarta-feira (2), \u00e0s 19h, no Est\u00e1dio Palma Travassos, em Ribeir\u00e3o Preto. <strong>A partida ser\u00e1 realizada com torcida \u00fanica<\/strong>, apenas para os torcedores do Le\u00e3o.<\/p>\n<p>Os bilhetes est\u00e3o dispon\u00edveis em dois pontos: na loja \u201cGarra do Le\u00e3o\u201d, anexa ao est\u00e1dio, e pela internet \u2013 <a href=\"http:\/\/www.totalticket.com.br\/evento\/24434\">clique aqui.<\/a><\/p>\n<p>A loja f\u00edsica funciona de segunda a sexta-feira, das 10h \u00e0s 18h, e aos s\u00e1bados, das 9h \u00e0s 13h. <\/p>\n<h3 class=\"wp-block-heading\"><strong>Valores dos ingressos<\/strong><\/h3>\n<p>Os ingressos para a <strong>arquibancada <\/strong>custam <strong>R$ 40.<\/strong> Para quem optar pela <strong>cadeira cativa<\/strong>, o valor \u00e9 de <strong>R$ 60.<\/strong> Em ambos os setores, h\u00e1 op\u00e7\u00e3o de meia-entrada:<strong> R$ 20 para arquibancada e R$ 30 para cadeira cativa<\/strong>.<\/p>\n<p>O clube tamb\u00e9m disponibilizou o \u201cPassaporte do Le\u00e3o\u201d, <strong>que garante acesso a todos os jogos do Comercial em casa durante a primeira fase da Copa Paulista<\/strong>. O valor \u00e9 de <strong>R$ 100<\/strong> para arquibancada e <strong>R$ 200 <\/strong>para cadeira cativa.<\/p>\n<h3 class=\"wp-block-heading\"><strong>Quem tem direito \u00e0 meia-entrada?<\/strong><\/h3>\n<p>A meia-entrada est\u00e1 dispon\u00edvel para:<\/p>\n<ul class=\"wp-block-list\">\n<li>Estudantes<\/li>\n<li>Professores da rede p\u00fablica<\/li>\n<li>Idosos com 60 anos ou mais<\/li>\n<li>Aposentados<\/li>\n<li>Pessoas com defici\u00eancia e acompanhantes<\/li>\n<li>Doadores de sangue<\/li>\n<\/ul>\n<p><strong>Vale ressaltar que a venda de ingressos com meia-entrada ocorre somente na loja f\u00edsica do clube.<\/strong><\/p>\n<hr class=\"wp-block-separator has-alpha-channel-opacity\"\/>\n<p>SAIBA MAIS<\/p>\n<p>Duarte Nogueira oficializa filia\u00e7\u00e3o ao PSD ap\u00f3s 26 anos no PSDB <mark style=\"background-color:#ffffff\" class=\"has-inline-color has-white-color\">contudo,<\/mark><\/p>\n<h2 class=\"wp-block-heading\"><strong>FIQUE ON<\/strong><\/h2>\n<p>Quer ficar por dentro de tudo que acontece em Ribeir\u00e3o Preto e regi\u00e3o? Ent\u00e3o siga os perfis do\u202facidade on\u202fno\u202f<a href=\"https:\/\/www.instagram.com\/acidadeonribeirao\" target=\"_blank\" rel=\"noreferrer noopener\">Instagram<\/a>\u202fe no\u202f<a href=\"https:\/\/www.facebook.com\/acidadeonribeirao\/\" target=\"_blank\" rel=\"noreferrer noopener\">Facebook<\/a>.<\/p>\n<p>Al\u00e9m disso, voc\u00ea pode receber as principais not\u00edcias diretamente no WhatsApp. Para isso, basta\u00a0<a href=\"https:\/\/chat.whatsapp.com\/BjKQZ9oJwlz8VVT50NuePq\" target=\"_blank\" rel=\"noreferrer noopener\">entrar no grupo clicando aqui<\/a>.<\/p>\n<p>Por fim, se quiser fazer uma den\u00fancia ou sugerir uma reportagem sobre Ribeir\u00e3o Preto e regi\u00e3o, envie uma mensagem pelo WhatsApp: (16) 99117-7802.<\/p>\n<p>VEJA TAMB\u00c9M<\/p>\n<p>Jo\u00e3o-de-barro, o engenheiro de ecossistemas <mark style=\"background-color:#ffffff\" class=\"has-inline-color has-white-color\">contudo,<\/mark><\/p>\n<p><!-- AI CONTENT END 1 -->\n<\/div>\n<p><script async src=\"\/\/www.instagram.com\/embed.js\"><\/script><br \/>\n<br \/><br \/>\n<br \/><a href=\"https:\/\/www.acidadeon.com\/ribeiraopreto\/esportes\/ingressos-para-o-classico-come-fogo-ja-estao-a-venda-veja-os-precos\/\">Source link <\/a><\/p>\n<!-- CONTENT END 1 -->\n","protected":false},"excerpt":{"rendered":"<p>O Comercial come\u00e7ou a vender os ingressos para o cl\u00e1ssico Come-Fogo, que acontece na pr\u00f3xima quarta-feira (2), \u00e0s 19h, no Est\u00e1dio Palma Travassos, em Ribeir\u00e3o&#8230;<\/p>\n","protected":false},"author":1,"featured_media":73250,"comment_status":"open","ping_status":"open","sticky":false,"template":"","format":"standard","meta":{"advanced_seo_description":"","jetpack_seo_html_title":"","jetpack_seo_noindex":false,"jetpack_post_was_ever_published":false,"_jetpack_newsletter_access":"","_jetpack_dont_email_post_to_subs":false,"_jetpack_newsletter_tier_id":0,"_jetpack_memberships_contains_paywalled_content":false,"_jetpack_memberships_contains_paid_content":false,"footnotes":"","jetpack_publicize_message":"","jetpack_publicize_feature_enabled":true,"jetpack_social_post_already_shared":true,"jetpack_social_options":{"image_generator_settings":{"template":"highway","default_image_id":0,"font":"","enabled":false},"version":2}},"categories":[11],"tags":[],"class_list":["post-73249","post","type-post","status-publish","format-standard","has-post-thumbnail","hentry","category-noticias-de-ribeirao-preto-sp-e-regiao-ismael-colosi"],"jetpack_publicize_connections":[],"jetpack_featured_media_url":"https:\/\/i0.wp.com\/noticiasribeiraopreto.com.br\/wp-content\/uploads\/2025\/06\/Copia-de-Copia-de-Copia-de-TAMANHO-EXATO-PARA-FOTOS-NO-SISTEMA-NOVO-2024-12-23T124251.755_2024-12-23_15-42-58_png_2024-12-23_15-42-58.webp.webp?fit=1200%2C675&ssl=1","jetpack-related-posts":[{"id":56214,"url":"https:\/\/noticiasribeiraopreto.com.br\/index.php\/2024\/08\/11\/ingressos-para-o-classico-come-fogo-em-ribeirao-preto-ainda-estao-disponiveis\/","url_meta":{"origin":73249,"position":0},"title":"Ingressos para o cl\u00e1ssico Come-Fogo em Ribeir\u00e3o Preto ainda est\u00e3o dispon\u00edveis","author":"noticiasribeiraopreto.com.br","date":"11 de August de 2024","format":false,"excerpt":"Os torcedores do Comercial ainda podem adquirir os ingressos para o cl\u00e1ssico Come-Fogo, que acontece nesta segunda-feira (12). O jogo pela 9\u00aa rodada da Copa Paulista est\u00e1 marcado para \u00e0s 20h, no est\u00e1dio Palma Travassos, na zona Leste de Ribeir\u00e3o Preto. Por determina\u00e7\u00e3o da Federa\u00e7\u00e3o Paulista de Futebol (FPF), ap\u00f3s\u2026","rel":"","context":"In &quot;Not\u00edcias de Ribeir\u00e3o Preto-SP e Regi\u00e3o&quot;","block_context":{"text":"Not\u00edcias de Ribeir\u00e3o Preto-SP e Regi\u00e3o","link":"https:\/\/noticiasribeiraopreto.com.br\/index.php\/category\/noticias-de-ribeirao-preto-sp-e-regiao-ismael-colosi\/"},"img":{"alt_text":"","src":"https:\/\/i0.wp.com\/noticiasribeiraopreto.com.br\/wp-content\/uploads\/2024\/08\/comefogo_2024-07-09_23-49-06_jpeg_2024-07-09_23-49-06.webp.webp?fit=1200%2C915&ssl=1&resize=350%2C200","width":350,"height":200,"srcset":"https:\/\/i0.wp.com\/noticiasribeiraopreto.com.br\/wp-content\/uploads\/2024\/08\/comefogo_2024-07-09_23-49-06_jpeg_2024-07-09_23-49-06.webp.webp?fit=1200%2C915&ssl=1&resize=350%2C200 1x, https:\/\/i0.wp.com\/noticiasribeiraopreto.com.br\/wp-content\/uploads\/2024\/08\/comefogo_2024-07-09_23-49-06_jpeg_2024-07-09_23-49-06.webp.webp?fit=1200%2C915&ssl=1&resize=525%2C300 1.5x, https:\/\/i0.wp.com\/noticiasribeiraopreto.com.br\/wp-content\/uploads\/2024\/08\/comefogo_2024-07-09_23-49-06_jpeg_2024-07-09_23-49-06.webp.webp?fit=1200%2C915&ssl=1&resize=700%2C400 2x, https:\/\/i0.wp.com\/noticiasribeiraopreto.com.br\/wp-content\/uploads\/2024\/08\/comefogo_2024-07-09_23-49-06_jpeg_2024-07-09_23-49-06.webp.webp?fit=1200%2C915&ssl=1&resize=1050%2C600 3x"},"classes":[]},{"id":54315,"url":"https:\/\/noticiasribeiraopreto.com.br\/index.php\/2024\/07\/08\/saiba-como-comprar-ingressos-para-o-classico-come-fogo-em-ribeirao-preto\/","url_meta":{"origin":73249,"position":1},"title":"Saiba como comprar ingressos para o cl\u00e1ssico Come-Fogo em Ribeir\u00e3o Preto","author":"noticiasribeiraopreto.com.br","date":"8 de July de 2024","format":false,"excerpt":"Os torcedores do Botafogo podem adquirir os ingressos para o cl\u00e1ssico Come-Fogo, que acontece nesta ter\u00e7a-feira (9), na bilheteria do est\u00e1dio Santa Cruz\/Arena Nicnet, na zona Leste de Ribeir\u00e3o Preto ou de forma on-line (clique aqui). O jogo pela quarta rodada da Copa Paulista est\u00e1 marcado para \u00e0s 19h, no\u2026","rel":"","context":"In &quot;Not\u00edcias de Ribeir\u00e3o Preto-SP e Regi\u00e3o&quot;","block_context":{"text":"Not\u00edcias de Ribeir\u00e3o Preto-SP e Regi\u00e3o","link":"https:\/\/noticiasribeiraopreto.com.br\/index.php\/category\/noticias-de-ribeirao-preto-sp-e-regiao-ismael-colosi\/"},"img":{"alt_text":"","src":"https:\/\/i0.wp.com\/noticiasribeiraopreto.com.br\/wp-content\/uploads\/2024\/07\/come-fogo_2024-07-08_15-21-10.webp.webp?fit=979%2C648&ssl=1&resize=350%2C200","width":350,"height":200,"srcset":"https:\/\/i0.wp.com\/noticiasribeiraopreto.com.br\/wp-content\/uploads\/2024\/07\/come-fogo_2024-07-08_15-21-10.webp.webp?fit=979%2C648&ssl=1&resize=350%2C200 1x, https:\/\/i0.wp.com\/noticiasribeiraopreto.com.br\/wp-content\/uploads\/2024\/07\/come-fogo_2024-07-08_15-21-10.webp.webp?fit=979%2C648&ssl=1&resize=525%2C300 1.5x, https:\/\/i0.wp.com\/noticiasribeiraopreto.com.br\/wp-content\/uploads\/2024\/07\/come-fogo_2024-07-08_15-21-10.webp.webp?fit=979%2C648&ssl=1&resize=700%2C400 2x"},"classes":[]},{"id":61815,"url":"https:\/\/noticiasribeiraopreto.com.br\/index.php\/2024\/12\/23\/comercial-lanca-pacote-de-ingressos-para-a-serie-a3-2025\/","url_meta":{"origin":73249,"position":2},"title":"Comercial lan\u00e7a pacote de ingressos para a S\u00e9rie A3 2025","author":"noticiasribeiraopreto.com.br","date":"23 de December de 2024","format":false,"excerpt":"A partir desta segunda-feira (23), o Comercial inicia a venda do \u201cPassaporte Alvinegro\u201d para os oito jogos do time em casa no Campeonato Paulista da S\u00e9rie A3 de 2025. Os torcedores podem adquirir dois tipos de pacotes: Passaporte Alvinegro ArquibancadaQue custa R$ 160 para acesso ao setor de arquibancada Passaporte\u2026","rel":"","context":"In &quot;Not\u00edcias de Ribeir\u00e3o Preto-SP e Regi\u00e3o&quot;","block_context":{"text":"Not\u00edcias de Ribeir\u00e3o Preto-SP e Regi\u00e3o","link":"https:\/\/noticiasribeiraopreto.com.br\/index.php\/category\/noticias-de-ribeirao-preto-sp-e-regiao-ismael-colosi\/"},"img":{"alt_text":"","src":"https:\/\/i0.wp.com\/noticiasribeiraopreto.com.br\/wp-content\/uploads\/2024\/12\/Copia-de-Copia-de-Copia-de-TAMANHO-EXATO-PARA-FOTOS-NO-SISTEMA-NOVO-2024-12-23T124251.755_2024-12-23_15-42-58_png_2024-12-23_15-42-58.webp.webp?fit=1200%2C675&ssl=1&resize=350%2C200","width":350,"height":200,"srcset":"https:\/\/i0.wp.com\/noticiasribeiraopreto.com.br\/wp-content\/uploads\/2024\/12\/Copia-de-Copia-de-Copia-de-TAMANHO-EXATO-PARA-FOTOS-NO-SISTEMA-NOVO-2024-12-23T124251.755_2024-12-23_15-42-58_png_2024-12-23_15-42-58.webp.webp?fit=1200%2C675&ssl=1&resize=350%2C200 1x, https:\/\/i0.wp.com\/noticiasribeiraopreto.com.br\/wp-content\/uploads\/2024\/12\/Copia-de-Copia-de-Copia-de-TAMANHO-EXATO-PARA-FOTOS-NO-SISTEMA-NOVO-2024-12-23T124251.755_2024-12-23_15-42-58_png_2024-12-23_15-42-58.webp.webp?fit=1200%2C675&ssl=1&resize=525%2C300 1.5x, https:\/\/i0.wp.com\/noticiasribeiraopreto.com.br\/wp-content\/uploads\/2024\/12\/Copia-de-Copia-de-Copia-de-TAMANHO-EXATO-PARA-FOTOS-NO-SISTEMA-NOVO-2024-12-23T124251.755_2024-12-23_15-42-58_png_2024-12-23_15-42-58.webp.webp?fit=1200%2C675&ssl=1&resize=700%2C400 2x, https:\/\/i0.wp.com\/noticiasribeiraopreto.com.br\/wp-content\/uploads\/2024\/12\/Copia-de-Copia-de-Copia-de-TAMANHO-EXATO-PARA-FOTOS-NO-SISTEMA-NOVO-2024-12-23T124251.755_2024-12-23_15-42-58_png_2024-12-23_15-42-58.webp.webp?fit=1200%2C675&ssl=1&resize=1050%2C600 3x"},"classes":[]},{"id":73269,"url":"https:\/\/noticiasribeiraopreto.com.br\/index.php\/2025\/06\/28\/come-fogo-tera-torcida-unica-mais-uma-vez\/","url_meta":{"origin":73249,"position":3},"title":"Come-Fogo ter\u00e1 torcida \u00fanica mais uma vez","author":"noticiasribeiraopreto.com.br","date":"28 de June de 2025","format":false,"excerpt":"28 de junho de 2025 12:441 Compartilhar0 O Comercial iniciou a venda de ingressos para o cl\u00e1ssico com o Botafogo, que ser\u00e1 disputado na pr\u00f3xima quarta-feira (2), \u00e0s 19h, no Est\u00e1dio Palma Travassos, pela terceira rodada da Copa Paulista. Assim como tem acontecido nos \u00faltimos anos, o Come-Fogo ter\u00e1 torcida\u2026","rel":"","context":"In &quot;Not\u00edcias de Ribeir\u00e3o Preto-SP e Regi\u00e3o&quot;","block_context":{"text":"Not\u00edcias de Ribeir\u00e3o Preto-SP e Regi\u00e3o","link":"https:\/\/noticiasribeiraopreto.com.br\/index.php\/category\/noticias-de-ribeirao-preto-sp-e-regiao-ismael-colosi\/"},"img":{"alt_text":"","src":"https:\/\/i0.wp.com\/noticiasribeiraopreto.com.br\/wp-content\/uploads\/2025\/06\/2-Torcida-Comercial-Raul-Ramos.jpg?fit=799%2C533&ssl=1&resize=350%2C200","width":350,"height":200,"srcset":"https:\/\/i0.wp.com\/noticiasribeiraopreto.com.br\/wp-content\/uploads\/2025\/06\/2-Torcida-Comercial-Raul-Ramos.jpg?fit=799%2C533&ssl=1&resize=350%2C200 1x, https:\/\/i0.wp.com\/noticiasribeiraopreto.com.br\/wp-content\/uploads\/2025\/06\/2-Torcida-Comercial-Raul-Ramos.jpg?fit=799%2C533&ssl=1&resize=525%2C300 1.5x, https:\/\/i0.wp.com\/noticiasribeiraopreto.com.br\/wp-content\/uploads\/2025\/06\/2-Torcida-Comercial-Raul-Ramos.jpg?fit=799%2C533&ssl=1&resize=700%2C400 2x"},"classes":[]},{"id":26273,"url":"https:\/\/noticiasribeiraopreto.com.br\/index.php\/2024\/01\/09\/botafogo-abre-venda-de-ingressos-para-jogo-contra-o-santos-em-ribeirao-preto\/","url_meta":{"origin":73249,"position":4},"title":"Botafogo abre venda de ingressos para jogo contra o Santos em Ribeir\u00e3o Preto","author":"noticiasribeiraopreto.com.br","date":"9 de January de 2024","format":false,"excerpt":"O Botafogo iniciou, nesta ter\u00e7a-feira (9), a venda on-line de ingressos para o duelo contra o Santos, marcado para o pr\u00f3ximo 20 de janeiro (s\u00e1bado), \u00e0s 18h, no Est\u00e1dio Santa Cruz, pela primeira rodada do Campeonato Paulista. O valor das entradas para a arquibancada \u00e9 R$ 100 (R$ 50 meia)\u2026","rel":"","context":"In &quot;Not\u00edcias de Ribeir\u00e3o Preto-SP e Regi\u00e3o&quot;","block_context":{"text":"Not\u00edcias de Ribeir\u00e3o Preto-SP e Regi\u00e3o","link":"https:\/\/noticiasribeiraopreto.com.br\/index.php\/category\/noticias-de-ribeirao-preto-sp-e-regiao-ismael-colosi\/"},"img":{"alt_text":"","src":"https:\/\/i0.wp.com\/noticiasribeiraopreto.com.br\/wp-content\/uploads\/2024\/01\/WhatsApp-Image-2024-01-09-at-16.41.38.jpeg?fit=1200%2C675&ssl=1&resize=350%2C200","width":350,"height":200,"srcset":"https:\/\/i0.wp.com\/noticiasribeiraopreto.com.br\/wp-content\/uploads\/2024\/01\/WhatsApp-Image-2024-01-09-at-16.41.38.jpeg?fit=1200%2C675&ssl=1&resize=350%2C200 1x, https:\/\/i0.wp.com\/noticiasribeiraopreto.com.br\/wp-content\/uploads\/2024\/01\/WhatsApp-Image-2024-01-09-at-16.41.38.jpeg?fit=1200%2C675&ssl=1&resize=525%2C300 1.5x, https:\/\/i0.wp.com\/noticiasribeiraopreto.com.br\/wp-content\/uploads\/2024\/01\/WhatsApp-Image-2024-01-09-at-16.41.38.jpeg?fit=1200%2C675&ssl=1&resize=700%2C400 2x, https:\/\/i0.wp.com\/noticiasribeiraopreto.com.br\/wp-content\/uploads\/2024\/01\/WhatsApp-Image-2024-01-09-at-16.41.38.jpeg?fit=1200%2C675&ssl=1&resize=1050%2C600 3x"},"classes":[]},{"id":62534,"url":"https:\/\/noticiasribeiraopreto.com.br\/index.php\/2025\/01\/16\/comercial-tera-publico-reduzido-no-primeiro-jogo-em-casa-pela-a3-do-paulista\/","url_meta":{"origin":73249,"position":5},"title":"Comercial ter\u00e1 p\u00fablico reduzido no primeiro jogo em casa pela A3 do Paulista","author":"noticiasribeiraopreto.com.br","date":"16 de January de 2025","format":false,"excerpt":"Nesta quinta-feira (16), o Comercial iniciou a venda de ingressos para a partida contra o Uni\u00e3o Suzano, na pr\u00f3xima ter\u00e7a, \u00e0s 20h. O jogo, que marca a estreia do time em casa pela S\u00e9rie A3 do Campeonato Paulista, ter\u00e1 capacidade reduzida devido \u00e0 montagem da estrutura do \u2018Ensaios da Anitta\u2019,\u2026","rel":"","context":"In &quot;Not\u00edcias de Ribeir\u00e3o Preto-SP e Regi\u00e3o&quot;","block_context":{"text":"Not\u00edcias de Ribeir\u00e3o Preto-SP e Regi\u00e3o","link":"https:\/\/noticiasribeiraopreto.com.br\/index.php\/category\/noticias-de-ribeirao-preto-sp-e-regiao-ismael-colosi\/"},"img":{"alt_text":"","src":"https:\/\/i0.wp.com\/noticiasribeiraopreto.com.br\/wp-content\/uploads\/2025\/01\/Sem-titulo_2025-01-17_00-19-12_png_2025-01-17_00-19-12.webp.webp?fit=1200%2C632&ssl=1&resize=350%2C200","width":350,"height":200,"srcset":"https:\/\/i0.wp.com\/noticiasribeiraopreto.com.br\/wp-content\/uploads\/2025\/01\/Sem-titulo_2025-01-17_00-19-12_png_2025-01-17_00-19-12.webp.webp?fit=1200%2C632&ssl=1&resize=350%2C200 1x, https:\/\/i0.wp.com\/noticiasribeiraopreto.com.br\/wp-content\/uploads\/2025\/01\/Sem-titulo_2025-01-17_00-19-12_png_2025-01-17_00-19-12.webp.webp?fit=1200%2C632&ssl=1&resize=525%2C300 1.5x, https:\/\/i0.wp.com\/noticiasribeiraopreto.com.br\/wp-content\/uploads\/2025\/01\/Sem-titulo_2025-01-17_00-19-12_png_2025-01-17_00-19-12.webp.webp?fit=1200%2C632&ssl=1&resize=700%2C400 2x, https:\/\/i0.wp.com\/noticiasribeiraopreto.com.br\/wp-content\/uploads\/2025\/01\/Sem-titulo_2025-01-17_00-19-12_png_2025-01-17_00-19-12.webp.webp?fit=1200%2C632&ssl=1&resize=1050%2C600 3x"},"classes":[]}],"jetpack_sharing_enabled":true,"jetpack_shortlink":"https:\/\/wp.me\/peQAOb-j3r","_links":{"self":[{"href":"https:\/\/noticiasribeiraopreto.com.br\/index.php\/wp-json\/wp\/v2\/posts\/73249","targetHints":{"allow":["GET"]}}],"collection":[{"href":"https:\/\/noticiasribeiraopreto.com.br\/index.php\/wp-json\/wp\/v2\/posts"}],"about":[{"href":"https:\/\/noticiasribeiraopreto.com.br\/index.php\/wp-json\/wp\/v2\/types\/post"}],"author":[{"embeddable":true,"href":"https:\/\/noticiasribeiraopreto.com.br\/index.php\/wp-json\/wp\/v2\/users\/1"}],"replies":[{"embeddable":true,"href":"https:\/\/noticiasribeiraopreto.com.br\/index.php\/wp-json\/wp\/v2\/comments?post=73249"}],"version-history":[{"count":0,"href":"https:\/\/noticiasribeiraopreto.com.br\/index.php\/wp-json\/wp\/v2\/posts\/73249\/revisions"}],"wp:featuredmedia":[{"embeddable":true,"href":"https:\/\/noticiasribeiraopreto.com.br\/index.php\/wp-json\/wp\/v2\/media\/73250"}],"wp:attachment":[{"href":"https:\/\/noticiasribeiraopreto.com.br\/index.php\/wp-json\/wp\/v2\/media?parent=73249"}],"wp:term":[{"taxonomy":"category","embeddable":true,"href":"https:\/\/noticiasribeiraopreto.com.br\/index.php\/wp-json\/wp\/v2\/categories?post=73249"},{"taxonomy":"post_tag","embeddable":true,"href":"https:\/\/noticiasribeiraopreto.com.br\/index.php\/wp-json\/wp\/v2\/tags?post=73249"}],"curies":[{"name":"wp","href":"https:\/\/api.w.org\/{rel}","templated":true}]}}