{"id":73251,"date":"2025-06-27T20:27:18","date_gmt":"2025-06-27T23:27:18","guid":{"rendered":"https:\/\/noticiasribeiraopreto.com.br\/index.php\/2025\/06\/27\/veiculos-apreendidos-viram-alvo-de-golpe-com-taxas-falsas-em-ribeirao-preto\/"},"modified":"2025-06-27T20:27:18","modified_gmt":"2025-06-27T23:27:18","slug":"veiculos-apreendidos-viram-alvo-de-golpe-com-taxas-falsas-em-ribeirao-preto","status":"publish","type":"post","link":"https:\/\/noticiasribeiraopreto.com.br\/index.php\/2025\/06\/27\/veiculos-apreendidos-viram-alvo-de-golpe-com-taxas-falsas-em-ribeirao-preto\/","title":{"rendered":"Ve\u00edculos apreendidos viram alvo de golpe com taxas falsas em Ribeir\u00e3o Preto"},"content":{"rendered":"<div class='code-block code-block-1' style='margin: 8px 0 8px auto; text-align: right; display: block; clear: both;'>\n<p><a href=\"https:\/\/wa.link\/vpicfd\"><img data-recalc-dims=\"1\" class=\"wp-image-4922\" style=\"aspect-ratio: 2.0253164556962027; width: 561px; height: auto;\" src=\"https:\/\/i0.wp.com\/ismaelcolosi.com.br\/wp-content\/uploads\/2023\/11\/grupo-de-empregos-whatsapp-e-facebook-ismael-colosi-vagas.jpg?ssl=1\" alt=\"\" \/><\/a><\/p>\n<!-- \/wp:image -->\n<\/div>\n<p> <br \/>\n<\/p>\n<div>\n<p>Nesta sexta-feira (27), a <strong>RP Mobi emitiu um alerta \u00e0 popula\u00e7\u00e3o de Ribeir\u00e3o Preto sobre um golpe digital praticado por sites e intermedi\u00e1rios.<\/strong> Esses canais oferecem, <strong>mediante o pagamento de taxas indevidas<\/strong>, uma suposta facilita\u00e7\u00e3o na libera\u00e7\u00e3o de ve\u00edculos removidos ao p\u00e1tio municipal.<\/p>\n<p>De acordo com o comunicado, a <strong>RP Mobi que n\u00e3o realiza cobran\u00e7as nem solicita pagamentos por meio de sites de terceiros<\/strong>,<strong> e-mails<\/strong> ou <strong>aplicativos de mensagens<\/strong>. Todos os procedimentos de libera\u00e7\u00e3o ocorrem exclusivamente de forma presencial na sede da pasta.<\/p>\n<p>Caso receba qualquer contato suspeito, o <strong>cidad\u00e3o deve evitar repassar dados pessoais ou banc\u00e1rios<\/strong> e procurar diretamente a empresa para verificar as informa\u00e7\u00f5es.<\/p>\n<h3 class=\"wp-block-heading\"><strong>Como acontece a libera\u00e7\u00e3o do ve\u00edculo?<\/strong><\/h3>\n<p>A libera\u00e7\u00e3o dos ve\u00edculos removidos <strong>depende da origem da infra\u00e7\u00e3<\/strong>o. Se a remo\u00e7\u00e3o ocorrer por<strong> compet\u00eancia estadual<\/strong>, o processo deve seguir os <strong>crit\u00e9rios estabelecidos pelo Detran de S\u00e3o Paulo.<\/strong><\/p>\n<p>O propriet\u00e1rio deve acessar o<a href=\"https:\/\/www.detran.sp.gov.br\/detransp\"> site oficial do Detran\/SP<\/a> ou utilizar o QR Code impresso no comprovante entregue no momento da apreens\u00e3o. Em seguida, <strong>\u00e9 necess\u00e1rio quitar os d\u00e9bitos do ve\u00edculo<\/strong>, como multas, impostos e encargos, informando o n\u00famero do Renavam.<\/p>\n<p>O respons\u00e1vel deve pagar a taxa de estadia di\u00e1ria no p\u00e1tio, fixada em R$ 20,06.<\/p>\n<p>Ap\u00f3s o pagamento, \u00e9 preciso digitalizar e anexar os documentos exigidos: identidade com foto (frente e verso), Termo de Recolhimento de Ve\u00edculo (TRV), comprovantes de quita\u00e7\u00e3o dos d\u00e9bitos e da taxa de estadia. Ap\u00f3s a libera\u00e7\u00e3o, o respons\u00e1vel deve comparecer ao endere\u00e7o indicado com toda a documenta\u00e7\u00e3o.<\/p>\n<p><strong>\u00c9 necess\u00e1rio apresentar documento de identidade com foto, CRLV-e (impresso ou digital)<\/strong> e, se for o caso, procura\u00e7\u00e3o original com firma reconhecida. A entrega do ve\u00edculo ocorre no p\u00e1tio da RP Mobi, na rua General C\u00e2mara, n\u00ba 2.910, no Jardim Presidente Dutra.<\/p>\n<p>O motorista pode pagar os d\u00e9bitos por <strong>Pix<\/strong>, <strong>dinheiro <\/strong>ou <strong>cart\u00e3o de cr\u00e9dito<\/strong>. <strong>Tamb\u00e9m \u00e9 poss\u00edvel parcelar o valor em at\u00e9 12 vezes<\/strong>, com cobran\u00e7a de juros da operadora do cart\u00e3o.<\/p>\n<h3 class=\"wp-block-heading\"><strong>Infra\u00e7\u00e3o municipal<\/strong><\/h3>\n<p>Quando a infra\u00e7\u00e3o for de responsabilidade do munic\u00edpio, o <strong>procedimento muda.<\/strong> N\u00e3o \u00e9 preciso acessar o site do Detran. <strong>O propriet\u00e1rio ou respons\u00e1vel deve ir diretamente ao p\u00e1tio da RP Mobi<\/strong>.<\/p>\n<p>\u00c9 necess\u00e1rio levar um documento de identidade com foto e o CRLV-e, que pode ser apresentado de forma digital ou impressa. Se outra pessoa for retirar o ve\u00edculo,<strong> ela precisa apresentar uma procura\u00e7\u00e3o com firma reconhecida.<\/strong><\/p>\n<p>O pagamento acontece no pr\u00f3prio p\u00e1tio da RP Mobi e segue as mesmas formas e condi\u00e7\u00f5es j\u00e1 informadas, com possibilidade de parcelamento.<\/p>\n<p><strong>Diante dos golpes registrados, a RP Mobi refor\u00e7a que o atendimento \u00e9 feito apenas de forma presencial. <br \/><\/strong><\/p>\n<hr class=\"wp-block-separator has-alpha-channel-opacity\"\/>\n<p>SAIBA MAIS<\/p>\n<p>Duarte Nogueira oficializa filia\u00e7\u00e3o ao PSD ap\u00f3s 26 anos no PSDB <mark style=\"background-color:#ffffff\" class=\"has-inline-color has-white-color\">contudo,<\/mark><\/p>\n<h2 class=\"wp-block-heading\"><strong>FIQUE ON<\/strong><\/h2>\n<p>Quer ficar por dentro de tudo que acontece em Ribeir\u00e3o Preto e regi\u00e3o? Ent\u00e3o siga os perfis do\u202facidade on\u202fno\u202f<a href=\"https:\/\/www.instagram.com\/acidadeonribeirao\" target=\"_blank\" rel=\"noreferrer noopener\">Instagram<\/a>\u202fe no\u202f<a href=\"https:\/\/www.facebook.com\/acidadeonribeirao\/\" target=\"_blank\" rel=\"noreferrer noopener\">Facebook<\/a>.<\/p>\n<p>Al\u00e9m disso, voc\u00ea pode receber as principais not\u00edcias diretamente no WhatsApp. Para isso, basta\u00a0<a href=\"https:\/\/chat.whatsapp.com\/BjKQZ9oJwlz8VVT50NuePq\" target=\"_blank\" rel=\"noreferrer noopener\">entrar no grupo clicando aqui<\/a>.<\/p>\n<p>Por fim, se quiser fazer uma den\u00fancia ou sugerir uma reportagem sobre Ribeir\u00e3o Preto e regi\u00e3o, envie uma mensagem pelo WhatsApp: (16) 99117-7802.<\/p>\n<p>VEJA TAMB\u00c9M<\/p>\n<p>Jo\u00e3o-de-barro, o engenheiro de ecossistemas <mark style=\"background-color:#ffffff\" class=\"has-inline-color has-white-color\">contudo,<\/mark><\/p>\n<p><!-- AI CONTENT END 1 -->\n<\/div>\n<p><script async src=\"\/\/www.instagram.com\/embed.js\"><\/script><br \/>\n<br \/><br \/>\n<br \/><a href=\"https:\/\/www.acidadeon.com\/ribeiraopreto\/cotidiano\/veiculos-apreendidos-viram-alvo-de-golpe-com-taxas-falsas-em-ribeirao-preto\/\">Source link <\/a><\/p>\n<!-- CONTENT END 1 -->\n","protected":false},"excerpt":{"rendered":"<p>Nesta sexta-feira (27), a RP Mobi emitiu um alerta \u00e0 popula\u00e7\u00e3o de Ribeir\u00e3o Preto sobre um golpe digital praticado por sites e intermedi\u00e1rios. Esses canais&#8230;<\/p>\n","protected":false},"author":1,"featured_media":73252,"comment_status":"open","ping_status":"open","sticky":false,"template":"","format":"standard","meta":{"advanced_seo_description":"","jetpack_seo_html_title":"","jetpack_seo_noindex":false,"jetpack_post_was_ever_published":false,"_jetpack_newsletter_access":"","_jetpack_dont_email_post_to_subs":false,"_jetpack_newsletter_tier_id":0,"_jetpack_memberships_contains_paywalled_content":false,"_jetpack_memberships_contains_paid_content":false,"footnotes":"","jetpack_publicize_message":"","jetpack_publicize_feature_enabled":true,"jetpack_social_post_already_shared":true,"jetpack_social_options":{"image_generator_settings":{"template":"highway","default_image_id":0,"font":"","enabled":false},"version":2}},"categories":[11],"tags":[],"class_list":["post-73251","post","type-post","status-publish","format-standard","has-post-thumbnail","hentry","category-noticias-de-ribeirao-preto-sp-e-regiao-ismael-colosi"],"jetpack_publicize_connections":[],"jetpack_featured_media_url":"https:\/\/i0.wp.com\/noticiasribeiraopreto.com.br\/wp-content\/uploads\/2025\/06\/Copia-de-Copia-de-Copia-de-TAMANHO-EXATO-PARA-FOTOS-NO-SISTEMA-NOVO-2025-06-27T171322.852_2025-06-27_20-13-34.webp.webp?fit=1200%2C675&ssl=1","jetpack-related-posts":[{"id":73243,"url":"https:\/\/noticiasribeiraopreto.com.br\/index.php\/2025\/06\/27\/rp-mobi-alerta-para-golpe-envolvendo-liberacao-de-veiculos-apreendidos\/","url_meta":{"origin":73251,"position":0},"title":"RP Mobi alerta para golpe envolvendo libera\u00e7\u00e3o de ve\u00edculos apreendidos\u00a0","author":"noticiasribeiraopreto.com.br","date":"27 de June de 2025","format":false,"excerpt":"RP Mobi alerta para golpe envolvendo libera\u00e7\u00e3o de ve\u00edculos apreendidos A RP Mobi, empresa respons\u00e1vel pela gest\u00e3o do tr\u00e2nsito em Ribeir\u00e3o Preto, emitiu um alerta nesta sexta-feira (27) sobre um golpe aplicado por sites e intermedi\u00e1rios que oferecem, de forma fraudulenta, a libera\u00e7\u00e3o de ve\u00edculos apreendidos mediante o pagamento de\u2026","rel":"","context":"In &quot;Not\u00edcias de Ribeir\u00e3o Preto-SP e Regi\u00e3o&quot;","block_context":{"text":"Not\u00edcias de Ribeir\u00e3o Preto-SP e Regi\u00e3o","link":"https:\/\/noticiasribeiraopreto.com.br\/index.php\/category\/noticias-de-ribeirao-preto-sp-e-regiao-ismael-colosi\/"},"img":{"alt_text":"","src":"https:\/\/i0.wp.com\/noticiasribeiraopreto.com.br\/wp-content\/uploads\/2025\/06\/rpmobi_golpe.jpeg?fit=768%2C432&ssl=1&resize=350%2C200","width":350,"height":200,"srcset":"https:\/\/i0.wp.com\/noticiasribeiraopreto.com.br\/wp-content\/uploads\/2025\/06\/rpmobi_golpe.jpeg?fit=768%2C432&ssl=1&resize=350%2C200 1x, https:\/\/i0.wp.com\/noticiasribeiraopreto.com.br\/wp-content\/uploads\/2025\/06\/rpmobi_golpe.jpeg?fit=768%2C432&ssl=1&resize=525%2C300 1.5x, https:\/\/i0.wp.com\/noticiasribeiraopreto.com.br\/wp-content\/uploads\/2025\/06\/rpmobi_golpe.jpeg?fit=768%2C432&ssl=1&resize=700%2C400 2x"},"classes":[]},{"id":74511,"url":"https:\/\/noticiasribeiraopreto.com.br\/index.php\/2025\/07\/24\/rp-mobi-lanca-guincho-e-patio-virtual\/","url_meta":{"origin":73251,"position":1},"title":"RP Mobi lan\u00e7a guincho e p\u00e1tio virtual","author":"noticiasribeiraopreto.com.br","date":"24 de July de 2025","format":false,"excerpt":"A RP Mobi \u2013 Empresa de Mobilidade Urbana de Ribeir\u00e3o Preto S.A, a antiga Transerp, respons\u00e1vel pelo tr\u00e2nsito e transporte \u2013 lan\u00e7ou neste m\u00eas de julho os testes de solu\u00e7\u00e3o tecnol\u00f3gica in\u00e9dita no Brasil nas opera\u00e7\u00f5es de tr\u00e2nsito em vias municipais: o sistema de guincho e p\u00e1tio virtual. A inova\u00e7\u00e3o\u2026","rel":"","context":"In &quot;Not\u00edcias de Ribeir\u00e3o Preto-SP e Regi\u00e3o&quot;","block_context":{"text":"Not\u00edcias de Ribeir\u00e3o Preto-SP e Regi\u00e3o","link":"https:\/\/noticiasribeiraopreto.com.br\/index.php\/category\/noticias-de-ribeirao-preto-sp-e-regiao-ismael-colosi\/"},"img":{"alt_text":"","src":"https:\/\/i0.wp.com\/noticiasribeiraopreto.com.br\/wp-content\/uploads\/2025\/07\/Guincho-Detalhe-Divulgacao.jpg?fit=1000%2C666&ssl=1&resize=350%2C200","width":350,"height":200,"srcset":"https:\/\/i0.wp.com\/noticiasribeiraopreto.com.br\/wp-content\/uploads\/2025\/07\/Guincho-Detalhe-Divulgacao.jpg?fit=1000%2C666&ssl=1&resize=350%2C200 1x, https:\/\/i0.wp.com\/noticiasribeiraopreto.com.br\/wp-content\/uploads\/2025\/07\/Guincho-Detalhe-Divulgacao.jpg?fit=1000%2C666&ssl=1&resize=525%2C300 1.5x, https:\/\/i0.wp.com\/noticiasribeiraopreto.com.br\/wp-content\/uploads\/2025\/07\/Guincho-Detalhe-Divulgacao.jpg?fit=1000%2C666&ssl=1&resize=700%2C400 2x"},"classes":[]},{"id":74588,"url":"https:\/\/noticiasribeiraopreto.com.br\/index.php\/2025\/07\/25\/blitze-apreendem-10-veiculos-por-dia\/","url_meta":{"origin":73251,"position":2},"title":"Blitze apreendem 10 ve\u00edculos por dia","author":"noticiasribeiraopreto.com.br","date":"25 de July de 2025","format":false,"excerpt":"Entre 1\u00ba janeiro e 23 de julho deste ano, 2.063 ve\u00edculos j\u00e1 foram aprendidos nas blitze realizadas pela RP Mobi \u2013 Empresa de Mobilidade Urbana de Ribeir\u00e3o Preto S.A, a antiga Transerp, respons\u00e1vel pelo tr\u00e2nsito e transporte \u2013 ou pela Pol\u00edcia Militar porque os motoristas cometeram algum tipo de infra\u00e7\u00e3o.\u2026","rel":"","context":"In &quot;Not\u00edcias de Ribeir\u00e3o Preto-SP e Regi\u00e3o&quot;","block_context":{"text":"Not\u00edcias de Ribeir\u00e3o Preto-SP e Regi\u00e3o","link":"https:\/\/noticiasribeiraopreto.com.br\/index.php\/category\/noticias-de-ribeirao-preto-sp-e-regiao-ismael-colosi\/"},"img":{"alt_text":"","src":"https:\/\/i0.wp.com\/noticiasribeiraopreto.com.br\/wp-content\/uploads\/2025\/07\/PatioRP-Alfredo-Risk-scaled.jpg?fit=1200%2C800&ssl=1&resize=350%2C200","width":350,"height":200,"srcset":"https:\/\/i0.wp.com\/noticiasribeiraopreto.com.br\/wp-content\/uploads\/2025\/07\/PatioRP-Alfredo-Risk-scaled.jpg?fit=1200%2C800&ssl=1&resize=350%2C200 1x, https:\/\/i0.wp.com\/noticiasribeiraopreto.com.br\/wp-content\/uploads\/2025\/07\/PatioRP-Alfredo-Risk-scaled.jpg?fit=1200%2C800&ssl=1&resize=525%2C300 1.5x, https:\/\/i0.wp.com\/noticiasribeiraopreto.com.br\/wp-content\/uploads\/2025\/07\/PatioRP-Alfredo-Risk-scaled.jpg?fit=1200%2C800&ssl=1&resize=700%2C400 2x, https:\/\/i0.wp.com\/noticiasribeiraopreto.com.br\/wp-content\/uploads\/2025\/07\/PatioRP-Alfredo-Risk-scaled.jpg?fit=1200%2C800&ssl=1&resize=1050%2C600 3x"},"classes":[]},{"id":66553,"url":"https:\/\/noticiasribeiraopreto.com.br\/index.php\/2025\/04\/02\/carro-derruba-poste-e-interdita-avenida-de-ribeirao-preto-veja-video\/","url_meta":{"origin":73251,"position":3},"title":"Carro derruba poste e interdita avenida de Ribeir\u00e3o Preto; Veja v\u00eddeo","author":"noticiasribeiraopreto.com.br","date":"2 de April de 2025","format":false,"excerpt":"Na tarde desta quarta-feira (2), um carro colidiu e derrubou um poste na avenida Ant\u00f4nio Mugnato Marincek, em Ribeir\u00e3o Preto. O local permanece interditado. Segundo informa\u00e7\u00f5es da RP Mobi, o tr\u00e2nsito est\u00e1 totalmente bloqueado em um trecho da via. Al\u00e9m disso, n\u00e3o h\u00e1 previs\u00e3o para libera\u00e7\u00e3o da pista. \u201cA RP\u2026","rel":"","context":"In &quot;Not\u00edcias de Ribeir\u00e3o Preto-SP e Regi\u00e3o&quot;","block_context":{"text":"Not\u00edcias de Ribeir\u00e3o Preto-SP e Regi\u00e3o","link":"https:\/\/noticiasribeiraopreto.com.br\/index.php\/category\/noticias-de-ribeirao-preto-sp-e-regiao-ismael-colosi\/"},"img":{"alt_text":"","src":"https:\/\/i0.wp.com\/noticiasribeiraopreto.com.br\/wp-content\/uploads\/2025\/04\/Copia-de-Copia-de-Copia-de-TAMANHO-EXATO-PARA-FOTOS-NO-SISTEMA-NOVO-2025-04-02T161231.175_2025-04-02_19-12-39_png_2025-04-02_19-12-39.webp.webp?fit=1200%2C675&ssl=1&resize=350%2C200","width":350,"height":200,"srcset":"https:\/\/i0.wp.com\/noticiasribeiraopreto.com.br\/wp-content\/uploads\/2025\/04\/Copia-de-Copia-de-Copia-de-TAMANHO-EXATO-PARA-FOTOS-NO-SISTEMA-NOVO-2025-04-02T161231.175_2025-04-02_19-12-39_png_2025-04-02_19-12-39.webp.webp?fit=1200%2C675&ssl=1&resize=350%2C200 1x, https:\/\/i0.wp.com\/noticiasribeiraopreto.com.br\/wp-content\/uploads\/2025\/04\/Copia-de-Copia-de-Copia-de-TAMANHO-EXATO-PARA-FOTOS-NO-SISTEMA-NOVO-2025-04-02T161231.175_2025-04-02_19-12-39_png_2025-04-02_19-12-39.webp.webp?fit=1200%2C675&ssl=1&resize=525%2C300 1.5x, https:\/\/i0.wp.com\/noticiasribeiraopreto.com.br\/wp-content\/uploads\/2025\/04\/Copia-de-Copia-de-Copia-de-TAMANHO-EXATO-PARA-FOTOS-NO-SISTEMA-NOVO-2025-04-02T161231.175_2025-04-02_19-12-39_png_2025-04-02_19-12-39.webp.webp?fit=1200%2C675&ssl=1&resize=700%2C400 2x, https:\/\/i0.wp.com\/noticiasribeiraopreto.com.br\/wp-content\/uploads\/2025\/04\/Copia-de-Copia-de-Copia-de-TAMANHO-EXATO-PARA-FOTOS-NO-SISTEMA-NOVO-2025-04-02T161231.175_2025-04-02_19-12-39_png_2025-04-02_19-12-39.webp.webp?fit=1200%2C675&ssl=1&resize=1050%2C600 3x"},"classes":[]},{"id":82118,"url":"https:\/\/noticiasribeiraopreto.com.br\/index.php\/2026\/02\/04\/ribeirao-preto-aparece-na-5a-posicao-em-sp-com-60-mil-veiculos-licenciados\/","url_meta":{"origin":73251,"position":4},"title":"Ribeir\u00e3o Preto aparece na 5\u00aa posi\u00e7\u00e3o em SP com 60 mil ve\u00edculos licenciados","author":"noticiasribeiraopreto.com.br","date":"4 de February de 2026","format":false,"excerpt":"Ribeir\u00e3o Preto est\u00e1 entre os munic\u00edpios com maior n\u00famero de ve\u00edculos licenciados no estado de S\u00e3o Paulo em 2026. Dados do Departamento Estadual de Tr\u00e2nsito de S\u00e3o Paulo (Detran-SP) indicam que 60.270 ve\u00edculos foram licenciados na cidade em janeiro, o que coloca o munic\u00edpio na 5\u00aa posi\u00e7\u00e3o no ranking estadual.\u2026","rel":"","context":"In &quot;Not\u00edcias de Ribeir\u00e3o Preto-SP e Regi\u00e3o&quot;","block_context":{"text":"Not\u00edcias de Ribeir\u00e3o Preto-SP e Regi\u00e3o","link":"https:\/\/noticiasribeiraopreto.com.br\/index.php\/category\/noticias-de-ribeirao-preto-sp-e-regiao-ismael-colosi\/"},"img":{"alt_text":"","src":"https:\/\/i0.wp.com\/noticiasribeiraopreto.com.br\/wp-content\/uploads\/2025\/07\/WhatsApp-Image-2025-04-28-at-07.17.05_2025-04-28_10-22-30.webp.webp?fit=1200%2C900&ssl=1&resize=350%2C200","width":350,"height":200,"srcset":"https:\/\/i0.wp.com\/noticiasribeiraopreto.com.br\/wp-content\/uploads\/2025\/07\/WhatsApp-Image-2025-04-28-at-07.17.05_2025-04-28_10-22-30.webp.webp?fit=1200%2C900&ssl=1&resize=350%2C200 1x, https:\/\/i0.wp.com\/noticiasribeiraopreto.com.br\/wp-content\/uploads\/2025\/07\/WhatsApp-Image-2025-04-28-at-07.17.05_2025-04-28_10-22-30.webp.webp?fit=1200%2C900&ssl=1&resize=525%2C300 1.5x, https:\/\/i0.wp.com\/noticiasribeiraopreto.com.br\/wp-content\/uploads\/2025\/07\/WhatsApp-Image-2025-04-28-at-07.17.05_2025-04-28_10-22-30.webp.webp?fit=1200%2C900&ssl=1&resize=700%2C400 2x, https:\/\/i0.wp.com\/noticiasribeiraopreto.com.br\/wp-content\/uploads\/2025\/07\/WhatsApp-Image-2025-04-28-at-07.17.05_2025-04-28_10-22-30.webp.webp?fit=1200%2C900&ssl=1&resize=1050%2C600 3x"},"classes":[]},{"id":83970,"url":"https:\/\/noticiasribeiraopreto.com.br\/index.php\/2026\/03\/30\/caminhao-atinge-fios-e-derruba-poste-na-zona-leste-de-ribeirao-preto\/","url_meta":{"origin":73251,"position":5},"title":"Caminh\u00e3o atinge fios e derruba poste na zona Leste de Ribeir\u00e3o Preto","author":"noticiasribeiraopreto.com.br","date":"30 de March de 2026","format":false,"excerpt":"Ler o resumo da not\u00edcia Caminh\u00e3o derrubou poste ao atingir fios na marginal da Anhanguera (SP-330), na zona Leste de Ribeir\u00e3o Preto, nesta segunda-feira (30). Motorista afirmou ter sido fechado por motociclista e jogou o ve\u00edculo para a esquerda, enroscando nos fios. Tr\u00e2nsito est\u00e1 bloqueado sem previs\u00e3o de libera\u00e7\u00e3o; RP\u2026","rel":"","context":"In &quot;Not\u00edcias de Ribeir\u00e3o Preto-SP e Regi\u00e3o&quot;","block_context":{"text":"Not\u00edcias de Ribeir\u00e3o Preto-SP e Regi\u00e3o","link":"https:\/\/noticiasribeiraopreto.com.br\/index.php\/category\/noticias-de-ribeirao-preto-sp-e-regiao-ismael-colosi\/"},"img":{"alt_text":"","src":"https:\/\/i0.wp.com\/noticiasribeiraopreto.com.br\/wp-content\/uploads\/2026\/03\/WhatsApp-Image-2026-03-30-at-09.42.11_2026-03-30_12-58-39.webp.webp?fit=1200%2C675&ssl=1&resize=350%2C200","width":350,"height":200,"srcset":"https:\/\/i0.wp.com\/noticiasribeiraopreto.com.br\/wp-content\/uploads\/2026\/03\/WhatsApp-Image-2026-03-30-at-09.42.11_2026-03-30_12-58-39.webp.webp?fit=1200%2C675&ssl=1&resize=350%2C200 1x, https:\/\/i0.wp.com\/noticiasribeiraopreto.com.br\/wp-content\/uploads\/2026\/03\/WhatsApp-Image-2026-03-30-at-09.42.11_2026-03-30_12-58-39.webp.webp?fit=1200%2C675&ssl=1&resize=525%2C300 1.5x, https:\/\/i0.wp.com\/noticiasribeiraopreto.com.br\/wp-content\/uploads\/2026\/03\/WhatsApp-Image-2026-03-30-at-09.42.11_2026-03-30_12-58-39.webp.webp?fit=1200%2C675&ssl=1&resize=700%2C400 2x, https:\/\/i0.wp.com\/noticiasribeiraopreto.com.br\/wp-content\/uploads\/2026\/03\/WhatsApp-Image-2026-03-30-at-09.42.11_2026-03-30_12-58-39.webp.webp?fit=1200%2C675&ssl=1&resize=1050%2C600 3x"},"classes":[]}],"jetpack_sharing_enabled":true,"jetpack_shortlink":"https:\/\/wp.me\/peQAOb-j3t","_links":{"self":[{"href":"https:\/\/noticiasribeiraopreto.com.br\/index.php\/wp-json\/wp\/v2\/posts\/73251","targetHints":{"allow":["GET"]}}],"collection":[{"href":"https:\/\/noticiasribeiraopreto.com.br\/index.php\/wp-json\/wp\/v2\/posts"}],"about":[{"href":"https:\/\/noticiasribeiraopreto.com.br\/index.php\/wp-json\/wp\/v2\/types\/post"}],"author":[{"embeddable":true,"href":"https:\/\/noticiasribeiraopreto.com.br\/index.php\/wp-json\/wp\/v2\/users\/1"}],"replies":[{"embeddable":true,"href":"https:\/\/noticiasribeiraopreto.com.br\/index.php\/wp-json\/wp\/v2\/comments?post=73251"}],"version-history":[{"count":0,"href":"https:\/\/noticiasribeiraopreto.com.br\/index.php\/wp-json\/wp\/v2\/posts\/73251\/revisions"}],"wp:featuredmedia":[{"embeddable":true,"href":"https:\/\/noticiasribeiraopreto.com.br\/index.php\/wp-json\/wp\/v2\/media\/73252"}],"wp:attachment":[{"href":"https:\/\/noticiasribeiraopreto.com.br\/index.php\/wp-json\/wp\/v2\/media?parent=73251"}],"wp:term":[{"taxonomy":"category","embeddable":true,"href":"https:\/\/noticiasribeiraopreto.com.br\/index.php\/wp-json\/wp\/v2\/categories?post=73251"},{"taxonomy":"post_tag","embeddable":true,"href":"https:\/\/noticiasribeiraopreto.com.br\/index.php\/wp-json\/wp\/v2\/tags?post=73251"}],"curies":[{"name":"wp","href":"https:\/\/api.w.org\/{rel}","templated":true}]}}