{"id":73253,"date":"2025-06-27T20:34:53","date_gmt":"2025-06-27T23:34:53","guid":{"rendered":"https:\/\/noticiasribeiraopreto.com.br\/index.php\/2025\/06\/27\/ribeirao-preto-recebe-6a-edicao-de-festival-pe-na-porta-neste-final-de-semana\/"},"modified":"2025-06-27T20:34:53","modified_gmt":"2025-06-27T23:34:53","slug":"ribeirao-preto-recebe-6a-edicao-de-festival-pe-na-porta-neste-final-de-semana","status":"publish","type":"post","link":"https:\/\/noticiasribeiraopreto.com.br\/index.php\/2025\/06\/27\/ribeirao-preto-recebe-6a-edicao-de-festival-pe-na-porta-neste-final-de-semana\/","title":{"rendered":"Ribeir\u00e3o Preto recebe 6\u00aa edi\u00e7\u00e3o de &#8216;Festival P\u00e9 na Porta&#8217; neste final de semana"},"content":{"rendered":"<div class='code-block code-block-1' style='margin: 8px 0 8px auto; text-align: right; display: block; clear: both;'>\n<p><a href=\"https:\/\/wa.link\/vpicfd\"><img data-recalc-dims=\"1\" class=\"wp-image-4922\" style=\"aspect-ratio: 2.0253164556962027; width: 561px; height: auto;\" src=\"https:\/\/i0.wp.com\/ismaelcolosi.com.br\/wp-content\/uploads\/2023\/11\/grupo-de-empregos-whatsapp-e-facebook-ismael-colosi-vagas.jpg?ssl=1\" alt=\"\" \/><\/a><\/p>\n<!-- \/wp:image -->\n<\/div>\n<p> <br \/>\n<\/p>\n<div data-td-block-uid=\"tdi_95\">\n<div class=\"tdb-block-inner td-fix-index\">\n<p>O <strong>Teatro de Arena de Ribeir\u00e3o Preto<\/strong> recebe neste <strong>domingo (29)<\/strong>, a partir das <strong>15h<\/strong>, a 6\u00aa edi\u00e7\u00e3o do <strong>Festival P\u00e9 na Porta<\/strong>, que celebra a m\u00fasica independente e cultural local. A entrada \u00e9 <strong>gratuita<\/strong> e haver\u00e1 arrecada\u00e7\u00e3o de um quilo de alimento n\u00e3o perec\u00edvel.<\/p>\n<p>A programa\u00e7\u00e3o oferece mais de sete horas de m\u00fasica ao vivo, com artistas locais de g\u00eaneros como <strong>rock, indie, rap e reggae<\/strong>.<\/p>\n<p>A <em>line-up<\/em> do evento conta com nomes como: Ameslari, Cidda, Danilo Teoro, Fen\u00edcia, Insane Trip, Katarin, Monroe, Santa Cora e o DJ Rodrigo Mod.<\/p>\n<p>A estrutura do evento oferece espa\u00e7o infantil, pra\u00e7a de alimenta\u00e7\u00e3o e feira de artesanato. Neste ano, todos os alimentos arrecadados ser\u00e3o doados ao <strong>Lar Padre Euclides<\/strong>.<\/p>\n<h2 class=\"wp-block-heading\"><strong>Servi\u00e7o<\/strong><\/h2>\n<p><strong><em>Festival P\u00e9 na Porta<\/em><\/strong><\/p>\n<p><strong>Quando:<\/strong> 29 de junho, domingo <br \/><strong>Hor\u00e1rio:<\/strong> A partir das 15h <br \/><strong>Local:<\/strong> Teatro de Arena de Ribeir\u00e3o Preto <br \/><strong>Entrada gratuita <\/strong><\/p>\n<p>SAIBA MAIS<br \/>Confira as atra\u00e7\u00f5es do fim de semana em Ribeir\u00e3o Preto e regi\u00e3o<\/p>\n<h4 class=\"wp-block-heading\"><strong>FIQUE ON<\/strong><\/h4>\n<p>Fique ligado em tudo que acontece em Ribeir\u00e3o Preto e regi\u00e3o. Siga os perfis do <strong>acidade on <\/strong>no <a href=\"https:\/\/www.instagram.com\/acidadeonribeirao\" target=\"_blank\" rel=\"noreferrer noopener\">Instagram<\/a> e no <a href=\"https:\/\/www.facebook.com\/acidadeonribeirao\" target=\"_blank\" rel=\"noreferrer noopener\">Facebook<\/a>.<\/p>\n<p>Receba not\u00edcias do acidade on no WhatsApp. Para entrar no grupo, basta <a href=\"https:\/\/chat.whatsapp.com\/BjKQZ9oJwlz8VVT50NuePq\" target=\"_blank\" rel=\"noreferrer noopener\">clicar aqui<\/a>.<\/p>\n<p>Fa\u00e7a uma den\u00fancia ou sugira uma reportagem sobre Ribeir\u00e3o Preto e regi\u00e3o pelo WhatsApp: 16 99117 7802.<\/p>\n<p>VEJA TAMB\u00c9M<br \/>O que diz a aut\u00f3psia do corpo de Juliana Marins?<\/p>\n<p><!-- AI CONTENT END 1 -->\n<\/div>\n<\/div>\n<p><script async src=\"\/\/www.instagram.com\/embed.js\"><\/script><br \/>\n<br \/><br \/>\n<br \/><a href=\"https:\/\/www.acidadeon.com\/ribeiraopreto\/lazer-e-cultura\/ribeirao-preto-recebe-6a-edicao-de-festival-pe-na-porta-neste-final-de-semana\/\">Source link <\/a><\/p>\n<!-- CONTENT END 1 -->\n","protected":false},"excerpt":{"rendered":"<p>O Teatro de Arena de Ribeir\u00e3o Preto recebe neste domingo (29), a partir das 15h, a 6\u00aa edi\u00e7\u00e3o do Festival P\u00e9 na Porta, que celebra&#8230;<\/p>\n","protected":false},"author":1,"featured_media":73254,"comment_status":"open","ping_status":"open","sticky":false,"template":"","format":"standard","meta":{"advanced_seo_description":"","jetpack_seo_html_title":"","jetpack_seo_noindex":false,"jetpack_post_was_ever_published":false,"_jetpack_newsletter_access":"","_jetpack_dont_email_post_to_subs":false,"_jetpack_newsletter_tier_id":0,"_jetpack_memberships_contains_paywalled_content":false,"_jetpack_memberships_contains_paid_content":false,"footnotes":"","jetpack_publicize_message":"","jetpack_publicize_feature_enabled":true,"jetpack_social_post_already_shared":true,"jetpack_social_options":{"image_generator_settings":{"template":"highway","default_image_id":0,"font":"","enabled":false},"version":2}},"categories":[11],"tags":[],"class_list":["post-73253","post","type-post","status-publish","format-standard","has-post-thumbnail","hentry","category-noticias-de-ribeirao-preto-sp-e-regiao-ismael-colosi"],"jetpack_publicize_connections":[],"jetpack_featured_media_url":"https:\/\/i0.wp.com\/noticiasribeiraopreto.com.br\/wp-content\/uploads\/2025\/06\/show_2025-06-27_15-01-23.webp.webp?fit=1200%2C804&ssl=1","jetpack-related-posts":[{"id":73277,"url":"https:\/\/noticiasribeiraopreto.com.br\/index.php\/2025\/06\/28\/regiao-de-ribeirao-preto-recebe-evento-gratuito-com-brincadeiras-musica-e-desfile-tematico\/","url_meta":{"origin":73253,"position":0},"title":"Regi\u00e3o de Ribeir\u00e3o Preto recebe evento gratuito com brincadeiras, m\u00fasica e desfile tem\u00e1tico","author":"noticiasribeiraopreto.com.br","date":"28 de June de 2025","format":false,"excerpt":"Pedregulho, cidade na regi\u00e3o de Ribeir\u00e3o Preto recebe o Circuito Credicitrus neste s\u00e1bado (28), das 16h \u00e0s 21h, na pra\u00e7a Oct\u00e1vio Qu\u00e9rcia. O tema deste ano \u00e9 \u201cAventura Safari\u201d e traz uma programa\u00e7\u00e3o especial para toda fam\u00edlia. A entrada \u00e9 gratuita. A programa\u00e7\u00e3o conta com atividades infantis como brincadeiras, pintura\u2026","rel":"","context":"In &quot;Not\u00edcias de Ribeir\u00e3o Preto-SP e Regi\u00e3o&quot;","block_context":{"text":"Not\u00edcias de Ribeir\u00e3o Preto-SP e Regi\u00e3o","link":"https:\/\/noticiasribeiraopreto.com.br\/index.php\/category\/noticias-de-ribeirao-preto-sp-e-regiao-ismael-colosi\/"},"img":{"alt_text":"","src":"https:\/\/i0.wp.com\/noticiasribeiraopreto.com.br\/wp-content\/uploads\/2025\/06\/Capturar_2025-06-28_13-49-11.webp.webp?fit=735%2C476&ssl=1&resize=350%2C200","width":350,"height":200,"srcset":"https:\/\/i0.wp.com\/noticiasribeiraopreto.com.br\/wp-content\/uploads\/2025\/06\/Capturar_2025-06-28_13-49-11.webp.webp?fit=735%2C476&ssl=1&resize=350%2C200 1x, https:\/\/i0.wp.com\/noticiasribeiraopreto.com.br\/wp-content\/uploads\/2025\/06\/Capturar_2025-06-28_13-49-11.webp.webp?fit=735%2C476&ssl=1&resize=525%2C300 1.5x, https:\/\/i0.wp.com\/noticiasribeiraopreto.com.br\/wp-content\/uploads\/2025\/06\/Capturar_2025-06-28_13-49-11.webp.webp?fit=735%2C476&ssl=1&resize=700%2C400 2x"},"classes":[]},{"id":83335,"url":"https:\/\/noticiasribeiraopreto.com.br\/index.php\/2026\/03\/16\/avenida-nove-de-julho-recebe-festival-gratuito-com-musica-gastronomia-e-atividades-culturais\/","url_meta":{"origin":73253,"position":1},"title":"Avenida Nove de Julho recebe festival gratuito com m\u00fasica, gastronomia e atividades culturais","author":"noticiasribeiraopreto.com.br","date":"16 de March de 2026","format":false,"excerpt":"A avenida Nove de Julho volta a ser ocupada neste final de semana para a realiza\u00e7\u00e3o da 3\u00aa edi\u00e7\u00e3o Festival P\u00e9 na Rua, evento gratuito que re\u00fane m\u00fasica ao vivo, gastronomia, atividades culturais e experi\u00eancias para toda a fam\u00edlia. O festival acontece no domingo (22), das 12h \u00e0s 21h, e\u2026","rel":"","context":"In &quot;Not\u00edcias de Ribeir\u00e3o Preto-SP e Regi\u00e3o&quot;","block_context":{"text":"Not\u00edcias de Ribeir\u00e3o Preto-SP e Regi\u00e3o","link":"https:\/\/noticiasribeiraopreto.com.br\/index.php\/category\/noticias-de-ribeirao-preto-sp-e-regiao-ismael-colosi\/"},"img":{"alt_text":"","src":"https:\/\/i0.wp.com\/noticiasribeiraopreto.com.br\/wp-content\/uploads\/2026\/03\/WhatsApp-Image-2026-03-16-at-17.34.58_2026-03-16_20-48-59-1024x684.webp.webp?fit=1024%2C684&ssl=1&resize=350%2C200","width":350,"height":200,"srcset":"https:\/\/i0.wp.com\/noticiasribeiraopreto.com.br\/wp-content\/uploads\/2026\/03\/WhatsApp-Image-2026-03-16-at-17.34.58_2026-03-16_20-48-59-1024x684.webp.webp?fit=1024%2C684&ssl=1&resize=350%2C200 1x, https:\/\/i0.wp.com\/noticiasribeiraopreto.com.br\/wp-content\/uploads\/2026\/03\/WhatsApp-Image-2026-03-16-at-17.34.58_2026-03-16_20-48-59-1024x684.webp.webp?fit=1024%2C684&ssl=1&resize=525%2C300 1.5x, https:\/\/i0.wp.com\/noticiasribeiraopreto.com.br\/wp-content\/uploads\/2026\/03\/WhatsApp-Image-2026-03-16-at-17.34.58_2026-03-16_20-48-59-1024x684.webp.webp?fit=1024%2C684&ssl=1&resize=700%2C400 2x"},"classes":[]},{"id":83367,"url":"https:\/\/noticiasribeiraopreto.com.br\/index.php\/2026\/03\/17\/avenida-nove-de-julho-recebe-festival-gratuito-com-musica-gastronomia-e-atividades-culturais-2\/","url_meta":{"origin":73253,"position":2},"title":"Avenida Nove de Julho recebe festival gratuito com m\u00fasica, gastronomia e atividades culturais","author":"noticiasribeiraopreto.com.br","date":"17 de March de 2026","format":false,"excerpt":"A avenida Nove de Julho volta a ser ocupada neste final de semana para a realiza\u00e7\u00e3o da 3\u00aa edi\u00e7\u00e3o Festival P\u00e9 na Rua, evento gratuito que re\u00fane m\u00fasica ao vivo, gastronomia, atividades culturais e experi\u00eancias para toda a fam\u00edlia. O festival acontece no domingo (22), das 12h \u00e0s 21h, e\u2026","rel":"","context":"In &quot;Not\u00edcias de Ribeir\u00e3o Preto-SP e Regi\u00e3o&quot;","block_context":{"text":"Not\u00edcias de Ribeir\u00e3o Preto-SP e Regi\u00e3o","link":"https:\/\/noticiasribeiraopreto.com.br\/index.php\/category\/noticias-de-ribeirao-preto-sp-e-regiao-ismael-colosi\/"},"img":{"alt_text":"Festival P\u00e9 na Rua acontece neste final de semana - Foto: Leonardo Gallo.","src":"https:\/\/i0.wp.com\/cdn.media-acidadeon.com.br\/ribeiraopreto\/wp-content\/uploads\/sites\/3\/2026\/03\/WhatsApp-Image-2026-03-16-at-17.34.58_2026-03-16_20-48-59-1024x684.webp?resize=350%2C200&ssl=1","width":350,"height":200,"srcset":"https:\/\/i0.wp.com\/cdn.media-acidadeon.com.br\/ribeiraopreto\/wp-content\/uploads\/sites\/3\/2026\/03\/WhatsApp-Image-2026-03-16-at-17.34.58_2026-03-16_20-48-59-1024x684.webp?resize=350%2C200&ssl=1 1x, https:\/\/i0.wp.com\/cdn.media-acidadeon.com.br\/ribeiraopreto\/wp-content\/uploads\/sites\/3\/2026\/03\/WhatsApp-Image-2026-03-16-at-17.34.58_2026-03-16_20-48-59-1024x684.webp?resize=525%2C300&ssl=1 1.5x, https:\/\/i0.wp.com\/cdn.media-acidadeon.com.br\/ribeiraopreto\/wp-content\/uploads\/sites\/3\/2026\/03\/WhatsApp-Image-2026-03-16-at-17.34.58_2026-03-16_20-48-59-1024x684.webp?resize=700%2C400&ssl=1 2x"},"classes":[]},{"id":80592,"url":"https:\/\/noticiasribeiraopreto.com.br\/index.php\/2025\/12\/07\/festival-pe-na-rua-oferece-gastronomia-arte-e-programacao-infantil-em-ribeirao-preto\/","url_meta":{"origin":73253,"position":3},"title":"Festival P\u00e9 na Rua oferece gastronomia, arte e programa\u00e7\u00e3o infantil em Ribeir\u00e3o Preto","author":"noticiasribeiraopreto.com.br","date":"7 de December de 2025","format":false,"excerpt":"O Festival P\u00e9 na Rua realiza mais uma edi\u00e7\u00e3o neste domingo (7), na avenida Nove de Julho, em Ribeir\u00e3o Preto, a partir das 14h. Com entrada gratuita, o evento re\u00fane gastronomia, feira criativa, apresenta\u00e7\u00f5es art\u00edsticas e atividades para todas as idades ao longo do dia. A programa\u00e7\u00e3o inclui corredor gastron\u00f4mico\u2026","rel":"","context":"In &quot;Not\u00edcias de Ribeir\u00e3o Preto-SP e Regi\u00e3o&quot;","block_context":{"text":"Not\u00edcias de Ribeir\u00e3o Preto-SP e Regi\u00e3o","link":"https:\/\/noticiasribeiraopreto.com.br\/index.php\/category\/noticias-de-ribeirao-preto-sp-e-regiao-ismael-colosi\/"},"img":{"alt_text":"","src":"https:\/\/i0.wp.com\/noticiasribeiraopreto.com.br\/wp-content\/uploads\/2025\/07\/avenida-nove-de-julho_2025-07-18_19-28-18.webp.webp?fit=1200%2C800&ssl=1&resize=350%2C200","width":350,"height":200,"srcset":"https:\/\/i0.wp.com\/noticiasribeiraopreto.com.br\/wp-content\/uploads\/2025\/07\/avenida-nove-de-julho_2025-07-18_19-28-18.webp.webp?fit=1200%2C800&ssl=1&resize=350%2C200 1x, https:\/\/i0.wp.com\/noticiasribeiraopreto.com.br\/wp-content\/uploads\/2025\/07\/avenida-nove-de-julho_2025-07-18_19-28-18.webp.webp?fit=1200%2C800&ssl=1&resize=525%2C300 1.5x, https:\/\/i0.wp.com\/noticiasribeiraopreto.com.br\/wp-content\/uploads\/2025\/07\/avenida-nove-de-julho_2025-07-18_19-28-18.webp.webp?fit=1200%2C800&ssl=1&resize=700%2C400 2x, https:\/\/i0.wp.com\/noticiasribeiraopreto.com.br\/wp-content\/uploads\/2025\/07\/avenida-nove-de-julho_2025-07-18_19-28-18.webp.webp?fit=1200%2C800&ssl=1&resize=1050%2C600 3x"},"classes":[]},{"id":80618,"url":"https:\/\/noticiasribeiraopreto.com.br\/index.php\/2025\/12\/08\/papai-noel-oficinas-e-musica-veja-programacao-de-festival-na-avenida-nove-de-julho\/","url_meta":{"origin":73253,"position":4},"title":"Papai Noel, oficinas e m\u00fasica: Veja programa\u00e7\u00e3o de festival na avenida Nove de Julho","author":"noticiasribeiraopreto.com.br","date":"8 de December de 2025","format":false,"excerpt":"Acontece neste domingo (7), a segunda edi\u00e7\u00e3o do \u2018Festival P\u00e9 na Rua\u2018, a partir das 12h, na avenida Nove de Julho, regi\u00e3o Central de Ribeir\u00e3o Preto. Com entrada gratuita, o evento re\u00fane gastronomia, feira criativa, apresenta\u00e7\u00f5es art\u00edsticas e atividades para todas as idades ao longo do dia \u2013 veja a\u2026","rel":"","context":"In &quot;Not\u00edcias de Ribeir\u00e3o Preto-SP e Regi\u00e3o&quot;","block_context":{"text":"Not\u00edcias de Ribeir\u00e3o Preto-SP e Regi\u00e3o","link":"https:\/\/noticiasribeiraopreto.com.br\/index.php\/category\/noticias-de-ribeirao-preto-sp-e-regiao-ismael-colosi\/"},"img":{"alt_text":"","src":"https:\/\/i0.wp.com\/noticiasribeiraopreto.com.br\/wp-content\/uploads\/2025\/12\/Copia-de-Copia-de-Copia-de-TAMANHO-EXATO-PARA-FOTOS-NO-SISTEMA-NOVO-2025-11-27T115056.145_2025-11-27_14-52-08.webp.webp?fit=1200%2C675&ssl=1&resize=350%2C200","width":350,"height":200,"srcset":"https:\/\/i0.wp.com\/noticiasribeiraopreto.com.br\/wp-content\/uploads\/2025\/12\/Copia-de-Copia-de-Copia-de-TAMANHO-EXATO-PARA-FOTOS-NO-SISTEMA-NOVO-2025-11-27T115056.145_2025-11-27_14-52-08.webp.webp?fit=1200%2C675&ssl=1&resize=350%2C200 1x, https:\/\/i0.wp.com\/noticiasribeiraopreto.com.br\/wp-content\/uploads\/2025\/12\/Copia-de-Copia-de-Copia-de-TAMANHO-EXATO-PARA-FOTOS-NO-SISTEMA-NOVO-2025-11-27T115056.145_2025-11-27_14-52-08.webp.webp?fit=1200%2C675&ssl=1&resize=525%2C300 1.5x, https:\/\/i0.wp.com\/noticiasribeiraopreto.com.br\/wp-content\/uploads\/2025\/12\/Copia-de-Copia-de-Copia-de-TAMANHO-EXATO-PARA-FOTOS-NO-SISTEMA-NOVO-2025-11-27T115056.145_2025-11-27_14-52-08.webp.webp?fit=1200%2C675&ssl=1&resize=700%2C400 2x, https:\/\/i0.wp.com\/noticiasribeiraopreto.com.br\/wp-content\/uploads\/2025\/12\/Copia-de-Copia-de-Copia-de-TAMANHO-EXATO-PARA-FOTOS-NO-SISTEMA-NOVO-2025-11-27T115056.145_2025-11-27_14-52-08.webp.webp?fit=1200%2C675&ssl=1&resize=1050%2C600 3x"},"classes":[]},{"id":83544,"url":"https:\/\/noticiasribeiraopreto.com.br\/index.php\/2026\/03\/20\/fim-de-semana-tem-shows-teatro-e-eventos-gratuitos-em-ribeirao-e-regiao-confira-a-agenda\/","url_meta":{"origin":73253,"position":5},"title":"Fim de semana tem shows, teatro e eventos gratuitos em Ribeir\u00e3o e regi\u00e3o; Confira a agenda","author":"noticiasribeiraopreto.com.br","date":"20 de March de 2026","format":false,"excerpt":"O final de semana chegou e n\u00e3o faltam op\u00e7\u00f5es para aproveitar em Ribeir\u00e3o Preto e regi\u00e3o. Tem shows sertanejos, feira de brech\u00f3s, teatro e apresenta\u00e7\u00f5es de com\u00e9dia para todos os gostos. Confira a agenda cultural Cravinhos Rodeio Show O munic\u00edpio de Cravinhos celebra 150 anos com programa\u00e7\u00e3o especial e shows\u2026","rel":"","context":"In &quot;Not\u00edcias de Ribeir\u00e3o Preto-SP e Regi\u00e3o&quot;","block_context":{"text":"Not\u00edcias de Ribeir\u00e3o Preto-SP e Regi\u00e3o","link":"https:\/\/noticiasribeiraopreto.com.br\/index.php\/category\/noticias-de-ribeirao-preto-sp-e-regiao-ismael-colosi\/"},"img":{"alt_text":"","src":"https:\/\/i0.wp.com\/noticiasribeiraopreto.com.br\/wp-content\/uploads\/2026\/03\/domingo-2_2026-03-20_15-01-33.webp.webp?fit=1200%2C675&ssl=1&resize=350%2C200","width":350,"height":200,"srcset":"https:\/\/i0.wp.com\/noticiasribeiraopreto.com.br\/wp-content\/uploads\/2026\/03\/domingo-2_2026-03-20_15-01-33.webp.webp?fit=1200%2C675&ssl=1&resize=350%2C200 1x, https:\/\/i0.wp.com\/noticiasribeiraopreto.com.br\/wp-content\/uploads\/2026\/03\/domingo-2_2026-03-20_15-01-33.webp.webp?fit=1200%2C675&ssl=1&resize=525%2C300 1.5x, https:\/\/i0.wp.com\/noticiasribeiraopreto.com.br\/wp-content\/uploads\/2026\/03\/domingo-2_2026-03-20_15-01-33.webp.webp?fit=1200%2C675&ssl=1&resize=700%2C400 2x, https:\/\/i0.wp.com\/noticiasribeiraopreto.com.br\/wp-content\/uploads\/2026\/03\/domingo-2_2026-03-20_15-01-33.webp.webp?fit=1200%2C675&ssl=1&resize=1050%2C600 3x"},"classes":[]}],"jetpack_sharing_enabled":true,"jetpack_shortlink":"https:\/\/wp.me\/peQAOb-j3v","_links":{"self":[{"href":"https:\/\/noticiasribeiraopreto.com.br\/index.php\/wp-json\/wp\/v2\/posts\/73253","targetHints":{"allow":["GET"]}}],"collection":[{"href":"https:\/\/noticiasribeiraopreto.com.br\/index.php\/wp-json\/wp\/v2\/posts"}],"about":[{"href":"https:\/\/noticiasribeiraopreto.com.br\/index.php\/wp-json\/wp\/v2\/types\/post"}],"author":[{"embeddable":true,"href":"https:\/\/noticiasribeiraopreto.com.br\/index.php\/wp-json\/wp\/v2\/users\/1"}],"replies":[{"embeddable":true,"href":"https:\/\/noticiasribeiraopreto.com.br\/index.php\/wp-json\/wp\/v2\/comments?post=73253"}],"version-history":[{"count":0,"href":"https:\/\/noticiasribeiraopreto.com.br\/index.php\/wp-json\/wp\/v2\/posts\/73253\/revisions"}],"wp:featuredmedia":[{"embeddable":true,"href":"https:\/\/noticiasribeiraopreto.com.br\/index.php\/wp-json\/wp\/v2\/media\/73254"}],"wp:attachment":[{"href":"https:\/\/noticiasribeiraopreto.com.br\/index.php\/wp-json\/wp\/v2\/media?parent=73253"}],"wp:term":[{"taxonomy":"category","embeddable":true,"href":"https:\/\/noticiasribeiraopreto.com.br\/index.php\/wp-json\/wp\/v2\/categories?post=73253"},{"taxonomy":"post_tag","embeddable":true,"href":"https:\/\/noticiasribeiraopreto.com.br\/index.php\/wp-json\/wp\/v2\/tags?post=73253"}],"curies":[{"name":"wp","href":"https:\/\/api.w.org\/{rel}","templated":true}]}}