{"id":73255,"date":"2025-06-27T22:57:02","date_gmt":"2025-06-28T01:57:02","guid":{"rendered":"https:\/\/noticiasribeiraopreto.com.br\/index.php\/2025\/06\/27\/ciclone-provoca-instabilidade-e-altera-a-previsao-do-tempo-para-os-proximos-dias\/"},"modified":"2025-06-27T22:57:02","modified_gmt":"2025-06-28T01:57:02","slug":"ciclone-provoca-instabilidade-e-altera-a-previsao-do-tempo-para-os-proximos-dias","status":"publish","type":"post","link":"https:\/\/noticiasribeiraopreto.com.br\/index.php\/2025\/06\/27\/ciclone-provoca-instabilidade-e-altera-a-previsao-do-tempo-para-os-proximos-dias\/","title":{"rendered":"Ciclone provoca instabilidade e altera a previs\u00e3o do tempo para os pr\u00f3ximos dias"},"content":{"rendered":"<div class='code-block code-block-1' style='margin: 8px 0 8px auto; text-align: right; display: block; clear: both;'>\n<p><a href=\"https:\/\/wa.link\/vpicfd\"><img data-recalc-dims=\"1\" class=\"wp-image-4922\" style=\"aspect-ratio: 2.0253164556962027; width: 561px; height: auto;\" src=\"https:\/\/i0.wp.com\/ismaelcolosi.com.br\/wp-content\/uploads\/2023\/11\/grupo-de-empregos-whatsapp-e-facebook-ismael-colosi-vagas.jpg?ssl=1\" alt=\"\" \/><\/a><\/p>\n<!-- \/wp:image -->\n<\/div>\n<p> <br \/>\n<\/p>\n<div data-td-block-uid=\"tdi_95\">\n<div class=\"tdb-block-inner td-fix-index\">\n<p><strong>Ciclone que avan\u00e7a pelo Sul provoca chuvas intensas e muda a previs\u00e3o do tempo no Brasil.<\/strong> Ap\u00f3s uma sequ\u00eancia de dias gelados, com recordes de temperatura m\u00ednima em v\u00e1rias capitais, o clima come\u00e7a a mudar em diversas regi\u00f5es. A partir desta sexta-feira (27), <strong>o avan\u00e7o de uma massa de ar quente eleva as temperaturas<\/strong>, especialmente no Sudeste e Centro-Oeste.<\/p>\n<p>Enquanto o frio perde for\u00e7a nessas \u00e1reas, o ciclone que se forma no Sul mant\u00e9m o alerta para temporais, com previs\u00e3o de chuvas volumosas e persistentes.<\/p>\n<h3 class=\"wp-block-heading\"><strong>Interior de S\u00e3o Paulo ter\u00e1 tempo firme<\/strong><\/h3>\n<p>No interior paulista, a mudan\u00e7a no padr\u00e3o clim\u00e1tico j\u00e1 \u00e9 percebida. Com a dissipa\u00e7\u00e3o gradual da massa de ar polar, cidades como <strong>Ribeir\u00e3o Preto<\/strong>, S\u00e3o Jos\u00e9 do Rio Preto, Araraquara e <strong>Franca <\/strong>devem ter um fim de semana com sol predominante e temperaturas em eleva\u00e7\u00e3o.<\/p>\n<p>Mesmo com madrugadas ainda frias, os term\u00f4metros sobem rapidamente ao longo do dia. No s\u00e1bado (28), v\u00e1rias regi\u00f5es do interior devem registrar m\u00e1ximas entre 27\u00b0C e 29\u00b0C. Em <strong>Ribeir\u00e3o Preto<\/strong>, por exemplo, o s\u00e1bado deve come\u00e7ar com 14\u00b0C e alcan\u00e7ar at\u00e9 29\u00b0C \u00e0 tarde.<\/p>\n<p><em><sup><sub>Informa\u00e7\u00f5es do Inmet<\/sub><\/sup><\/em><\/p>\n<hr class=\"wp-block-separator has-alpha-channel-opacity\"\/>\n<p>SAIBA MAIS<\/p>\n<p>Unesp abre concurso p\u00fablico com sal\u00e1rios de at\u00e9 R$ 12,4 mil<\/p>\n<h3 class=\"wp-block-heading\"><strong>FIQUE ON<\/strong><\/h3>\n<p>Fique ligado em tudo que acontece em Ribeir\u00e3o Preto e regi\u00e3o. Siga os perfis do\u00a0<strong>acidade on\u00a0<\/strong>no\u00a0<a href=\"https:\/\/www.instagram.com\/acidadeonribeirao\" target=\"_blank\" rel=\"noreferrer noopener\">Instagram<\/a>\u00a0e no\u00a0<a href=\"https:\/\/www.facebook.com\/acidadeonribeirao\" target=\"_blank\" rel=\"noreferrer noopener\">Facebook<\/a>.<\/p>\n<p>Receba not\u00edcias do acidade on no WhatsApp. Para entrar no grupo, basta\u00a0<a href=\"https:\/\/chat.whatsapp.com\/BjKQZ9oJwlz8VVT50NuePq\" target=\"_blank\" rel=\"noreferrer noopener\">clicar aqui<\/a>.<\/p>\n<p>Fa\u00e7a uma den\u00fancia ou sugira uma reportagem sobre Ribeir\u00e3o Preto e regi\u00e3o pelo WhatsApp: 16 99117 7802.<\/p>\n<p>VEJA TAMB\u00c9M<\/p>\n<p>Orgulho LGBTQIAPN+: conhe\u00e7a a hist\u00f3ria Andr\u00e9a de Mayo<\/p>\n<p><!-- AI CONTENT END 1 -->\n<\/div>\n<\/div>\n<p><script async src=\"\/\/www.instagram.com\/embed.js\"><\/script><br \/>\n<br \/><br \/>\n<br \/><a href=\"https:\/\/www.acidadeon.com\/ribeiraopreto\/cotidiano\/ciclone-provoca-instabilidade-e-altera-a-previsao-do-tempo-para-os-proximos-dias\/\">Source link <\/a><\/p>\n<!-- CONTENT END 1 -->\n","protected":false},"excerpt":{"rendered":"<p>Ciclone que avan\u00e7a pelo Sul provoca chuvas intensas e muda a previs\u00e3o do tempo no Brasil. Ap\u00f3s uma sequ\u00eancia de dias gelados, com recordes de&#8230;<\/p>\n","protected":false},"author":1,"featured_media":73256,"comment_status":"open","ping_status":"open","sticky":false,"template":"","format":"standard","meta":{"advanced_seo_description":"","jetpack_seo_html_title":"","jetpack_seo_noindex":false,"jetpack_post_was_ever_published":false,"_jetpack_newsletter_access":"","_jetpack_dont_email_post_to_subs":false,"_jetpack_newsletter_tier_id":0,"_jetpack_memberships_contains_paywalled_content":false,"_jetpack_memberships_contains_paid_content":false,"footnotes":"","jetpack_publicize_message":"","jetpack_publicize_feature_enabled":true,"jetpack_social_post_already_shared":true,"jetpack_social_options":{"image_generator_settings":{"template":"highway","default_image_id":0,"font":"","enabled":false},"version":2}},"categories":[11],"tags":[],"class_list":["post-73255","post","type-post","status-publish","format-standard","has-post-thumbnail","hentry","category-noticias-de-ribeirao-preto-sp-e-regiao-ismael-colosi"],"jetpack_publicize_connections":[],"jetpack_featured_media_url":"https:\/\/i0.wp.com\/noticiasribeiraopreto.com.br\/wp-content\/uploads\/2025\/06\/tempo-ribeirao-preto-5_2025-04-26_12-45-20.webp.webp?fit=1200%2C900&ssl=1","jetpack-related-posts":[{"id":80611,"url":"https:\/\/noticiasribeiraopreto.com.br\/index.php\/2025\/12\/08\/ciclone-provoca-ventos-proximos-de-100-km-h-no-estado-de-sao-paulo-veja-previsao\/","url_meta":{"origin":73255,"position":0},"title":"Ciclone provoca ventos pr\u00f3ximos de 100 km\/h no estado de S\u00e3o Paulo; Veja previs\u00e3o","author":"noticiasribeiraopreto.com.br","date":"8 de December de 2025","format":false,"excerpt":"Uma regi\u00e3o de baixa press\u00e3o se forma sobre o Sul do Brasil nesta segunda-feira (8) e deve dar origem a um ciclone extratropical que vai atingir o Sudeste do pa\u00eds. De acordo com o meteorologista Matheus Manente, da Meteored, esse sistema pode provocar chuva intensa e rajadas de vento que\u2026","rel":"","context":"In &quot;Not\u00edcias de Ribeir\u00e3o Preto-SP e Regi\u00e3o&quot;","block_context":{"text":"Not\u00edcias de Ribeir\u00e3o Preto-SP e Regi\u00e3o","link":"https:\/\/noticiasribeiraopreto.com.br\/index.php\/category\/noticias-de-ribeirao-preto-sp-e-regiao-ismael-colosi\/"},"img":{"alt_text":"","src":"https:\/\/i0.wp.com\/noticiasribeiraopreto.com.br\/wp-content\/uploads\/2025\/10\/chuva_temporal_1024x576_07012021130023_2024-10-24_18-15-47_jpg_2024-10-24_18-15-47.webp.webp?fit=1024%2C575&ssl=1&resize=350%2C200","width":350,"height":200,"srcset":"https:\/\/i0.wp.com\/noticiasribeiraopreto.com.br\/wp-content\/uploads\/2025\/10\/chuva_temporal_1024x576_07012021130023_2024-10-24_18-15-47_jpg_2024-10-24_18-15-47.webp.webp?fit=1024%2C575&ssl=1&resize=350%2C200 1x, https:\/\/i0.wp.com\/noticiasribeiraopreto.com.br\/wp-content\/uploads\/2025\/10\/chuva_temporal_1024x576_07012021130023_2024-10-24_18-15-47_jpg_2024-10-24_18-15-47.webp.webp?fit=1024%2C575&ssl=1&resize=525%2C300 1.5x, https:\/\/i0.wp.com\/noticiasribeiraopreto.com.br\/wp-content\/uploads\/2025\/10\/chuva_temporal_1024x576_07012021130023_2024-10-24_18-15-47_jpg_2024-10-24_18-15-47.webp.webp?fit=1024%2C575&ssl=1&resize=700%2C400 2x"},"classes":[]},{"id":80660,"url":"https:\/\/noticiasribeiraopreto.com.br\/index.php\/2025\/12\/10\/ciclone-que-atinge-sc-vai-chegar-ao-interior-de-sp-veja-previsao\/","url_meta":{"origin":73255,"position":1},"title":"Ciclone que atinge SC vai chegar ao interior de SP? Veja previs\u00e3o","author":"noticiasribeiraopreto.com.br","date":"10 de December de 2025","format":false,"excerpt":"O ciclone extratropical que atinge Santa Catarina j\u00e1 provoca mudan\u00e7as no tempo em v\u00e1rias regi\u00f5es de S\u00e3o Paulo nesta ter\u00e7a-feira (9), inclusive no interior. A Defesa Civil emitiu, na segunda-feira (8), um alerta preventivo para chuva, rajadas de vento e queda de temperatura na regi\u00e3o de Ribeir\u00e3o Preto. Segundo o\u2026","rel":"","context":"In &quot;Not\u00edcias de Ribeir\u00e3o Preto-SP e Regi\u00e3o&quot;","block_context":{"text":"Not\u00edcias de Ribeir\u00e3o Preto-SP e Regi\u00e3o","link":"https:\/\/noticiasribeiraopreto.com.br\/index.php\/category\/noticias-de-ribeirao-preto-sp-e-regiao-ismael-colosi\/"},"img":{"alt_text":"","src":"https:\/\/i0.wp.com\/noticiasribeiraopreto.com.br\/wp-content\/uploads\/2025\/12\/Imagem-do-WhatsApp-de-2025-12-09-as-18.22.36_13dffc53_2025-12-09_21-25-12.webp.webp?fit=1200%2C900&ssl=1&resize=350%2C200","width":350,"height":200,"srcset":"https:\/\/i0.wp.com\/noticiasribeiraopreto.com.br\/wp-content\/uploads\/2025\/12\/Imagem-do-WhatsApp-de-2025-12-09-as-18.22.36_13dffc53_2025-12-09_21-25-12.webp.webp?fit=1200%2C900&ssl=1&resize=350%2C200 1x, https:\/\/i0.wp.com\/noticiasribeiraopreto.com.br\/wp-content\/uploads\/2025\/12\/Imagem-do-WhatsApp-de-2025-12-09-as-18.22.36_13dffc53_2025-12-09_21-25-12.webp.webp?fit=1200%2C900&ssl=1&resize=525%2C300 1.5x, https:\/\/i0.wp.com\/noticiasribeiraopreto.com.br\/wp-content\/uploads\/2025\/12\/Imagem-do-WhatsApp-de-2025-12-09-as-18.22.36_13dffc53_2025-12-09_21-25-12.webp.webp?fit=1200%2C900&ssl=1&resize=700%2C400 2x, https:\/\/i0.wp.com\/noticiasribeiraopreto.com.br\/wp-content\/uploads\/2025\/12\/Imagem-do-WhatsApp-de-2025-12-09-as-18.22.36_13dffc53_2025-12-09_21-25-12.webp.webp?fit=1200%2C900&ssl=1&resize=1050%2C600 3x"},"classes":[]},{"id":51535,"url":"https:\/\/noticiasribeiraopreto.com.br\/index.php\/2024\/05\/27\/ciclone-vai-atingir-sp-veja-a-previsao-do-tempo-para-o-interior-paulista\/","url_meta":{"origin":73255,"position":2},"title":"Ciclone vai atingir SP? Veja a previs\u00e3o do tempo para o interior paulista","author":"noticiasribeiraopreto.com.br","date":"27 de May de 2024","format":false,"excerpt":"Uma nova massa de ar frio deve provocar mais uma queda das temperaturas em todo o interior do estado de S\u00e3o Paulo, a partir desta ter\u00e7a-feira (27). Segundo os meteorologistas, essa condi\u00e7\u00e3o acontece gra\u00e7as \u00e0 atua\u00e7\u00e3o de um ciclone extratropical que come\u00e7ou a se formar pr\u00f3ximo \u00e0 costa da regi\u00e3o\u2026","rel":"","context":"In &quot;Not\u00edcias de Ribeir\u00e3o Preto-SP e Regi\u00e3o&quot;","block_context":{"text":"Not\u00edcias de Ribeir\u00e3o Preto-SP e Regi\u00e3o","link":"https:\/\/noticiasribeiraopreto.com.br\/index.php\/category\/noticias-de-ribeirao-preto-sp-e-regiao-ismael-colosi\/"},"img":{"alt_text":"","src":"https:\/\/i0.wp.com\/noticiasribeiraopreto.com.br\/wp-content\/uploads\/2024\/05\/CicloneextratropicalgrandeeintensoprovocaalertaVejaaprevisodotempo_Tamanho_2_image.jpg?fit=1200%2C900&ssl=1&resize=350%2C200","width":350,"height":200,"srcset":"https:\/\/i0.wp.com\/noticiasribeiraopreto.com.br\/wp-content\/uploads\/2024\/05\/CicloneextratropicalgrandeeintensoprovocaalertaVejaaprevisodotempo_Tamanho_2_image.jpg?fit=1200%2C900&ssl=1&resize=350%2C200 1x, https:\/\/i0.wp.com\/noticiasribeiraopreto.com.br\/wp-content\/uploads\/2024\/05\/CicloneextratropicalgrandeeintensoprovocaalertaVejaaprevisodotempo_Tamanho_2_image.jpg?fit=1200%2C900&ssl=1&resize=525%2C300 1.5x, https:\/\/i0.wp.com\/noticiasribeiraopreto.com.br\/wp-content\/uploads\/2024\/05\/CicloneextratropicalgrandeeintensoprovocaalertaVejaaprevisodotempo_Tamanho_2_image.jpg?fit=1200%2C900&ssl=1&resize=700%2C400 2x, https:\/\/i0.wp.com\/noticiasribeiraopreto.com.br\/wp-content\/uploads\/2024\/05\/CicloneextratropicalgrandeeintensoprovocaalertaVejaaprevisodotempo_Tamanho_2_image.jpg?fit=1200%2C900&ssl=1&resize=1050%2C600 3x"},"classes":[]},{"id":75280,"url":"https:\/\/noticiasribeiraopreto.com.br\/index.php\/2025\/08\/06\/massa-de-ar-polar-forte-deve-derrubar-as-temperaturas-veja-previsao\/","url_meta":{"origin":73255,"position":3},"title":"Massa de ar polar forte deve derrubar as temperaturas; Veja previs\u00e3o","author":"noticiasribeiraopreto.com.br","date":"6 de August de 2025","format":false,"excerpt":"Uma massa de ar polar de forte intensidade dever\u00e1 derrubar as temperaturas no Sudeste. Segundo a Climatempo, o ar frio dever\u00e1 chegar na retaguarda de uma nova frente fria associada a um ciclone extratropical, que avan\u00e7a para a regi\u00e3o entre quinta-feira (7) sexta-feira (8). Para o Sul, h\u00e1 at\u00e9 possibilidade\u2026","rel":"","context":"In &quot;Not\u00edcias de Ribeir\u00e3o Preto-SP e Regi\u00e3o&quot;","block_context":{"text":"Not\u00edcias de Ribeir\u00e3o Preto-SP e Regi\u00e3o","link":"https:\/\/noticiasribeiraopreto.com.br\/index.php\/category\/noticias-de-ribeirao-preto-sp-e-regiao-ismael-colosi\/"},"img":{"alt_text":"","src":"https:\/\/i0.wp.com\/noticiasribeiraopreto.com.br\/wp-content\/uploads\/2025\/07\/frio_sp06_2025-07-29_09-28-55.webp.webp?fit=1200%2C808&ssl=1&resize=350%2C200","width":350,"height":200,"srcset":"https:\/\/i0.wp.com\/noticiasribeiraopreto.com.br\/wp-content\/uploads\/2025\/07\/frio_sp06_2025-07-29_09-28-55.webp.webp?fit=1200%2C808&ssl=1&resize=350%2C200 1x, https:\/\/i0.wp.com\/noticiasribeiraopreto.com.br\/wp-content\/uploads\/2025\/07\/frio_sp06_2025-07-29_09-28-55.webp.webp?fit=1200%2C808&ssl=1&resize=525%2C300 1.5x, https:\/\/i0.wp.com\/noticiasribeiraopreto.com.br\/wp-content\/uploads\/2025\/07\/frio_sp06_2025-07-29_09-28-55.webp.webp?fit=1200%2C808&ssl=1&resize=700%2C400 2x, https:\/\/i0.wp.com\/noticiasribeiraopreto.com.br\/wp-content\/uploads\/2025\/07\/frio_sp06_2025-07-29_09-28-55.webp.webp?fit=1200%2C808&ssl=1&resize=1050%2C600 3x"},"classes":[]},{"id":75929,"url":"https:\/\/noticiasribeiraopreto.com.br\/index.php\/2025\/08\/18\/ciclone-extratropical-provoca-vendaval-no-interior-de-sp\/","url_meta":{"origin":73255,"position":4},"title":"Ciclone extratropical provoca vendaval no interior de SP","author":"noticiasribeiraopreto.com.br","date":"18 de August de 2025","format":false,"excerpt":"Um novo ciclone extratropical come\u00e7a a se formar nesta ter\u00e7a-feira (19) sobre o norte da Argentina e deve ganhar for\u00e7a ao longo do dia. Por conta do ciclone extratropical, a Climatempo aponta para possibilidade de vendaval, com velocidades entre 40 km\/h e 50 km\/h, no interior de S\u00e3o Paulo. Os\u2026","rel":"","context":"In &quot;Not\u00edcias de Ribeir\u00e3o Preto-SP e Regi\u00e3o&quot;","block_context":{"text":"Not\u00edcias de Ribeir\u00e3o Preto-SP e Regi\u00e3o","link":"https:\/\/noticiasribeiraopreto.com.br\/index.php\/category\/noticias-de-ribeirao-preto-sp-e-regiao-ismael-colosi\/"},"img":{"alt_text":"","src":"https:\/\/i0.wp.com\/noticiasribeiraopreto.com.br\/wp-content\/uploads\/2025\/08\/rajadas-de-vento_2025-08-18_19-30-40.webp.webp?fit=1200%2C675&ssl=1&resize=350%2C200","width":350,"height":200,"srcset":"https:\/\/i0.wp.com\/noticiasribeiraopreto.com.br\/wp-content\/uploads\/2025\/08\/rajadas-de-vento_2025-08-18_19-30-40.webp.webp?fit=1200%2C675&ssl=1&resize=350%2C200 1x, https:\/\/i0.wp.com\/noticiasribeiraopreto.com.br\/wp-content\/uploads\/2025\/08\/rajadas-de-vento_2025-08-18_19-30-40.webp.webp?fit=1200%2C675&ssl=1&resize=525%2C300 1.5x, https:\/\/i0.wp.com\/noticiasribeiraopreto.com.br\/wp-content\/uploads\/2025\/08\/rajadas-de-vento_2025-08-18_19-30-40.webp.webp?fit=1200%2C675&ssl=1&resize=700%2C400 2x, https:\/\/i0.wp.com\/noticiasribeiraopreto.com.br\/wp-content\/uploads\/2025\/08\/rajadas-de-vento_2025-08-18_19-30-40.webp.webp?fit=1200%2C675&ssl=1&resize=1050%2C600 3x"},"classes":[]},{"id":29570,"url":"https:\/\/noticiasribeiraopreto.com.br\/index.php\/2024\/01\/18\/ciclone-que-atingiu-o-rs-deve-afetar-o-estado-de-sp-veja-a-previsao\/","url_meta":{"origin":73255,"position":5},"title":"Ciclone que atingiu o RS deve afetar o estado de SP; Veja a previs\u00e3o","author":"noticiasribeiraopreto.com.br","date":"18 de January de 2024","format":false,"excerpt":"Os efeitos de um ciclone, formado no Rio Grande do Sul, nos \u00faltimos dias, devem atingir todo o estado de S\u00e3o Paulo, de acordo com o Inmet (Instituto Nacional de Meteorologia). A forma\u00e7\u00e3o de uma frente fria com entrada de ventos mais \u00famidos, combinada com a circula\u00e7\u00e3o de ventos nos\u2026","rel":"","context":"In &quot;Not\u00edcias de Ribeir\u00e3o Preto-SP e Regi\u00e3o&quot;","block_context":{"text":"Not\u00edcias de Ribeir\u00e3o Preto-SP e Regi\u00e3o","link":"https:\/\/noticiasribeiraopreto.com.br\/index.php\/category\/noticias-de-ribeirao-preto-sp-e-regiao-ismael-colosi\/"},"img":{"alt_text":"","src":"https:\/\/i0.wp.com\/noticiasribeiraopreto.com.br\/wp-content\/uploads\/2024\/01\/chuva_temporal_1024x576_07012021130023.jpg?fit=1024%2C575&ssl=1&resize=350%2C200","width":350,"height":200,"srcset":"https:\/\/i0.wp.com\/noticiasribeiraopreto.com.br\/wp-content\/uploads\/2024\/01\/chuva_temporal_1024x576_07012021130023.jpg?fit=1024%2C575&ssl=1&resize=350%2C200 1x, https:\/\/i0.wp.com\/noticiasribeiraopreto.com.br\/wp-content\/uploads\/2024\/01\/chuva_temporal_1024x576_07012021130023.jpg?fit=1024%2C575&ssl=1&resize=525%2C300 1.5x, https:\/\/i0.wp.com\/noticiasribeiraopreto.com.br\/wp-content\/uploads\/2024\/01\/chuva_temporal_1024x576_07012021130023.jpg?fit=1024%2C575&ssl=1&resize=700%2C400 2x"},"classes":[]}],"jetpack_sharing_enabled":true,"jetpack_shortlink":"https:\/\/wp.me\/peQAOb-j3x","_links":{"self":[{"href":"https:\/\/noticiasribeiraopreto.com.br\/index.php\/wp-json\/wp\/v2\/posts\/73255","targetHints":{"allow":["GET"]}}],"collection":[{"href":"https:\/\/noticiasribeiraopreto.com.br\/index.php\/wp-json\/wp\/v2\/posts"}],"about":[{"href":"https:\/\/noticiasribeiraopreto.com.br\/index.php\/wp-json\/wp\/v2\/types\/post"}],"author":[{"embeddable":true,"href":"https:\/\/noticiasribeiraopreto.com.br\/index.php\/wp-json\/wp\/v2\/users\/1"}],"replies":[{"embeddable":true,"href":"https:\/\/noticiasribeiraopreto.com.br\/index.php\/wp-json\/wp\/v2\/comments?post=73255"}],"version-history":[{"count":0,"href":"https:\/\/noticiasribeiraopreto.com.br\/index.php\/wp-json\/wp\/v2\/posts\/73255\/revisions"}],"wp:featuredmedia":[{"embeddable":true,"href":"https:\/\/noticiasribeiraopreto.com.br\/index.php\/wp-json\/wp\/v2\/media\/73256"}],"wp:attachment":[{"href":"https:\/\/noticiasribeiraopreto.com.br\/index.php\/wp-json\/wp\/v2\/media?parent=73255"}],"wp:term":[{"taxonomy":"category","embeddable":true,"href":"https:\/\/noticiasribeiraopreto.com.br\/index.php\/wp-json\/wp\/v2\/categories?post=73255"},{"taxonomy":"post_tag","embeddable":true,"href":"https:\/\/noticiasribeiraopreto.com.br\/index.php\/wp-json\/wp\/v2\/tags?post=73255"}],"curies":[{"name":"wp","href":"https:\/\/api.w.org\/{rel}","templated":true}]}}