{"id":73257,"date":"2025-06-28T08:07:54","date_gmt":"2025-06-28T11:07:54","guid":{"rendered":"https:\/\/noticiasribeiraopreto.com.br\/index.php\/2025\/06\/28\/inverno-aumenta-casos-de-coceira-e-dermatite-veja-como-se-cuidar\/"},"modified":"2025-06-28T08:07:54","modified_gmt":"2025-06-28T11:07:54","slug":"inverno-aumenta-casos-de-coceira-e-dermatite-veja-como-se-cuidar","status":"publish","type":"post","link":"https:\/\/noticiasribeiraopreto.com.br\/index.php\/2025\/06\/28\/inverno-aumenta-casos-de-coceira-e-dermatite-veja-como-se-cuidar\/","title":{"rendered":"Inverno aumenta casos de coceira e dermatite; veja como se cuidar"},"content":{"rendered":"<div class='code-block code-block-1' style='margin: 8px 0 8px auto; text-align: right; display: block; clear: both;'>\n<p><a href=\"https:\/\/wa.link\/vpicfd\"><img data-recalc-dims=\"1\" class=\"wp-image-4922\" style=\"aspect-ratio: 2.0253164556962027; width: 561px; height: auto;\" src=\"https:\/\/i0.wp.com\/ismaelcolosi.com.br\/wp-content\/uploads\/2023\/11\/grupo-de-empregos-whatsapp-e-facebook-ismael-colosi-vagas.jpg?ssl=1\" alt=\"\" \/><\/a><\/p>\n<!-- \/wp:image -->\n<\/div>\n<p> <br \/>\n<\/p>\n<div>\n<p>Durante o inverno, <strong>as queixas relacionadas \u00e0 pele aumentam nos consult\u00f3rios dermatol\u00f3gicos<\/strong>. O frio, o ar seco e os banhos quentes prejudicam a barreira natural da pele e favorecem o surgimento de doen\u00e7as como <strong>dermatite<\/strong>, <strong>psor\u00edase <\/strong>e <strong>descama\u00e7\u00e3o<\/strong>.<\/p>\n<p>Para ajudar a entender os principais cuidados que evitam esses problemas, o <em><strong>acidade on <\/strong><\/em>conversou com a dermatologista <strong>Fl\u00e1via Villela<\/strong> e trouxe orienta\u00e7\u00f5es pr\u00e1ticas que fazem diferen\u00e7a no dia a dia.<\/p>\n<h3 class=\"wp-block-heading\"><strong>Frio e ar seco <\/strong><\/h3>\n<p>Segundo a m\u00e9dica, o r<strong>essecamento da pele no inverno ocorre por v\u00e1rios fatores combinados<\/strong>. O ar seco reduz a umidade do ambiente, enquanto o<strong> frio diminui a produ\u00e7\u00e3o natural de oleosidade.<\/strong> Al\u00e9m disso, muitas pessoas aumentam o tempo no banho e usam \u00e1gua muito quente, o que agrava ainda mais a situa\u00e7\u00e3o.<\/p>\n<figure class=\"wp-block-pullquote\">\n<blockquote>\n<p>\u201cNo inverno, a pele perde prote\u00e7\u00e3o porque as pessoas removem a oleosidade natural com banhos quentes e demorados. Isso facilita o ressecamento e deixa a pele vulner\u00e1vel\u201d, explicou Fl\u00e1via Villela.<\/p>\n<\/blockquote>\n<\/figure>\n<h3 class=\"wp-block-heading\"><strong>Banhos longos e quentes <\/strong><\/h3>\n<p>Apesar de relaxantes, os<strong> banhos quentes representam um dos maiores vil\u00f5es para a sa\u00fade da pele no frio<\/strong>. A m\u00e9dica alerta que a \u00e1gua em alta temperatura remove os lip\u00eddios naturais, ou seja, a prote\u00e7\u00e3o que impede a perda de \u00e1gua da pele. Como resultado, a pele pode apresentar coceira, ard\u00eancia, aspereza e at\u00e9 microfissuras.<\/p>\n<figure class=\"wp-block-pullquote\">\n<blockquote>\n<p>\u201cQuando a pele perde sua barreira, ela repuxa, arde e descasca com facilidade. Em alguns casos, surgem inflama\u00e7\u00f5es ou infec\u00e7\u00f5es\u201d, disse a dermatologista.<\/p>\n<\/blockquote>\n<\/figure>\n<h3 class=\"wp-block-heading\"><strong>Coceira e descama\u00e7\u00e3o aumentam no inverno<\/strong><\/h3>\n<p>De acordo com Fl\u00e1via Villela, a<strong> sensa\u00e7\u00e3o de pele \u00e1spera<\/strong>, a <strong>descama\u00e7\u00e3o <\/strong>e a <strong>coceira aparecem com frequ\u00eancia nesta \u00e9poca do ano.<\/strong> Quando a hidrata\u00e7\u00e3o diminui, as termina\u00e7\u00f5es nervosas da pele ficam mais expostas, o que provoca coceiras. Se a pessoa co\u00e7ar demais, pode acabar com feridas ou les\u00f5es que favorecem o surgimento de dermatites.<\/p>\n<h3 class=\"wp-block-heading\"><strong>Doen\u00e7as de pele mais comuns no frio<\/strong><\/h3>\n<p>A dermatologista<strong> citou os principais problemas dermatol\u00f3gicos<\/strong> que aparecem ou se agravam durante o inverno. Veja a lista:<\/p>\n<ul class=\"wp-block-list\">\n<li>Ressecamento e descama\u00e7\u00e3o da pele;<\/li>\n<li>Dermatite at\u00f3pica e dermatite de contato;<\/li>\n<li>L\u00e1bios rachados;<\/li>\n<li>Agravamento de psor\u00edase e ros\u00e1cea.<\/li>\n<\/ul>\n<p>Essas doen\u00e7as costumam se intensificar devido \u00e0 perda de hidrata\u00e7\u00e3o e \u00e0 falta de cuidados adequados com a pele no frio.<\/p>\n<h3 class=\"wp-block-heading\"><strong>Hidratar a pele todos os dias faz diferen\u00e7a<\/strong><\/h3>\n<p>Ao contr\u00e1rio do que muitas pessoas pensam,<strong> hidratar a pele n\u00e3o se resume a uma quest\u00e3o est\u00e9tica<\/strong>. Esse h\u00e1bito tem fun\u00e7\u00e3o essencial na prote\u00e7\u00e3o da pele contra o frio.<\/p>\n<figure class=\"wp-block-pullquote\">\n<blockquote>\n<p>\u201cO hidratante restaura a barreira protetora da pele e evita a perda de \u00e1gua. \u00c9 um cuidado indispens\u00e1vel no inverno\u201d, destacou a m\u00e9dica.<\/p>\n<\/blockquote>\n<\/figure>\n<p>Ela orienta <strong>aplicar o hidratante logo ap\u00f3s o banho<\/strong>, com a <strong>pele ainda \u00famida<\/strong>, para garantir melhor absor\u00e7\u00e3o e efeito prolongado.<\/p>\n<h3 class=\"wp-block-heading\"><strong>Quando procurar um dermatologista?<\/strong><\/h3>\n<p>Em muitos casos, os hidratantes comuns n\u00e3o resolvem o problema. Por isso, a<strong> m\u00e9dica recomenda procurar ajuda especializada quando os sintomas persistem.<\/strong><\/p>\n<figure class=\"wp-block-pullquote\">\n<blockquote>\n<p>\u201cSe a pele continua seca, irritada, com rachaduras ou sinais de infec\u00e7\u00e3o, a pessoa deve procurar um dermatologista. Isso pode indicar uma doen\u00e7a que precisa de tratamento espec\u00edfico\u201d, afirmou.<\/p>\n<\/blockquote>\n<\/figure>\n<p>Fl\u00e1via Villela <strong>tamb\u00e9m compartilhou dicas simples que ajudam a manter a pele saud\u00e1vel <\/strong>mesmo nos dias mais frios. <strong>Confira<\/strong>:<\/p>\n<ul class=\"wp-block-list\">\n<li>Tome banhos curtos com \u00e1gua morna;<\/li>\n<li>Use sabonetes suaves, com menos fragr\u00e2ncia e corantes;<\/li>\n<li>Aplique hidratante diariamente, de prefer\u00eancia ap\u00f3s o banho;<\/li>\n<li>Beba bastante \u00e1gua, mesmo que n\u00e3o sinta sede;<\/li>\n<li>Evite tecidos que irritam a pele, como l\u00e3 em contato direto com o corpo.<\/li>\n<\/ul>\n<p>Seguindo essas orienta\u00e7\u00f5es, \u00e9 poss\u00edvel passar pelo inverno sem sofrer com os problemas de pele mais comuns da esta\u00e7\u00e3o.<\/p>\n<p><em>\u201cCuidar da pele precisa fazer parte da rotina. Prevenir \u00e9 sempre melhor do que tratar depois que o problema j\u00e1 se instalou\u201d,<\/em> concluiu a dermatologista.<\/p>\n<hr class=\"wp-block-separator has-alpha-channel-opacity\"\/>\n<p>SAIBA MAIS<\/p>\n<p>C\u00e2mara aprova cr\u00e9dito de R$ 1 milh\u00e3o para realiza\u00e7\u00e3o dos Jogos Regionais em Ribeir\u00e3o<\/p>\n<h2 class=\"wp-block-heading\"><strong>FIQUE ON<\/strong><\/h2>\n<p>Quer ficar por dentro de tudo que acontece em Ribeir\u00e3o Preto e regi\u00e3o? Ent\u00e3o siga os perfis do\u202facidade on\u202fno\u202f<a href=\"https:\/\/www.instagram.com\/acidadeonribeirao\" target=\"_blank\" rel=\"noreferrer noopener\">Instagram<\/a>\u202fe no\u202f<a href=\"https:\/\/www.facebook.com\/acidadeonribeirao\/\" target=\"_blank\" rel=\"noreferrer noopener\">Facebook<\/a>.<\/p>\n<p>Al\u00e9m disso, voc\u00ea pode receber as principais not\u00edcias diretamente no WhatsApp. Para isso, basta\u00a0<a href=\"https:\/\/chat.whatsapp.com\/BjKQZ9oJwlz8VVT50NuePq\" target=\"_blank\" rel=\"noreferrer noopener\">entrar no grupo clicando aqui<\/a>.<\/p>\n<p>Por fim, se quiser fazer uma den\u00fancia ou sugerir uma reportagem sobre Ribeir\u00e3o Preto e regi\u00e3o, envie uma mensagem pelo WhatsApp: (16) 99117-7802.<\/p>\n<p>VEJA TAMB\u00c9M<\/p>\n<p>Quanto custou o casamento de Lauren S\u00e1nchez com Jeff Bezos?<\/p>\n<p><!-- AI CONTENT END 1 -->\n<\/div>\n<p><script async src=\"\/\/www.instagram.com\/embed.js\"><\/script><br \/>\n<br \/><br \/>\n<br \/><a href=\"https:\/\/www.acidadeon.com\/ribeiraopreto\/cotidiano\/inverno-aumenta-casos-de-coceira-e-dermatite-veja-como-se-cuidar\/\">Source link <\/a><\/p>\n<!-- CONTENT END 1 -->\n","protected":false},"excerpt":{"rendered":"<p>Durante o inverno, as queixas relacionadas \u00e0 pele aumentam nos consult\u00f3rios dermatol\u00f3gicos. O frio, o ar seco e os banhos quentes prejudicam a barreira natural&#8230;<\/p>\n","protected":false},"author":1,"featured_media":73258,"comment_status":"open","ping_status":"open","sticky":false,"template":"","format":"standard","meta":{"advanced_seo_description":"","jetpack_seo_html_title":"","jetpack_seo_noindex":false,"jetpack_post_was_ever_published":false,"_jetpack_newsletter_access":"","_jetpack_dont_email_post_to_subs":false,"_jetpack_newsletter_tier_id":0,"_jetpack_memberships_contains_paywalled_content":false,"_jetpack_memberships_contains_paid_content":false,"footnotes":"","jetpack_publicize_message":"","jetpack_publicize_feature_enabled":true,"jetpack_social_post_already_shared":true,"jetpack_social_options":{"image_generator_settings":{"template":"highway","default_image_id":0,"font":"","enabled":false},"version":2}},"categories":[11],"tags":[],"class_list":["post-73257","post","type-post","status-publish","format-standard","has-post-thumbnail","hentry","category-noticias-de-ribeirao-preto-sp-e-regiao-ismael-colosi"],"jetpack_publicize_connections":[],"jetpack_featured_media_url":"https:\/\/i0.wp.com\/noticiasribeiraopreto.com.br\/wp-content\/uploads\/2025\/06\/Copia-de-Copia-de-Copia-de-TAMANHO-EXATO-PARA-FOTOS-NO-SISTEMA-NOVO-2025-06-27T160218.341_2025-06-27_19-02-37.webp.webp?fit=1200%2C675&ssl=1","jetpack-related-posts":[{"id":66783,"url":"https:\/\/noticiasribeiraopreto.com.br\/index.php\/2025\/04\/05\/jornal-da-franca-dermatite-atopica-no-outono-veja-como-controlar-o-problema\/","url_meta":{"origin":73257,"position":0},"title":"Jornal da Franca &#8211; Dermatite at\u00f3pica no outono: veja como controlar o problema","author":"noticiasribeiraopreto.com.br","date":"5 de April de 2025","format":false,"excerpt":"compartilhar no whatsapp compartilhar no telegram compartilhar no facebook compartilhar no linkedin Temperaturas amenas e clima mais seco intensificam os sintomas da dermatite at\u00f3pica durante a esta\u00e7\u00e3o Dermatite \u00e9 uma das doen\u00e7as de pele mais comuns \u2013 foto Arquivo \u00a0 A dermatite at\u00f3pica, uma das doen\u00e7as de pele mais comuns,\u2026","rel":"","context":"In &quot;Not\u00edcias de Franca-SP&quot;","block_context":{"text":"Not\u00edcias de Franca-SP","link":"https:\/\/noticiasribeiraopreto.com.br\/index.php\/category\/noticias-de-ribeirao-preto-sp-e-regiao-ismael-colosi\/noticias-franca-sp\/"},"img":{"alt_text":"","src":"https:\/\/i0.wp.com\/noticiasribeiraopreto.com.br\/wp-content\/uploads\/2025\/04\/DERMATITE02.jpg?fit=1000%2C626&ssl=1&resize=350%2C200","width":350,"height":200,"srcset":"https:\/\/i0.wp.com\/noticiasribeiraopreto.com.br\/wp-content\/uploads\/2025\/04\/DERMATITE02.jpg?fit=1000%2C626&ssl=1&resize=350%2C200 1x, https:\/\/i0.wp.com\/noticiasribeiraopreto.com.br\/wp-content\/uploads\/2025\/04\/DERMATITE02.jpg?fit=1000%2C626&ssl=1&resize=525%2C300 1.5x, https:\/\/i0.wp.com\/noticiasribeiraopreto.com.br\/wp-content\/uploads\/2025\/04\/DERMATITE02.jpg?fit=1000%2C626&ssl=1&resize=700%2C400 2x"},"classes":[]},{"id":71022,"url":"https:\/\/noticiasribeiraopreto.com.br\/index.php\/2025\/06\/01\/jornal-da-franca-como-proteger-os-pets-do-frio-veja-os-principais-cuidados-com-a-pele-deles\/","url_meta":{"origin":73257,"position":1},"title":"Jornal da Franca &#8211; Como proteger os pets do frio? Veja os principais cuidados com a pele deles","author":"noticiasribeiraopreto.com.br","date":"1 de June de 2025","format":false,"excerpt":"compartilhar no whatsapp compartilhar no telegram compartilhar no facebook compartilhar no linkedin O clima gelado e seco pode trazer problemas de pele nos animais; veja dicas de como proteger os pets do frio nesse inverno C\u00e3es e gatos est\u00e3o mais propensos a problemas de pele com o tempo mais frio\u2026","rel":"","context":"In &quot;Not\u00edcias de Franca-SP&quot;","block_context":{"text":"Not\u00edcias de Franca-SP","link":"https:\/\/noticiasribeiraopreto.com.br\/index.php\/category\/noticias-de-ribeirao-preto-sp-e-regiao-ismael-colosi\/noticias-franca-sp\/"},"img":{"alt_text":"","src":"https:\/\/i0.wp.com\/noticiasribeiraopreto.com.br\/wp-content\/uploads\/2025\/06\/cachorro-com-frio-agasalhado.jpg?fit=1200%2C600&ssl=1&resize=350%2C200","width":350,"height":200,"srcset":"https:\/\/i0.wp.com\/noticiasribeiraopreto.com.br\/wp-content\/uploads\/2025\/06\/cachorro-com-frio-agasalhado.jpg?fit=1200%2C600&ssl=1&resize=350%2C200 1x, https:\/\/i0.wp.com\/noticiasribeiraopreto.com.br\/wp-content\/uploads\/2025\/06\/cachorro-com-frio-agasalhado.jpg?fit=1200%2C600&ssl=1&resize=525%2C300 1.5x, https:\/\/i0.wp.com\/noticiasribeiraopreto.com.br\/wp-content\/uploads\/2025\/06\/cachorro-com-frio-agasalhado.jpg?fit=1200%2C600&ssl=1&resize=700%2C400 2x, https:\/\/i0.wp.com\/noticiasribeiraopreto.com.br\/wp-content\/uploads\/2025\/06\/cachorro-com-frio-agasalhado.jpg?fit=1200%2C600&ssl=1&resize=1050%2C600 3x"},"classes":[]},{"id":72911,"url":"https:\/\/noticiasribeiraopreto.com.br\/index.php\/2025\/06\/22\/jornal-da-franca-delicia-ou-armadilha-veja-o-que-banhos-quentes-fazem-com-a-sua-pele-no-inverno\/","url_meta":{"origin":73257,"position":2},"title":"Jornal da Franca &#8211; Del\u00edcia ou armadilha? Veja o que banhos quentes fazem com a sua pele no inverno","author":"noticiasribeiraopreto.com.br","date":"22 de June de 2025","format":false,"excerpt":"compartilhar no whatsapp compartilhar no telegram compartilhar no facebook compartilhar no linkedin Especialistas analisam as poss\u00edveis desvantagens de utilizar \u00e1gua com temperaturas mais altas para se banhar Saiba o que realmente acontece com sua pele quando voc\u00ea toma banhos muito quentes \u2013 foto Arquivo \u00a0 As temperaturas est\u00e3o abaixando e\u2026","rel":"","context":"In &quot;Not\u00edcias de Franca-SP&quot;","block_context":{"text":"Not\u00edcias de Franca-SP","link":"https:\/\/noticiasribeiraopreto.com.br\/index.php\/category\/noticias-de-ribeirao-preto-sp-e-regiao-ismael-colosi\/noticias-franca-sp\/"},"img":{"alt_text":"","src":"https:\/\/i0.wp.com\/noticiasribeiraopreto.com.br\/wp-content\/uploads\/2025\/06\/banho-muito-quente.jpg?fit=799%2C499&ssl=1&resize=350%2C200","width":350,"height":200,"srcset":"https:\/\/i0.wp.com\/noticiasribeiraopreto.com.br\/wp-content\/uploads\/2025\/06\/banho-muito-quente.jpg?fit=799%2C499&ssl=1&resize=350%2C200 1x, https:\/\/i0.wp.com\/noticiasribeiraopreto.com.br\/wp-content\/uploads\/2025\/06\/banho-muito-quente.jpg?fit=799%2C499&ssl=1&resize=525%2C300 1.5x, https:\/\/i0.wp.com\/noticiasribeiraopreto.com.br\/wp-content\/uploads\/2025\/06\/banho-muito-quente.jpg?fit=799%2C499&ssl=1&resize=700%2C400 2x"},"classes":[]},{"id":72392,"url":"https:\/\/noticiasribeiraopreto.com.br\/index.php\/2025\/06\/16\/jornal-da-franca-guia-da-saude-no-inverno-especialistas-dao-dicas-para-manter-o-bem-estar-no-frio\/","url_meta":{"origin":73257,"position":3},"title":"Jornal da Franca &#8211; Guia da sa\u00fade no inverno: especialistas d\u00e3o dicas para manter o bem-estar no frio","author":"noticiasribeiraopreto.com.br","date":"16 de June de 2025","format":false,"excerpt":"Com a chegada do inverno, o Brasil j\u00e1 enfrenta os primeiros impactos das frentes frias mais rigorosas. Segundo o Instituto Nacional de Meteorologia (Inmet), a regi\u00e3o Centro-Sul foi colocada em alerta vermelho para frio intenso. O estado de S\u00e3o Paulo j\u00e1 est\u00e1 registrando temperaturas mais baixas, exigindo aten\u00e7\u00e3o redobrada da\u2026","rel":"","context":"In &quot;Not\u00edcias de Franca-SP&quot;","block_context":{"text":"Not\u00edcias de Franca-SP","link":"https:\/\/noticiasribeiraopreto.com.br\/index.php\/category\/noticias-de-ribeirao-preto-sp-e-regiao-ismael-colosi\/noticias-franca-sp\/"},"img":{"alt_text":"","src":"https:\/\/i0.wp.com\/noticiasribeiraopreto.com.br\/wp-content\/uploads\/2025\/06\/24758.jpg?fit=1000%2C667&ssl=1&resize=350%2C200","width":350,"height":200,"srcset":"https:\/\/i0.wp.com\/noticiasribeiraopreto.com.br\/wp-content\/uploads\/2025\/06\/24758.jpg?fit=1000%2C667&ssl=1&resize=350%2C200 1x, https:\/\/i0.wp.com\/noticiasribeiraopreto.com.br\/wp-content\/uploads\/2025\/06\/24758.jpg?fit=1000%2C667&ssl=1&resize=525%2C300 1.5x, https:\/\/i0.wp.com\/noticiasribeiraopreto.com.br\/wp-content\/uploads\/2025\/06\/24758.jpg?fit=1000%2C667&ssl=1&resize=700%2C400 2x"},"classes":[]},{"id":70782,"url":"https:\/\/noticiasribeiraopreto.com.br\/index.php\/2025\/05\/29\/jornal-da-franca-clima-frio-de-franca-intensifica-ressecamento-e-rachaduras-nos-pes-e-cotovelos\/","url_meta":{"origin":73257,"position":4},"title":"Jornal da Franca &#8211; Clima frio de Franca intensifica ressecamento e rachaduras nos p\u00e9s e cotovelos","author":"noticiasribeiraopreto.com.br","date":"29 de May de 2025","format":false,"excerpt":"compartilhar no whatsapp compartilhar no telegram compartilhar no facebook compartilhar no linkedin Queda na umidade e exposi\u00e7\u00e3o ao vento causam desconforto e fragilizam a pele Com a chegada do frio mais intenso em Franca, muitos moradores t\u00eam sentido a pele dos p\u00e9s e cotovelos extremamente ressecada, acompanhada de rachaduras que\u2026","rel":"","context":"In &quot;Not\u00edcias de Franca-SP&quot;","block_context":{"text":"Not\u00edcias de Franca-SP","link":"https:\/\/noticiasribeiraopreto.com.br\/index.php\/category\/noticias-de-ribeirao-preto-sp-e-regiao-ismael-colosi\/noticias-franca-sp\/"},"img":{"alt_text":"","src":"https:\/\/i0.wp.com\/noticiasribeiraopreto.com.br\/wp-content\/uploads\/2025\/05\/pes-scaled.jpg?fit=1200%2C800&ssl=1&resize=350%2C200","width":350,"height":200,"srcset":"https:\/\/i0.wp.com\/noticiasribeiraopreto.com.br\/wp-content\/uploads\/2025\/05\/pes-scaled.jpg?fit=1200%2C800&ssl=1&resize=350%2C200 1x, https:\/\/i0.wp.com\/noticiasribeiraopreto.com.br\/wp-content\/uploads\/2025\/05\/pes-scaled.jpg?fit=1200%2C800&ssl=1&resize=525%2C300 1.5x, https:\/\/i0.wp.com\/noticiasribeiraopreto.com.br\/wp-content\/uploads\/2025\/05\/pes-scaled.jpg?fit=1200%2C800&ssl=1&resize=700%2C400 2x, https:\/\/i0.wp.com\/noticiasribeiraopreto.com.br\/wp-content\/uploads\/2025\/05\/pes-scaled.jpg?fit=1200%2C800&ssl=1&resize=1050%2C600 3x"},"classes":[]},{"id":53361,"url":"https:\/\/noticiasribeiraopreto.com.br\/index.php\/2024\/06\/19\/saiba-quando-deve-chegar-o-frio-no-interior-de-sp-durante-o-inverno\/","url_meta":{"origin":73257,"position":5},"title":"Saiba quando deve chegar o frio no interior de SP durante o inverno","author":"noticiasribeiraopreto.com.br","date":"19 de June de 2024","format":false,"excerpt":"O inverno de 2024 come\u00e7a nesta quinta-feira (20), \u00e0s 17h51, pelo hor\u00e1rio de Bras\u00edlia. De acordo com a Climatempo, a esta\u00e7\u00e3o ser\u00e1 marcada pelo tempo seco no interior de S\u00e3o Paulo, mas o ar frio polar pode chegar a algumas ocasi\u00f5es no m\u00eas de julho. Chuva? Os meteorologistas apontam que\u2026","rel":"","context":"In &quot;Not\u00edcias de Ribeir\u00e3o Preto-SP e Regi\u00e3o&quot;","block_context":{"text":"Not\u00edcias de Ribeir\u00e3o Preto-SP e Regi\u00e3o","link":"https:\/\/noticiasribeiraopreto.com.br\/index.php\/category\/noticias-de-ribeirao-preto-sp-e-regiao-ismael-colosi\/"},"img":{"alt_text":"","src":"https:\/\/i0.wp.com\/noticiasribeiraopreto.com.br\/wp-content\/uploads\/2024\/06\/no_inverno_1024x576_03072020100617.jpg?fit=1024%2C576&ssl=1&resize=350%2C200","width":350,"height":200,"srcset":"https:\/\/i0.wp.com\/noticiasribeiraopreto.com.br\/wp-content\/uploads\/2024\/06\/no_inverno_1024x576_03072020100617.jpg?fit=1024%2C576&ssl=1&resize=350%2C200 1x, https:\/\/i0.wp.com\/noticiasribeiraopreto.com.br\/wp-content\/uploads\/2024\/06\/no_inverno_1024x576_03072020100617.jpg?fit=1024%2C576&ssl=1&resize=525%2C300 1.5x, https:\/\/i0.wp.com\/noticiasribeiraopreto.com.br\/wp-content\/uploads\/2024\/06\/no_inverno_1024x576_03072020100617.jpg?fit=1024%2C576&ssl=1&resize=700%2C400 2x"},"classes":[]}],"jetpack_sharing_enabled":true,"jetpack_shortlink":"https:\/\/wp.me\/peQAOb-j3z","_links":{"self":[{"href":"https:\/\/noticiasribeiraopreto.com.br\/index.php\/wp-json\/wp\/v2\/posts\/73257","targetHints":{"allow":["GET"]}}],"collection":[{"href":"https:\/\/noticiasribeiraopreto.com.br\/index.php\/wp-json\/wp\/v2\/posts"}],"about":[{"href":"https:\/\/noticiasribeiraopreto.com.br\/index.php\/wp-json\/wp\/v2\/types\/post"}],"author":[{"embeddable":true,"href":"https:\/\/noticiasribeiraopreto.com.br\/index.php\/wp-json\/wp\/v2\/users\/1"}],"replies":[{"embeddable":true,"href":"https:\/\/noticiasribeiraopreto.com.br\/index.php\/wp-json\/wp\/v2\/comments?post=73257"}],"version-history":[{"count":0,"href":"https:\/\/noticiasribeiraopreto.com.br\/index.php\/wp-json\/wp\/v2\/posts\/73257\/revisions"}],"wp:featuredmedia":[{"embeddable":true,"href":"https:\/\/noticiasribeiraopreto.com.br\/index.php\/wp-json\/wp\/v2\/media\/73258"}],"wp:attachment":[{"href":"https:\/\/noticiasribeiraopreto.com.br\/index.php\/wp-json\/wp\/v2\/media?parent=73257"}],"wp:term":[{"taxonomy":"category","embeddable":true,"href":"https:\/\/noticiasribeiraopreto.com.br\/index.php\/wp-json\/wp\/v2\/categories?post=73257"},{"taxonomy":"post_tag","embeddable":true,"href":"https:\/\/noticiasribeiraopreto.com.br\/index.php\/wp-json\/wp\/v2\/tags?post=73257"}],"curies":[{"name":"wp","href":"https:\/\/api.w.org\/{rel}","templated":true}]}}