{"id":7326,"date":"2023-11-28T00:04:24","date_gmt":"2023-11-28T03:04:24","guid":{"rendered":"https:\/\/noticiasribeiraopreto.com.br\/index.php\/2023\/11\/28\/cotecs-oferecem-vagas-em-diversos-cursos-gratuitos\/"},"modified":"2023-11-28T00:04:24","modified_gmt":"2023-11-28T03:04:24","slug":"cotecs-oferecem-vagas-em-diversos-cursos-gratuitos","status":"publish","type":"post","link":"https:\/\/noticiasribeiraopreto.com.br\/index.php\/2023\/11\/28\/cotecs-oferecem-vagas-em-diversos-cursos-gratuitos\/","title":{"rendered":"Cotecs oferecem vagas em diversos cursos gratuitos"},"content":{"rendered":"<div class='code-block code-block-1' style='margin: 8px 0 8px auto; text-align: right; display: block; clear: both;'>\n<p><a href=\"https:\/\/wa.link\/vpicfd\"><img data-recalc-dims=\"1\" class=\"wp-image-4922\" style=\"aspect-ratio: 2.0253164556962027; width: 561px; height: auto;\" src=\"https:\/\/i0.wp.com\/ismaelcolosi.com.br\/wp-content\/uploads\/2023\/11\/grupo-de-empregos-whatsapp-e-facebook-ismael-colosi-vagas.jpg?ssl=1\" alt=\"\" \/><\/a><\/p>\n<!-- \/wp:image -->\n<\/div>\n<p> <br \/>\n<\/p>\n<div>\n<p>Os Col\u00e9gios Tecnol\u00f3gicos do Governo de Goi\u00e1s (Cotecs) est\u00e3o com inscri\u00e7\u00f5es abertas para cursos gratuitos nas \u00e1reas de inform\u00e1tica, ingl\u00eas, espanhol, reda\u00e7\u00e3o, matem\u00e1tica e hist\u00f3ria, em conv\u00eanio com a Universidade Federal de Goi\u00e1s (UFG).<\/p>\n<div id=\"attachment_2299753\" class=\"wp-caption aligncenter\">\n<div class=\"d-flex justify-content-center\" data-attachment-id=\"2299753\">\n<div class=\"position-relative d-inline-block\"><img data-recalc-dims=\"1\" data-portal-copyright=\"Divulga\u00e7\u00e3o\" decoding=\"async\" fetchpriority=\"high\" class=\"wp-image-2299753 size-large\" src=\"https:\/\/i0.wp.com\/catracalivre.com.br\/wp-content\/uploads\/2023\/09\/cotecs-cursos-gratuitos-910x512.jpg?resize=910%2C512&#038;ssl=1\" alt=\"Cotecs est\u00e3o com inscri\u00e7\u00f5es abertas para diversos cursos\" width=\"910\" height=\"512\" srcset=\"https:\/\/catracalivre.com.br\/wp-content\/uploads\/2023\/09\/cotecs-cursos-gratuitos-910x512.jpg 910w, https:\/\/catracalivre.com.br\/wp-content\/uploads\/2023\/09\/cotecs-cursos-gratuitos-450x253.jpg 450w, https:\/\/catracalivre.com.br\/wp-content\/uploads\/2023\/09\/cotecs-cursos-gratuitos-768x432.jpg 768w\" sizes=\"(max-width: 910px) 100vw, 910px\"\/><\/p>\n<p>Cr\u00e9ditos: Divulga\u00e7\u00e3o<\/p>\n<\/div>\n<\/div>\n<p><span class=\"post-imagem__legenda\">Cotecs est\u00e3o com inscri\u00e7\u00f5es abertas para diversos cursos<\/span><\/p>\n<\/div>\n<p>Podem se matricular pessoas a partir dos 14 anos que tenham pelo menos o <a href=\"https:\/\/catracalivre.com.br\/educacao\/senai-abre-8-mil-vagas-para-cursos-gratuitos-confira\/\">ensino fundamental incompleto<\/a>.<\/p>\n<h2>Como se inscrever para cursos gratuitos das Cotecs<\/h2>\n<p>As inscri\u00e7\u00f5es podem ser feitas atrav\u00e9s de preenchimento de formul\u00e1rio exclusivamente pela internet, no site do Cotec. O per\u00edodo segue aberto at\u00e9 o dia 29 de novembro.<\/p>\n<p>A abertura de vagas ser\u00e1 feita de forma continuada, ou seja, quando o n\u00famero de inscri\u00e7\u00f5es alcan\u00e7ar 80% do necess\u00e1rio para formar uma turma, outra ser\u00e1 iniciada.<\/p>\n<p>Entre os cursos dispon\u00edveis est\u00e3o:<\/p>\n<ul>\n<li>Inform\u00e1tica B\u00e1sica;<\/li>\n<li>Matem\u00e1tica B\u00e1sica;<\/li>\n<li>Ingl\u00eas B\u00e1sico;<\/li>\n<li>Libras B\u00e1sico;<\/li>\n<li>Espanhol B\u00e1sico;<\/li>\n<li>Reda\u00e7\u00e3o e Produ\u00e7\u00e3o de Texto;<\/li>\n<li>Reda\u00e7\u00e3o e Produ\u00e7\u00e3o de Texto:<\/li>\n<li>Eixos Tem\u00e1ticos e Repert\u00f3rios para o Enem;<\/li>\n<li>Hist\u00f3ria de Goi\u00e1s<\/li>\n<li>Matem\u00e1tica Financeira.<\/li>\n<\/ul>\n<h3>Certificados e carga hor\u00e1ria<\/h3>\n<p>Os cursos emitem certificado, tem dura\u00e7\u00e3o de 40 horas e acontecer\u00e3o nos turnos matutino, das 8h \u00e0s 12h, e vespertino, das 13h \u00e0s 18h.<\/p>\n<p>As aulas ser\u00e3o ministradas presencialmente nas unidades distribu\u00eddas nas seguintes cidades de Goi\u00e1s:<\/p>\n<ul>\n<li>An\u00e1polis<\/li>\n<li>Caiap\u00f4nia<\/li>\n<li>Catal\u00e3o<\/li>\n<li>Ceres<\/li>\n<li>Cristalina<\/li>\n<li>Formosa<\/li>\n<li>Goi\u00e2nia<\/li>\n<li>Goian\u00e9sia<\/li>\n<li>Goi\u00e1s<\/li>\n<li>Goiatuba<\/li>\n<li>Jaragu\u00e1<\/li>\n<li>Palmeiras de Goi\u00e1s<\/li>\n<li>Piranhas<\/li>\n<li>Porangatu<\/li>\n<li>Santa Helena de Goi\u00e1s<\/li>\n<li>Uruana<\/li>\n<\/ul>\n<p>Para conferir o endere\u00e7o de cada unidade, acesse <a href=\"https:\/\/cotec.org.br\/cotec\/onde-estamos\" target=\"_blank\" rel=\"noopener\">aqui<\/a>.<\/p>\n<\/div>\n<p><script>\n\t\t! function(f, b, e, v, n, t, s) {\n\t\t\tif (f.fbq) return;\n\t\t\tn = f.fbq = function() {\n\t\t\t\tn.callMethod ?\n\t\t\t\t\tn.callMethod.apply(n, arguments) : n.queue.push(arguments)\n\t\t\t};\n\t\t\tif (!f._fbq) f._fbq = n;\n\t\t\tn.push = n;\n\t\t\tn.loaded = !0;\n\t\t\tn.version = '2.0';\n\t\t\tn.queue = [];\n\t\t\tt = b.createElement(e);\n\t\t\tt.async = !0;\n\t\t\tt.src = v;\n\t\t\ts = b.getElementsByTagName(e)[0];\n\t\t\ts.parentNode.insertBefore(t, s)\n\t\t}(window, document, 'script',\n\t\t\t'https:\/\/connect.facebook.net\/en_US\/fbevents.js');\n\t\tfbq('init', '338315473262380');\n\t\tfbq('track', 'PageView');\n\t<\/script><br \/>\n<br \/><br \/>\n<br \/><a href=\"https:\/\/catracalivre.com.br\/educacao\/cotecs-oferecem-vagas-em-diversos-cursos-gratuitos\/\">Source link <\/a><\/p>\n<!-- CONTENT END 1 -->\n","protected":false},"excerpt":{"rendered":"<p>Os Col\u00e9gios Tecnol\u00f3gicos do Governo de Goi\u00e1s (Cotecs) est\u00e3o com inscri\u00e7\u00f5es abertas para cursos gratuitos nas \u00e1reas de inform\u00e1tica, ingl\u00eas, espanhol, reda\u00e7\u00e3o, matem\u00e1tica e hist\u00f3ria,&#8230;<\/p>\n","protected":false},"author":1,"featured_media":7327,"comment_status":"open","ping_status":"open","sticky":false,"template":"","format":"standard","meta":{"advanced_seo_description":"","jetpack_seo_html_title":"","jetpack_seo_noindex":false,"jetpack_post_was_ever_published":false,"_jetpack_newsletter_access":"","_jetpack_dont_email_post_to_subs":false,"_jetpack_newsletter_tier_id":0,"_jetpack_memberships_contains_paywalled_content":false,"_jetpack_memberships_contains_paid_content":false,"footnotes":"","jetpack_publicize_message":"","jetpack_publicize_feature_enabled":true,"jetpack_social_post_already_shared":true,"jetpack_social_options":{"image_generator_settings":{"template":"highway","default_image_id":0,"font":"","enabled":false},"version":2}},"categories":[19],"tags":[],"class_list":["post-7326","post","type-post","status-publish","format-standard","has-post-thumbnail","hentry","category-variedades"],"jetpack_publicize_connections":[],"jetpack_featured_media_url":"https:\/\/i0.wp.com\/noticiasribeiraopreto.com.br\/wp-content\/uploads\/2023\/11\/cotecs-cursos-gratuitos.jpg?fit=1200%2C638&ssl=1","jetpack-related-posts":[{"id":43675,"url":"https:\/\/noticiasribeiraopreto.com.br\/index.php\/2024\/03\/22\/british-council-lancou-curso-gratuito-de-programacao\/","url_meta":{"origin":7326,"position":0},"title":"British Council lan\u00e7ou curso gratuito de programa\u00e7\u00e3o","author":"noticiasribeiraopreto.com.br","date":"22 de March de 2024","format":false,"excerpt":"O British Council, em uma iniciativa pioneira juntamente com a Secretaria de Estado de Ci\u00eancia, Tecnologia e Inova\u00e7\u00e3o de Goi\u00e1s (Secti), abriu inscri\u00e7\u00f5es para um curso gratuito focado em compet\u00eancias computacionais e programa\u00e7\u00e3o. Esse projeto, denominado Codifica+, \u00e9 exclusivamente voltado para docentes dos ensinos fundamental (6\u00ba ao 9\u00ba ano) e\u2026","rel":"","context":"In &quot;Blog&quot;","block_context":{"text":"Blog","link":"https:\/\/noticiasribeiraopreto.com.br\/index.php\/category\/blog\/"},"img":{"alt_text":"","src":"https:\/\/i0.wp.com\/noticiasribeiraopreto.com.br\/wp-content\/uploads\/2024\/03\/British-Council-lancou-curso-gratuito-de-programacao-.jpg?fit=1200%2C630&ssl=1&resize=350%2C200","width":350,"height":200,"srcset":"https:\/\/i0.wp.com\/noticiasribeiraopreto.com.br\/wp-content\/uploads\/2024\/03\/British-Council-lancou-curso-gratuito-de-programacao-.jpg?fit=1200%2C630&ssl=1&resize=350%2C200 1x, https:\/\/i0.wp.com\/noticiasribeiraopreto.com.br\/wp-content\/uploads\/2024\/03\/British-Council-lancou-curso-gratuito-de-programacao-.jpg?fit=1200%2C630&ssl=1&resize=525%2C300 1.5x, https:\/\/i0.wp.com\/noticiasribeiraopreto.com.br\/wp-content\/uploads\/2024\/03\/British-Council-lancou-curso-gratuito-de-programacao-.jpg?fit=1200%2C630&ssl=1&resize=700%2C400 2x, https:\/\/i0.wp.com\/noticiasribeiraopreto.com.br\/wp-content\/uploads\/2024\/03\/British-Council-lancou-curso-gratuito-de-programacao-.jpg?fit=1200%2C630&ssl=1&resize=1050%2C600 3x"},"classes":[]},{"id":19774,"url":"https:\/\/noticiasribeiraopreto.com.br\/index.php\/2023\/12\/23\/cursos-tecnicos-de-graca-senac-oferece-mais-de-6-mil-vagas\/","url_meta":{"origin":7326,"position":1},"title":"Cursos t\u00e9cnicos de gra\u00e7a? Senac oferece mais de 6 mil vagas","author":"noticiasribeiraopreto.com.br","date":"23 de December de 2023","format":false,"excerpt":"O Servi\u00e7o Nacional de Aprendizagem Comercial (Senac) est\u00e1 com inscri\u00e7\u00f5es abertas at\u00e9 26 de dezembro para diversos cursos t\u00e9cnicos na modalidade de ensino a dist\u00e2ncia (EaD). S\u00e3o oferecidas 6,4 mil vagas em unidades do Senac em oito estados:\u00a0 Esp\u00edrito Santo, Goi\u00e1s, Maranh\u00e3o, Pernambuco, Piau\u00ed, Rio Grande do Norte, Roraima e\u2026","rel":"","context":"In &quot;Variedades&quot;","block_context":{"text":"Variedades","link":"https:\/\/noticiasribeiraopreto.com.br\/index.php\/category\/variedades\/"},"img":{"alt_text":"","src":"https:\/\/i0.wp.com\/noticiasribeiraopreto.com.br\/wp-content\/uploads\/2023\/12\/senac-rj-cursos-gratuitos.jpg?fit=1200%2C638&ssl=1&resize=350%2C200","width":350,"height":200,"srcset":"https:\/\/i0.wp.com\/noticiasribeiraopreto.com.br\/wp-content\/uploads\/2023\/12\/senac-rj-cursos-gratuitos.jpg?fit=1200%2C638&ssl=1&resize=350%2C200 1x, https:\/\/i0.wp.com\/noticiasribeiraopreto.com.br\/wp-content\/uploads\/2023\/12\/senac-rj-cursos-gratuitos.jpg?fit=1200%2C638&ssl=1&resize=525%2C300 1.5x, https:\/\/i0.wp.com\/noticiasribeiraopreto.com.br\/wp-content\/uploads\/2023\/12\/senac-rj-cursos-gratuitos.jpg?fit=1200%2C638&ssl=1&resize=700%2C400 2x, https:\/\/i0.wp.com\/noticiasribeiraopreto.com.br\/wp-content\/uploads\/2023\/12\/senac-rj-cursos-gratuitos.jpg?fit=1200%2C638&ssl=1&resize=1050%2C600 3x"},"classes":[]},{"id":6981,"url":"https:\/\/noticiasribeiraopreto.com.br\/index.php\/2023\/11\/27\/usp-abre-vagas-em-cursos-online-e-presenciais-gratuitos\/","url_meta":{"origin":7326,"position":2},"title":"USP abre vagas em cursos online e presenciais gratuitos","author":"noticiasribeiraopreto.com.br","date":"27 de November de 2023","format":false,"excerpt":"A Universidade de S\u00e3o Paulo (USP) abriu vagas em mais de 30 cursos gratuitos online ou presenciais. S\u00e3o op\u00e7\u00f5es de cursos de difus\u00e3o quanto de atualiza\u00e7\u00e3o.As capacita\u00e7\u00f5es s\u00e3o destinadas a estudantes, profissionais ou a qualquer pessoa interessada em ampliar seus conhecimentos.Cr\u00e9ditos: George Campos\/USP ImagensUSP abre vagas em cursos online e\u2026","rel":"","context":"In &quot;Variedades&quot;","block_context":{"text":"Variedades","link":"https:\/\/noticiasribeiraopreto.com.br\/index.php\/category\/variedades\/"},"img":{"alt_text":"","src":"https:\/\/i0.wp.com\/noticiasribeiraopreto.com.br\/wp-content\/uploads\/2023\/11\/cursos-gratuitos-usp.jpg?fit=1200%2C638&ssl=1&resize=350%2C200","width":350,"height":200,"srcset":"https:\/\/i0.wp.com\/noticiasribeiraopreto.com.br\/wp-content\/uploads\/2023\/11\/cursos-gratuitos-usp.jpg?fit=1200%2C638&ssl=1&resize=350%2C200 1x, https:\/\/i0.wp.com\/noticiasribeiraopreto.com.br\/wp-content\/uploads\/2023\/11\/cursos-gratuitos-usp.jpg?fit=1200%2C638&ssl=1&resize=525%2C300 1.5x, https:\/\/i0.wp.com\/noticiasribeiraopreto.com.br\/wp-content\/uploads\/2023\/11\/cursos-gratuitos-usp.jpg?fit=1200%2C638&ssl=1&resize=700%2C400 2x, https:\/\/i0.wp.com\/noticiasribeiraopreto.com.br\/wp-content\/uploads\/2023\/11\/cursos-gratuitos-usp.jpg?fit=1200%2C638&ssl=1&resize=1050%2C600 3x"},"classes":[]},{"id":12341,"url":"https:\/\/noticiasribeiraopreto.com.br\/index.php\/2023\/12\/07\/usp-disponibiliza-vagas-em-cursos-ead-e-presenciais-gratuitos\/","url_meta":{"origin":7326,"position":3},"title":"USP disponibiliza vagas em cursos EaD e presenciais gratuitos","author":"noticiasribeiraopreto.com.br","date":"7 de December de 2023","format":false,"excerpt":"A Universidade de S\u00e3o Paulo (USP) est\u00e1 com inscri\u00e7\u00f5es abertas para dezenas de cursos gratuitos. H\u00e1 oportunidades de capacita\u00e7\u00f5es presenciais ou na modalidade a dist\u00e2ncia (EaD).Os cursos de difus\u00e3o quanto de atualiza\u00e7\u00e3o s\u00e3o destinados a estudantes, profissionais e qualquer pessoa interessada em ampliar seus conhecimentos.Cr\u00e9ditos: Divulga\u00e7\u00e3o\/Ag\u00eancia USPUSP abre vagas em\u2026","rel":"","context":"In &quot;Variedades&quot;","block_context":{"text":"Variedades","link":"https:\/\/noticiasribeiraopreto.com.br\/index.php\/category\/variedades\/"},"img":{"alt_text":"","src":"https:\/\/i0.wp.com\/noticiasribeiraopreto.com.br\/wp-content\/uploads\/2023\/12\/usp-cursos-gratuitos-scaled.jpg?fit=1200%2C638&ssl=1&resize=350%2C200","width":350,"height":200,"srcset":"https:\/\/i0.wp.com\/noticiasribeiraopreto.com.br\/wp-content\/uploads\/2023\/12\/usp-cursos-gratuitos-scaled.jpg?fit=1200%2C638&ssl=1&resize=350%2C200 1x, https:\/\/i0.wp.com\/noticiasribeiraopreto.com.br\/wp-content\/uploads\/2023\/12\/usp-cursos-gratuitos-scaled.jpg?fit=1200%2C638&ssl=1&resize=525%2C300 1.5x, https:\/\/i0.wp.com\/noticiasribeiraopreto.com.br\/wp-content\/uploads\/2023\/12\/usp-cursos-gratuitos-scaled.jpg?fit=1200%2C638&ssl=1&resize=700%2C400 2x, https:\/\/i0.wp.com\/noticiasribeiraopreto.com.br\/wp-content\/uploads\/2023\/12\/usp-cursos-gratuitos-scaled.jpg?fit=1200%2C638&ssl=1&resize=1050%2C600 3x"},"classes":[]},{"id":12835,"url":"https:\/\/noticiasribeiraopreto.com.br\/index.php\/2023\/12\/08\/fiocruz-tem-150-mil-vagas-em-curso-gratuito-com-certificado\/","url_meta":{"origin":7326,"position":4},"title":"Fiocruz tem 150 mil vagas em curso gratuito com certificado","author":"noticiasribeiraopreto.com.br","date":"8 de December de 2023","format":false,"excerpt":"Terminam dia 30 de dezembro de 2023 as inscri\u00e7\u00f5es para o curso gratuito online da Funda\u00e7\u00e3o Oswaldo Cruz em Mato Grosso do Sul (Fiocruz). O curso sobre Aperfei\u00e7oamento em Sa\u00fade Mental e Aten\u00e7\u00e3o Psicossocial de Adolescentes e Jovens \u00e9 oferecido em parceria com a Universidade Aberta do Sistema \u00danico de\u2026","rel":"","context":"In &quot;Variedades&quot;","block_context":{"text":"Variedades","link":"https:\/\/noticiasribeiraopreto.com.br\/index.php\/category\/variedades\/"},"img":{"alt_text":"","src":"https:\/\/i0.wp.com\/noticiasribeiraopreto.com.br\/wp-content\/uploads\/2023\/12\/fundacao-oswaldo-cruz-fiocruz.jpg?fit=1200%2C638&ssl=1&resize=350%2C200","width":350,"height":200,"srcset":"https:\/\/i0.wp.com\/noticiasribeiraopreto.com.br\/wp-content\/uploads\/2023\/12\/fundacao-oswaldo-cruz-fiocruz.jpg?fit=1200%2C638&ssl=1&resize=350%2C200 1x, https:\/\/i0.wp.com\/noticiasribeiraopreto.com.br\/wp-content\/uploads\/2023\/12\/fundacao-oswaldo-cruz-fiocruz.jpg?fit=1200%2C638&ssl=1&resize=525%2C300 1.5x, https:\/\/i0.wp.com\/noticiasribeiraopreto.com.br\/wp-content\/uploads\/2023\/12\/fundacao-oswaldo-cruz-fiocruz.jpg?fit=1200%2C638&ssl=1&resize=700%2C400 2x, https:\/\/i0.wp.com\/noticiasribeiraopreto.com.br\/wp-content\/uploads\/2023\/12\/fundacao-oswaldo-cruz-fiocruz.jpg?fit=1200%2C638&ssl=1&resize=1050%2C600 3x"},"classes":[]},{"id":10242,"url":"https:\/\/noticiasribeiraopreto.com.br\/index.php\/2023\/12\/04\/sp-oferece-12-mil-vagas-em-cursos-gratuitos-de-qualificacao\/","url_meta":{"origin":7326,"position":5},"title":"SP oferece 12 mil vagas em cursos gratuitos de qualifica\u00e7\u00e3o","author":"noticiasribeiraopreto.com.br","date":"4 de December de 2023","format":false,"excerpt":"O\u00a0Fussp (Fundo Social de S\u00e3o Paulo)\u00a0firmou parceria com o Servi\u00e7o Nacional de Aprendizagem Comercial em S\u00e3o Paulo (Senac-SP) e o Sebrae e passa a oferecer 18 novos cursos gratuitos de curta dura\u00e7\u00e3o para pessoas em situa\u00e7\u00e3o de vulnerabilidade social. As forma\u00e7\u00f5es abrangem diversas \u00e1reas, incluindo beleza, gastronomia, moda, administra\u00e7\u00e3o e\u2026","rel":"","context":"In &quot;Variedades&quot;","block_context":{"text":"Variedades","link":"https:\/\/noticiasribeiraopreto.com.br\/index.php\/category\/variedades\/"},"img":{"alt_text":"","src":"https:\/\/i0.wp.com\/noticiasribeiraopreto.com.br\/wp-content\/uploads\/2023\/12\/cursos-gratuitos-senac-sp.png?fit=1200%2C638&ssl=1&resize=350%2C200","width":350,"height":200,"srcset":"https:\/\/i0.wp.com\/noticiasribeiraopreto.com.br\/wp-content\/uploads\/2023\/12\/cursos-gratuitos-senac-sp.png?fit=1200%2C638&ssl=1&resize=350%2C200 1x, https:\/\/i0.wp.com\/noticiasribeiraopreto.com.br\/wp-content\/uploads\/2023\/12\/cursos-gratuitos-senac-sp.png?fit=1200%2C638&ssl=1&resize=525%2C300 1.5x, https:\/\/i0.wp.com\/noticiasribeiraopreto.com.br\/wp-content\/uploads\/2023\/12\/cursos-gratuitos-senac-sp.png?fit=1200%2C638&ssl=1&resize=700%2C400 2x, https:\/\/i0.wp.com\/noticiasribeiraopreto.com.br\/wp-content\/uploads\/2023\/12\/cursos-gratuitos-senac-sp.png?fit=1200%2C638&ssl=1&resize=1050%2C600 3x"},"classes":[]}],"jetpack_sharing_enabled":true,"jetpack_shortlink":"https:\/\/wp.me\/peQAOb-1Ua","_links":{"self":[{"href":"https:\/\/noticiasribeiraopreto.com.br\/index.php\/wp-json\/wp\/v2\/posts\/7326","targetHints":{"allow":["GET"]}}],"collection":[{"href":"https:\/\/noticiasribeiraopreto.com.br\/index.php\/wp-json\/wp\/v2\/posts"}],"about":[{"href":"https:\/\/noticiasribeiraopreto.com.br\/index.php\/wp-json\/wp\/v2\/types\/post"}],"author":[{"embeddable":true,"href":"https:\/\/noticiasribeiraopreto.com.br\/index.php\/wp-json\/wp\/v2\/users\/1"}],"replies":[{"embeddable":true,"href":"https:\/\/noticiasribeiraopreto.com.br\/index.php\/wp-json\/wp\/v2\/comments?post=7326"}],"version-history":[{"count":0,"href":"https:\/\/noticiasribeiraopreto.com.br\/index.php\/wp-json\/wp\/v2\/posts\/7326\/revisions"}],"wp:featuredmedia":[{"embeddable":true,"href":"https:\/\/noticiasribeiraopreto.com.br\/index.php\/wp-json\/wp\/v2\/media\/7327"}],"wp:attachment":[{"href":"https:\/\/noticiasribeiraopreto.com.br\/index.php\/wp-json\/wp\/v2\/media?parent=7326"}],"wp:term":[{"taxonomy":"category","embeddable":true,"href":"https:\/\/noticiasribeiraopreto.com.br\/index.php\/wp-json\/wp\/v2\/categories?post=7326"},{"taxonomy":"post_tag","embeddable":true,"href":"https:\/\/noticiasribeiraopreto.com.br\/index.php\/wp-json\/wp\/v2\/tags?post=7326"}],"curies":[{"name":"wp","href":"https:\/\/api.w.org\/{rel}","templated":true}]}}