{"id":73261,"date":"2025-06-28T08:38:15","date_gmt":"2025-06-28T11:38:15","guid":{"rendered":"https:\/\/noticiasribeiraopreto.com.br\/index.php\/2025\/06\/28\/rp-tera-14-mutiroes-de-emprego\/"},"modified":"2025-06-28T08:38:15","modified_gmt":"2025-06-28T11:38:15","slug":"rp-tera-14-mutiroes-de-emprego","status":"publish","type":"post","link":"https:\/\/noticiasribeiraopreto.com.br\/index.php\/2025\/06\/28\/rp-tera-14-mutiroes-de-emprego\/","title":{"rendered":"RP ter\u00e1 14 mutir\u00f5es de emprego"},"content":{"rendered":"<div class='code-block code-block-1' style='margin: 8px 0 8px auto; text-align: right; display: block; clear: both;'>\n<p><a href=\"https:\/\/wa.link\/vpicfd\"><img data-recalc-dims=\"1\" class=\"wp-image-4922\" style=\"aspect-ratio: 2.0253164556962027; width: 561px; height: auto;\" src=\"https:\/\/i0.wp.com\/ismaelcolosi.com.br\/wp-content\/uploads\/2023\/11\/grupo-de-empregos-whatsapp-e-facebook-ismael-colosi-vagas.jpg?ssl=1\" alt=\"\" \/><\/a><\/p>\n<!-- \/wp:image -->\n<\/div>\n<p> <br \/>\n<\/p>\n<div>\n<p>Nesta sexta-feira, 27 de junho, foi anunciado, no Centro Administrativo Prefeito Jos\u00e9 de Magalh\u00e3es, o Programa Emprega Mais Ribeir\u00e3o, a maior mobiliza\u00e7\u00e3o por empregabilidade da hist\u00f3ria da cidade. \u00a0Entre julho e dezembro, ser\u00e3o realizados 14 mutir\u00f5es de emprego com a expectativa de ofertar aproximadamente 16 mil vagas em diversos setores da cadeia produtiva local.<\/p>\n<p>A a\u00e7\u00e3o \u00e9 uma realiza\u00e7\u00e3o conjunta entre a prefeitura de Ribeir\u00e3o Preto, Sindicato do Com\u00e9rcio Varejista (Sincovarp), C\u00e2mara de Dirigentes Lojistas (CDL RP), Sindicato dos Empregados no Com\u00e9rcio (Sincomerci\u00e1rios RP) e Instituto Brasileiro do Emprego e Empreendedorismo (IBEE), e tem como parceiros dezenas de institui\u00e7\u00f5es p\u00fablicas e privadas.<\/p>\n<p>A for\u00e7a-tarefa integra as experi\u00eancias bem-sucedidas dos projetos Emprega Varejo, Emprega Ribeir\u00e3o e os Mini Feir\u00f5es, que agora se unem em uma for\u00e7a-tarefa in\u00e9dita. O primeiro grande evento da programa\u00e7\u00e3o j\u00e1 tem data: 12 de julho (s\u00e1bado), quando ser\u00e1 realizado o Mega Mutir\u00e3o Emprega Ribeir\u00e3o, no Gin\u00e1sio Gavino Virdes (Cava do Bosque), das nove \u00e0s 14 horas.<\/p>\n<p>Coordenado pela prefeitura de Ribeir\u00e3o Preto, por meio da Secretaria de Inova\u00e7\u00e3o e Desenvolvimento Econ\u00f4mico, o megafeir\u00e3o abrir\u00e1 oficialmente a temporada de a\u00e7\u00f5es, com centenas de vagas dispon\u00edveis e uma estrutura montada para atender um grande volume de candidatos.<\/p>\n<p>Essa grande mobiliza\u00e7\u00e3o, segundo o prefeito Ricardo Silva (PSD), refor\u00e7a o compromisso da administra\u00e7\u00e3o municipal com a gera\u00e7\u00e3o de emprego e o fortalecimento da economia local. \u201cNossa gest\u00e3o tem o compromisso de criar oportunidades para todos os trabalhadores da cidade\u201d, diz.<\/p>\n<p>\u201cOs mutir\u00f5es de emprego s\u00e3o uma resposta concreta \u00e0s necessidades da popula\u00e7\u00e3o e do setor produtivo. Estamos unindo esfor\u00e7os com as entidades para abrir caminhos, gerar renda e fortalecer a economia local. Essa \u00e9 uma a\u00e7\u00e3o de governo que vai muito al\u00e9m da intermedia\u00e7\u00e3o de vagas: \u00e9 uma pol\u00edtica p\u00fablica de inclus\u00e3o e desenvolvimento social\u201d, emenda.<\/p>\n<p>\u201cTodos os setores produtivos, sem exce\u00e7\u00e3o, enfrentam um preocupante apag\u00e3o de m\u00e3o de obra. O com\u00e9rcio \u00e9 um dos mais afetados. Supermercados, por exemplo, t\u00eam centenas de vagas abertas e dificuldade para preencher. Essa \u00e9 uma situa\u00e7\u00e3o urgente e estamos enfrentando por meio de uma constru\u00e7\u00e3o coletiva, com a participa\u00e7\u00e3o de dezenas de entidades setoriais\u201d, afirma Paulo C\u00e9sar Garcia Lopes, presidente de Sincovarp e CDL RP.<\/p>\n<p>\u201cOs mutir\u00f5es de empregabilidade t\u00eam grande impacto social e ajudam milhares de pessoas a conquistar uma vaga no mercado, especialmente no com\u00e9rcio varejista. Quanto mais emprego e renda gerarmos, melhor para Ribeir\u00e3o Preto. Esse \u00e9 o nosso prop\u00f3sito: estar sempre ao lado dos trabalhadores\u201d, destaca Regina Pessoti, presidente do Sincomerci\u00e1rios RP.<\/p>\n<p>A secret\u00e1ria de Inova\u00e7\u00e3o e Desenvolvimento Econ\u00f4mico, Suely Vilela, ressalta o car\u00e1ter estrat\u00e9gico da iniciativa para o desenvolvimento socioecon\u00f4mico de Ribeir\u00e3o Preto.\u201cEste \u00e9 um programa que vai muito al\u00e9m da intermedia\u00e7\u00e3o de vagas\u201d, diz.<\/p>\n<p>\u201cEstamos falando de uma a\u00e7\u00e3o estruturada, com foco na gera\u00e7\u00e3o de emprego, na inclus\u00e3o produtiva e na qualifica\u00e7\u00e3o da nossa m\u00e3o de obra. Os mutir\u00f5es s\u00e3o uma ferramenta importante de pol\u00edtica p\u00fablica para conectar a demanda do mercado com a for\u00e7a de trabalho dispon\u00edvel na cidade, criando um ciclo virtuoso de crescimento, renda e desenvolvimento social\u201d, emenda.<\/p>\n<p>\u201cAl\u00e9m de ampliar o n\u00famero de vagas, teremos a\u00e7\u00f5es de capacita\u00e7\u00e3o para preparar melhor os candidatos e apoiar as empresas na supera\u00e7\u00e3o da falta de m\u00e3o de obra qualificada. \u00c9 uma constru\u00e7\u00e3o coletiva que refor\u00e7a o compromisso da nossa gest\u00e3o com o desenvolvimento sustent\u00e1vel de Ribeir\u00e3o Preto\u201d, enfatiza.<\/p>\n<p>\u201cTodos os parceiros envolvidos est\u00e3o comprometidos em apoiar uns aos outros para fazer dessa ampla programa\u00e7\u00e3o um marco no fortalecimento da empregabilidade em Ribeir\u00e3o Preto\u201d, refor\u00e7a Ismael Colosi, presidente do IBEE.<\/p>\n<p>Os mutir\u00f5es realizados aos s\u00e1bados contar\u00e3o com pain\u00e9is gratuitos de orienta\u00e7\u00e3o profissional e capacita\u00e7\u00e3o, ministrados por especialistas do Servi\u00e7o Brasileiro de Apoio \u00e0s Micro e Pequenas Empresas de S\u00e3o Paulo (Sebrae-SP) e convidados.<\/p>\n<p>Entre os temas est\u00e3o \u201cComo se preparar para o primeiro emprego\u201d, \u201cPlanejamento de carreira\u201d, \u201cEmpreendedorismo para MEIs\u201d, Atendimento de excel\u00eancia\u201d, \u201cPerfil de um vendedor de destaque\u201d e \u201cUso da tecnologia para o desenvolvimento profissional\u201d<\/p>\n<p>Al\u00e9m disso, ser\u00e3o divulgadas trilhas de qualifica\u00e7\u00e3o profissional, com cursos gratuitos ou de baixo custo, promovidos por institui\u00e7\u00f5es p\u00fablicas, privadas e pelo Sistema S.<\/p>\n<p>\u201cMais do que abrir portas para o emprego, queremos estimular a qualifica\u00e7\u00e3o e fortalecer nos candidatos a vontade de crescer por meio do conhecimento e do trabalho digno. Desde o in\u00edcio dos mutir\u00f5es, em 2023, buscamos sempre agregar novas entregas ao projeto\u201d, afirma Andr\u00e9 Rezende, coordenador do comit\u00ea organizador.<\/p>\n<p><strong>Como participar? \u2013 <\/strong>As empresas devem cadastrar suas vagas previamente, nos canais indicados na divulga\u00e7\u00e3o de cada evento. Os empregadores que desejarem poder\u00e3o comparecer aos mutir\u00f5es com representantes de RH para realizar entrevistas e, se poss\u00edvel, efetivar contrata\u00e7\u00f5es no local.<\/p>\n<p>J\u00e1 os candidatos devem levar o curr\u00edculo impresso (duas vias). Quem n\u00e3o tiver o documento pronto poder\u00e1 contar com o apoio das equipes de atendimento. Tamb\u00e9m ser\u00e1 poss\u00edvel autorizar, por escrito, a inclus\u00e3o do curr\u00edculo no Banco de Vagas de Ribeir\u00e3o Preto.<\/p>\n<p><strong>Os 14 mutir\u00f5es at\u00e9 dezembro<\/strong><br \/>A sequ\u00eancia de eventos seguir\u00e1 ao longo dos pr\u00f3ximos meses, com destaque para os mutir\u00f5es inclusivos voltados ao p\u00fablico PCD e os encontros setoriais liderados pelas entidades do com\u00e9rcio e do empreendedorismo. Confira o calend\u00e1rio:<br \/><strong><br \/>Julho<\/strong><br \/>Dia 12 (s\u00e1bado):<br \/>Mega Mutir\u00e3o<br \/>Emprega Ribeir\u00e3o<br \/>Evento inaugural<br \/>Dias 24 e 25 (quinta e sexta):<br \/>Mini Mutir\u00e3o<br \/><strong>Agosto<\/strong><br \/>Dias 7 e 8 (quinta e sexta):<br \/>Mini Mutir\u00e3o \u00a0e Mini<br \/>Mutir\u00e3o Emprega Ribeir\u00e3o<br \/>Dia 23 (s\u00e1bado):<br \/>Mutir\u00e3o Emprega Varejo<br \/><strong>Setembro<\/strong><br \/>Dias 4 e 5 (quinta e sexta):<br \/>Mini Mutir\u00e3o<br \/>Dia\u00a0 20 (s\u00e1bado):<br \/>Mutir\u00e3o Emprega Varejo<br \/><strong>Outubro<\/strong><br \/>Dia 4 (s\u00e1bado):<br \/>Mega Mutir\u00e3o<br \/>Emprega Ribeir\u00e3o<br \/>Dias 9 e 10 (quinta e sexta):<br \/>Mini Mutir\u00e3o<br \/>Dia 17 (sexta):<br \/>Mini Mutir\u00e3o Inclusivo PCD<br \/><strong>Novembro<\/strong><br \/>Dias 6 e 7 (quinta e sexta):<br \/>Mini Mutir\u00e3o<br \/>Dia 22 (s\u00e1bado):<br \/>Mutir\u00e3o Emprega Varejo<br \/><strong>Dezembro<\/strong><br \/>Dias 11 e 12 (quinta e sexta):<br \/>Mini Mutir\u00e3o<br \/>Dia 19 (sexta):<br \/>Mini Mutir\u00e3o Inclusivo PCD<\/p>\n<\/div>\n<p><br \/>\n<br \/><a href=\"https:\/\/www.tribunaribeirao.com.br\/rp-tera-14-mutiroes-de-emprego\/\">Source link <\/a><\/p>\n<!-- CONTENT END 1 -->\n","protected":false},"excerpt":{"rendered":"<p>Nesta sexta-feira, 27 de junho, foi anunciado, no Centro Administrativo Prefeito Jos\u00e9 de Magalh\u00e3es, o Programa Emprega Mais Ribeir\u00e3o, a maior mobiliza\u00e7\u00e3o por empregabilidade da&#8230;<\/p>\n","protected":false},"author":1,"featured_media":73262,"comment_status":"open","ping_status":"open","sticky":false,"template":"","format":"standard","meta":{"advanced_seo_description":"","jetpack_seo_html_title":"","jetpack_seo_noindex":false,"jetpack_post_was_ever_published":false,"_jetpack_newsletter_access":"","_jetpack_dont_email_post_to_subs":false,"_jetpack_newsletter_tier_id":0,"_jetpack_memberships_contains_paywalled_content":false,"_jetpack_memberships_contains_paid_content":false,"footnotes":"","jetpack_publicize_message":"","jetpack_publicize_feature_enabled":true,"jetpack_social_post_already_shared":true,"jetpack_social_options":{"image_generator_settings":{"template":"highway","default_image_id":0,"font":"","enabled":false},"version":2}},"categories":[11],"tags":[],"class_list":["post-73261","post","type-post","status-publish","format-standard","has-post-thumbnail","hentry","category-noticias-de-ribeirao-preto-sp-e-regiao-ismael-colosi"],"jetpack_publicize_connections":[],"jetpack_featured_media_url":"https:\/\/i0.wp.com\/noticiasribeiraopreto.com.br\/wp-content\/uploads\/2025\/06\/EmpregoRP-Alfredo-Risk.jpg?fit=1389%2C744&ssl=1","jetpack-related-posts":[{"id":73699,"url":"https:\/\/noticiasribeiraopreto.com.br\/index.php\/2025\/07\/08\/primeiro-de-14-mutiroes-oferece-duas-mil-vagas\/","url_meta":{"origin":73261,"position":0},"title":"Primeiro de 14 mutir\u00f5es oferece duas mil vagas","author":"noticiasribeiraopreto.com.br","date":"8 de July de 2025","format":false,"excerpt":"A prefeitura de Ribeir\u00e3o Preto, por meio da Secretaria de Inova\u00e7\u00e3o e Desenvolvimento Econ\u00f4mico, realizar\u00e1 neste s\u00e1bado, 12 de julho, das nove \u00e0s 14 horas, no Gin\u00e1sio Gavino Virdes (Cava do Bosque), o Mega Mutir\u00e3o Emprega Ribeir\u00e3o. A iniciativa marca o in\u00edcio oficial da programa\u00e7\u00e3o 2025 do Programa Emprega Mais\u2026","rel":"","context":"In &quot;Not\u00edcias de Ribeir\u00e3o Preto-SP e Regi\u00e3o&quot;","block_context":{"text":"Not\u00edcias de Ribeir\u00e3o Preto-SP e Regi\u00e3o","link":"https:\/\/noticiasribeiraopreto.com.br\/index.php\/category\/noticias-de-ribeirao-preto-sp-e-regiao-ismael-colosi\/"},"img":{"alt_text":"","src":"https:\/\/i0.wp.com\/noticiasribeiraopreto.com.br\/wp-content\/uploads\/2025\/07\/carteira-trabalho-scaled-1.jpg?fit=970%2C645&ssl=1&resize=350%2C200","width":350,"height":200,"srcset":"https:\/\/i0.wp.com\/noticiasribeiraopreto.com.br\/wp-content\/uploads\/2025\/07\/carteira-trabalho-scaled-1.jpg?fit=970%2C645&ssl=1&resize=350%2C200 1x, https:\/\/i0.wp.com\/noticiasribeiraopreto.com.br\/wp-content\/uploads\/2025\/07\/carteira-trabalho-scaled-1.jpg?fit=970%2C645&ssl=1&resize=525%2C300 1.5x, https:\/\/i0.wp.com\/noticiasribeiraopreto.com.br\/wp-content\/uploads\/2025\/07\/carteira-trabalho-scaled-1.jpg?fit=970%2C645&ssl=1&resize=700%2C400 2x"},"classes":[]},{"id":73247,"url":"https:\/\/noticiasribeiraopreto.com.br\/index.php\/2025\/06\/27\/ribeirao-lanca-programa-que-vai-oferecer-16-mil-oportunidades-de-emprego-ate-o-fim-do-ano\/","url_meta":{"origin":73261,"position":1},"title":"Ribeir\u00e3o lan\u00e7a programa que vai oferecer 16 mil oportunidades de emprego at\u00e9 o fim do ano","author":"noticiasribeiraopreto.com.br","date":"27 de June de 2025","format":false,"excerpt":"A Prefeitura de Ribeir\u00e3o Preto lan\u00e7ou nesta sexta-feira (27), o programa \u201cEmprega Mais Ribeir\u00e3o\u201d, considerada a maior mobiliza\u00e7\u00e3o por empregabilidade do munic\u00edpio. De acordo com a Administra\u00e7\u00e3o, entre julho e dezembro deste ano, ser\u00e3o realizados 14 mutir\u00f5es de emprego, com expectativa de ofertar aproximadamente 16 mil vagas em diversos setores.\u2026","rel":"","context":"In &quot;Not\u00edcias de Ribeir\u00e3o Preto-SP e Regi\u00e3o&quot;","block_context":{"text":"Not\u00edcias de Ribeir\u00e3o Preto-SP e Regi\u00e3o","link":"https:\/\/noticiasribeiraopreto.com.br\/index.php\/category\/noticias-de-ribeirao-preto-sp-e-regiao-ismael-colosi\/"},"img":{"alt_text":"","src":"https:\/\/i0.wp.com\/noticiasribeiraopreto.com.br\/wp-content\/uploads\/2025\/06\/coletiva_emprega_mais_ribeirao_-_foto_guilherme_sircili_3_2025-06-27_21-08-20.webp.webp?fit=1200%2C800&ssl=1&resize=350%2C200","width":350,"height":200,"srcset":"https:\/\/i0.wp.com\/noticiasribeiraopreto.com.br\/wp-content\/uploads\/2025\/06\/coletiva_emprega_mais_ribeirao_-_foto_guilherme_sircili_3_2025-06-27_21-08-20.webp.webp?fit=1200%2C800&ssl=1&resize=350%2C200 1x, https:\/\/i0.wp.com\/noticiasribeiraopreto.com.br\/wp-content\/uploads\/2025\/06\/coletiva_emprega_mais_ribeirao_-_foto_guilherme_sircili_3_2025-06-27_21-08-20.webp.webp?fit=1200%2C800&ssl=1&resize=525%2C300 1.5x, https:\/\/i0.wp.com\/noticiasribeiraopreto.com.br\/wp-content\/uploads\/2025\/06\/coletiva_emprega_mais_ribeirao_-_foto_guilherme_sircili_3_2025-06-27_21-08-20.webp.webp?fit=1200%2C800&ssl=1&resize=700%2C400 2x, https:\/\/i0.wp.com\/noticiasribeiraopreto.com.br\/wp-content\/uploads\/2025\/06\/coletiva_emprega_mais_ribeirao_-_foto_guilherme_sircili_3_2025-06-27_21-08-20.webp.webp?fit=1200%2C800&ssl=1&resize=1050%2C600 3x"},"classes":[]},{"id":78139,"url":"https:\/\/noticiasribeiraopreto.com.br\/index.php\/2025\/10\/02\/mega-mutirao-marca-o-inicio-das-contratacoes-temporarias-para-o-fim-de-ano-do-comercio-de-ribeirao\/","url_meta":{"origin":73261,"position":2},"title":"Mega-mutir\u00e3o marca o in\u00edcio das contrata\u00e7\u00f5es tempor\u00e1rias para o fim de ano do com\u00e9rcio de Ribeir\u00e3o","author":"noticiasribeiraopreto.com.br","date":"2 de October de 2025","format":false,"excerpt":"Com SINCOVARP e CDL RP entre os realizadores, a iniciativa ter\u00e1 formato h\u00edbrido e contar\u00e1 com a participa\u00e7\u00e3o de mais de 50 empresas, superando 3 mil vagas oferecidas por diversos setores da economia local, incluindo o Varejo; A participa\u00e7\u00e3o \u00e9 gratuita para empresas e candidatos Mais uma edi\u00e7\u00e3o do Mega-mutir\u00e3o\u2026","rel":"","context":"In &quot;Not\u00edcias de Ribeir\u00e3o Preto-SP e Regi\u00e3o&quot;","block_context":{"text":"Not\u00edcias de Ribeir\u00e3o Preto-SP e Regi\u00e3o","link":"https:\/\/noticiasribeiraopreto.com.br\/index.php\/category\/noticias-de-ribeirao-preto-sp-e-regiao-ismael-colosi\/"},"img":{"alt_text":"","src":"https:\/\/i0.wp.com\/noticiasribeiraopreto.com.br\/wp-content\/uploads\/2025\/10\/MUTIRAO.jpeg?fit=1080%2C706&ssl=1&resize=350%2C200","width":350,"height":200,"srcset":"https:\/\/i0.wp.com\/noticiasribeiraopreto.com.br\/wp-content\/uploads\/2025\/10\/MUTIRAO.jpeg?fit=1080%2C706&ssl=1&resize=350%2C200 1x, https:\/\/i0.wp.com\/noticiasribeiraopreto.com.br\/wp-content\/uploads\/2025\/10\/MUTIRAO.jpeg?fit=1080%2C706&ssl=1&resize=525%2C300 1.5x, https:\/\/i0.wp.com\/noticiasribeiraopreto.com.br\/wp-content\/uploads\/2025\/10\/MUTIRAO.jpeg?fit=1080%2C706&ssl=1&resize=700%2C400 2x, https:\/\/i0.wp.com\/noticiasribeiraopreto.com.br\/wp-content\/uploads\/2025\/10\/MUTIRAO.jpeg?fit=1080%2C706&ssl=1&resize=1050%2C600 3x"},"classes":[]},{"id":73913,"url":"https:\/\/noticiasribeiraopreto.com.br\/index.php\/2025\/07\/12\/primeiro-mutirao-tem-25-mil-vagas\/","url_meta":{"origin":73261,"position":3},"title":"Primeiro mutir\u00e3o tem 2,5 mil vagas","author":"noticiasribeiraopreto.com.br","date":"12 de July de 2025","format":false,"excerpt":"12 de julho de 2025 08:3011 de julho de 2025 21:509 Compartilhar0 A prefeitura de Ribeir\u00e3o Preto, por meio da Secretaria de Inova\u00e7\u00e3o e Desenvolvimento Econ\u00f4mico, realizar\u00e1 neste s\u00e1bado, 12 de julho, das nove \u00e0s 14 horas, no Gin\u00e1sio Gavino Virdes (Cava do Bosque), o Mega Mutir\u00e3o Emprega Ribeir\u00e3o. A\u2026","rel":"","context":"In &quot;Not\u00edcias de Ribeir\u00e3o Preto-SP e Regi\u00e3o&quot;","block_context":{"text":"Not\u00edcias de Ribeir\u00e3o Preto-SP e Regi\u00e3o","link":"https:\/\/noticiasribeiraopreto.com.br\/index.php\/category\/noticias-de-ribeirao-preto-sp-e-regiao-ismael-colosi\/"},"img":{"alt_text":"","src":"https:\/\/i0.wp.com\/noticiasribeiraopreto.com.br\/wp-content\/uploads\/2025\/07\/CagedRP-Guilherme-Sircili-scaled.jpg?fit=752%2C500&ssl=1&resize=350%2C200","width":350,"height":200,"srcset":"https:\/\/i0.wp.com\/noticiasribeiraopreto.com.br\/wp-content\/uploads\/2025\/07\/CagedRP-Guilherme-Sircili-scaled.jpg?fit=752%2C500&ssl=1&resize=350%2C200 1x, https:\/\/i0.wp.com\/noticiasribeiraopreto.com.br\/wp-content\/uploads\/2025\/07\/CagedRP-Guilherme-Sircili-scaled.jpg?fit=752%2C500&ssl=1&resize=525%2C300 1.5x, https:\/\/i0.wp.com\/noticiasribeiraopreto.com.br\/wp-content\/uploads\/2025\/07\/CagedRP-Guilherme-Sircili-scaled.jpg?fit=752%2C500&ssl=1&resize=700%2C400 2x"},"classes":[]},{"id":48430,"url":"https:\/\/noticiasribeiraopreto.com.br\/index.php\/2024\/05\/02\/mutirao-de-emprego-em-ribeirao-preto-tem-vagas-exclusivas-para-o-comercio-veja-quando\/","url_meta":{"origin":73261,"position":4},"title":"Mutir\u00e3o de emprego em Ribeir\u00e3o Preto tem vagas exclusivas para o com\u00e9rcio; Veja quando","author":"noticiasribeiraopreto.com.br","date":"2 de May de 2024","format":false,"excerpt":"O segundo mutir\u00e3o \u201cEmprega Varejo\u201d reunir\u00e1 ao menos 20 empresas do com\u00e9rcio varejista de Ribeir\u00e3o Preto com oportunidades de trabalho. A a\u00e7\u00e3o acontecer\u00e1 no dia 25 de maio, das 8h \u00e0s 14h, na sede do Sincomerci\u00e1rios RP (veja endere\u00e7o abaixo). Os candidatos devem comparecer ao mutir\u00e3o com o curr\u00edculo impresso\u2026","rel":"","context":"In &quot;Not\u00edcias de Ribeir\u00e3o Preto-SP e Regi\u00e3o&quot;","block_context":{"text":"Not\u00edcias de Ribeir\u00e3o Preto-SP e Regi\u00e3o","link":"https:\/\/noticiasribeiraopreto.com.br\/index.php\/category\/noticias-de-ribeirao-preto-sp-e-regiao-ismael-colosi\/"},"img":{"alt_text":"","src":"https:\/\/i0.wp.com\/noticiasribeiraopreto.com.br\/wp-content\/uploads\/2024\/05\/Copia-de-Copia-de-TAMANHO-EXATO-PARA-FOTOS-NO-SISTEMA-NOVO-30_2024-05-02_22-11-19_jpg_2024-05-02_22-11-19.webp.webp?fit=1200%2C675&ssl=1&resize=350%2C200","width":350,"height":200,"srcset":"https:\/\/i0.wp.com\/noticiasribeiraopreto.com.br\/wp-content\/uploads\/2024\/05\/Copia-de-Copia-de-TAMANHO-EXATO-PARA-FOTOS-NO-SISTEMA-NOVO-30_2024-05-02_22-11-19_jpg_2024-05-02_22-11-19.webp.webp?fit=1200%2C675&ssl=1&resize=350%2C200 1x, https:\/\/i0.wp.com\/noticiasribeiraopreto.com.br\/wp-content\/uploads\/2024\/05\/Copia-de-Copia-de-TAMANHO-EXATO-PARA-FOTOS-NO-SISTEMA-NOVO-30_2024-05-02_22-11-19_jpg_2024-05-02_22-11-19.webp.webp?fit=1200%2C675&ssl=1&resize=525%2C300 1.5x, https:\/\/i0.wp.com\/noticiasribeiraopreto.com.br\/wp-content\/uploads\/2024\/05\/Copia-de-Copia-de-TAMANHO-EXATO-PARA-FOTOS-NO-SISTEMA-NOVO-30_2024-05-02_22-11-19_jpg_2024-05-02_22-11-19.webp.webp?fit=1200%2C675&ssl=1&resize=700%2C400 2x, https:\/\/i0.wp.com\/noticiasribeiraopreto.com.br\/wp-content\/uploads\/2024\/05\/Copia-de-Copia-de-TAMANHO-EXATO-PARA-FOTOS-NO-SISTEMA-NOVO-30_2024-05-02_22-11-19_jpg_2024-05-02_22-11-19.webp.webp?fit=1200%2C675&ssl=1&resize=1050%2C600 3x"},"classes":[]},{"id":59137,"url":"https:\/\/noticiasribeiraopreto.com.br\/index.php\/2024\/10\/15\/mutiroes-oferecem-mais-de-tres-mil-vagas-de-emprego-em-ribeirao-preto\/","url_meta":{"origin":73261,"position":5},"title":"Mutir\u00f5es oferecem mais de tr\u00eas mil vagas de emprego em Ribeir\u00e3o Preto","author":"noticiasribeiraopreto.com.br","date":"15 de October de 2024","format":false,"excerpt":"Ribeir\u00e3o Preto ter\u00e1 quatro mutir\u00f5es de emprego com cerca de 3.500 vagas de trabalho dispon\u00edveis, entre elas oportunidades no setor supermercadista e vagas tempor\u00e1rias para o fim de ano do com\u00e9rcio. A mobiliza\u00e7\u00e3o acontece entre 19 de outubro e 23 de novembro e as empresas que tenham vagas a oferecer\u2026","rel":"","context":"In &quot;Not\u00edcias de Ribeir\u00e3o Preto-SP e Regi\u00e3o&quot;","block_context":{"text":"Not\u00edcias de Ribeir\u00e3o Preto-SP e Regi\u00e3o","link":"https:\/\/noticiasribeiraopreto.com.br\/index.php\/category\/noticias-de-ribeirao-preto-sp-e-regiao-ismael-colosi\/"},"img":{"alt_text":"","src":"https:\/\/i0.wp.com\/noticiasribeiraopreto.com.br\/wp-content\/uploads\/2024\/07\/Copia-de-Copia-de-TAMANHO-EXATO-PARA-FOTOS-NO-SISTEMA-NOVO-14_2024-07-10_11-41-05_jpg_2024-07-10_11-41-06.webp.webp?fit=1200%2C675&ssl=1&resize=350%2C200","width":350,"height":200,"srcset":"https:\/\/i0.wp.com\/noticiasribeiraopreto.com.br\/wp-content\/uploads\/2024\/07\/Copia-de-Copia-de-TAMANHO-EXATO-PARA-FOTOS-NO-SISTEMA-NOVO-14_2024-07-10_11-41-05_jpg_2024-07-10_11-41-06.webp.webp?fit=1200%2C675&ssl=1&resize=350%2C200 1x, https:\/\/i0.wp.com\/noticiasribeiraopreto.com.br\/wp-content\/uploads\/2024\/07\/Copia-de-Copia-de-TAMANHO-EXATO-PARA-FOTOS-NO-SISTEMA-NOVO-14_2024-07-10_11-41-05_jpg_2024-07-10_11-41-06.webp.webp?fit=1200%2C675&ssl=1&resize=525%2C300 1.5x, https:\/\/i0.wp.com\/noticiasribeiraopreto.com.br\/wp-content\/uploads\/2024\/07\/Copia-de-Copia-de-TAMANHO-EXATO-PARA-FOTOS-NO-SISTEMA-NOVO-14_2024-07-10_11-41-05_jpg_2024-07-10_11-41-06.webp.webp?fit=1200%2C675&ssl=1&resize=700%2C400 2x, https:\/\/i0.wp.com\/noticiasribeiraopreto.com.br\/wp-content\/uploads\/2024\/07\/Copia-de-Copia-de-TAMANHO-EXATO-PARA-FOTOS-NO-SISTEMA-NOVO-14_2024-07-10_11-41-05_jpg_2024-07-10_11-41-06.webp.webp?fit=1200%2C675&ssl=1&resize=1050%2C600 3x"},"classes":[]}],"jetpack_sharing_enabled":true,"jetpack_shortlink":"https:\/\/wp.me\/peQAOb-j3D","_links":{"self":[{"href":"https:\/\/noticiasribeiraopreto.com.br\/index.php\/wp-json\/wp\/v2\/posts\/73261","targetHints":{"allow":["GET"]}}],"collection":[{"href":"https:\/\/noticiasribeiraopreto.com.br\/index.php\/wp-json\/wp\/v2\/posts"}],"about":[{"href":"https:\/\/noticiasribeiraopreto.com.br\/index.php\/wp-json\/wp\/v2\/types\/post"}],"author":[{"embeddable":true,"href":"https:\/\/noticiasribeiraopreto.com.br\/index.php\/wp-json\/wp\/v2\/users\/1"}],"replies":[{"embeddable":true,"href":"https:\/\/noticiasribeiraopreto.com.br\/index.php\/wp-json\/wp\/v2\/comments?post=73261"}],"version-history":[{"count":0,"href":"https:\/\/noticiasribeiraopreto.com.br\/index.php\/wp-json\/wp\/v2\/posts\/73261\/revisions"}],"wp:featuredmedia":[{"embeddable":true,"href":"https:\/\/noticiasribeiraopreto.com.br\/index.php\/wp-json\/wp\/v2\/media\/73262"}],"wp:attachment":[{"href":"https:\/\/noticiasribeiraopreto.com.br\/index.php\/wp-json\/wp\/v2\/media?parent=73261"}],"wp:term":[{"taxonomy":"category","embeddable":true,"href":"https:\/\/noticiasribeiraopreto.com.br\/index.php\/wp-json\/wp\/v2\/categories?post=73261"},{"taxonomy":"post_tag","embeddable":true,"href":"https:\/\/noticiasribeiraopreto.com.br\/index.php\/wp-json\/wp\/v2\/tags?post=73261"}],"curies":[{"name":"wp","href":"https:\/\/api.w.org\/{rel}","templated":true}]}}