{"id":73267,"date":"2025-06-28T11:28:24","date_gmt":"2025-06-28T14:28:24","guid":{"rendered":"https:\/\/noticiasribeiraopreto.com.br\/index.php\/2025\/06\/28\/apos-frio-intenso-veja-a-previsao-do-tempo-para-ribeirao-preto-no-final-de-semana\/"},"modified":"2025-06-28T11:28:24","modified_gmt":"2025-06-28T14:28:24","slug":"apos-frio-intenso-veja-a-previsao-do-tempo-para-ribeirao-preto-no-final-de-semana","status":"publish","type":"post","link":"https:\/\/noticiasribeiraopreto.com.br\/index.php\/2025\/06\/28\/apos-frio-intenso-veja-a-previsao-do-tempo-para-ribeirao-preto-no-final-de-semana\/","title":{"rendered":"Ap\u00f3s frio intenso, veja a previs\u00e3o do tempo para Ribeir\u00e3o Preto no final de semana"},"content":{"rendered":"<div class='code-block code-block-1' style='margin: 8px 0 8px auto; text-align: right; display: block; clear: both;'>\n<p><a href=\"https:\/\/wa.link\/vpicfd\"><img data-recalc-dims=\"1\" class=\"wp-image-4922\" style=\"aspect-ratio: 2.0253164556962027; width: 561px; height: auto;\" src=\"https:\/\/i0.wp.com\/ismaelcolosi.com.br\/wp-content\/uploads\/2023\/11\/grupo-de-empregos-whatsapp-e-facebook-ismael-colosi-vagas.jpg?ssl=1\" alt=\"\" \/><\/a><\/p>\n<!-- \/wp:image -->\n<\/div>\n<p> <br \/>\n<\/p>\n<div data-td-block-uid=\"tdi_95\">\n<div class=\"tdb-block-inner td-fix-index\">\n<p>Ap\u00f3s uma <strong>sequ\u00eancia de dias gelados<\/strong>, com recordes de temperatura m\u00ednima, o clima come\u00e7a a mudar em diversas regi\u00f5es. O avan\u00e7o de uma <strong>massa de ar quente<\/strong> eleva as temperaturas, especialmente no <strong>Sudeste <\/strong>e Centro-Oeste.<\/p>\n<p><mark style=\"background-color:#fcb900\" class=\"has-inline-color\">Mesmo com <strong>madrugadas ainda frias<\/strong>, os term\u00f4metros sobem rapidamente ao longo do dia no interior de S\u00e3o Paulo. <\/mark><\/p>\n<h2 class=\"wp-block-heading\"><strong>Previs\u00e3o para Ribeir\u00e3o Preto<\/strong><\/h2>\n<p><strong>Ribeir\u00e3o Preto<\/strong> ter\u00e1 um <strong>s\u00e1bado (28)<\/strong> de Sol sem nuvens no c\u00e9u e noite de tempo aberto ainda sem nuvens, de acordo com a Climatempo.<strong> As temperaturas variam entre 16\u00baC e 29\u00baC.<\/strong><\/p>\n<p>O cen\u00e1rio para o <strong>domingo (29) <\/strong>\u00e9 semelhante, o dia ser\u00e1 de Sol com algumas nuvens durante o dia. \u00c0 noite o c\u00e9u fica com muitas nuvens, mas n\u00e3o chove. <strong>A m\u00ednima fica em 15\u00baC e m\u00e1xima ser\u00e1 de 29\u00baC.<\/strong><\/p>\n<h2 class=\"wp-block-heading\"><strong>Confira mais detalhes da previs\u00e3o<\/strong><\/h2>\n<h3 class=\"wp-block-heading\"><strong>S\u00e1bado (28)<\/strong><\/h3>\n<ul class=\"wp-block-list\">\n<li>Temperatura: 16\u00b0C \/ 29\u00b0C<\/li>\n<li>Chuva: 0.0mm \u2013 0%<\/li>\n<li>Umidade: 39% \/ 91%<\/li>\n<\/ul>\n<h3 class=\"wp-block-heading\"><strong>Domingo (29)<\/strong><\/h3>\n<ul class=\"wp-block-list\">\n<li>Temperatura: 15\u00b0C \/ 29\u00b0C<\/li>\n<li>Chuva: 0.0mm \u2013 0%<\/li>\n<li>Umidade: 40%\u00a0 \/ 82%<\/li>\n<\/ul>\n<p><em><strong>Fonte<\/strong>: Climatempo<\/em><\/p>\n<hr class=\"wp-block-separator has-alpha-channel-opacity\"\/>\n<p>SAIBA MAIS<\/p>\n<p>Inverno aumenta casos de coceira e dermatite; veja como se cuidar<\/p>\n<h2 class=\"wp-block-heading\"><strong>FIQUE ON<\/strong><\/h2>\n<p>Quer ficar por dentro de tudo que acontece em Ribeir\u00e3o Preto e regi\u00e3o? Ent\u00e3o siga os perfis do\u202facidade on\u202fno\u202f<a href=\"https:\/\/www.instagram.com\/acidadeonribeirao\" target=\"_blank\" rel=\"noreferrer noopener\">Instagram<\/a>\u202fe no\u202f<a href=\"https:\/\/www.facebook.com\/acidadeonribeirao\/\" target=\"_blank\" rel=\"noreferrer noopener\">Facebook<\/a>.<\/p>\n<p>Al\u00e9m disso, voc\u00ea pode receber as principais not\u00edcias diretamente no WhatsApp. Para isso, basta\u00a0<a href=\"https:\/\/chat.whatsapp.com\/BjKQZ9oJwlz8VVT50NuePq\" target=\"_blank\" rel=\"noreferrer noopener\">entrar no grupo clicando aqui<\/a>.<\/p>\n<p>Por fim, se quiser fazer uma den\u00fancia ou sugerir uma reportagem sobre Ribeir\u00e3o Preto e regi\u00e3o, envie uma mensagem pelo WhatsApp: (16) 99117-7802.<\/p>\n<p>VEJA TAMB\u00c9M<\/p>\n<p>Orgulho LGBTQIAPN+: conhe\u00e7a a hist\u00f3ria Andr\u00e9a de Mayo<mark style=\"background-color:#ffffff\" class=\"has-inline-color has-white-color\"> contudo,<\/mark><\/p>\n<p><!-- AI CONTENT END 1 -->\n<\/div>\n<\/div>\n<p><script async src=\"\/\/www.instagram.com\/embed.js\"><\/script><br \/>\n<br \/><br \/>\n<br \/><a href=\"https:\/\/www.acidadeon.com\/ribeiraopreto\/cotidiano\/apos-frio-intenso-veja-a-previsao-do-tempo-para-ribeirao-preto-no-final-de-semana\/\">Source link <\/a><\/p>\n<!-- CONTENT END 1 -->\n","protected":false},"excerpt":{"rendered":"<p>Ap\u00f3s uma sequ\u00eancia de dias gelados, com recordes de temperatura m\u00ednima, o clima come\u00e7a a mudar em diversas regi\u00f5es. O avan\u00e7o de uma massa de&#8230;<\/p>\n","protected":false},"author":1,"featured_media":73268,"comment_status":"open","ping_status":"open","sticky":false,"template":"","format":"standard","meta":{"advanced_seo_description":"","jetpack_seo_html_title":"","jetpack_seo_noindex":false,"jetpack_post_was_ever_published":false,"_jetpack_newsletter_access":"","_jetpack_dont_email_post_to_subs":false,"_jetpack_newsletter_tier_id":0,"_jetpack_memberships_contains_paywalled_content":false,"_jetpack_memberships_contains_paid_content":false,"footnotes":"","jetpack_publicize_message":"","jetpack_publicize_feature_enabled":true,"jetpack_social_post_already_shared":true,"jetpack_social_options":{"image_generator_settings":{"template":"highway","default_image_id":0,"font":"","enabled":false},"version":2}},"categories":[11],"tags":[],"class_list":["post-73267","post","type-post","status-publish","format-standard","has-post-thumbnail","hentry","category-noticias-de-ribeirao-preto-sp-e-regiao-ismael-colosi"],"jetpack_publicize_connections":[],"jetpack_featured_media_url":"https:\/\/i0.wp.com\/noticiasribeiraopreto.com.br\/wp-content\/uploads\/2025\/06\/WhatsApp-Image-2024-02-21-at-07.07.05.jpeg?fit=1599%2C830&ssl=1","jetpack-related-posts":[{"id":52567,"url":"https:\/\/noticiasribeiraopreto.com.br\/index.php\/2024\/06\/09\/ribeirao-segue-em-alerta-para-baixa-umidade-neste-domingo-veja-previsao-do-tempo\/","url_meta":{"origin":73267,"position":0},"title":"Ribeir\u00e3o segue em alerta para baixa umidade neste domingo; Veja previs\u00e3o do tempo","author":"noticiasribeiraopreto.com.br","date":"9 de June de 2024","format":false,"excerpt":"O interior de S\u00e3o Paulo segue com alerta do Instituto Nacional de Meteorologia (Inmet) para baixa umidade, neste domingo (09). Uma grande massa de ar seco predomina o Brasil e influencia \u00e1reas de todas as regi\u00f5es do pa\u00eds, de acordo com a Climatempo. Em Ribeir\u00e3o Preto, o Inmet prev\u00ea umidade\u2026","rel":"","context":"In &quot;Not\u00edcias de Ribeir\u00e3o Preto-SP e Regi\u00e3o&quot;","block_context":{"text":"Not\u00edcias de Ribeir\u00e3o Preto-SP e Regi\u00e3o","link":"https:\/\/noticiasribeiraopreto.com.br\/index.php\/category\/noticias-de-ribeirao-preto-sp-e-regiao-ismael-colosi\/"},"img":{"alt_text":"","src":"https:\/\/noticiasribeiraopreto.com.br\/wp-content\/uploads\/2023\/11\/whatsapp_image_2023-02-25_at_09_10_46_x1x.jpe","width":350,"height":200,"srcset":"https:\/\/noticiasribeiraopreto.com.br\/wp-content\/uploads\/2023\/11\/whatsapp_image_2023-02-25_at_09_10_46_x1x.jpe 1x, https:\/\/noticiasribeiraopreto.com.br\/wp-content\/uploads\/2023\/11\/whatsapp_image_2023-02-25_at_09_10_46_x1x.jpe 1.5x, https:\/\/noticiasribeiraopreto.com.br\/wp-content\/uploads\/2023\/11\/whatsapp_image_2023-02-25_at_09_10_46_x1x.jpe 2x, https:\/\/noticiasribeiraopreto.com.br\/wp-content\/uploads\/2023\/11\/whatsapp_image_2023-02-25_at_09_10_46_x1x.jpe 3x"},"classes":[]},{"id":52512,"url":"https:\/\/noticiasribeiraopreto.com.br\/index.php\/2024\/06\/08\/veja-como-fica-o-tempo-em-ribeirao-preto-no-fim-de-semana\/","url_meta":{"origin":73267,"position":1},"title":"Veja como fica o tempo em Ribeir\u00e3o Preto no fim de semana","author":"noticiasribeiraopreto.com.br","date":"8 de June de 2024","format":false,"excerpt":"A previs\u00e3o do tempo para este fim de semana em Ribeir\u00e3o Preto \u00e9 de dias de sol e sem nuvens no c\u00e9u. N\u00e3o h\u00e1 previs\u00e3o de chuva. Segundo a Climatempo, como as\u00a0manh\u00e3s\u00a0ficam mais\u00a0frias, a\u00a0diferen\u00e7a\u00a0entre a\u00a0menor\u00a0e a\u00a0maior temperatura\u00a0dos dias, chamada de\u00a0amplitude t\u00e9rmica, pode continuar\u00a0alta\u00a0nos pr\u00f3ximos dias. Ainda, segundo a meteorologia, a\u2026","rel":"","context":"In &quot;Not\u00edcias de Ribeir\u00e3o Preto-SP e Regi\u00e3o&quot;","block_context":{"text":"Not\u00edcias de Ribeir\u00e3o Preto-SP e Regi\u00e3o","link":"https:\/\/noticiasribeiraopreto.com.br\/index.php\/category\/noticias-de-ribeirao-preto-sp-e-regiao-ismael-colosi\/"},"img":{"alt_text":"","src":"https:\/\/i0.wp.com\/noticiasribeiraopreto.com.br\/wp-content\/uploads\/2024\/06\/WhatsApp-Image-2024-06-08-at-09.52.34_2024-06-08_12-52-46_jpeg_2024-06-08_12-52-46.webp.webp?fit=1200%2C900&ssl=1&resize=350%2C200","width":350,"height":200,"srcset":"https:\/\/i0.wp.com\/noticiasribeiraopreto.com.br\/wp-content\/uploads\/2024\/06\/WhatsApp-Image-2024-06-08-at-09.52.34_2024-06-08_12-52-46_jpeg_2024-06-08_12-52-46.webp.webp?fit=1200%2C900&ssl=1&resize=350%2C200 1x, https:\/\/i0.wp.com\/noticiasribeiraopreto.com.br\/wp-content\/uploads\/2024\/06\/WhatsApp-Image-2024-06-08-at-09.52.34_2024-06-08_12-52-46_jpeg_2024-06-08_12-52-46.webp.webp?fit=1200%2C900&ssl=1&resize=525%2C300 1.5x, https:\/\/i0.wp.com\/noticiasribeiraopreto.com.br\/wp-content\/uploads\/2024\/06\/WhatsApp-Image-2024-06-08-at-09.52.34_2024-06-08_12-52-46_jpeg_2024-06-08_12-52-46.webp.webp?fit=1200%2C900&ssl=1&resize=700%2C400 2x, https:\/\/i0.wp.com\/noticiasribeiraopreto.com.br\/wp-content\/uploads\/2024\/06\/WhatsApp-Image-2024-06-08-at-09.52.34_2024-06-08_12-52-46_jpeg_2024-06-08_12-52-46.webp.webp?fit=1200%2C900&ssl=1&resize=1050%2C600 3x"},"classes":[]},{"id":51419,"url":"https:\/\/noticiasribeiraopreto.com.br\/index.php\/2024\/05\/26\/veja-como-fica-o-tempo-em-ribeirao-preto-apos-chegada-de-primeira-frente-fria-ha-alerta\/","url_meta":{"origin":73267,"position":2},"title":"Veja como fica o tempo em Ribeir\u00e3o Preto ap\u00f3s chegada de primeira frente fria; H\u00e1 alerta","author":"noticiasribeiraopreto.com.br","date":"26 de May de 2024","format":false,"excerpt":"Com a chegada da primeira frente fria no pa\u00eds, neste fim de semana, a previs\u00e3o dos meteorologistas \u00e9 de que a queda nas temperaturas permane\u00e7a nos pr\u00f3ximos dias. Ribeir\u00e3o Preto, inclusive, tem alerta de queda brusca de temperatura na quarta-feira (29) (veja abaixo). Neste \u00faltimo domingo de maio (26), Ribeir\u00e3o\u2026","rel":"","context":"In &quot;Not\u00edcias de Ribeir\u00e3o Preto-SP e Regi\u00e3o&quot;","block_context":{"text":"Not\u00edcias de Ribeir\u00e3o Preto-SP e Regi\u00e3o","link":"https:\/\/noticiasribeiraopreto.com.br\/index.php\/category\/noticias-de-ribeirao-preto-sp-e-regiao-ismael-colosi\/"},"img":{"alt_text":"","src":"https:\/\/i0.wp.com\/noticiasribeiraopreto.com.br\/wp-content\/uploads\/2024\/05\/Copia-de-Copia-de-TAMANHO-EXATO-PARA-FOTOS-NO-SISTEMA-NOVO-43_2024-05-26_15-21-11_jpg_2024-05-26_15-21-11.webp.webp?fit=1200%2C675&ssl=1&resize=350%2C200","width":350,"height":200,"srcset":"https:\/\/i0.wp.com\/noticiasribeiraopreto.com.br\/wp-content\/uploads\/2024\/05\/Copia-de-Copia-de-TAMANHO-EXATO-PARA-FOTOS-NO-SISTEMA-NOVO-43_2024-05-26_15-21-11_jpg_2024-05-26_15-21-11.webp.webp?fit=1200%2C675&ssl=1&resize=350%2C200 1x, https:\/\/i0.wp.com\/noticiasribeiraopreto.com.br\/wp-content\/uploads\/2024\/05\/Copia-de-Copia-de-TAMANHO-EXATO-PARA-FOTOS-NO-SISTEMA-NOVO-43_2024-05-26_15-21-11_jpg_2024-05-26_15-21-11.webp.webp?fit=1200%2C675&ssl=1&resize=525%2C300 1.5x, https:\/\/i0.wp.com\/noticiasribeiraopreto.com.br\/wp-content\/uploads\/2024\/05\/Copia-de-Copia-de-TAMANHO-EXATO-PARA-FOTOS-NO-SISTEMA-NOVO-43_2024-05-26_15-21-11_jpg_2024-05-26_15-21-11.webp.webp?fit=1200%2C675&ssl=1&resize=700%2C400 2x, https:\/\/i0.wp.com\/noticiasribeiraopreto.com.br\/wp-content\/uploads\/2024\/05\/Copia-de-Copia-de-TAMANHO-EXATO-PARA-FOTOS-NO-SISTEMA-NOVO-43_2024-05-26_15-21-11_jpg_2024-05-26_15-21-11.webp.webp?fit=1200%2C675&ssl=1&resize=1050%2C600 3x"},"classes":[]},{"id":49639,"url":"https:\/\/noticiasribeiraopreto.com.br\/index.php\/2024\/05\/12\/veja-como-fica-o-tempo-no-domingo-de-dia-das-maes-em-ribeirao-preto\/","url_meta":{"origin":73267,"position":3},"title":"Veja como fica o tempo no domingo de \u2018Dia das M\u00e3es\u2019 em Ribeir\u00e3o Preto","author":"noticiasribeiraopreto.com.br","date":"12 de May de 2024","format":false,"excerpt":"O domingo (12) do \u201cDia das M\u00e3es\u201d amanheceu com c\u00e9u aberto e sem nuvens. A previs\u00e3o para o dia, segundo a Climatempo, \u00e9 de que a temperatura m\u00e1xima chegue aos 34\u00b0C e a m\u00ednima seja de 18\u00b0C. Apesar do sol, h\u00e1 previs\u00e3o de que ocorra aumento de nuvens no per\u00edodo\u2026","rel":"","context":"In &quot;Not\u00edcias de Ribeir\u00e3o Preto-SP e Regi\u00e3o&quot;","block_context":{"text":"Not\u00edcias de Ribeir\u00e3o Preto-SP e Regi\u00e3o","link":"https:\/\/noticiasribeiraopreto.com.br\/index.php\/category\/noticias-de-ribeirao-preto-sp-e-regiao-ismael-colosi\/"},"img":{"alt_text":"","src":"https:\/\/i0.wp.com\/noticiasribeiraopreto.com.br\/wp-content\/uploads\/2024\/05\/6ab67eb3-1788-46a4-8d07-621094f50c01_2024-05-12_13-09-40_jpg_2024-05-12_13-09-40.webp.webp?fit=1200%2C900&ssl=1&resize=350%2C200","width":350,"height":200,"srcset":"https:\/\/i0.wp.com\/noticiasribeiraopreto.com.br\/wp-content\/uploads\/2024\/05\/6ab67eb3-1788-46a4-8d07-621094f50c01_2024-05-12_13-09-40_jpg_2024-05-12_13-09-40.webp.webp?fit=1200%2C900&ssl=1&resize=350%2C200 1x, https:\/\/i0.wp.com\/noticiasribeiraopreto.com.br\/wp-content\/uploads\/2024\/05\/6ab67eb3-1788-46a4-8d07-621094f50c01_2024-05-12_13-09-40_jpg_2024-05-12_13-09-40.webp.webp?fit=1200%2C900&ssl=1&resize=525%2C300 1.5x, https:\/\/i0.wp.com\/noticiasribeiraopreto.com.br\/wp-content\/uploads\/2024\/05\/6ab67eb3-1788-46a4-8d07-621094f50c01_2024-05-12_13-09-40_jpg_2024-05-12_13-09-40.webp.webp?fit=1200%2C900&ssl=1&resize=700%2C400 2x, https:\/\/i0.wp.com\/noticiasribeiraopreto.com.br\/wp-content\/uploads\/2024\/05\/6ab67eb3-1788-46a4-8d07-621094f50c01_2024-05-12_13-09-40_jpg_2024-05-12_13-09-40.webp.webp?fit=1200%2C900&ssl=1&resize=1050%2C600 3x"},"classes":[]},{"id":52311,"url":"https:\/\/noticiasribeiraopreto.com.br\/index.php\/2024\/06\/06\/esfria-esquenta-amplitude-termica-pode-chegar-a-16c-no-interior-de-sp-veja-previsao\/","url_meta":{"origin":73267,"position":4},"title":"Esfria, esquenta: Amplitude t\u00e9rmica pode chegar a 16\u00b0C no interior de SP; Veja previs\u00e3o","author":"noticiasribeiraopreto.com.br","date":"6 de June de 2024","format":false,"excerpt":"A diferen\u00e7a entre a menor e a maior temperatura do dia, chamada de amplitude t\u00e9rmica, pode chegar a 16\u00b0C nos pr\u00f3ximos dias, no interior de SP. A Climatempo explica que em um dia com amplitude t\u00e9rmica pequena, a diferen\u00e7a entre a temperatura m\u00ednima e m\u00e1xima fica entre 0\u00b0C e 5\u00b0C.\u2026","rel":"","context":"In &quot;Not\u00edcias de Ribeir\u00e3o Preto-SP e Regi\u00e3o&quot;","block_context":{"text":"Not\u00edcias de Ribeir\u00e3o Preto-SP e Regi\u00e3o","link":"https:\/\/noticiasribeiraopreto.com.br\/index.php\/category\/noticias-de-ribeirao-preto-sp-e-regiao-ismael-colosi\/"},"img":{"alt_text":"","src":"https:\/\/i0.wp.com\/noticiasribeiraopreto.com.br\/wp-content\/uploads\/2024\/06\/WhatsApp-Image-2024-06-06-at-07.24.26_2024-06-06_10-25-36_jpeg_2024-06-06_10-25-36.webp.webp?fit=1200%2C540&ssl=1&resize=350%2C200","width":350,"height":200,"srcset":"https:\/\/i0.wp.com\/noticiasribeiraopreto.com.br\/wp-content\/uploads\/2024\/06\/WhatsApp-Image-2024-06-06-at-07.24.26_2024-06-06_10-25-36_jpeg_2024-06-06_10-25-36.webp.webp?fit=1200%2C540&ssl=1&resize=350%2C200 1x, https:\/\/i0.wp.com\/noticiasribeiraopreto.com.br\/wp-content\/uploads\/2024\/06\/WhatsApp-Image-2024-06-06-at-07.24.26_2024-06-06_10-25-36_jpeg_2024-06-06_10-25-36.webp.webp?fit=1200%2C540&ssl=1&resize=525%2C300 1.5x, https:\/\/i0.wp.com\/noticiasribeiraopreto.com.br\/wp-content\/uploads\/2024\/06\/WhatsApp-Image-2024-06-06-at-07.24.26_2024-06-06_10-25-36_jpeg_2024-06-06_10-25-36.webp.webp?fit=1200%2C540&ssl=1&resize=700%2C400 2x, https:\/\/i0.wp.com\/noticiasribeiraopreto.com.br\/wp-content\/uploads\/2024\/06\/WhatsApp-Image-2024-06-06-at-07.24.26_2024-06-06_10-25-36_jpeg_2024-06-06_10-25-36.webp.webp?fit=1200%2C540&ssl=1&resize=1050%2C600 3x"},"classes":[]},{"id":84992,"url":"https:\/\/noticiasribeiraopreto.com.br\/index.php\/2026\/04\/19\/veja-a-previsao-do-tempo-para-ribeirao-preto-nos-proximos-sete-dias\/","url_meta":{"origin":73267,"position":5},"title":"Veja a previs\u00e3o do tempo para Ribeir\u00e3o Preto nos pr\u00f3ximos sete dias","author":"noticiasribeiraopreto.com.br","date":"19 de April de 2026","format":false,"excerpt":"Ler o resumo da not\u00edcia Meteorologistas da Climatempo preveem semana quente e sem chuva em Ribeir\u00e3o Preto, com m\u00e1ximas pr\u00f3ximas a 34\u202f\u00b0C. De 20 a 24 de abril, as m\u00e1ximas variam entre 30\u202f\u00b0C e 31\u202f\u00b0C e as m\u00ednimas entre 14\u202f\u00b0C e 18\u202f\u00b0C. O per\u00edodo ser\u00e1 dominado por sol, com aumento\u2026","rel":"","context":"In &quot;Not\u00edcias de Ribeir\u00e3o Preto-SP e Regi\u00e3o&quot;","block_context":{"text":"Not\u00edcias de Ribeir\u00e3o Preto-SP e Regi\u00e3o","link":"https:\/\/noticiasribeiraopreto.com.br\/index.php\/category\/noticias-de-ribeirao-preto-sp-e-regiao-ismael-colosi\/"},"img":{"alt_text":"","src":"https:\/\/i0.wp.com\/noticiasribeiraopreto.com.br\/wp-content\/uploads\/2026\/04\/calor-ribeirao-preto_2025-12-28_12-33-59.webp.webp?fit=1200%2C900&ssl=1&resize=350%2C200","width":350,"height":200,"srcset":"https:\/\/i0.wp.com\/noticiasribeiraopreto.com.br\/wp-content\/uploads\/2026\/04\/calor-ribeirao-preto_2025-12-28_12-33-59.webp.webp?fit=1200%2C900&ssl=1&resize=350%2C200 1x, https:\/\/i0.wp.com\/noticiasribeiraopreto.com.br\/wp-content\/uploads\/2026\/04\/calor-ribeirao-preto_2025-12-28_12-33-59.webp.webp?fit=1200%2C900&ssl=1&resize=525%2C300 1.5x, https:\/\/i0.wp.com\/noticiasribeiraopreto.com.br\/wp-content\/uploads\/2026\/04\/calor-ribeirao-preto_2025-12-28_12-33-59.webp.webp?fit=1200%2C900&ssl=1&resize=700%2C400 2x, https:\/\/i0.wp.com\/noticiasribeiraopreto.com.br\/wp-content\/uploads\/2026\/04\/calor-ribeirao-preto_2025-12-28_12-33-59.webp.webp?fit=1200%2C900&ssl=1&resize=1050%2C600 3x"},"classes":[]}],"jetpack_sharing_enabled":true,"jetpack_shortlink":"https:\/\/wp.me\/peQAOb-j3J","_links":{"self":[{"href":"https:\/\/noticiasribeiraopreto.com.br\/index.php\/wp-json\/wp\/v2\/posts\/73267","targetHints":{"allow":["GET"]}}],"collection":[{"href":"https:\/\/noticiasribeiraopreto.com.br\/index.php\/wp-json\/wp\/v2\/posts"}],"about":[{"href":"https:\/\/noticiasribeiraopreto.com.br\/index.php\/wp-json\/wp\/v2\/types\/post"}],"author":[{"embeddable":true,"href":"https:\/\/noticiasribeiraopreto.com.br\/index.php\/wp-json\/wp\/v2\/users\/1"}],"replies":[{"embeddable":true,"href":"https:\/\/noticiasribeiraopreto.com.br\/index.php\/wp-json\/wp\/v2\/comments?post=73267"}],"version-history":[{"count":0,"href":"https:\/\/noticiasribeiraopreto.com.br\/index.php\/wp-json\/wp\/v2\/posts\/73267\/revisions"}],"wp:featuredmedia":[{"embeddable":true,"href":"https:\/\/noticiasribeiraopreto.com.br\/index.php\/wp-json\/wp\/v2\/media\/73268"}],"wp:attachment":[{"href":"https:\/\/noticiasribeiraopreto.com.br\/index.php\/wp-json\/wp\/v2\/media?parent=73267"}],"wp:term":[{"taxonomy":"category","embeddable":true,"href":"https:\/\/noticiasribeiraopreto.com.br\/index.php\/wp-json\/wp\/v2\/categories?post=73267"},{"taxonomy":"post_tag","embeddable":true,"href":"https:\/\/noticiasribeiraopreto.com.br\/index.php\/wp-json\/wp\/v2\/tags?post=73267"}],"curies":[{"name":"wp","href":"https:\/\/api.w.org\/{rel}","templated":true}]}}